{"id":2276,"date":"2025-10-09T08:00:00","date_gmt":"2025-10-09T11:00:00","guid":{"rendered":"https:\/\/tribunademinas.audiencelabs.com.br\/?p=2276"},"modified":"2025-10-08T13:06:40","modified_gmt":"2025-10-08T16:06:40","slug":"regras-de-carencia-do-saque-aniversario-mudam-no-fgts","status":"publish","type":"post","link":"https:\/\/tribunademinas.audiencelabs.com.br\/regras-de-carencia-do-saque-aniversario-mudam-no-fgts\/","title":{"rendered":"Regras de car\u00eancia do saque-anivers\u00e1rio mudam no FGTS"},"content":{"rendered":"\n<p>Seja para ter mais controle sobre o valor ou simplesmente para contar com um saldo extra para quitar pend\u00eancias, muitos trabalhadores optam pelo <strong>saque-anivers\u00e1rio do Fundo de Garantia do Tempo de Servi\u00e7o (FGTS)<\/strong>, que disponibiliza um percentual do montande dispon\u00edvel.<\/p>\n\n\n\n<p>Ao aderir \u00e0 modalidade, os solicitantes teriam acesso imediato ao valor, possibilitando que o saque fosse solicitado em datas pr\u00f3ximas ao anivers\u00e1rio do trabalhador, por exemplo. No entanto, novas regras estabelecidas pelo governo federal modificaram essa din\u00e2mica.<\/p>\n\n\n\n<p>De acordo com o que foi divulgado, a partir do dia 1\u00ba de novembro, o saque-anivers\u00e1rio passar\u00e1 a ter um <strong>prazo de car\u00eancia de 90 dias<\/strong>, para efetuar a primeira opera\u00e7\u00e3o. Com isso, novas solicita\u00e7\u00f5es dever\u00e3o ser feitas com anteced\u00eancia.<\/p>\n\n\n\n<p>N\u00e3o foi esclarecido o motivo pelo qual o governo optou por estabelecer este prazo de car\u00eancia. Entretanto, \u00e9 fundamental que os novos solicitantes fiquem atentos, pois al\u00e9m de aguardar at\u00e9 a data do anivers\u00e1rio para realizar o saque, ser\u00e1 necess\u00e1rio esperar mais tr\u00eas meses adicionais.<\/p>\n\n\n\n<h2 class=\"wp-block-heading\">Novas regras do saque-anivers\u00e1rio do FGTS: confira as mudan\u00e7as<\/h2>\n\n\n\n<p>Al\u00e9m do prazo de car\u00eancia, o governo ainda definiu diversas outras regras que, de acordo com o Minist\u00e9rio do Trabalho e Emprego (MTE), servir\u00e3o para proteger tanto os trabalhadores quanto as institui\u00e7\u00f5es financeiras envolvidas no processo. S\u00e3o elas:<\/p>\n\n\n\n<ul class=\"wp-block-list\">\n<li><strong>Limite de valores:<\/strong> ao inv\u00e9s de ter acesso ao limite integral da conta, trabalhadores poder\u00e3o sacar de R$ 100 a R$ 500 por saque-anivers\u00e1rio;<\/li>\n\n\n\n<li><strong>Limite de frequ\u00eancia:<\/strong> nos primeiros meses da nova regra, ser\u00e1 poss\u00edvel antecipar at\u00e9 5 parcelas de R$ 500. Contudo, depois disso, o limite ser\u00e1 de apenas 3;<\/li>\n\n\n\n<li><strong>Limite de opera\u00e7\u00f5es:<\/strong> ser\u00e1 poss\u00edvel realizar apenas 1 contrata\u00e7\u00e3o do saque-anivers\u00e1rio por ano.<\/li>\n<\/ul>\n\n\n\n<p>Conforme mencionado anteriormente, a nova regulamenta\u00e7\u00e3o entrar\u00e1 em vigor em 1\u00ba de novembro, e impactar\u00e1 tanto os novos solicitantes quanto os trabalhadores que j\u00e1 utilizam o saque-anivers\u00e1rio.<\/p>\n","protected":false},"excerpt":{"rendered":"<p>Seja para ter mais controle sobre o valor ou simplesmente para contar com um saldo extra para quitar pend\u00eancias, muitos trabalhadores optam pelo saque-anivers\u00e1rio do Fundo de Garantia do Tempo de Servi\u00e7o (FGTS), que disponibiliza um percentual do montande dispon\u00edvel. Ao aderir \u00e0 modalidade, os solicitantes teriam acesso imediato ao valor, possibilitando que o saque [&hellip;]<\/p>\n","protected":false},"author":3,"featured_media":2277,"comment_status":"open","ping_status":"open","sticky":false,"template":"","format":"standard","meta":{"jnews-multi-image_gallery":[],"jnews_single_post":{"format":"standard"},"jnews_primary_category":[],"jnews_social_meta":[],"jnews_post_split":[],"footnotes":""},"categories":[1],"tags":[],"class_list":["post-2276","post","type-post","status-publish","format-standard","has-post-thumbnail","hentry","category-dinheiro"],"yoast_head":"<!-- This site is optimized with the Yoast SEO plugin v25.6 - https:\/\/yoast.com\/wordpress\/plugins\/seo\/ -->\n<title>Regras de car\u00eancia do saque-anivers\u00e1rio mudam no FGTS<\/title>\n<meta name=\"robots\" content=\"index, follow, max-snippet:-1, max-image-preview:large, max-video-preview:-1\" \/>\n<link rel=\"canonical\" href=\"https:\/\/tribunademinas.audiencelabs.com.br\/regras-de-carencia-do-saque-aniversario-mudam-no-fgts\/\" \/>\n<meta property=\"og:locale\" content=\"pt_BR\" \/>\n<meta property=\"og:type\" content=\"article\" \/>\n<meta property=\"og:title\" content=\"Regras de car\u00eancia do saque-anivers\u00e1rio mudam no FGTS\" \/>\n<meta property=\"og:description\" content=\"Seja para ter mais controle sobre o valor ou simplesmente para contar com um saldo extra para quitar pend\u00eancias, muitos trabalhadores optam pelo saque-anivers\u00e1rio do Fundo de Garantia do Tempo de Servi\u00e7o (FGTS), que disponibiliza um percentual do montande dispon\u00edvel. Ao aderir \u00e0 modalidade, os solicitantes teriam acesso imediato ao valor, possibilitando que o saque [&hellip;]\" \/>\n<meta property=\"og:url\" content=\"https:\/\/tribunademinas.audiencelabs.com.br\/regras-de-carencia-do-saque-aniversario-mudam-no-fgts\/\" \/>\n<meta property=\"og:site_name\" content=\"Tribuna de Minas - Dinheiro e Cidadania\" \/>\n<meta property=\"article:publisher\" content=\"https:\/\/www.facebook.com\/tribunademinas\/\" \/>\n<meta property=\"article:published_time\" content=\"2025-10-09T11:00:00+00:00\" \/>\n<meta property=\"og:image\" content=\"https:\/\/tribunademinas.audiencelabs.com.br\/wp-content\/uploads\/2025\/10\/regras-carencia-saque-aniversario-mudam-fgts.webp\" \/>\n\t<meta property=\"og:image:width\" content=\"1423\" \/>\n\t<meta property=\"og:image:height\" content=\"800\" \/>\n\t<meta property=\"og:image:type\" content=\"image\/webp\" \/>\n<meta name=\"author\" content=\"Jo\u00e3o Carlos Gomes\" \/>\n<meta name=\"twitter:card\" content=\"summary_large_image\" \/>\n<meta name=\"twitter:creator\" content=\"@tribunademinas\" \/>\n<meta name=\"twitter:site\" content=\"@tribunademinas\" \/>\n<meta name=\"twitter:label1\" content=\"Escrito por\" \/>\n\t<meta name=\"twitter:data1\" content=\"Jo\u00e3o Carlos Gomes\" \/>\n\t<meta name=\"twitter:label2\" content=\"Est. tempo de leitura\" \/>\n\t<meta name=\"twitter:data2\" content=\"2 minutos\" \/>\n<!-- \/ Yoast SEO plugin. -->","yoast_head_json":{"title":"Regras de car\u00eancia do saque-anivers\u00e1rio mudam no FGTS","robots":{"index":"index","follow":"follow","max-snippet":"max-snippet:-1","max-image-preview":"max-image-preview:large","max-video-preview":"max-video-preview:-1"},"canonical":"https:\/\/tribunademinas.audiencelabs.com.br\/regras-de-carencia-do-saque-aniversario-mudam-no-fgts\/","og_locale":"pt_BR","og_type":"article","og_title":"Regras de car\u00eancia do saque-anivers\u00e1rio mudam no FGTS","og_description":"Seja para ter mais controle sobre o valor ou simplesmente para contar com um saldo extra para quitar pend\u00eancias, muitos trabalhadores optam pelo saque-anivers\u00e1rio do Fundo de Garantia do Tempo de Servi\u00e7o (FGTS), que disponibiliza um percentual do montande dispon\u00edvel. Ao aderir \u00e0 modalidade, os solicitantes teriam acesso imediato ao valor, possibilitando que o saque [&hellip;]","og_url":"https:\/\/tribunademinas.audiencelabs.com.br\/regras-de-carencia-do-saque-aniversario-mudam-no-fgts\/","og_site_name":"Tribuna de Minas - Dinheiro e Cidadania","article_publisher":"https:\/\/www.facebook.com\/tribunademinas\/","article_published_time":"2025-10-09T11:00:00+00:00","og_image":[{"width":1423,"height":800,"url":"https:\/\/tribunademinas.audiencelabs.com.br\/wp-content\/uploads\/2025\/10\/regras-carencia-saque-aniversario-mudam-fgts.webp","type":"image\/webp"}],"author":"Jo\u00e3o Carlos Gomes","twitter_card":"summary_large_image","twitter_creator":"@tribunademinas","twitter_site":"@tribunademinas","twitter_misc":{"Escrito por":"Jo\u00e3o Carlos Gomes","Est. tempo de leitura":"2 minutos"},"schema":{"@context":"https:\/\/schema.org","@graph":[{"@type":"Article","@id":"https:\/\/tribunademinas.audiencelabs.com.br\/regras-de-carencia-do-saque-aniversario-mudam-no-fgts\/#article","isPartOf":{"@id":"https:\/\/tribunademinas.audiencelabs.com.br\/regras-de-carencia-do-saque-aniversario-mudam-no-fgts\/"},"author":{"name":"Jo\u00e3o Carlos Gomes","@id":"https:\/\/tribunademinas.audiencelabs.com.br\/#\/schema\/person\/37af466a64a722fadb8ef6841c52114f"},"headline":"Regras de car\u00eancia do saque-anivers\u00e1rio mudam no FGTS","datePublished":"2025-10-09T11:00:00+00:00","mainEntityOfPage":{"@id":"https:\/\/tribunademinas.audiencelabs.com.br\/regras-de-carencia-do-saque-aniversario-mudam-no-fgts\/"},"wordCount":337,"commentCount":0,"publisher":{"@id":"https:\/\/tribunademinas.audiencelabs.com.br\/#organization"},"image":{"@id":"https:\/\/tribunademinas.audiencelabs.com.br\/regras-de-carencia-do-saque-aniversario-mudam-no-fgts\/#primaryimage"},"thumbnailUrl":"https:\/\/tribunademinas.audiencelabs.com.br\/wp-content\/uploads\/2025\/10\/regras-carencia-saque-aniversario-mudam-fgts.webp","articleSection":["Dinheiro"],"inLanguage":"pt-BR","potentialAction":[{"@type":"CommentAction","name":"Comment","target":["https:\/\/tribunademinas.audiencelabs.com.br\/regras-de-carencia-do-saque-aniversario-mudam-no-fgts\/#respond"]}]},{"@type":"WebPage","@id":"https:\/\/tribunademinas.audiencelabs.com.br\/regras-de-carencia-do-saque-aniversario-mudam-no-fgts\/","url":"https:\/\/tribunademinas.audiencelabs.com.br\/regras-de-carencia-do-saque-aniversario-mudam-no-fgts\/","name":"Regras de car\u00eancia do saque-anivers\u00e1rio mudam no FGTS","isPartOf":{"@id":"https:\/\/tribunademinas.audiencelabs.com.br\/#website"},"primaryImageOfPage":{"@id":"https:\/\/tribunademinas.audiencelabs.com.br\/regras-de-carencia-do-saque-aniversario-mudam-no-fgts\/#primaryimage"},"image":{"@id":"https:\/\/tribunademinas.audiencelabs.com.br\/regras-de-carencia-do-saque-aniversario-mudam-no-fgts\/#primaryimage"},"thumbnailUrl":"https:\/\/tribunademinas.audiencelabs.com.br\/wp-content\/uploads\/2025\/10\/regras-carencia-saque-aniversario-mudam-fgts.webp","datePublished":"2025-10-09T11:00:00+00:00","breadcrumb":{"@id":"https:\/\/tribunademinas.audiencelabs.com.br\/regras-de-carencia-do-saque-aniversario-mudam-no-fgts\/#breadcrumb"},"inLanguage":"pt-BR","potentialAction":[{"@type":"ReadAction","target":["https:\/\/tribunademinas.audiencelabs.com.br\/regras-de-carencia-do-saque-aniversario-mudam-no-fgts\/"]}]},{"@type":"ImageObject","inLanguage":"pt-BR","@id":"https:\/\/tribunademinas.audiencelabs.com.br\/regras-de-carencia-do-saque-aniversario-mudam-no-fgts\/#primaryimage","url":"https:\/\/tribunademinas.audiencelabs.com.br\/wp-content\/uploads\/2025\/10\/regras-carencia-saque-aniversario-mudam-fgts.webp","contentUrl":"https:\/\/tribunademinas.audiencelabs.com.br\/wp-content\/uploads\/2025\/10\/regras-carencia-saque-aniversario-mudam-fgts.webp","width":1423,"height":800,"caption":"Foto: Marcelo Camargo\/Ag\u00eancia Brasil"},{"@type":"BreadcrumbList","@id":"https:\/\/tribunademinas.audiencelabs.com.br\/regras-de-carencia-do-saque-aniversario-mudam-no-fgts\/#breadcrumb","itemListElement":[{"@type":"ListItem","position":1,"name":"In\u00edcio","item":"https:\/\/tribunademinas.audiencelabs.com.br\/"},{"@type":"ListItem","position":2,"name":"Regras de car\u00eancia do saque-anivers\u00e1rio mudam no FGTS"}]},{"@type":"WebSite","@id":"https:\/\/tribunademinas.audiencelabs.com.br\/#website","url":"https:\/\/tribunademinas.audiencelabs.com.br\/","name":"Tribuna de Minas - Dinheiro e Cidadania","description":"","publisher":{"@id":"https:\/\/tribunademinas.audiencelabs.com.br\/#organization"},"potentialAction":[{"@type":"SearchAction","target":{"@type":"EntryPoint","urlTemplate":"https:\/\/tribunademinas.audiencelabs.com.br\/?s={search_term_string}"},"query-input":{"@type":"PropertyValueSpecification","valueRequired":true,"valueName":"search_term_string"}}],"inLanguage":"pt-BR"},{"@type":"Organization","@id":"https:\/\/tribunademinas.audiencelabs.com.br\/#organization","name":"Tribuna de Minas - Dinheiro e Cidadania","url":"https:\/\/tribunademinas.audiencelabs.com.br\/","logo":{"@type":"ImageObject","inLanguage":"pt-BR","@id":"https:\/\/tribunademinas.audiencelabs.com.br\/#\/schema\/logo\/image\/","url":"https:\/\/tribunademinas.audiencelabs.com.br\/wp-content\/uploads\/2025\/08\/cropped-Tribuna_512x512-96x96-1.png","contentUrl":"https:\/\/tribunademinas.audiencelabs.com.br\/wp-content\/uploads\/2025\/08\/cropped-Tribuna_512x512-96x96-1.png","width":96,"height":96,"caption":"Tribuna de Minas - Dinheiro e Cidadania"},"image":{"@id":"https:\/\/tribunademinas.audiencelabs.com.br\/#\/schema\/logo\/image\/"},"sameAs":["https:\/\/www.facebook.com\/tribunademinas\/","https:\/\/x.com\/tribunademinas","https:\/\/www.instagram.com\/tribunademinas\/","https:\/\/www.youtube.com\/user\/TribunadeMinasJF"]},{"@type":"Person","@id":"https:\/\/tribunademinas.audiencelabs.com.br\/#\/schema\/person\/37af466a64a722fadb8ef6841c52114f","name":"Jo\u00e3o Carlos Gomes","image":{"@type":"ImageObject","inLanguage":"pt-BR","@id":"https:\/\/tribunademinas.audiencelabs.com.br\/#\/schema\/person\/image\/","url":"https:\/\/secure.gravatar.com\/avatar\/4ce4672dbdd694b329cd6fdb51bee7d1409be1f0ff76a537e4c4a737b2c7d1a9?s=96&d=mm&r=g","contentUrl":"https:\/\/secure.gravatar.com\/avatar\/4ce4672dbdd694b329cd6fdb51bee7d1409be1f0ff76a537e4c4a737b2c7d1a9?s=96&d=mm&r=g","caption":"Jo\u00e3o Carlos Gomes"},"description":"Jornalista formado pelo Centro Universit\u00e1rio Carioca, apreciador da Bossa Nova ao Metal Extremo, criador de conte\u00fado e m\u00fasico independente nas horas vagas.","url":"https:\/\/tribunademinas.audiencelabs.com.br\/author\/joaoc-junior\/"}]}},"amp_enabled":true,"_links":{"self":[{"href":"https:\/\/tribunademinas.audiencelabs.com.br\/wp-json\/wp\/v2\/posts\/2276","targetHints":{"allow":["GET"]}}],"collection":[{"href":"https:\/\/tribunademinas.audiencelabs.com.br\/wp-json\/wp\/v2\/posts"}],"about":[{"href":"https:\/\/tribunademinas.audiencelabs.com.br\/wp-json\/wp\/v2\/types\/post"}],"author":[{"embeddable":true,"href":"https:\/\/tribunademinas.audiencelabs.com.br\/wp-json\/wp\/v2\/users\/3"}],"replies":[{"embeddable":true,"href":"https:\/\/tribunademinas.audiencelabs.com.br\/wp-json\/wp\/v2\/comments?post=2276"}],"version-history":[{"count":1,"href":"https:\/\/tribunademinas.audiencelabs.com.br\/wp-json\/wp\/v2\/posts\/2276\/revisions"}],"predecessor-version":[{"id":2278,"href":"https:\/\/tribunademinas.audiencelabs.com.br\/wp-json\/wp\/v2\/posts\/2276\/revisions\/2278"}],"wp:featuredmedia":[{"embeddable":true,"href":"https:\/\/tribunademinas.audiencelabs.com.br\/wp-json\/wp\/v2\/media\/2277"}],"wp:attachment":[{"href":"https:\/\/tribunademinas.audiencelabs.com.br\/wp-json\/wp\/v2\/media?parent=2276"}],"wp:term":[{"taxonomy":"category","embeddable":true,"href":"https:\/\/tribunademinas.audiencelabs.com.br\/wp-json\/wp\/v2\/categories?post=2276"},{"taxonomy":"post_tag","embeddable":true,"href":"https:\/\/tribunademinas.audiencelabs.com.br\/wp-json\/wp\/v2\/tags?post=2276"}],"curies":[{"name":"wp","href":"https:\/\/api.w.org\/{rel}","templated":true}]}}