{"id":2257,"date":"2025-10-12T11:45:00","date_gmt":"2025-10-12T14:45:00","guid":{"rendered":"https:\/\/tribunademinas.audiencelabs.com.br\/?p=2257"},"modified":"2025-10-07T18:38:24","modified_gmt":"2025-10-07T21:38:24","slug":"presente-antecipado-de-natal-de-r-600-e-confirmado-por-lula","status":"publish","type":"post","link":"https:\/\/tribunademinas.audiencelabs.com.br\/presente-antecipado-de-natal-de-r-600-e-confirmado-por-lula\/","title":{"rendered":"Presente antecipado de Natal de R$ 600 \u00e9 confirmado por Lula"},"content":{"rendered":"\n<p>Os benefici\u00e1rios do Bolsa Fam\u00edlia come\u00e7aram outubro com uma boa not\u00edcia vinda diretamente do governo federal. O presidente Lula confirmou que os pagamentos do programa social est\u00e3o garantidos at\u00e9 o fim do ano, com valor m\u00ednimo assegurado de R$ 600 por fam\u00edlia. <\/p>\n\n\n\n<p>A informa\u00e7\u00e3o foi oficializada pelo Minist\u00e9rio do Desenvolvimento e Assist\u00eancia Social (<a href=\"https:\/\/www.gov.br\/mds\/pt-br\"><strong>MDS<\/strong><\/a>) e pela Caixa Econ\u00f4mica Federal, respons\u00e1vel por realizar os dep\u00f3sitos mensais.<\/p>\n\n\n\n<h2 class=\"wp-block-heading\">Presente antecipado de Natal de R$ 600 \u00e9 confirmado por Lula<\/h2>\n\n\n\n<p>O Bolsa Fam\u00edlia \u00e9 destinado a fam\u00edlias em situa\u00e7\u00e3o de vulnerabilidade social e que atendem a uma s\u00e9rie de crit\u00e9rios definidos pelo governo. <\/p>\n\n\n\n<p>Para permanecer no programa, \u00e9 necess\u00e1rio manter as crian\u00e7as e adolescentes entre 4 e 17 anos matriculados na escola, garantir o acompanhamento pr\u00e9-natal durante a gravidez, monitorar o crescimento e a nutri\u00e7\u00e3o de crian\u00e7as menores de sete anos e manter a caderneta de vacina\u00e7\u00e3o atualizada.<\/p>\n\n\n\n<p>Em rela\u00e7\u00e3o aos valores, todos os benefici\u00e1rios recebem no m\u00ednimo R$ 600 mensais, mas o programa prev\u00ea adicionais conforme a composi\u00e7\u00e3o familiar. <\/p>\n\n\n\n<p>Cada membro da fam\u00edlia garante R$ 142, e se o total n\u00e3o atingir os R$ 600, o governo complementa com o chamado Benef\u00edcio Complementar. <\/p>\n\n\n\n<p>Al\u00e9m disso, fam\u00edlias com crian\u00e7as de at\u00e9 seis anos recebem um adicional de R$ 150 por crian\u00e7a. J\u00e1 gestantes e jovens entre 7 e 17 anos t\u00eam direito a R$ 50 extras. H\u00e1 ainda o acr\u00e9scimo de R$ 50 para beb\u00eas de at\u00e9 sete meses.<\/p>\n\n\n\n<h3 class=\"wp-block-heading\">Calend\u00e1rio de pagamentos do R$ 600 do Bolsa Fam\u00edlia \u2013 Outubro 2025<\/h3>\n\n\n\n<p>Os dep\u00f3sitos seguem a ordem do N\u00famero de Identifica\u00e7\u00e3o Social (NIS), com os finais de 1 a 0 recebendo em dias \u00fateis consecutivos.<\/p>\n\n\n\n<figure class=\"wp-block-table is-style-stripes\"><table class=\"has-fixed-layout\"><thead><tr><th>Final do NIS<\/th><th>Data do pagamento<\/th><\/tr><\/thead><tbody><tr><td>1<\/td><td>20\/10<\/td><\/tr><tr><td>2<\/td><td>21\/10<\/td><\/tr><tr><td>3<\/td><td>22\/10<\/td><\/tr><tr><td>4<\/td><td>23\/10<\/td><\/tr><tr><td>5<\/td><td>24\/10<\/td><\/tr><tr><td>6<\/td><td>27\/10<\/td><\/tr><tr><td>7<\/td><td>28\/10<\/td><\/tr><tr><td>8<\/td><td>29\/10<\/td><\/tr><tr><td>9<\/td><td>30\/10<\/td><\/tr><tr><td>0<\/td><td>31\/10<\/td><\/tr><\/tbody><\/table><\/figure>\n\n\n\n<p>Os pagamentos de novembro e dezembro seguir\u00e3o a mesma l\u00f3gica de organiza\u00e7\u00e3o por n\u00famero final do NIS. <\/p>\n\n\n\n<p>Al\u00e9m da confirma\u00e7\u00e3o do valor m\u00ednimo de R$ 600, o governo divulgou o cronograma completo de repasses para os \u00faltimos tr\u00eas meses do ano. Em outubro, os pagamentos ocorrem entre os dias 20 e 31. Em novembro, entre 14 e 28. <\/p>\n\n\n\n<p>J\u00e1 em dezembro, por conta do Natal, o calend\u00e1rio ser\u00e1 antecipado, com in\u00edcio em 10 de dezembro e encerramento no dia 23, permitindo que as fam\u00edlias recebam antes das festas de fim de ano.<\/p>\n\n\n\n<p><\/p>\n","protected":false},"excerpt":{"rendered":"<p>Os benefici\u00e1rios do Bolsa Fam\u00edlia come\u00e7aram outubro com uma boa not\u00edcia vinda diretamente do governo federal. O presidente Lula confirmou que os pagamentos do programa social est\u00e3o garantidos at\u00e9 o fim do ano, com valor m\u00ednimo assegurado de R$ 600 por fam\u00edlia. A informa\u00e7\u00e3o foi oficializada pelo Minist\u00e9rio do Desenvolvimento e Assist\u00eancia Social (MDS) e [&hellip;]<\/p>\n","protected":false},"author":5,"featured_media":2258,"comment_status":"open","ping_status":"open","sticky":false,"template":"","format":"standard","meta":{"jnews-multi-image_gallery":[],"jnews_single_post":{"format":"standard"},"jnews_primary_category":[],"jnews_social_meta":[],"jnews_post_split":[],"footnotes":""},"categories":[1],"tags":[],"class_list":["post-2257","post","type-post","status-publish","format-standard","has-post-thumbnail","hentry","category-dinheiro"],"yoast_head":"<!-- This site is optimized with the Yoast SEO plugin v25.6 - https:\/\/yoast.com\/wordpress\/plugins\/seo\/ -->\n<title>Presente antecipado de Natal de R$ 600 \u00e9 confirmado por Lula<\/title>\n<meta name=\"description\" content=\"O presidente Lula confirmou que os pagamentos est\u00e3o garantidos at\u00e9 o fim do ano, com valor m\u00ednimo assegurado de R$ 600 por fam\u00edlia.\" \/>\n<meta name=\"robots\" content=\"index, follow, max-snippet:-1, max-image-preview:large, max-video-preview:-1\" \/>\n<link rel=\"canonical\" href=\"https:\/\/tribunademinas.audiencelabs.com.br\/presente-antecipado-de-natal-de-r-600-e-confirmado-por-lula\/\" \/>\n<meta property=\"og:locale\" content=\"pt_BR\" \/>\n<meta property=\"og:type\" content=\"article\" \/>\n<meta property=\"og:title\" content=\"Presente antecipado de Natal de R$ 600 \u00e9 confirmado por Lula\" \/>\n<meta property=\"og:description\" content=\"O presidente Lula confirmou que os pagamentos est\u00e3o garantidos at\u00e9 o fim do ano, com valor m\u00ednimo assegurado de R$ 600 por fam\u00edlia.\" \/>\n<meta property=\"og:url\" content=\"https:\/\/tribunademinas.audiencelabs.com.br\/presente-antecipado-de-natal-de-r-600-e-confirmado-por-lula\/\" \/>\n<meta property=\"og:site_name\" content=\"Tribuna de Minas - Dinheiro e Cidadania\" \/>\n<meta property=\"article:publisher\" content=\"https:\/\/www.facebook.com\/tribunademinas\/\" \/>\n<meta property=\"article:published_time\" content=\"2025-10-12T14:45:00+00:00\" \/>\n<meta property=\"og:image\" content=\"https:\/\/tribunademinas.audiencelabs.com.br\/wp-content\/uploads\/2025\/10\/R-600.webp\" \/>\n\t<meta property=\"og:image:width\" content=\"1170\" \/>\n\t<meta property=\"og:image:height\" content=\"700\" \/>\n\t<meta property=\"og:image:type\" content=\"image\/webp\" \/>\n<meta name=\"author\" content=\"Jeferson Carvalho\" \/>\n<meta name=\"twitter:card\" content=\"summary_large_image\" \/>\n<meta name=\"twitter:creator\" content=\"@tribunademinas\" \/>\n<meta name=\"twitter:site\" content=\"@tribunademinas\" \/>\n<meta name=\"twitter:label1\" content=\"Escrito por\" \/>\n\t<meta name=\"twitter:data1\" content=\"Jeferson Carvalho\" \/>\n\t<meta name=\"twitter:label2\" content=\"Est. tempo de leitura\" \/>\n\t<meta name=\"twitter:data2\" content=\"3 minutos\" \/>\n<!-- \/ Yoast SEO plugin. -->","yoast_head_json":{"title":"Presente antecipado de Natal de R$ 600 \u00e9 confirmado por Lula","description":"O presidente Lula confirmou que os pagamentos est\u00e3o garantidos at\u00e9 o fim do ano, com valor m\u00ednimo assegurado de R$ 600 por fam\u00edlia.","robots":{"index":"index","follow":"follow","max-snippet":"max-snippet:-1","max-image-preview":"max-image-preview:large","max-video-preview":"max-video-preview:-1"},"canonical":"https:\/\/tribunademinas.audiencelabs.com.br\/presente-antecipado-de-natal-de-r-600-e-confirmado-por-lula\/","og_locale":"pt_BR","og_type":"article","og_title":"Presente antecipado de Natal de R$ 600 \u00e9 confirmado por Lula","og_description":"O presidente Lula confirmou que os pagamentos est\u00e3o garantidos at\u00e9 o fim do ano, com valor m\u00ednimo assegurado de R$ 600 por fam\u00edlia.","og_url":"https:\/\/tribunademinas.audiencelabs.com.br\/presente-antecipado-de-natal-de-r-600-e-confirmado-por-lula\/","og_site_name":"Tribuna de Minas - Dinheiro e Cidadania","article_publisher":"https:\/\/www.facebook.com\/tribunademinas\/","article_published_time":"2025-10-12T14:45:00+00:00","og_image":[{"width":1170,"height":700,"url":"https:\/\/tribunademinas.audiencelabs.com.br\/wp-content\/uploads\/2025\/10\/R-600.webp","type":"image\/webp"}],"author":"Jeferson Carvalho","twitter_card":"summary_large_image","twitter_creator":"@tribunademinas","twitter_site":"@tribunademinas","twitter_misc":{"Escrito por":"Jeferson Carvalho","Est. tempo de leitura":"3 minutos"},"schema":{"@context":"https:\/\/schema.org","@graph":[{"@type":"Article","@id":"https:\/\/tribunademinas.audiencelabs.com.br\/presente-antecipado-de-natal-de-r-600-e-confirmado-por-lula\/#article","isPartOf":{"@id":"https:\/\/tribunademinas.audiencelabs.com.br\/presente-antecipado-de-natal-de-r-600-e-confirmado-por-lula\/"},"author":{"name":"Jeferson Carvalho","@id":"https:\/\/tribunademinas.audiencelabs.com.br\/#\/schema\/person\/db18fc40307804bacef94213aa68fd9d"},"headline":"Presente antecipado de Natal de R$ 600 \u00e9 confirmado por Lula","datePublished":"2025-10-12T14:45:00+00:00","mainEntityOfPage":{"@id":"https:\/\/tribunademinas.audiencelabs.com.br\/presente-antecipado-de-natal-de-r-600-e-confirmado-por-lula\/"},"wordCount":404,"commentCount":0,"publisher":{"@id":"https:\/\/tribunademinas.audiencelabs.com.br\/#organization"},"image":{"@id":"https:\/\/tribunademinas.audiencelabs.com.br\/presente-antecipado-de-natal-de-r-600-e-confirmado-por-lula\/#primaryimage"},"thumbnailUrl":"https:\/\/tribunademinas.audiencelabs.com.br\/wp-content\/uploads\/2025\/10\/R-600.webp","articleSection":["Dinheiro"],"inLanguage":"pt-BR","potentialAction":[{"@type":"CommentAction","name":"Comment","target":["https:\/\/tribunademinas.audiencelabs.com.br\/presente-antecipado-de-natal-de-r-600-e-confirmado-por-lula\/#respond"]}]},{"@type":"WebPage","@id":"https:\/\/tribunademinas.audiencelabs.com.br\/presente-antecipado-de-natal-de-r-600-e-confirmado-por-lula\/","url":"https:\/\/tribunademinas.audiencelabs.com.br\/presente-antecipado-de-natal-de-r-600-e-confirmado-por-lula\/","name":"Presente antecipado de Natal de R$ 600 \u00e9 confirmado por Lula","isPartOf":{"@id":"https:\/\/tribunademinas.audiencelabs.com.br\/#website"},"primaryImageOfPage":{"@id":"https:\/\/tribunademinas.audiencelabs.com.br\/presente-antecipado-de-natal-de-r-600-e-confirmado-por-lula\/#primaryimage"},"image":{"@id":"https:\/\/tribunademinas.audiencelabs.com.br\/presente-antecipado-de-natal-de-r-600-e-confirmado-por-lula\/#primaryimage"},"thumbnailUrl":"https:\/\/tribunademinas.audiencelabs.com.br\/wp-content\/uploads\/2025\/10\/R-600.webp","datePublished":"2025-10-12T14:45:00+00:00","description":"O presidente Lula confirmou que os pagamentos est\u00e3o garantidos at\u00e9 o fim do ano, com valor m\u00ednimo assegurado de R$ 600 por fam\u00edlia.","breadcrumb":{"@id":"https:\/\/tribunademinas.audiencelabs.com.br\/presente-antecipado-de-natal-de-r-600-e-confirmado-por-lula\/#breadcrumb"},"inLanguage":"pt-BR","potentialAction":[{"@type":"ReadAction","target":["https:\/\/tribunademinas.audiencelabs.com.br\/presente-antecipado-de-natal-de-r-600-e-confirmado-por-lula\/"]}]},{"@type":"ImageObject","inLanguage":"pt-BR","@id":"https:\/\/tribunademinas.audiencelabs.com.br\/presente-antecipado-de-natal-de-r-600-e-confirmado-por-lula\/#primaryimage","url":"https:\/\/tribunademinas.audiencelabs.com.br\/wp-content\/uploads\/2025\/10\/R-600.webp","contentUrl":"https:\/\/tribunademinas.audiencelabs.com.br\/wp-content\/uploads\/2025\/10\/R-600.webp","width":1170,"height":700,"caption":"Presente antecipado de Natal de R$ 600 \u00e9 confirmado por Lula - Imagem: Marcello Casal jr\/Ag\u00eancia Brasil"},{"@type":"BreadcrumbList","@id":"https:\/\/tribunademinas.audiencelabs.com.br\/presente-antecipado-de-natal-de-r-600-e-confirmado-por-lula\/#breadcrumb","itemListElement":[{"@type":"ListItem","position":1,"name":"In\u00edcio","item":"https:\/\/tribunademinas.audiencelabs.com.br\/"},{"@type":"ListItem","position":2,"name":"Presente antecipado de Natal de R$ 600 \u00e9 confirmado por Lula"}]},{"@type":"WebSite","@id":"https:\/\/tribunademinas.audiencelabs.com.br\/#website","url":"https:\/\/tribunademinas.audiencelabs.com.br\/","name":"Tribuna de Minas - Dinheiro e Cidadania","description":"","publisher":{"@id":"https:\/\/tribunademinas.audiencelabs.com.br\/#organization"},"potentialAction":[{"@type":"SearchAction","target":{"@type":"EntryPoint","urlTemplate":"https:\/\/tribunademinas.audiencelabs.com.br\/?s={search_term_string}"},"query-input":{"@type":"PropertyValueSpecification","valueRequired":true,"valueName":"search_term_string"}}],"inLanguage":"pt-BR"},{"@type":"Organization","@id":"https:\/\/tribunademinas.audiencelabs.com.br\/#organization","name":"Tribuna de Minas - Dinheiro e Cidadania","url":"https:\/\/tribunademinas.audiencelabs.com.br\/","logo":{"@type":"ImageObject","inLanguage":"pt-BR","@id":"https:\/\/tribunademinas.audiencelabs.com.br\/#\/schema\/logo\/image\/","url":"https:\/\/tribunademinas.audiencelabs.com.br\/wp-content\/uploads\/2025\/08\/cropped-Tribuna_512x512-96x96-1.png","contentUrl":"https:\/\/tribunademinas.audiencelabs.com.br\/wp-content\/uploads\/2025\/08\/cropped-Tribuna_512x512-96x96-1.png","width":96,"height":96,"caption":"Tribuna de Minas - Dinheiro e Cidadania"},"image":{"@id":"https:\/\/tribunademinas.audiencelabs.com.br\/#\/schema\/logo\/image\/"},"sameAs":["https:\/\/www.facebook.com\/tribunademinas\/","https:\/\/x.com\/tribunademinas","https:\/\/www.instagram.com\/tribunademinas\/","https:\/\/www.youtube.com\/user\/TribunadeMinasJF"]},{"@type":"Person","@id":"https:\/\/tribunademinas.audiencelabs.com.br\/#\/schema\/person\/db18fc40307804bacef94213aa68fd9d","name":"Jeferson Carvalho","image":{"@type":"ImageObject","inLanguage":"pt-BR","@id":"https:\/\/tribunademinas.audiencelabs.com.br\/#\/schema\/person\/image\/","url":"https:\/\/secure.gravatar.com\/avatar\/cd7646e328d9670dad7dea8698522e522745eeffcff5b9d08be858e377ce326b?s=96&d=mm&r=g","contentUrl":"https:\/\/secure.gravatar.com\/avatar\/cd7646e328d9670dad7dea8698522e522745eeffcff5b9d08be858e377ce326b?s=96&d=mm&r=g","caption":"Jeferson Carvalho"},"description":"Jornalista apaixonado pela profiss\u00e3o!","url":"https:\/\/tribunademinas.audiencelabs.com.br\/author\/jeferson\/"}]}},"amp_enabled":true,"_links":{"self":[{"href":"https:\/\/tribunademinas.audiencelabs.com.br\/wp-json\/wp\/v2\/posts\/2257","targetHints":{"allow":["GET"]}}],"collection":[{"href":"https:\/\/tribunademinas.audiencelabs.com.br\/wp-json\/wp\/v2\/posts"}],"about":[{"href":"https:\/\/tribunademinas.audiencelabs.com.br\/wp-json\/wp\/v2\/types\/post"}],"author":[{"embeddable":true,"href":"https:\/\/tribunademinas.audiencelabs.com.br\/wp-json\/wp\/v2\/users\/5"}],"replies":[{"embeddable":true,"href":"https:\/\/tribunademinas.audiencelabs.com.br\/wp-json\/wp\/v2\/comments?post=2257"}],"version-history":[{"count":1,"href":"https:\/\/tribunademinas.audiencelabs.com.br\/wp-json\/wp\/v2\/posts\/2257\/revisions"}],"predecessor-version":[{"id":2259,"href":"https:\/\/tribunademinas.audiencelabs.com.br\/wp-json\/wp\/v2\/posts\/2257\/revisions\/2259"}],"wp:featuredmedia":[{"embeddable":true,"href":"https:\/\/tribunademinas.audiencelabs.com.br\/wp-json\/wp\/v2\/media\/2258"}],"wp:attachment":[{"href":"https:\/\/tribunademinas.audiencelabs.com.br\/wp-json\/wp\/v2\/media?parent=2257"}],"wp:term":[{"taxonomy":"category","embeddable":true,"href":"https:\/\/tribunademinas.audiencelabs.com.br\/wp-json\/wp\/v2\/categories?post=2257"},{"taxonomy":"post_tag","embeddable":true,"href":"https:\/\/tribunademinas.audiencelabs.com.br\/wp-json\/wp\/v2\/tags?post=2257"}],"curies":[{"name":"wp","href":"https:\/\/api.w.org\/{rel}","templated":true}]}}