{"id":2232,"date":"2025-10-07T16:43:24","date_gmt":"2025-10-07T19:43:24","guid":{"rendered":"https:\/\/tribunademinas.audiencelabs.com.br\/?p=2232"},"modified":"2025-10-07T16:43:29","modified_gmt":"2025-10-07T19:43:29","slug":"fechamento-de-342-agencias-do-bradesco-causa-protestos-em-todo-brasil","status":"publish","type":"post","link":"https:\/\/tribunademinas.audiencelabs.com.br\/fechamento-de-342-agencias-do-bradesco-causa-protestos-em-todo-brasil\/","title":{"rendered":"Fechamento de 342 ag\u00eancias do Bradesco causa protestos em todo Brasil"},"content":{"rendered":"\n<p>O encerramento de 342 ag\u00eancias do Bradesco em diversas regi\u00f5es do pa\u00eds desencadeou uma s\u00e9rie de protestos organizados por funcion\u00e1rios e sindicatos banc\u00e1rios. <\/p>\n\n\n\n<p>Al\u00e9m dos trabalhadores afetados, clientes tamb\u00e9m se manifestam nas redes sociais contra os fechamentos, alegando dificuldades para acessar os servi\u00e7os presenciais do banco. <\/p>\n\n\n\n<p>Com a redu\u00e7\u00e3o da rede f\u00edsica, muitas pessoas agora precisam se deslocar para bairros distantes ou at\u00e9 cidades vizinhas para resolver quest\u00f5es simples, como desbloqueio de cart\u00e3o, atualiza\u00e7\u00e3o cadastral ou atendimento especializado.<\/p>\n\n\n\n<h2 class=\"wp-block-heading\">Fechamento de 342 ag\u00eancias do Bradesco causa protestos em todo Brasil<\/h2>\n\n\n\n<p>A <a href=\"https:\/\/tribunademinas.com.br\/colunas\/dinheiroecidadania\/fim-dos-ciclos-de-trabalhos-no-bradesco-brasileiros-estao-apavorados\/\"><strong>onda de fechamento<\/strong><\/a> faz parte de um movimento mais amplo de reestrutura\u00e7\u00e3o da institui\u00e7\u00e3o financeira. <\/p>\n\n\n\n<p>Somente entre junho de 2024 e junho de 2025, o Bradesco encerrou n\u00e3o apenas 342 ag\u00eancias, mas tamb\u00e9m 1.067 postos de atendimento e 127 unidades de neg\u00f3cios. No total, mais de 2.500 funcion\u00e1rios foram desligados nesse per\u00edodo. <\/p>\n\n\n\n<p>A diminui\u00e7\u00e3o da rede tem sobrecarregado as unidades restantes, que operam com equipes reduzidas e alto volume de clientes. Um exemplo \u00e9 a ag\u00eancia Cupec\u00ea, na zona sul de S\u00e3o Paulo, que virou palco de manifesta\u00e7\u00e3o ap\u00f3s relatos de falhas de seguran\u00e7a e demiss\u00f5es recentes.<\/p>\n\n\n\n<p>Os protestos organizados por sindicatos, como o dos Banc\u00e1rios de S\u00e3o Paulo, v\u00eam crescendo nas \u00faltimas semanas. <\/p>\n\n\n\n<p>As entidades denunciam condi\u00e7\u00f5es prec\u00e1rias em v\u00e1rias ag\u00eancias que permaneceram abertas, como a aus\u00eancia de portas girat\u00f3rias e de vigil\u00e2ncia armada, o que, segundo eles, compromete a seguran\u00e7a de clientes e funcion\u00e1rios. <\/p>\n\n\n\n<p>Tamb\u00e9m criticam o aumento da press\u00e3o por metas em um cen\u00e1rio de menor n\u00famero de trabalhadores.<\/p>\n\n\n\n<h3 class=\"wp-block-heading\">O que dizem o Bradesco e os funcion\u00e1rios reclamantes?<\/h3>\n\n\n\n<p>Do lado da <a href=\"https:\/\/banco.bradesco\/\"><strong>empresa<\/strong><\/a>, a justificativa \u00e9 centrada na busca por efici\u00eancia. A dire\u00e7\u00e3o do Bradesco afirma que a redu\u00e7\u00e3o da presen\u00e7a f\u00edsica est\u00e1 alinhada a uma estrat\u00e9gia de transforma\u00e7\u00e3o digital e otimiza\u00e7\u00e3o dos custos operacionais. <\/p>\n\n\n\n<p>Em comunicados ao mercado, o banco afirma que, mesmo com o fechamento das unidades, a base de clientes cresceu em mais de um milh\u00e3o de pessoas no \u00faltimo ano e que os indicadores de efici\u00eancia melhoraram com a conten\u00e7\u00e3o de despesas.<\/p>\n\n\n\n<p>J\u00e1 os sindicatos apontam que a digitaliza\u00e7\u00e3o n\u00e3o alcan\u00e7a toda a clientela e que o corte de pessoal prejudica o atendimento, principalmente entre os mais velhos ou os que n\u00e3o dominam canais digitais. <\/p>\n\n\n\n<p>Para eles, o banco deveria equilibrar inova\u00e7\u00e3o com responsabilidade social, garantindo acesso amplo e seguro ao atendimento banc\u00e1rio. <\/p>\n\n\n\n<p>A expectativa \u00e9 de que as mobiliza\u00e7\u00f5es continuem enquanto n\u00e3o houver di\u00e1logo mais efetivo entre a institui\u00e7\u00e3o e seus trabalhadores.<\/p>\n\n\n\n<p><\/p>\n","protected":false},"excerpt":{"rendered":"<p>O encerramento de 342 ag\u00eancias do Bradesco em diversas regi\u00f5es do pa\u00eds desencadeou uma s\u00e9rie de protestos organizados por funcion\u00e1rios e sindicatos banc\u00e1rios. Al\u00e9m dos trabalhadores afetados, clientes tamb\u00e9m se manifestam nas redes sociais contra os fechamentos, alegando dificuldades para acessar os servi\u00e7os presenciais do banco. Com a redu\u00e7\u00e3o da rede f\u00edsica, muitas pessoas agora [&hellip;]<\/p>\n","protected":false},"author":5,"featured_media":2233,"comment_status":"open","ping_status":"open","sticky":false,"template":"","format":"standard","meta":{"jnews-multi-image_gallery":[],"jnews_single_post":{"format":"standard"},"jnews_primary_category":[],"jnews_social_meta":[],"jnews_post_split":[],"footnotes":""},"categories":[1],"tags":[],"class_list":["post-2232","post","type-post","status-publish","format-standard","has-post-thumbnail","hentry","category-dinheiro"],"yoast_head":"<!-- This site is optimized with the Yoast SEO plugin v25.6 - https:\/\/yoast.com\/wordpress\/plugins\/seo\/ -->\n<title>Fechamento de 342 ag\u00eancias do Bradesco causa protestos em todo Brasil<\/title>\n<meta name=\"description\" content=\"O encerramento de 342 ag\u00eancias do Bradesco em diversas regi\u00f5es do pa\u00eds desencadeou uma s\u00e9rie de protestos de funcion\u00e1rios e clientes.\" \/>\n<meta name=\"robots\" content=\"index, follow, max-snippet:-1, max-image-preview:large, max-video-preview:-1\" \/>\n<link rel=\"canonical\" href=\"https:\/\/tribunademinas.audiencelabs.com.br\/fechamento-de-342-agencias-do-bradesco-causa-protestos-em-todo-brasil\/\" \/>\n<meta property=\"og:locale\" content=\"pt_BR\" \/>\n<meta property=\"og:type\" content=\"article\" \/>\n<meta property=\"og:title\" content=\"Fechamento de 342 ag\u00eancias do Bradesco causa protestos em todo Brasil\" \/>\n<meta property=\"og:description\" content=\"O encerramento de 342 ag\u00eancias do Bradesco em diversas regi\u00f5es do pa\u00eds desencadeou uma s\u00e9rie de protestos de funcion\u00e1rios e clientes.\" \/>\n<meta property=\"og:url\" content=\"https:\/\/tribunademinas.audiencelabs.com.br\/fechamento-de-342-agencias-do-bradesco-causa-protestos-em-todo-brasil\/\" \/>\n<meta property=\"og:site_name\" content=\"Tribuna de Minas - Dinheiro e Cidadania\" \/>\n<meta property=\"article:publisher\" content=\"https:\/\/www.facebook.com\/tribunademinas\/\" \/>\n<meta property=\"article:published_time\" content=\"2025-10-07T19:43:24+00:00\" \/>\n<meta property=\"article:modified_time\" content=\"2025-10-07T19:43:29+00:00\" \/>\n<meta property=\"og:image\" content=\"https:\/\/tribunademinas.audiencelabs.com.br\/wp-content\/uploads\/2025\/10\/Bradesco.jpeg\" \/>\n\t<meta property=\"og:image:width\" content=\"310\" \/>\n\t<meta property=\"og:image:height\" content=\"163\" \/>\n\t<meta property=\"og:image:type\" content=\"image\/jpeg\" \/>\n<meta name=\"author\" content=\"Jeferson Carvalho\" \/>\n<meta name=\"twitter:card\" content=\"summary_large_image\" \/>\n<meta name=\"twitter:creator\" content=\"@tribunademinas\" \/>\n<meta name=\"twitter:site\" content=\"@tribunademinas\" \/>\n<meta name=\"twitter:label1\" content=\"Escrito por\" \/>\n\t<meta name=\"twitter:data1\" content=\"Jeferson Carvalho\" \/>\n\t<meta name=\"twitter:label2\" content=\"Est. tempo de leitura\" \/>\n\t<meta name=\"twitter:data2\" content=\"3 minutos\" \/>\n<!-- \/ Yoast SEO plugin. -->","yoast_head_json":{"title":"Fechamento de 342 ag\u00eancias do Bradesco causa protestos em todo Brasil","description":"O encerramento de 342 ag\u00eancias do Bradesco em diversas regi\u00f5es do pa\u00eds desencadeou uma s\u00e9rie de protestos de funcion\u00e1rios e clientes.","robots":{"index":"index","follow":"follow","max-snippet":"max-snippet:-1","max-image-preview":"max-image-preview:large","max-video-preview":"max-video-preview:-1"},"canonical":"https:\/\/tribunademinas.audiencelabs.com.br\/fechamento-de-342-agencias-do-bradesco-causa-protestos-em-todo-brasil\/","og_locale":"pt_BR","og_type":"article","og_title":"Fechamento de 342 ag\u00eancias do Bradesco causa protestos em todo Brasil","og_description":"O encerramento de 342 ag\u00eancias do Bradesco em diversas regi\u00f5es do pa\u00eds desencadeou uma s\u00e9rie de protestos de funcion\u00e1rios e clientes.","og_url":"https:\/\/tribunademinas.audiencelabs.com.br\/fechamento-de-342-agencias-do-bradesco-causa-protestos-em-todo-brasil\/","og_site_name":"Tribuna de Minas - Dinheiro e Cidadania","article_publisher":"https:\/\/www.facebook.com\/tribunademinas\/","article_published_time":"2025-10-07T19:43:24+00:00","article_modified_time":"2025-10-07T19:43:29+00:00","og_image":[{"width":310,"height":163,"url":"https:\/\/tribunademinas.audiencelabs.com.br\/wp-content\/uploads\/2025\/10\/Bradesco.jpeg","type":"image\/jpeg"}],"author":"Jeferson Carvalho","twitter_card":"summary_large_image","twitter_creator":"@tribunademinas","twitter_site":"@tribunademinas","twitter_misc":{"Escrito por":"Jeferson Carvalho","Est. tempo de leitura":"3 minutos"},"schema":{"@context":"https:\/\/schema.org","@graph":[{"@type":"Article","@id":"https:\/\/tribunademinas.audiencelabs.com.br\/fechamento-de-342-agencias-do-bradesco-causa-protestos-em-todo-brasil\/#article","isPartOf":{"@id":"https:\/\/tribunademinas.audiencelabs.com.br\/fechamento-de-342-agencias-do-bradesco-causa-protestos-em-todo-brasil\/"},"author":{"name":"Jeferson Carvalho","@id":"https:\/\/tribunademinas.audiencelabs.com.br\/#\/schema\/person\/db18fc40307804bacef94213aa68fd9d"},"headline":"Fechamento de 342 ag\u00eancias do Bradesco causa protestos em todo Brasil","datePublished":"2025-10-07T19:43:24+00:00","dateModified":"2025-10-07T19:43:29+00:00","mainEntityOfPage":{"@id":"https:\/\/tribunademinas.audiencelabs.com.br\/fechamento-de-342-agencias-do-bradesco-causa-protestos-em-todo-brasil\/"},"wordCount":477,"commentCount":0,"publisher":{"@id":"https:\/\/tribunademinas.audiencelabs.com.br\/#organization"},"image":{"@id":"https:\/\/tribunademinas.audiencelabs.com.br\/fechamento-de-342-agencias-do-bradesco-causa-protestos-em-todo-brasil\/#primaryimage"},"thumbnailUrl":"https:\/\/tribunademinas.audiencelabs.com.br\/wp-content\/uploads\/2025\/10\/Bradesco.jpeg","articleSection":["Dinheiro"],"inLanguage":"pt-BR","potentialAction":[{"@type":"CommentAction","name":"Comment","target":["https:\/\/tribunademinas.audiencelabs.com.br\/fechamento-de-342-agencias-do-bradesco-causa-protestos-em-todo-brasil\/#respond"]}]},{"@type":"WebPage","@id":"https:\/\/tribunademinas.audiencelabs.com.br\/fechamento-de-342-agencias-do-bradesco-causa-protestos-em-todo-brasil\/","url":"https:\/\/tribunademinas.audiencelabs.com.br\/fechamento-de-342-agencias-do-bradesco-causa-protestos-em-todo-brasil\/","name":"Fechamento de 342 ag\u00eancias do Bradesco causa protestos em todo Brasil","isPartOf":{"@id":"https:\/\/tribunademinas.audiencelabs.com.br\/#website"},"primaryImageOfPage":{"@id":"https:\/\/tribunademinas.audiencelabs.com.br\/fechamento-de-342-agencias-do-bradesco-causa-protestos-em-todo-brasil\/#primaryimage"},"image":{"@id":"https:\/\/tribunademinas.audiencelabs.com.br\/fechamento-de-342-agencias-do-bradesco-causa-protestos-em-todo-brasil\/#primaryimage"},"thumbnailUrl":"https:\/\/tribunademinas.audiencelabs.com.br\/wp-content\/uploads\/2025\/10\/Bradesco.jpeg","datePublished":"2025-10-07T19:43:24+00:00","dateModified":"2025-10-07T19:43:29+00:00","description":"O encerramento de 342 ag\u00eancias do Bradesco em diversas regi\u00f5es do pa\u00eds desencadeou uma s\u00e9rie de protestos de funcion\u00e1rios e clientes.","breadcrumb":{"@id":"https:\/\/tribunademinas.audiencelabs.com.br\/fechamento-de-342-agencias-do-bradesco-causa-protestos-em-todo-brasil\/#breadcrumb"},"inLanguage":"pt-BR","potentialAction":[{"@type":"ReadAction","target":["https:\/\/tribunademinas.audiencelabs.com.br\/fechamento-de-342-agencias-do-bradesco-causa-protestos-em-todo-brasil\/"]}]},{"@type":"ImageObject","inLanguage":"pt-BR","@id":"https:\/\/tribunademinas.audiencelabs.com.br\/fechamento-de-342-agencias-do-bradesco-causa-protestos-em-todo-brasil\/#primaryimage","url":"https:\/\/tribunademinas.audiencelabs.com.br\/wp-content\/uploads\/2025\/10\/Bradesco.jpeg","contentUrl":"https:\/\/tribunademinas.audiencelabs.com.br\/wp-content\/uploads\/2025\/10\/Bradesco.jpeg","width":310,"height":163,"caption":"Fechamento de 342 ag\u00eancias do Bradesco causa protestos em todo Brasil - Imagem: Divulga\u00e7\u00e3o\/Bradesco"},{"@type":"BreadcrumbList","@id":"https:\/\/tribunademinas.audiencelabs.com.br\/fechamento-de-342-agencias-do-bradesco-causa-protestos-em-todo-brasil\/#breadcrumb","itemListElement":[{"@type":"ListItem","position":1,"name":"In\u00edcio","item":"https:\/\/tribunademinas.audiencelabs.com.br\/"},{"@type":"ListItem","position":2,"name":"Fechamento de 342 ag\u00eancias do Bradesco causa protestos em todo Brasil"}]},{"@type":"WebSite","@id":"https:\/\/tribunademinas.audiencelabs.com.br\/#website","url":"https:\/\/tribunademinas.audiencelabs.com.br\/","name":"Tribuna de Minas - Dinheiro e Cidadania","description":"","publisher":{"@id":"https:\/\/tribunademinas.audiencelabs.com.br\/#organization"},"potentialAction":[{"@type":"SearchAction","target":{"@type":"EntryPoint","urlTemplate":"https:\/\/tribunademinas.audiencelabs.com.br\/?s={search_term_string}"},"query-input":{"@type":"PropertyValueSpecification","valueRequired":true,"valueName":"search_term_string"}}],"inLanguage":"pt-BR"},{"@type":"Organization","@id":"https:\/\/tribunademinas.audiencelabs.com.br\/#organization","name":"Tribuna de Minas - Dinheiro e Cidadania","url":"https:\/\/tribunademinas.audiencelabs.com.br\/","logo":{"@type":"ImageObject","inLanguage":"pt-BR","@id":"https:\/\/tribunademinas.audiencelabs.com.br\/#\/schema\/logo\/image\/","url":"https:\/\/tribunademinas.audiencelabs.com.br\/wp-content\/uploads\/2025\/08\/cropped-Tribuna_512x512-96x96-1.png","contentUrl":"https:\/\/tribunademinas.audiencelabs.com.br\/wp-content\/uploads\/2025\/08\/cropped-Tribuna_512x512-96x96-1.png","width":96,"height":96,"caption":"Tribuna de Minas - Dinheiro e Cidadania"},"image":{"@id":"https:\/\/tribunademinas.audiencelabs.com.br\/#\/schema\/logo\/image\/"},"sameAs":["https:\/\/www.facebook.com\/tribunademinas\/","https:\/\/x.com\/tribunademinas","https:\/\/www.instagram.com\/tribunademinas\/","https:\/\/www.youtube.com\/user\/TribunadeMinasJF"]},{"@type":"Person","@id":"https:\/\/tribunademinas.audiencelabs.com.br\/#\/schema\/person\/db18fc40307804bacef94213aa68fd9d","name":"Jeferson Carvalho","image":{"@type":"ImageObject","inLanguage":"pt-BR","@id":"https:\/\/tribunademinas.audiencelabs.com.br\/#\/schema\/person\/image\/","url":"https:\/\/secure.gravatar.com\/avatar\/cd7646e328d9670dad7dea8698522e522745eeffcff5b9d08be858e377ce326b?s=96&d=mm&r=g","contentUrl":"https:\/\/secure.gravatar.com\/avatar\/cd7646e328d9670dad7dea8698522e522745eeffcff5b9d08be858e377ce326b?s=96&d=mm&r=g","caption":"Jeferson Carvalho"},"description":"Jornalista apaixonado pela profiss\u00e3o!","url":"https:\/\/tribunademinas.audiencelabs.com.br\/author\/jeferson\/"}]}},"amp_enabled":true,"_links":{"self":[{"href":"https:\/\/tribunademinas.audiencelabs.com.br\/wp-json\/wp\/v2\/posts\/2232","targetHints":{"allow":["GET"]}}],"collection":[{"href":"https:\/\/tribunademinas.audiencelabs.com.br\/wp-json\/wp\/v2\/posts"}],"about":[{"href":"https:\/\/tribunademinas.audiencelabs.com.br\/wp-json\/wp\/v2\/types\/post"}],"author":[{"embeddable":true,"href":"https:\/\/tribunademinas.audiencelabs.com.br\/wp-json\/wp\/v2\/users\/5"}],"replies":[{"embeddable":true,"href":"https:\/\/tribunademinas.audiencelabs.com.br\/wp-json\/wp\/v2\/comments?post=2232"}],"version-history":[{"count":1,"href":"https:\/\/tribunademinas.audiencelabs.com.br\/wp-json\/wp\/v2\/posts\/2232\/revisions"}],"predecessor-version":[{"id":2234,"href":"https:\/\/tribunademinas.audiencelabs.com.br\/wp-json\/wp\/v2\/posts\/2232\/revisions\/2234"}],"wp:featuredmedia":[{"embeddable":true,"href":"https:\/\/tribunademinas.audiencelabs.com.br\/wp-json\/wp\/v2\/media\/2233"}],"wp:attachment":[{"href":"https:\/\/tribunademinas.audiencelabs.com.br\/wp-json\/wp\/v2\/media?parent=2232"}],"wp:term":[{"taxonomy":"category","embeddable":true,"href":"https:\/\/tribunademinas.audiencelabs.com.br\/wp-json\/wp\/v2\/categories?post=2232"},{"taxonomy":"post_tag","embeddable":true,"href":"https:\/\/tribunademinas.audiencelabs.com.br\/wp-json\/wp\/v2\/tags?post=2232"}],"curies":[{"name":"wp","href":"https:\/\/api.w.org\/{rel}","templated":true}]}}