{"id":2225,"date":"2025-10-07T16:31:45","date_gmt":"2025-10-07T19:31:45","guid":{"rendered":"https:\/\/tribunademinas.audiencelabs.com.br\/?p=2225"},"modified":"2025-10-07T16:31:49","modified_gmt":"2025-10-07T19:31:49","slug":"aniversariantes-de-julho-e-agosto-vao-receber-parcela-de-r-200","status":"publish","type":"post","link":"https:\/\/tribunademinas.audiencelabs.com.br\/aniversariantes-de-julho-e-agosto-vao-receber-parcela-de-r-200\/","title":{"rendered":"Aniversariantes de julho e agosto v\u00e3o receber parcela de R$ 200"},"content":{"rendered":"\n<p>Estudantes que fazem anivers\u00e1rio nos meses de julho e agosto j\u00e1 podem sacar a nova parcela de R$ 200 depositada pelo governo federal. O valor j\u00e1 est\u00e1 dispon\u00edvel tamb\u00e9m para os demais estudantes nascidos ao longo de todo o ano. <\/p>\n\n\n\n<p>O pagamento faz parte de uma iniciativa voltada a jovens de baixa renda da rede p\u00fablica, com o objetivo de combater a evas\u00e3o escolar e incentivar a conclus\u00e3o do ensino m\u00e9dio.<\/p>\n\n\n\n<h2 class=\"wp-block-heading\">Aniversariantes de julho e agosto v\u00e3o receber parcela de R$ 200<\/h2>\n\n\n\n<p>O dep\u00f3sito dos R$ 200 em quest\u00e3o corresponde \u00e0 s\u00e9tima rodada de repasses do programa P\u00e9-de-Meia, referente ao ano de 2025. A libera\u00e7\u00e3o dos valores come\u00e7ou no dia 29 de setembro e foi conclu\u00edda ontem, em 6 de outubro. <\/p>\n\n\n\n<p>Como o calend\u00e1rio foi escalonado de acordo com o m\u00eas de nascimento dos alunos, todos os benefici\u00e1rios j\u00e1 t\u00eam acesso ao dinheiro, independentemente do m\u00eas de nascimento.<\/p>\n\n\n\n<p>Para saber se o valor foi liberado e quanto j\u00e1 est\u00e1 acumulado, o estudante pode consultar o aplicativo <strong>Jornada do Estudante<\/strong>, do Minist\u00e9rio da Educa\u00e7\u00e3o (MEC), utilizando o n\u00famero do CPF e uma conta no portal Gov.br. <\/p>\n\n\n\n<p>J\u00e1 para movimentar a quantia, \u00e9 necess\u00e1rio acessar o aplicativo <strong>Caixa Tem<\/strong>. No caso de menores de 18 anos, o respons\u00e1vel legal precisa autorizar o uso da conta, o que pode ser feito tanto pelo aplicativo quanto em uma ag\u00eancia da Caixa Econ\u00f4mica Federal.<\/p>\n\n\n\n<h3 class=\"wp-block-heading\">P\u00e9-de-Meia paga R$ 200 ao m\u00eas para estudantes<\/h3>\n\n\n\n<p>O <a href=\"https:\/\/www.gov.br\/mec\/pt-br\/pe-de-meia\"><strong>P\u00e9-de-Meia<\/strong><\/a> \u00e9 um programa federal lan\u00e7ado em 2024 com foco em alunos do ensino m\u00e9dio p\u00fablico que fazem parte de fam\u00edlias registradas no Cadastro \u00danico para Programas Sociais (Cad\u00danico). <\/p>\n\n\n\n<p>Os jovens precisam ter entre 14 e 24 anos no ensino regular, ou entre 19 e 24 anos no caso da modalidade Educa\u00e7\u00e3o de Jovens e Adultos (EJA). Outro crit\u00e9rio \u00e9 manter pelo menos 80% de presen\u00e7a nas aulas.<\/p>\n\n\n\n<p>A iniciativa funciona como uma poupan\u00e7a educacional. Ao longo do ano, os estudantes podem receber at\u00e9 nove parcelas mensais de R$ 200, al\u00e9m de valores adicionais por matr\u00edcula, conclus\u00e3o anual e participa\u00e7\u00e3o no Enem. <\/p>\n\n\n\n<p>No total, o apoio financeiro pode chegar a R$ 9,2 mil ao fim do ciclo de tr\u00eas anos do ensino m\u00e9dio.<\/p>\n\n\n\n<p>O governo refor\u00e7a que n\u00e3o \u00e9 necess\u00e1rio fazer inscri\u00e7\u00e3o para participar do programa. Todos os estudantes que atendem aos crit\u00e9rios s\u00e3o inclu\u00eddos automaticamente, com as escolas p\u00fablicas respons\u00e1veis por enviar os dados de frequ\u00eancia e matr\u00edcula ao MEC.<\/p>\n\n\n\n<p><\/p>\n","protected":false},"excerpt":{"rendered":"<p>Estudantes que fazem anivers\u00e1rio nos meses de julho e agosto j\u00e1 podem sacar a nova parcela de R$ 200 depositada pelo governo federal. O valor j\u00e1 est\u00e1 dispon\u00edvel tamb\u00e9m para os demais estudantes nascidos ao longo de todo o ano. O pagamento faz parte de uma iniciativa voltada a jovens de baixa renda da rede [&hellip;]<\/p>\n","protected":false},"author":5,"featured_media":2228,"comment_status":"open","ping_status":"open","sticky":false,"template":"","format":"standard","meta":{"jnews-multi-image_gallery":[],"jnews_single_post":{"format":"standard"},"jnews_primary_category":[],"jnews_social_meta":[],"jnews_post_split":[],"footnotes":""},"categories":[159],"tags":[],"class_list":["post-2225","post","type-post","status-publish","format-standard","has-post-thumbnail","hentry","category-cidadania"],"yoast_head":"<!-- This site is optimized with the Yoast SEO plugin v25.6 - https:\/\/yoast.com\/wordpress\/plugins\/seo\/ -->\n<title>Aniversariantes de julho e agosto v\u00e3o receber parcela de R$ 200<\/title>\n<meta name=\"description\" content=\"Estudantes que fazem anivers\u00e1rio nos meses de julho e agosto j\u00e1 podem sacar a nova parcela de R$ 200 depositada pelo governo federal.\" \/>\n<meta name=\"robots\" content=\"index, follow, max-snippet:-1, max-image-preview:large, max-video-preview:-1\" \/>\n<link rel=\"canonical\" href=\"https:\/\/tribunademinas.audiencelabs.com.br\/aniversariantes-de-julho-e-agosto-vao-receber-parcela-de-r-200\/\" \/>\n<meta property=\"og:locale\" content=\"pt_BR\" \/>\n<meta property=\"og:type\" content=\"article\" \/>\n<meta property=\"og:title\" content=\"Aniversariantes de julho e agosto v\u00e3o receber parcela de R$ 200\" \/>\n<meta property=\"og:description\" content=\"Estudantes que fazem anivers\u00e1rio nos meses de julho e agosto j\u00e1 podem sacar a nova parcela de R$ 200 depositada pelo governo federal.\" \/>\n<meta property=\"og:url\" content=\"https:\/\/tribunademinas.audiencelabs.com.br\/aniversariantes-de-julho-e-agosto-vao-receber-parcela-de-r-200\/\" \/>\n<meta property=\"og:site_name\" content=\"Tribuna de Minas - Dinheiro e Cidadania\" \/>\n<meta property=\"article:publisher\" content=\"https:\/\/www.facebook.com\/tribunademinas\/\" \/>\n<meta property=\"article:published_time\" content=\"2025-10-07T19:31:45+00:00\" \/>\n<meta property=\"article:modified_time\" content=\"2025-10-07T19:31:49+00:00\" \/>\n<meta property=\"og:image\" content=\"https:\/\/tribunademinas.audiencelabs.com.br\/wp-content\/uploads\/2025\/10\/R-200.webp\" \/>\n\t<meta property=\"og:image:width\" content=\"1170\" \/>\n\t<meta property=\"og:image:height\" content=\"700\" \/>\n\t<meta property=\"og:image:type\" content=\"image\/webp\" \/>\n<meta name=\"author\" content=\"Jeferson Carvalho\" \/>\n<meta name=\"twitter:card\" content=\"summary_large_image\" \/>\n<meta name=\"twitter:creator\" content=\"@tribunademinas\" \/>\n<meta name=\"twitter:site\" content=\"@tribunademinas\" \/>\n<meta name=\"twitter:label1\" content=\"Escrito por\" \/>\n\t<meta name=\"twitter:data1\" content=\"Jeferson Carvalho\" \/>\n\t<meta name=\"twitter:label2\" content=\"Est. tempo de leitura\" \/>\n\t<meta name=\"twitter:data2\" content=\"3 minutos\" \/>\n<!-- \/ Yoast SEO plugin. -->","yoast_head_json":{"title":"Aniversariantes de julho e agosto v\u00e3o receber parcela de R$ 200","description":"Estudantes que fazem anivers\u00e1rio nos meses de julho e agosto j\u00e1 podem sacar a nova parcela de R$ 200 depositada pelo governo federal.","robots":{"index":"index","follow":"follow","max-snippet":"max-snippet:-1","max-image-preview":"max-image-preview:large","max-video-preview":"max-video-preview:-1"},"canonical":"https:\/\/tribunademinas.audiencelabs.com.br\/aniversariantes-de-julho-e-agosto-vao-receber-parcela-de-r-200\/","og_locale":"pt_BR","og_type":"article","og_title":"Aniversariantes de julho e agosto v\u00e3o receber parcela de R$ 200","og_description":"Estudantes que fazem anivers\u00e1rio nos meses de julho e agosto j\u00e1 podem sacar a nova parcela de R$ 200 depositada pelo governo federal.","og_url":"https:\/\/tribunademinas.audiencelabs.com.br\/aniversariantes-de-julho-e-agosto-vao-receber-parcela-de-r-200\/","og_site_name":"Tribuna de Minas - Dinheiro e Cidadania","article_publisher":"https:\/\/www.facebook.com\/tribunademinas\/","article_published_time":"2025-10-07T19:31:45+00:00","article_modified_time":"2025-10-07T19:31:49+00:00","og_image":[{"width":1170,"height":700,"url":"https:\/\/tribunademinas.audiencelabs.com.br\/wp-content\/uploads\/2025\/10\/R-200.webp","type":"image\/webp"}],"author":"Jeferson Carvalho","twitter_card":"summary_large_image","twitter_creator":"@tribunademinas","twitter_site":"@tribunademinas","twitter_misc":{"Escrito por":"Jeferson Carvalho","Est. tempo de leitura":"3 minutos"},"schema":{"@context":"https:\/\/schema.org","@graph":[{"@type":"Article","@id":"https:\/\/tribunademinas.audiencelabs.com.br\/aniversariantes-de-julho-e-agosto-vao-receber-parcela-de-r-200\/#article","isPartOf":{"@id":"https:\/\/tribunademinas.audiencelabs.com.br\/aniversariantes-de-julho-e-agosto-vao-receber-parcela-de-r-200\/"},"author":{"name":"Jeferson Carvalho","@id":"https:\/\/tribunademinas.audiencelabs.com.br\/#\/schema\/person\/db18fc40307804bacef94213aa68fd9d"},"headline":"Aniversariantes de julho e agosto v\u00e3o receber parcela de R$ 200","datePublished":"2025-10-07T19:31:45+00:00","dateModified":"2025-10-07T19:31:49+00:00","mainEntityOfPage":{"@id":"https:\/\/tribunademinas.audiencelabs.com.br\/aniversariantes-de-julho-e-agosto-vao-receber-parcela-de-r-200\/"},"wordCount":446,"commentCount":0,"publisher":{"@id":"https:\/\/tribunademinas.audiencelabs.com.br\/#organization"},"image":{"@id":"https:\/\/tribunademinas.audiencelabs.com.br\/aniversariantes-de-julho-e-agosto-vao-receber-parcela-de-r-200\/#primaryimage"},"thumbnailUrl":"https:\/\/tribunademinas.audiencelabs.com.br\/wp-content\/uploads\/2025\/10\/R-200.webp","articleSection":["Cidadania"],"inLanguage":"pt-BR","potentialAction":[{"@type":"CommentAction","name":"Comment","target":["https:\/\/tribunademinas.audiencelabs.com.br\/aniversariantes-de-julho-e-agosto-vao-receber-parcela-de-r-200\/#respond"]}]},{"@type":"WebPage","@id":"https:\/\/tribunademinas.audiencelabs.com.br\/aniversariantes-de-julho-e-agosto-vao-receber-parcela-de-r-200\/","url":"https:\/\/tribunademinas.audiencelabs.com.br\/aniversariantes-de-julho-e-agosto-vao-receber-parcela-de-r-200\/","name":"Aniversariantes de julho e agosto v\u00e3o receber parcela de R$ 200","isPartOf":{"@id":"https:\/\/tribunademinas.audiencelabs.com.br\/#website"},"primaryImageOfPage":{"@id":"https:\/\/tribunademinas.audiencelabs.com.br\/aniversariantes-de-julho-e-agosto-vao-receber-parcela-de-r-200\/#primaryimage"},"image":{"@id":"https:\/\/tribunademinas.audiencelabs.com.br\/aniversariantes-de-julho-e-agosto-vao-receber-parcela-de-r-200\/#primaryimage"},"thumbnailUrl":"https:\/\/tribunademinas.audiencelabs.com.br\/wp-content\/uploads\/2025\/10\/R-200.webp","datePublished":"2025-10-07T19:31:45+00:00","dateModified":"2025-10-07T19:31:49+00:00","description":"Estudantes que fazem anivers\u00e1rio nos meses de julho e agosto j\u00e1 podem sacar a nova parcela de R$ 200 depositada pelo governo federal.","breadcrumb":{"@id":"https:\/\/tribunademinas.audiencelabs.com.br\/aniversariantes-de-julho-e-agosto-vao-receber-parcela-de-r-200\/#breadcrumb"},"inLanguage":"pt-BR","potentialAction":[{"@type":"ReadAction","target":["https:\/\/tribunademinas.audiencelabs.com.br\/aniversariantes-de-julho-e-agosto-vao-receber-parcela-de-r-200\/"]}]},{"@type":"ImageObject","inLanguage":"pt-BR","@id":"https:\/\/tribunademinas.audiencelabs.com.br\/aniversariantes-de-julho-e-agosto-vao-receber-parcela-de-r-200\/#primaryimage","url":"https:\/\/tribunademinas.audiencelabs.com.br\/wp-content\/uploads\/2025\/10\/R-200.webp","contentUrl":"https:\/\/tribunademinas.audiencelabs.com.br\/wp-content\/uploads\/2025\/10\/R-200.webp","width":1170,"height":700,"caption":"Aniversariantes de julho e agosto v\u00e3o receber parcela de R$ 200 - Imagem: Marcello Casal Jr\/Ag\u00eancia Brasil"},{"@type":"BreadcrumbList","@id":"https:\/\/tribunademinas.audiencelabs.com.br\/aniversariantes-de-julho-e-agosto-vao-receber-parcela-de-r-200\/#breadcrumb","itemListElement":[{"@type":"ListItem","position":1,"name":"In\u00edcio","item":"https:\/\/tribunademinas.audiencelabs.com.br\/"},{"@type":"ListItem","position":2,"name":"Aniversariantes de julho e agosto v\u00e3o receber parcela de R$ 200"}]},{"@type":"WebSite","@id":"https:\/\/tribunademinas.audiencelabs.com.br\/#website","url":"https:\/\/tribunademinas.audiencelabs.com.br\/","name":"Tribuna de Minas - Dinheiro e Cidadania","description":"","publisher":{"@id":"https:\/\/tribunademinas.audiencelabs.com.br\/#organization"},"potentialAction":[{"@type":"SearchAction","target":{"@type":"EntryPoint","urlTemplate":"https:\/\/tribunademinas.audiencelabs.com.br\/?s={search_term_string}"},"query-input":{"@type":"PropertyValueSpecification","valueRequired":true,"valueName":"search_term_string"}}],"inLanguage":"pt-BR"},{"@type":"Organization","@id":"https:\/\/tribunademinas.audiencelabs.com.br\/#organization","name":"Tribuna de Minas - Dinheiro e Cidadania","url":"https:\/\/tribunademinas.audiencelabs.com.br\/","logo":{"@type":"ImageObject","inLanguage":"pt-BR","@id":"https:\/\/tribunademinas.audiencelabs.com.br\/#\/schema\/logo\/image\/","url":"https:\/\/tribunademinas.audiencelabs.com.br\/wp-content\/uploads\/2025\/08\/cropped-Tribuna_512x512-96x96-1.png","contentUrl":"https:\/\/tribunademinas.audiencelabs.com.br\/wp-content\/uploads\/2025\/08\/cropped-Tribuna_512x512-96x96-1.png","width":96,"height":96,"caption":"Tribuna de Minas - Dinheiro e Cidadania"},"image":{"@id":"https:\/\/tribunademinas.audiencelabs.com.br\/#\/schema\/logo\/image\/"},"sameAs":["https:\/\/www.facebook.com\/tribunademinas\/","https:\/\/x.com\/tribunademinas","https:\/\/www.instagram.com\/tribunademinas\/","https:\/\/www.youtube.com\/user\/TribunadeMinasJF"]},{"@type":"Person","@id":"https:\/\/tribunademinas.audiencelabs.com.br\/#\/schema\/person\/db18fc40307804bacef94213aa68fd9d","name":"Jeferson Carvalho","image":{"@type":"ImageObject","inLanguage":"pt-BR","@id":"https:\/\/tribunademinas.audiencelabs.com.br\/#\/schema\/person\/image\/","url":"https:\/\/secure.gravatar.com\/avatar\/cd7646e328d9670dad7dea8698522e522745eeffcff5b9d08be858e377ce326b?s=96&d=mm&r=g","contentUrl":"https:\/\/secure.gravatar.com\/avatar\/cd7646e328d9670dad7dea8698522e522745eeffcff5b9d08be858e377ce326b?s=96&d=mm&r=g","caption":"Jeferson Carvalho"},"description":"Jornalista apaixonado pela profiss\u00e3o!","url":"https:\/\/tribunademinas.audiencelabs.com.br\/author\/jeferson\/"}]}},"amp_enabled":true,"_links":{"self":[{"href":"https:\/\/tribunademinas.audiencelabs.com.br\/wp-json\/wp\/v2\/posts\/2225","targetHints":{"allow":["GET"]}}],"collection":[{"href":"https:\/\/tribunademinas.audiencelabs.com.br\/wp-json\/wp\/v2\/posts"}],"about":[{"href":"https:\/\/tribunademinas.audiencelabs.com.br\/wp-json\/wp\/v2\/types\/post"}],"author":[{"embeddable":true,"href":"https:\/\/tribunademinas.audiencelabs.com.br\/wp-json\/wp\/v2\/users\/5"}],"replies":[{"embeddable":true,"href":"https:\/\/tribunademinas.audiencelabs.com.br\/wp-json\/wp\/v2\/comments?post=2225"}],"version-history":[{"count":1,"href":"https:\/\/tribunademinas.audiencelabs.com.br\/wp-json\/wp\/v2\/posts\/2225\/revisions"}],"predecessor-version":[{"id":2231,"href":"https:\/\/tribunademinas.audiencelabs.com.br\/wp-json\/wp\/v2\/posts\/2225\/revisions\/2231"}],"wp:featuredmedia":[{"embeddable":true,"href":"https:\/\/tribunademinas.audiencelabs.com.br\/wp-json\/wp\/v2\/media\/2228"}],"wp:attachment":[{"href":"https:\/\/tribunademinas.audiencelabs.com.br\/wp-json\/wp\/v2\/media?parent=2225"}],"wp:term":[{"taxonomy":"category","embeddable":true,"href":"https:\/\/tribunademinas.audiencelabs.com.br\/wp-json\/wp\/v2\/categories?post=2225"},{"taxonomy":"post_tag","embeddable":true,"href":"https:\/\/tribunademinas.audiencelabs.com.br\/wp-json\/wp\/v2\/tags?post=2225"}],"curies":[{"name":"wp","href":"https:\/\/api.w.org\/{rel}","templated":true}]}}