{"id":2189,"date":"2025-10-07T07:45:00","date_gmt":"2025-10-07T10:45:00","guid":{"rendered":"https:\/\/tribunademinas.audiencelabs.com.br\/?p=2189"},"modified":"2025-10-06T18:18:37","modified_gmt":"2025-10-06T21:18:37","slug":"beneficio-escondido-do-cadunico-para-inscritos-do-bolsa-familia","status":"publish","type":"post","link":"https:\/\/tribunademinas.audiencelabs.com.br\/beneficio-escondido-do-cadunico-para-inscritos-do-bolsa-familia\/","title":{"rendered":"Benef\u00edcio escondido do Cad\u00danico para inscritos do Bolsa Fam\u00edlia"},"content":{"rendered":"\n<p>O <a href=\"https:\/\/tribunademinas.com.br\/colunas\/dinheiroecidadania\/comunicado-do-bolsa-familia-sobre-antecipacao-deixa-milhoes-animados\/\"><strong>Bolsa Fam\u00edlia<\/strong><\/a> \u00e9 uma das principais ferramentas de combate \u00e0 pobreza no Brasil, atendendo mais de 19 milh\u00f5es de fam\u00edlias com repasses mensais que ajudam a garantir o b\u00e1sico para quem vive em situa\u00e7\u00e3o de vulnerabilidade.<\/p>\n\n\n\n<p> O programa \u00e9 essencial para milh\u00f5es de brasileiros que dependem desse apoio para alimenta\u00e7\u00e3o, sa\u00fade e educa\u00e7\u00e3o. <\/p>\n\n\n\n<p>Por\u00e9m, desde o in\u00edcio de 2025, publica\u00e7\u00f5es nas redes sociais v\u00eam promovendo a ideia de que existe um \u201cbenef\u00edcio escondido\u201d no Cadastro \u00danico (Cad\u00danico), gerando d\u00favidas e expectativas entre os benefici\u00e1rios.<\/p>\n\n\n\n<h2 class=\"wp-block-heading\">Benef\u00edcio escondido do Cad\u00danico para inscritos do Bolsa Fam\u00edlia<\/h2>\n\n\n\n<p>Essas mensagens afirmam que as fam\u00edlias cadastradas no Bolsa Fam\u00edlia teriam acesso autom\u00e1tico a um novo aux\u00edlio de R$ 1.518. O suposto pagamento seria uma esp\u00e9cie de valor adicional \u201cescondido\u201d que muitos estariam deixando de receber por falta de informa\u00e7\u00e3o. <\/p>\n\n\n\n<p>A viraliza\u00e7\u00e3o dessas postagens confundiu os inscritos, que passaram a procurar explica\u00e7\u00f5es nos canais oficiais e em \u00f3rg\u00e3os p\u00fablicos.<\/p>\n\n\n\n<p>Na realidade, n\u00e3o existe nenhum novo benef\u00edcio secreto ou pagamento extra autom\u00e1tico sendo oferecido. A origem dessa confus\u00e3o est\u00e1 em uma mudan\u00e7a na legisla\u00e7\u00e3o ocorrida em 2024. <\/p>\n\n\n\n<p>Com essa altera\u00e7\u00e3o, passou a ser permitido que fam\u00edlias que tenham entre seus membros idosos ou pessoas com defici\u00eancia possam acumular os valores do Bolsa Fam\u00edlia com os do Benef\u00edcio de Presta\u00e7\u00e3o Continuada (<a href=\"https:\/\/www.gov.br\/mds\/pt-br\/acoes-e-programas\/suas\/beneficios-assistenciais\/beneficio-assistencial-ao-idoso-e-a-pessoa-com-deficiencia-bpc\"><strong>BPC<\/strong><\/a>), desde que preencham os crit\u00e9rios exigidos por ambos os programas.<\/p>\n\n\n\n<h3 class=\"wp-block-heading\">Para receber o Bolsa Fam\u00edlia e o BPC a fam\u00edlia deve atender as regras dos dois programas sociais<\/h3>\n\n\n\n<p>O BPC \u00e9 um benef\u00edcio assistencial garantido por lei, que concede um sal\u00e1rio m\u00ednimo mensal a pessoas com defici\u00eancia ou idosos a partir de 65 anos que n\u00e3o tenham meios de se sustentar e vivam em situa\u00e7\u00e3o de vulnerabilidade. Diferente de aposentadorias, ele n\u00e3o exige contribui\u00e7\u00e3o ao INSS. <\/p>\n\n\n\n<p>J\u00e1 o Bolsa Fam\u00edlia \u00e9 destinado a fam\u00edlias com renda mensal per capita de at\u00e9 R$ 218 e est\u00e1 vinculado ao cumprimento de condicionalidades como vacina\u00e7\u00e3o, frequ\u00eancia escolar e pr\u00e9-natal.<\/p>\n\n\n\n<p>A combina\u00e7\u00e3o dos dois benef\u00edcios \u00e9 poss\u00edvel apenas se a fam\u00edlia tiver, por exemplo, um idoso ou pessoa com defici\u00eancia que receba o BPC, enquanto os demais membros continuem se enquadrando nos crit\u00e9rios do Bolsa Fam\u00edlia. <\/p>\n\n\n\n<p>O valor do BPC, no caso, n\u00e3o \u00e9 mais inclu\u00eddo no c\u00e1lculo da renda familiar para o programa, o que permite o ac\u00famulo legal dos dois repasses.<\/p>\n\n\n\n<p>Portanto, n\u00e3o se trata de um aux\u00edlio escondido, mas de uma possibilidade espec\u00edfica e legal para fam\u00edlias que se enquadram em duas realidades sociais distintas.<\/p>\n\n\n\n<p><\/p>\n","protected":false},"excerpt":{"rendered":"<p>O Bolsa Fam\u00edlia \u00e9 uma das principais ferramentas de combate \u00e0 pobreza no Brasil, atendendo mais de 19 milh\u00f5es de fam\u00edlias com repasses mensais que ajudam a garantir o b\u00e1sico para quem vive em situa\u00e7\u00e3o de vulnerabilidade. O programa \u00e9 essencial para milh\u00f5es de brasileiros que dependem desse apoio para alimenta\u00e7\u00e3o, sa\u00fade e educa\u00e7\u00e3o. Por\u00e9m, [&hellip;]<\/p>\n","protected":false},"author":5,"featured_media":2190,"comment_status":"open","ping_status":"open","sticky":false,"template":"","format":"standard","meta":{"jnews-multi-image_gallery":[],"jnews_single_post":{"format":"standard"},"jnews_primary_category":[],"jnews_social_meta":[],"jnews_post_split":[],"footnotes":""},"categories":[1],"tags":[],"class_list":["post-2189","post","type-post","status-publish","format-standard","has-post-thumbnail","hentry","category-dinheiro"],"yoast_head":"<!-- This site is optimized with the Yoast SEO plugin v25.6 - https:\/\/yoast.com\/wordpress\/plugins\/seo\/ -->\n<title>Benef\u00edcio escondido do Cad\u00danico para inscritos do Bolsa Fam\u00edlia<\/title>\n<meta name=\"description\" content=\"O Bolsa Fam\u00edlia \u00e9 uma das principais ferramentas de combate \u00e0 pobreza no pa\u00eds, atendendo mais de 19 milh\u00f5es de fam\u00edlias com repasses mensais.\" \/>\n<meta name=\"robots\" content=\"index, follow, max-snippet:-1, max-image-preview:large, max-video-preview:-1\" \/>\n<link rel=\"canonical\" href=\"https:\/\/tribunademinas.audiencelabs.com.br\/beneficio-escondido-do-cadunico-para-inscritos-do-bolsa-familia\/\" \/>\n<meta property=\"og:locale\" content=\"pt_BR\" \/>\n<meta property=\"og:type\" content=\"article\" \/>\n<meta property=\"og:title\" content=\"Benef\u00edcio escondido do Cad\u00danico para inscritos do Bolsa Fam\u00edlia\" \/>\n<meta property=\"og:description\" content=\"O Bolsa Fam\u00edlia \u00e9 uma das principais ferramentas de combate \u00e0 pobreza no pa\u00eds, atendendo mais de 19 milh\u00f5es de fam\u00edlias com repasses mensais.\" \/>\n<meta property=\"og:url\" content=\"https:\/\/tribunademinas.audiencelabs.com.br\/beneficio-escondido-do-cadunico-para-inscritos-do-bolsa-familia\/\" \/>\n<meta property=\"og:site_name\" content=\"Tribuna de Minas - Dinheiro e Cidadania\" \/>\n<meta property=\"article:publisher\" content=\"https:\/\/www.facebook.com\/tribunademinas\/\" \/>\n<meta property=\"article:published_time\" content=\"2025-10-07T10:45:00+00:00\" \/>\n<meta property=\"og:image\" content=\"https:\/\/tribunademinas.audiencelabs.com.br\/wp-content\/uploads\/2025\/10\/Bolsa-Familia.jpeg\" \/>\n\t<meta property=\"og:image:width\" content=\"1170\" \/>\n\t<meta property=\"og:image:height\" content=\"700\" \/>\n\t<meta property=\"og:image:type\" content=\"image\/jpeg\" \/>\n<meta name=\"author\" content=\"Jeferson Carvalho\" \/>\n<meta name=\"twitter:card\" content=\"summary_large_image\" \/>\n<meta name=\"twitter:creator\" content=\"@tribunademinas\" \/>\n<meta name=\"twitter:site\" content=\"@tribunademinas\" \/>\n<meta name=\"twitter:label1\" content=\"Escrito por\" \/>\n\t<meta name=\"twitter:data1\" content=\"Jeferson Carvalho\" \/>\n\t<meta name=\"twitter:label2\" content=\"Est. tempo de leitura\" \/>\n\t<meta name=\"twitter:data2\" content=\"3 minutos\" \/>\n<!-- \/ Yoast SEO plugin. -->","yoast_head_json":{"title":"Benef\u00edcio escondido do Cad\u00danico para inscritos do Bolsa Fam\u00edlia","description":"O Bolsa Fam\u00edlia \u00e9 uma das principais ferramentas de combate \u00e0 pobreza no pa\u00eds, atendendo mais de 19 milh\u00f5es de fam\u00edlias com repasses mensais.","robots":{"index":"index","follow":"follow","max-snippet":"max-snippet:-1","max-image-preview":"max-image-preview:large","max-video-preview":"max-video-preview:-1"},"canonical":"https:\/\/tribunademinas.audiencelabs.com.br\/beneficio-escondido-do-cadunico-para-inscritos-do-bolsa-familia\/","og_locale":"pt_BR","og_type":"article","og_title":"Benef\u00edcio escondido do Cad\u00danico para inscritos do Bolsa Fam\u00edlia","og_description":"O Bolsa Fam\u00edlia \u00e9 uma das principais ferramentas de combate \u00e0 pobreza no pa\u00eds, atendendo mais de 19 milh\u00f5es de fam\u00edlias com repasses mensais.","og_url":"https:\/\/tribunademinas.audiencelabs.com.br\/beneficio-escondido-do-cadunico-para-inscritos-do-bolsa-familia\/","og_site_name":"Tribuna de Minas - Dinheiro e Cidadania","article_publisher":"https:\/\/www.facebook.com\/tribunademinas\/","article_published_time":"2025-10-07T10:45:00+00:00","og_image":[{"width":1170,"height":700,"url":"https:\/\/tribunademinas.audiencelabs.com.br\/wp-content\/uploads\/2025\/10\/Bolsa-Familia.jpeg","type":"image\/jpeg"}],"author":"Jeferson Carvalho","twitter_card":"summary_large_image","twitter_creator":"@tribunademinas","twitter_site":"@tribunademinas","twitter_misc":{"Escrito por":"Jeferson Carvalho","Est. tempo de leitura":"3 minutos"},"schema":{"@context":"https:\/\/schema.org","@graph":[{"@type":"Article","@id":"https:\/\/tribunademinas.audiencelabs.com.br\/beneficio-escondido-do-cadunico-para-inscritos-do-bolsa-familia\/#article","isPartOf":{"@id":"https:\/\/tribunademinas.audiencelabs.com.br\/beneficio-escondido-do-cadunico-para-inscritos-do-bolsa-familia\/"},"author":{"name":"Jeferson Carvalho","@id":"https:\/\/tribunademinas.audiencelabs.com.br\/#\/schema\/person\/db18fc40307804bacef94213aa68fd9d"},"headline":"Benef\u00edcio escondido do Cad\u00danico para inscritos do Bolsa Fam\u00edlia","datePublished":"2025-10-07T10:45:00+00:00","mainEntityOfPage":{"@id":"https:\/\/tribunademinas.audiencelabs.com.br\/beneficio-escondido-do-cadunico-para-inscritos-do-bolsa-familia\/"},"wordCount":480,"commentCount":0,"publisher":{"@id":"https:\/\/tribunademinas.audiencelabs.com.br\/#organization"},"image":{"@id":"https:\/\/tribunademinas.audiencelabs.com.br\/beneficio-escondido-do-cadunico-para-inscritos-do-bolsa-familia\/#primaryimage"},"thumbnailUrl":"https:\/\/tribunademinas.audiencelabs.com.br\/wp-content\/uploads\/2025\/10\/Bolsa-Familia.jpeg","articleSection":["Dinheiro"],"inLanguage":"pt-BR","potentialAction":[{"@type":"CommentAction","name":"Comment","target":["https:\/\/tribunademinas.audiencelabs.com.br\/beneficio-escondido-do-cadunico-para-inscritos-do-bolsa-familia\/#respond"]}]},{"@type":"WebPage","@id":"https:\/\/tribunademinas.audiencelabs.com.br\/beneficio-escondido-do-cadunico-para-inscritos-do-bolsa-familia\/","url":"https:\/\/tribunademinas.audiencelabs.com.br\/beneficio-escondido-do-cadunico-para-inscritos-do-bolsa-familia\/","name":"Benef\u00edcio escondido do Cad\u00danico para inscritos do Bolsa Fam\u00edlia","isPartOf":{"@id":"https:\/\/tribunademinas.audiencelabs.com.br\/#website"},"primaryImageOfPage":{"@id":"https:\/\/tribunademinas.audiencelabs.com.br\/beneficio-escondido-do-cadunico-para-inscritos-do-bolsa-familia\/#primaryimage"},"image":{"@id":"https:\/\/tribunademinas.audiencelabs.com.br\/beneficio-escondido-do-cadunico-para-inscritos-do-bolsa-familia\/#primaryimage"},"thumbnailUrl":"https:\/\/tribunademinas.audiencelabs.com.br\/wp-content\/uploads\/2025\/10\/Bolsa-Familia.jpeg","datePublished":"2025-10-07T10:45:00+00:00","description":"O Bolsa Fam\u00edlia \u00e9 uma das principais ferramentas de combate \u00e0 pobreza no pa\u00eds, atendendo mais de 19 milh\u00f5es de fam\u00edlias com repasses mensais.","breadcrumb":{"@id":"https:\/\/tribunademinas.audiencelabs.com.br\/beneficio-escondido-do-cadunico-para-inscritos-do-bolsa-familia\/#breadcrumb"},"inLanguage":"pt-BR","potentialAction":[{"@type":"ReadAction","target":["https:\/\/tribunademinas.audiencelabs.com.br\/beneficio-escondido-do-cadunico-para-inscritos-do-bolsa-familia\/"]}]},{"@type":"ImageObject","inLanguage":"pt-BR","@id":"https:\/\/tribunademinas.audiencelabs.com.br\/beneficio-escondido-do-cadunico-para-inscritos-do-bolsa-familia\/#primaryimage","url":"https:\/\/tribunademinas.audiencelabs.com.br\/wp-content\/uploads\/2025\/10\/Bolsa-Familia.jpeg","contentUrl":"https:\/\/tribunademinas.audiencelabs.com.br\/wp-content\/uploads\/2025\/10\/Bolsa-Familia.jpeg","width":1170,"height":700,"caption":"Benef\u00edcio escondido do Cad\u00danico para inscritos do Bolsa Fam\u00edlia - Imagem: Divulga\u00e7\u00e3o\/MDS"},{"@type":"BreadcrumbList","@id":"https:\/\/tribunademinas.audiencelabs.com.br\/beneficio-escondido-do-cadunico-para-inscritos-do-bolsa-familia\/#breadcrumb","itemListElement":[{"@type":"ListItem","position":1,"name":"In\u00edcio","item":"https:\/\/tribunademinas.audiencelabs.com.br\/"},{"@type":"ListItem","position":2,"name":"Benef\u00edcio escondido do Cad\u00danico para inscritos do Bolsa Fam\u00edlia"}]},{"@type":"WebSite","@id":"https:\/\/tribunademinas.audiencelabs.com.br\/#website","url":"https:\/\/tribunademinas.audiencelabs.com.br\/","name":"Tribuna de Minas - Dinheiro e Cidadania","description":"","publisher":{"@id":"https:\/\/tribunademinas.audiencelabs.com.br\/#organization"},"potentialAction":[{"@type":"SearchAction","target":{"@type":"EntryPoint","urlTemplate":"https:\/\/tribunademinas.audiencelabs.com.br\/?s={search_term_string}"},"query-input":{"@type":"PropertyValueSpecification","valueRequired":true,"valueName":"search_term_string"}}],"inLanguage":"pt-BR"},{"@type":"Organization","@id":"https:\/\/tribunademinas.audiencelabs.com.br\/#organization","name":"Tribuna de Minas - Dinheiro e Cidadania","url":"https:\/\/tribunademinas.audiencelabs.com.br\/","logo":{"@type":"ImageObject","inLanguage":"pt-BR","@id":"https:\/\/tribunademinas.audiencelabs.com.br\/#\/schema\/logo\/image\/","url":"https:\/\/tribunademinas.audiencelabs.com.br\/wp-content\/uploads\/2025\/08\/cropped-Tribuna_512x512-96x96-1.png","contentUrl":"https:\/\/tribunademinas.audiencelabs.com.br\/wp-content\/uploads\/2025\/08\/cropped-Tribuna_512x512-96x96-1.png","width":96,"height":96,"caption":"Tribuna de Minas - Dinheiro e Cidadania"},"image":{"@id":"https:\/\/tribunademinas.audiencelabs.com.br\/#\/schema\/logo\/image\/"},"sameAs":["https:\/\/www.facebook.com\/tribunademinas\/","https:\/\/x.com\/tribunademinas","https:\/\/www.instagram.com\/tribunademinas\/","https:\/\/www.youtube.com\/user\/TribunadeMinasJF"]},{"@type":"Person","@id":"https:\/\/tribunademinas.audiencelabs.com.br\/#\/schema\/person\/db18fc40307804bacef94213aa68fd9d","name":"Jeferson Carvalho","image":{"@type":"ImageObject","inLanguage":"pt-BR","@id":"https:\/\/tribunademinas.audiencelabs.com.br\/#\/schema\/person\/image\/","url":"https:\/\/secure.gravatar.com\/avatar\/cd7646e328d9670dad7dea8698522e522745eeffcff5b9d08be858e377ce326b?s=96&d=mm&r=g","contentUrl":"https:\/\/secure.gravatar.com\/avatar\/cd7646e328d9670dad7dea8698522e522745eeffcff5b9d08be858e377ce326b?s=96&d=mm&r=g","caption":"Jeferson Carvalho"},"description":"Jornalista apaixonado pela profiss\u00e3o!","url":"https:\/\/tribunademinas.audiencelabs.com.br\/author\/jeferson\/"}]}},"amp_enabled":true,"_links":{"self":[{"href":"https:\/\/tribunademinas.audiencelabs.com.br\/wp-json\/wp\/v2\/posts\/2189","targetHints":{"allow":["GET"]}}],"collection":[{"href":"https:\/\/tribunademinas.audiencelabs.com.br\/wp-json\/wp\/v2\/posts"}],"about":[{"href":"https:\/\/tribunademinas.audiencelabs.com.br\/wp-json\/wp\/v2\/types\/post"}],"author":[{"embeddable":true,"href":"https:\/\/tribunademinas.audiencelabs.com.br\/wp-json\/wp\/v2\/users\/5"}],"replies":[{"embeddable":true,"href":"https:\/\/tribunademinas.audiencelabs.com.br\/wp-json\/wp\/v2\/comments?post=2189"}],"version-history":[{"count":1,"href":"https:\/\/tribunademinas.audiencelabs.com.br\/wp-json\/wp\/v2\/posts\/2189\/revisions"}],"predecessor-version":[{"id":2191,"href":"https:\/\/tribunademinas.audiencelabs.com.br\/wp-json\/wp\/v2\/posts\/2189\/revisions\/2191"}],"wp:featuredmedia":[{"embeddable":true,"href":"https:\/\/tribunademinas.audiencelabs.com.br\/wp-json\/wp\/v2\/media\/2190"}],"wp:attachment":[{"href":"https:\/\/tribunademinas.audiencelabs.com.br\/wp-json\/wp\/v2\/media?parent=2189"}],"wp:term":[{"taxonomy":"category","embeddable":true,"href":"https:\/\/tribunademinas.audiencelabs.com.br\/wp-json\/wp\/v2\/categories?post=2189"},{"taxonomy":"post_tag","embeddable":true,"href":"https:\/\/tribunademinas.audiencelabs.com.br\/wp-json\/wp\/v2\/tags?post=2189"}],"curies":[{"name":"wp","href":"https:\/\/api.w.org\/{rel}","templated":true}]}}