{"id":2179,"date":"2025-10-06T17:36:57","date_gmt":"2025-10-06T20:36:57","guid":{"rendered":"https:\/\/tribunademinas.audiencelabs.com.br\/?p=2179"},"modified":"2025-10-06T17:37:01","modified_gmt":"2025-10-06T20:37:01","slug":"maior-concurso-publico-com-quase-10-mil-vagas-e-salario-de-r-5-mil","status":"publish","type":"post","link":"https:\/\/tribunademinas.audiencelabs.com.br\/maior-concurso-publico-com-quase-10-mil-vagas-e-salario-de-r-5-mil\/","title":{"rendered":"Maior concurso p\u00fablico com quase 10 mil vagas e sal\u00e1rio de R$ 5 mil"},"content":{"rendered":"\n<p>Um concurso p\u00fablico muito aguardado pelos brasileiros deve ter seu edital publicado nos pr\u00f3ximos dias. Com quase 10 mil vagas previstas e sal\u00e1rios que ultrapassam os R$ 5 mil, a sele\u00e7\u00e3o promete movimentar candidatos de todas as regi\u00f5es do pa\u00eds. <\/p>\n\n\n\n<p>Trata-se de uma excelente oportunidade para quem busca estabilidade, bom sal\u00e1rio e a chance de ingressar no servi\u00e7o p\u00fablico sem exig\u00eancia de ensino superior.<\/p>\n\n\n\n<h2 class=\"wp-block-heading\">Maior concurso p\u00fablico com quase 10 mil vagas e sal\u00e1rio de R$ 5 mil<\/h2>\n\n\n\n<p>A sele\u00e7\u00e3o em quest\u00e3o \u00e9 do Instituto Brasileiro de Geografia e Estat\u00edstica (<a href=\"https:\/\/www.ibge.gov.br\/\"><strong>IBGE<\/strong><\/a>), \u00f3rg\u00e3o respons\u00e1vel por importantes levantamentos estat\u00edsticos e mapeamentos territoriais. <\/p>\n\n\n\n<p>Segundo informa\u00e7\u00f5es j\u00e1 confirmadas pelo instituto, ser\u00e3o oferecidas 9.580 vagas para profissionais de n\u00edvel m\u00e9dio, distribu\u00eddas em mais de 500 munic\u00edpios de todos os estados brasileiros. <\/p>\n\n\n\n<p>Os postos se concentram em duas fun\u00e7\u00f5es tempor\u00e1rias, ambas essenciais para o trabalho de coleta e an\u00e1lise de dados do IBGE.<\/p>\n\n\n\n<p>A maior parte das vagas, 8.480 ao todo, ser\u00e1 para o cargo de Agente de Pesquisas e Mapeamento. Esses profissionais atuar\u00e3o diretamente em campo, visitando domic\u00edlios, aplicando question\u00e1rios e coletando dados que alimentam pesquisas de car\u00e1ter social, econ\u00f4mico e geogr\u00e1fico. <\/p>\n\n\n\n<p>Para essa fun\u00e7\u00e3o, a remunera\u00e7\u00e3o ser\u00e1 de R$ 2.676,24, al\u00e9m de benef\u00edcios como aux\u00edlio-alimenta\u00e7\u00e3o, transporte e aux\u00edlio pr\u00e9-escolar.<\/p>\n\n\n\n<p>J\u00e1 para quem busca um sal\u00e1rio mais elevado, o cargo de Supervisor de Coleta e Qualidade oferece 1.100 vagas com remunera\u00e7\u00e3o de R$ 5.379. <\/p>\n\n\n\n<p>Esse profissional tem uma fun\u00e7\u00e3o mais estrat\u00e9gica, coordenando equipes, garantindo a qualidade das informa\u00e7\u00f5es coletadas e supervisionando o cumprimento dos cronogramas.<\/p>\n\n\n\n<h3 class=\"wp-block-heading\">Vagas ofertadas no concurso ter\u00e3o dura\u00e7\u00e3o de 1 a 3 anos<\/h3>\n\n\n\n<p>O contrato inicial ser\u00e1 de um ano, com possibilidade de prorroga\u00e7\u00e3o por at\u00e9 tr\u00eas anos, conforme a necessidade do instituto. A expectativa \u00e9 que o edital completo seja divulgado ainda neste m\u00eas, com inscri\u00e7\u00f5es realizadas por meio do site da banca organizadora. <\/p>\n\n\n\n<p>A Funda\u00e7\u00e3o Get\u00falio Vargas (FGV) \u00e9 apontada como uma das poss\u00edveis respons\u00e1veis pela organiza\u00e7\u00e3o do processo seletivo.<\/p>\n\n\n\n<p>A sele\u00e7\u00e3o contar\u00e1 com prova objetiva composta por 60 quest\u00f5es de m\u00faltipla escolha. <\/p>\n\n\n\n<p>Por isso, especialistas recomendam que os candidatos iniciem a prepara\u00e7\u00e3o o quanto antes, focando em conte\u00fados como portugu\u00eas, matem\u00e1tica, racioc\u00ednio l\u00f3gico e conhecimentos espec\u00edficos da \u00e1rea de atua\u00e7\u00e3o do IBGE.<\/p>\n\n\n\n<p>Diante do grande n\u00famero de vagas, da ampla distribui\u00e7\u00e3o regional e da boa remunera\u00e7\u00e3o, o concurso se destaca como uma das melhores portas de entrada para quem deseja iniciar carreira no setor p\u00fablico.<\/p>\n","protected":false},"excerpt":{"rendered":"<p>Um concurso p\u00fablico muito aguardado pelos brasileiros deve ter seu edital publicado nos pr\u00f3ximos dias. Com quase 10 mil vagas previstas e sal\u00e1rios que ultrapassam os R$ 5 mil, a sele\u00e7\u00e3o promete movimentar candidatos de todas as regi\u00f5es do pa\u00eds. Trata-se de uma excelente oportunidade para quem busca estabilidade, bom sal\u00e1rio e a chance de [&hellip;]<\/p>\n","protected":false},"author":5,"featured_media":2180,"comment_status":"open","ping_status":"open","sticky":false,"template":"","format":"standard","meta":{"jnews-multi-image_gallery":[],"jnews_single_post":{"format":"standard"},"jnews_primary_category":[],"jnews_social_meta":[],"jnews_post_split":[],"footnotes":""},"categories":[159],"tags":[],"class_list":["post-2179","post","type-post","status-publish","format-standard","has-post-thumbnail","hentry","category-cidadania"],"yoast_head":"<!-- This site is optimized with the Yoast SEO plugin v25.6 - https:\/\/yoast.com\/wordpress\/plugins\/seo\/ -->\n<title>Maior concurso p\u00fablico com quase 10 mil vagas e sal\u00e1rio de R$ 5 mil<\/title>\n<meta name=\"description\" content=\"Um concurso p\u00fablico muito aguardado pelos brasileiros deve ter seu edital publicado nos pr\u00f3ximos dias, com quase 10 mil vagas previstas.\" \/>\n<meta name=\"robots\" content=\"index, follow, max-snippet:-1, max-image-preview:large, max-video-preview:-1\" \/>\n<link rel=\"canonical\" href=\"https:\/\/tribunademinas.audiencelabs.com.br\/maior-concurso-publico-com-quase-10-mil-vagas-e-salario-de-r-5-mil\/\" \/>\n<meta property=\"og:locale\" content=\"pt_BR\" \/>\n<meta property=\"og:type\" content=\"article\" \/>\n<meta property=\"og:title\" content=\"Maior concurso p\u00fablico com quase 10 mil vagas e sal\u00e1rio de R$ 5 mil\" \/>\n<meta property=\"og:description\" content=\"Um concurso p\u00fablico muito aguardado pelos brasileiros deve ter seu edital publicado nos pr\u00f3ximos dias, com quase 10 mil vagas previstas.\" \/>\n<meta property=\"og:url\" content=\"https:\/\/tribunademinas.audiencelabs.com.br\/maior-concurso-publico-com-quase-10-mil-vagas-e-salario-de-r-5-mil\/\" \/>\n<meta property=\"og:site_name\" content=\"Tribuna de Minas - Dinheiro e Cidadania\" \/>\n<meta property=\"article:publisher\" content=\"https:\/\/www.facebook.com\/tribunademinas\/\" \/>\n<meta property=\"article:published_time\" content=\"2025-10-06T20:36:57+00:00\" \/>\n<meta property=\"article:modified_time\" content=\"2025-10-06T20:37:01+00:00\" \/>\n<meta property=\"og:image\" content=\"https:\/\/tribunademinas.audiencelabs.com.br\/wp-content\/uploads\/2025\/10\/concurso.webp\" \/>\n\t<meta property=\"og:image:width\" content=\"1170\" \/>\n\t<meta property=\"og:image:height\" content=\"700\" \/>\n\t<meta property=\"og:image:type\" content=\"image\/webp\" \/>\n<meta name=\"author\" content=\"Jeferson Carvalho\" \/>\n<meta name=\"twitter:card\" content=\"summary_large_image\" \/>\n<meta name=\"twitter:creator\" content=\"@tribunademinas\" \/>\n<meta name=\"twitter:site\" content=\"@tribunademinas\" \/>\n<meta name=\"twitter:label1\" content=\"Escrito por\" \/>\n\t<meta name=\"twitter:data1\" content=\"Jeferson Carvalho\" \/>\n\t<meta name=\"twitter:label2\" content=\"Est. tempo de leitura\" \/>\n\t<meta name=\"twitter:data2\" content=\"3 minutos\" \/>\n<!-- \/ Yoast SEO plugin. -->","yoast_head_json":{"title":"Maior concurso p\u00fablico com quase 10 mil vagas e sal\u00e1rio de R$ 5 mil","description":"Um concurso p\u00fablico muito aguardado pelos brasileiros deve ter seu edital publicado nos pr\u00f3ximos dias, com quase 10 mil vagas previstas.","robots":{"index":"index","follow":"follow","max-snippet":"max-snippet:-1","max-image-preview":"max-image-preview:large","max-video-preview":"max-video-preview:-1"},"canonical":"https:\/\/tribunademinas.audiencelabs.com.br\/maior-concurso-publico-com-quase-10-mil-vagas-e-salario-de-r-5-mil\/","og_locale":"pt_BR","og_type":"article","og_title":"Maior concurso p\u00fablico com quase 10 mil vagas e sal\u00e1rio de R$ 5 mil","og_description":"Um concurso p\u00fablico muito aguardado pelos brasileiros deve ter seu edital publicado nos pr\u00f3ximos dias, com quase 10 mil vagas previstas.","og_url":"https:\/\/tribunademinas.audiencelabs.com.br\/maior-concurso-publico-com-quase-10-mil-vagas-e-salario-de-r-5-mil\/","og_site_name":"Tribuna de Minas - Dinheiro e Cidadania","article_publisher":"https:\/\/www.facebook.com\/tribunademinas\/","article_published_time":"2025-10-06T20:36:57+00:00","article_modified_time":"2025-10-06T20:37:01+00:00","og_image":[{"width":1170,"height":700,"url":"https:\/\/tribunademinas.audiencelabs.com.br\/wp-content\/uploads\/2025\/10\/concurso.webp","type":"image\/webp"}],"author":"Jeferson Carvalho","twitter_card":"summary_large_image","twitter_creator":"@tribunademinas","twitter_site":"@tribunademinas","twitter_misc":{"Escrito por":"Jeferson Carvalho","Est. tempo de leitura":"3 minutos"},"schema":{"@context":"https:\/\/schema.org","@graph":[{"@type":"Article","@id":"https:\/\/tribunademinas.audiencelabs.com.br\/maior-concurso-publico-com-quase-10-mil-vagas-e-salario-de-r-5-mil\/#article","isPartOf":{"@id":"https:\/\/tribunademinas.audiencelabs.com.br\/maior-concurso-publico-com-quase-10-mil-vagas-e-salario-de-r-5-mil\/"},"author":{"name":"Jeferson Carvalho","@id":"https:\/\/tribunademinas.audiencelabs.com.br\/#\/schema\/person\/db18fc40307804bacef94213aa68fd9d"},"headline":"Maior concurso p\u00fablico com quase 10 mil vagas e sal\u00e1rio de R$ 5 mil","datePublished":"2025-10-06T20:36:57+00:00","dateModified":"2025-10-06T20:37:01+00:00","mainEntityOfPage":{"@id":"https:\/\/tribunademinas.audiencelabs.com.br\/maior-concurso-publico-com-quase-10-mil-vagas-e-salario-de-r-5-mil\/"},"wordCount":466,"commentCount":0,"publisher":{"@id":"https:\/\/tribunademinas.audiencelabs.com.br\/#organization"},"image":{"@id":"https:\/\/tribunademinas.audiencelabs.com.br\/maior-concurso-publico-com-quase-10-mil-vagas-e-salario-de-r-5-mil\/#primaryimage"},"thumbnailUrl":"https:\/\/tribunademinas.audiencelabs.com.br\/wp-content\/uploads\/2025\/10\/concurso.webp","articleSection":["Cidadania"],"inLanguage":"pt-BR","potentialAction":[{"@type":"CommentAction","name":"Comment","target":["https:\/\/tribunademinas.audiencelabs.com.br\/maior-concurso-publico-com-quase-10-mil-vagas-e-salario-de-r-5-mil\/#respond"]}]},{"@type":"WebPage","@id":"https:\/\/tribunademinas.audiencelabs.com.br\/maior-concurso-publico-com-quase-10-mil-vagas-e-salario-de-r-5-mil\/","url":"https:\/\/tribunademinas.audiencelabs.com.br\/maior-concurso-publico-com-quase-10-mil-vagas-e-salario-de-r-5-mil\/","name":"Maior concurso p\u00fablico com quase 10 mil vagas e sal\u00e1rio de R$ 5 mil","isPartOf":{"@id":"https:\/\/tribunademinas.audiencelabs.com.br\/#website"},"primaryImageOfPage":{"@id":"https:\/\/tribunademinas.audiencelabs.com.br\/maior-concurso-publico-com-quase-10-mil-vagas-e-salario-de-r-5-mil\/#primaryimage"},"image":{"@id":"https:\/\/tribunademinas.audiencelabs.com.br\/maior-concurso-publico-com-quase-10-mil-vagas-e-salario-de-r-5-mil\/#primaryimage"},"thumbnailUrl":"https:\/\/tribunademinas.audiencelabs.com.br\/wp-content\/uploads\/2025\/10\/concurso.webp","datePublished":"2025-10-06T20:36:57+00:00","dateModified":"2025-10-06T20:37:01+00:00","description":"Um concurso p\u00fablico muito aguardado pelos brasileiros deve ter seu edital publicado nos pr\u00f3ximos dias, com quase 10 mil vagas previstas.","breadcrumb":{"@id":"https:\/\/tribunademinas.audiencelabs.com.br\/maior-concurso-publico-com-quase-10-mil-vagas-e-salario-de-r-5-mil\/#breadcrumb"},"inLanguage":"pt-BR","potentialAction":[{"@type":"ReadAction","target":["https:\/\/tribunademinas.audiencelabs.com.br\/maior-concurso-publico-com-quase-10-mil-vagas-e-salario-de-r-5-mil\/"]}]},{"@type":"ImageObject","inLanguage":"pt-BR","@id":"https:\/\/tribunademinas.audiencelabs.com.br\/maior-concurso-publico-com-quase-10-mil-vagas-e-salario-de-r-5-mil\/#primaryimage","url":"https:\/\/tribunademinas.audiencelabs.com.br\/wp-content\/uploads\/2025\/10\/concurso.webp","contentUrl":"https:\/\/tribunademinas.audiencelabs.com.br\/wp-content\/uploads\/2025\/10\/concurso.webp","width":1170,"height":700,"caption":"Maior concurso p\u00fablico com quase 10 mil vagas e sal\u00e1rio de R$ 5 mil - Imagem: Marcos Santos\/USP Imagens"},{"@type":"BreadcrumbList","@id":"https:\/\/tribunademinas.audiencelabs.com.br\/maior-concurso-publico-com-quase-10-mil-vagas-e-salario-de-r-5-mil\/#breadcrumb","itemListElement":[{"@type":"ListItem","position":1,"name":"In\u00edcio","item":"https:\/\/tribunademinas.audiencelabs.com.br\/"},{"@type":"ListItem","position":2,"name":"Maior concurso p\u00fablico com quase 10 mil vagas e sal\u00e1rio de R$ 5 mil"}]},{"@type":"WebSite","@id":"https:\/\/tribunademinas.audiencelabs.com.br\/#website","url":"https:\/\/tribunademinas.audiencelabs.com.br\/","name":"Tribuna de Minas - Dinheiro e Cidadania","description":"","publisher":{"@id":"https:\/\/tribunademinas.audiencelabs.com.br\/#organization"},"potentialAction":[{"@type":"SearchAction","target":{"@type":"EntryPoint","urlTemplate":"https:\/\/tribunademinas.audiencelabs.com.br\/?s={search_term_string}"},"query-input":{"@type":"PropertyValueSpecification","valueRequired":true,"valueName":"search_term_string"}}],"inLanguage":"pt-BR"},{"@type":"Organization","@id":"https:\/\/tribunademinas.audiencelabs.com.br\/#organization","name":"Tribuna de Minas - Dinheiro e Cidadania","url":"https:\/\/tribunademinas.audiencelabs.com.br\/","logo":{"@type":"ImageObject","inLanguage":"pt-BR","@id":"https:\/\/tribunademinas.audiencelabs.com.br\/#\/schema\/logo\/image\/","url":"https:\/\/tribunademinas.audiencelabs.com.br\/wp-content\/uploads\/2025\/08\/cropped-Tribuna_512x512-96x96-1.png","contentUrl":"https:\/\/tribunademinas.audiencelabs.com.br\/wp-content\/uploads\/2025\/08\/cropped-Tribuna_512x512-96x96-1.png","width":96,"height":96,"caption":"Tribuna de Minas - Dinheiro e Cidadania"},"image":{"@id":"https:\/\/tribunademinas.audiencelabs.com.br\/#\/schema\/logo\/image\/"},"sameAs":["https:\/\/www.facebook.com\/tribunademinas\/","https:\/\/x.com\/tribunademinas","https:\/\/www.instagram.com\/tribunademinas\/","https:\/\/www.youtube.com\/user\/TribunadeMinasJF"]},{"@type":"Person","@id":"https:\/\/tribunademinas.audiencelabs.com.br\/#\/schema\/person\/db18fc40307804bacef94213aa68fd9d","name":"Jeferson Carvalho","image":{"@type":"ImageObject","inLanguage":"pt-BR","@id":"https:\/\/tribunademinas.audiencelabs.com.br\/#\/schema\/person\/image\/","url":"https:\/\/secure.gravatar.com\/avatar\/cd7646e328d9670dad7dea8698522e522745eeffcff5b9d08be858e377ce326b?s=96&d=mm&r=g","contentUrl":"https:\/\/secure.gravatar.com\/avatar\/cd7646e328d9670dad7dea8698522e522745eeffcff5b9d08be858e377ce326b?s=96&d=mm&r=g","caption":"Jeferson Carvalho"},"description":"Jornalista apaixonado pela profiss\u00e3o!","url":"https:\/\/tribunademinas.audiencelabs.com.br\/author\/jeferson\/"}]}},"amp_enabled":true,"_links":{"self":[{"href":"https:\/\/tribunademinas.audiencelabs.com.br\/wp-json\/wp\/v2\/posts\/2179","targetHints":{"allow":["GET"]}}],"collection":[{"href":"https:\/\/tribunademinas.audiencelabs.com.br\/wp-json\/wp\/v2\/posts"}],"about":[{"href":"https:\/\/tribunademinas.audiencelabs.com.br\/wp-json\/wp\/v2\/types\/post"}],"author":[{"embeddable":true,"href":"https:\/\/tribunademinas.audiencelabs.com.br\/wp-json\/wp\/v2\/users\/5"}],"replies":[{"embeddable":true,"href":"https:\/\/tribunademinas.audiencelabs.com.br\/wp-json\/wp\/v2\/comments?post=2179"}],"version-history":[{"count":1,"href":"https:\/\/tribunademinas.audiencelabs.com.br\/wp-json\/wp\/v2\/posts\/2179\/revisions"}],"predecessor-version":[{"id":2184,"href":"https:\/\/tribunademinas.audiencelabs.com.br\/wp-json\/wp\/v2\/posts\/2179\/revisions\/2184"}],"wp:featuredmedia":[{"embeddable":true,"href":"https:\/\/tribunademinas.audiencelabs.com.br\/wp-json\/wp\/v2\/media\/2180"}],"wp:attachment":[{"href":"https:\/\/tribunademinas.audiencelabs.com.br\/wp-json\/wp\/v2\/media?parent=2179"}],"wp:term":[{"taxonomy":"category","embeddable":true,"href":"https:\/\/tribunademinas.audiencelabs.com.br\/wp-json\/wp\/v2\/categories?post=2179"},{"taxonomy":"post_tag","embeddable":true,"href":"https:\/\/tribunademinas.audiencelabs.com.br\/wp-json\/wp\/v2\/tags?post=2179"}],"curies":[{"name":"wp","href":"https:\/\/api.w.org\/{rel}","templated":true}]}}