{"id":2170,"date":"2025-10-06T18:00:00","date_gmt":"2025-10-06T21:00:00","guid":{"rendered":"https:\/\/tribunademinas.audiencelabs.com.br\/?p=2170"},"modified":"2025-10-06T16:48:41","modified_gmt":"2025-10-06T19:48:41","slug":"emprestimo-de-r-100-mil-com-8-anos-para-pagar-pode-ser-liberado","status":"publish","type":"post","link":"https:\/\/tribunademinas.audiencelabs.com.br\/emprestimo-de-r-100-mil-com-8-anos-para-pagar-pode-ser-liberado\/","title":{"rendered":"Empr\u00e9stimo de R$ 100 mil com 8 anos para pagar pode ser liberado"},"content":{"rendered":"\n<p>A partir deste m\u00eas, o governo federal pode anunciar um novo programa de empr\u00e9stimos que ser\u00e1 extremamente vantajoso para quem pretende realizar reformas residenciais, tendo em vista as taxas de juros e, especialmente, prazos confort\u00e1veis.<\/p>\n\n\n\n<p>Isso porque o financiamento, que ser\u00e1 operado pela Caixa Econ\u00f4mica Federal, permitir\u00e1 que <strong>valores de at\u00e9 R$ 100 mil<\/strong> sejam pagos em at\u00e9 <strong>96 meses<\/strong> (8 anos), facilitando para que muitas fam\u00edlias com recursos limitados possam finalmente aprimorar suas casas.<\/p>\n\n\n\n<p>De acordo com o Instituto Brasileiro de Geografia e Estat\u00edstica (IBGE), cerca de de 5,8 milh\u00f5es das moradias brasileiras necessitam de reparos. E para o governo, a iniciativa surge como uma possibilidade para resolver este d\u00e9ficit.<\/p>\n\n\n\n<p>O empr\u00e9stimo precisar\u00e1 apenas de portarias para entrar em vigor, dispensando a necessidade de projeto de lei. E de acordo com especialistas, a previs\u00e3o \u00e9 de que o cr\u00e9dito beneficie <strong>milh\u00f5es de fam\u00edlias<\/strong> ao redor de todo o pa\u00eds.<\/p>\n\n\n\n<p>Inicialmente, o programa contaria com aproximadamente R$ 3 bilh\u00f5es do fundo social do petr\u00f3leo do pr\u00e9-sal para seu or\u00e7amento. No entanto, ap\u00f3s incentivo da Casa Civil, o valor foi elevado para R$ 30 bilh\u00f5es.<br><\/p>\n\n\n\n<h2 class=\"wp-block-heading\">Limite de renda determinar\u00e1 valor do empr\u00e9stimo<\/h2>\n\n\n\n<p>O valor a ser concedido a cada fam\u00edlia depender\u00e1 da capacidade de pagamento e da faixa de renda, que tamb\u00e9m limitar\u00e1 as taxas de juros, assemelhando-se \u00e0s condi\u00e7\u00f5es de programas como o Minha Casa, Minha Vida. As faixas contempladas pelo novo empr\u00e9stimo incluem:<\/p>\n\n\n\n<ul class=\"wp-block-list\">\n<li><strong>Faixa 1: <\/strong>renda de at\u00e9 R$ 3.200 e taxa de juros de at\u00e9 1,17% ao m\u00eas;<\/li>\n\n\n\n<li><strong>Faixa 2:<\/strong> renda de R$ 3.200,01 a R$ 9.600 e taxa de juros de at\u00e9 1,95% ao m\u00eas;<\/li>\n\n\n\n<li><strong>Faixa 3:<\/strong> renda acima de R$ 9.600 e taxa de juros de mercado.<\/li>\n<\/ul>\n\n\n\n<p>De acordo com t\u00e9cnicos envolvidos na discuss\u00e3o, n\u00e3o haver\u00e1 per\u00edodo de car\u00eancia. Isso significa que, depois de assinar o contrato, as parcelas passam a ser cobradas no m\u00eas seguinte da solicita\u00e7\u00e3o.<\/p>\n\n\n\n<p><br><\/p>\n","protected":false},"excerpt":{"rendered":"<p>A partir deste m\u00eas, o governo federal pode anunciar um novo programa de empr\u00e9stimos que ser\u00e1 extremamente vantajoso para quem pretende realizar reformas residenciais, tendo em vista as taxas de juros e, especialmente, prazos confort\u00e1veis. Isso porque o financiamento, que ser\u00e1 operado pela Caixa Econ\u00f4mica Federal, permitir\u00e1 que valores de at\u00e9 R$ 100 mil sejam [&hellip;]<\/p>\n","protected":false},"author":3,"featured_media":2171,"comment_status":"open","ping_status":"open","sticky":false,"template":"","format":"standard","meta":{"jnews-multi-image_gallery":[],"jnews_single_post":{"format":"standard"},"jnews_primary_category":[],"jnews_social_meta":[],"jnews_post_split":[],"footnotes":""},"categories":[1],"tags":[],"class_list":["post-2170","post","type-post","status-publish","format-standard","has-post-thumbnail","hentry","category-dinheiro"],"yoast_head":"<!-- This site is optimized with the Yoast SEO plugin v25.6 - https:\/\/yoast.com\/wordpress\/plugins\/seo\/ -->\n<title>Empr\u00e9stimo de R$ 100 mil com 8 anos para pagar pode ser liberado<\/title>\n<meta name=\"robots\" content=\"index, follow, max-snippet:-1, max-image-preview:large, max-video-preview:-1\" \/>\n<link rel=\"canonical\" href=\"https:\/\/tribunademinas.audiencelabs.com.br\/emprestimo-de-r-100-mil-com-8-anos-para-pagar-pode-ser-liberado\/\" \/>\n<meta property=\"og:locale\" content=\"pt_BR\" \/>\n<meta property=\"og:type\" content=\"article\" \/>\n<meta property=\"og:title\" content=\"Empr\u00e9stimo de R$ 100 mil com 8 anos para pagar pode ser liberado\" \/>\n<meta property=\"og:description\" content=\"A partir deste m\u00eas, o governo federal pode anunciar um novo programa de empr\u00e9stimos que ser\u00e1 extremamente vantajoso para quem pretende realizar reformas residenciais, tendo em vista as taxas de juros e, especialmente, prazos confort\u00e1veis. Isso porque o financiamento, que ser\u00e1 operado pela Caixa Econ\u00f4mica Federal, permitir\u00e1 que valores de at\u00e9 R$ 100 mil sejam [&hellip;]\" \/>\n<meta property=\"og:url\" content=\"https:\/\/tribunademinas.audiencelabs.com.br\/emprestimo-de-r-100-mil-com-8-anos-para-pagar-pode-ser-liberado\/\" \/>\n<meta property=\"og:site_name\" content=\"Tribuna de Minas - Dinheiro e Cidadania\" \/>\n<meta property=\"article:publisher\" content=\"https:\/\/www.facebook.com\/tribunademinas\/\" \/>\n<meta property=\"article:published_time\" content=\"2025-10-06T21:00:00+00:00\" \/>\n<meta property=\"og:image\" content=\"https:\/\/tribunademinas.audiencelabs.com.br\/wp-content\/uploads\/2025\/10\/emprestimo-100-mil-8-anos-para-pagar-pode-ser-liberado.webp\" \/>\n\t<meta property=\"og:image:width\" content=\"1280\" \/>\n\t<meta property=\"og:image:height\" content=\"720\" \/>\n\t<meta property=\"og:image:type\" content=\"image\/webp\" \/>\n<meta name=\"author\" content=\"Jo\u00e3o Carlos Gomes\" \/>\n<meta name=\"twitter:card\" content=\"summary_large_image\" \/>\n<meta name=\"twitter:creator\" content=\"@tribunademinas\" \/>\n<meta name=\"twitter:site\" content=\"@tribunademinas\" \/>\n<meta name=\"twitter:label1\" content=\"Escrito por\" \/>\n\t<meta name=\"twitter:data1\" content=\"Jo\u00e3o Carlos Gomes\" \/>\n\t<meta name=\"twitter:label2\" content=\"Est. tempo de leitura\" \/>\n\t<meta name=\"twitter:data2\" content=\"2 minutos\" \/>\n<!-- \/ Yoast SEO plugin. -->","yoast_head_json":{"title":"Empr\u00e9stimo de R$ 100 mil com 8 anos para pagar pode ser liberado","robots":{"index":"index","follow":"follow","max-snippet":"max-snippet:-1","max-image-preview":"max-image-preview:large","max-video-preview":"max-video-preview:-1"},"canonical":"https:\/\/tribunademinas.audiencelabs.com.br\/emprestimo-de-r-100-mil-com-8-anos-para-pagar-pode-ser-liberado\/","og_locale":"pt_BR","og_type":"article","og_title":"Empr\u00e9stimo de R$ 100 mil com 8 anos para pagar pode ser liberado","og_description":"A partir deste m\u00eas, o governo federal pode anunciar um novo programa de empr\u00e9stimos que ser\u00e1 extremamente vantajoso para quem pretende realizar reformas residenciais, tendo em vista as taxas de juros e, especialmente, prazos confort\u00e1veis. Isso porque o financiamento, que ser\u00e1 operado pela Caixa Econ\u00f4mica Federal, permitir\u00e1 que valores de at\u00e9 R$ 100 mil sejam [&hellip;]","og_url":"https:\/\/tribunademinas.audiencelabs.com.br\/emprestimo-de-r-100-mil-com-8-anos-para-pagar-pode-ser-liberado\/","og_site_name":"Tribuna de Minas - Dinheiro e Cidadania","article_publisher":"https:\/\/www.facebook.com\/tribunademinas\/","article_published_time":"2025-10-06T21:00:00+00:00","og_image":[{"width":1280,"height":720,"url":"https:\/\/tribunademinas.audiencelabs.com.br\/wp-content\/uploads\/2025\/10\/emprestimo-100-mil-8-anos-para-pagar-pode-ser-liberado.webp","type":"image\/webp"}],"author":"Jo\u00e3o Carlos Gomes","twitter_card":"summary_large_image","twitter_creator":"@tribunademinas","twitter_site":"@tribunademinas","twitter_misc":{"Escrito por":"Jo\u00e3o Carlos Gomes","Est. tempo de leitura":"2 minutos"},"schema":{"@context":"https:\/\/schema.org","@graph":[{"@type":"Article","@id":"https:\/\/tribunademinas.audiencelabs.com.br\/emprestimo-de-r-100-mil-com-8-anos-para-pagar-pode-ser-liberado\/#article","isPartOf":{"@id":"https:\/\/tribunademinas.audiencelabs.com.br\/emprestimo-de-r-100-mil-com-8-anos-para-pagar-pode-ser-liberado\/"},"author":{"name":"Jo\u00e3o Carlos Gomes","@id":"https:\/\/tribunademinas.audiencelabs.com.br\/#\/schema\/person\/37af466a64a722fadb8ef6841c52114f"},"headline":"Empr\u00e9stimo de R$ 100 mil com 8 anos para pagar pode ser liberado","datePublished":"2025-10-06T21:00:00+00:00","mainEntityOfPage":{"@id":"https:\/\/tribunademinas.audiencelabs.com.br\/emprestimo-de-r-100-mil-com-8-anos-para-pagar-pode-ser-liberado\/"},"wordCount":342,"commentCount":0,"publisher":{"@id":"https:\/\/tribunademinas.audiencelabs.com.br\/#organization"},"image":{"@id":"https:\/\/tribunademinas.audiencelabs.com.br\/emprestimo-de-r-100-mil-com-8-anos-para-pagar-pode-ser-liberado\/#primaryimage"},"thumbnailUrl":"https:\/\/tribunademinas.audiencelabs.com.br\/wp-content\/uploads\/2025\/10\/emprestimo-100-mil-8-anos-para-pagar-pode-ser-liberado.webp","articleSection":["Dinheiro"],"inLanguage":"pt-BR","potentialAction":[{"@type":"CommentAction","name":"Comment","target":["https:\/\/tribunademinas.audiencelabs.com.br\/emprestimo-de-r-100-mil-com-8-anos-para-pagar-pode-ser-liberado\/#respond"]}]},{"@type":"WebPage","@id":"https:\/\/tribunademinas.audiencelabs.com.br\/emprestimo-de-r-100-mil-com-8-anos-para-pagar-pode-ser-liberado\/","url":"https:\/\/tribunademinas.audiencelabs.com.br\/emprestimo-de-r-100-mil-com-8-anos-para-pagar-pode-ser-liberado\/","name":"Empr\u00e9stimo de R$ 100 mil com 8 anos para pagar pode ser liberado","isPartOf":{"@id":"https:\/\/tribunademinas.audiencelabs.com.br\/#website"},"primaryImageOfPage":{"@id":"https:\/\/tribunademinas.audiencelabs.com.br\/emprestimo-de-r-100-mil-com-8-anos-para-pagar-pode-ser-liberado\/#primaryimage"},"image":{"@id":"https:\/\/tribunademinas.audiencelabs.com.br\/emprestimo-de-r-100-mil-com-8-anos-para-pagar-pode-ser-liberado\/#primaryimage"},"thumbnailUrl":"https:\/\/tribunademinas.audiencelabs.com.br\/wp-content\/uploads\/2025\/10\/emprestimo-100-mil-8-anos-para-pagar-pode-ser-liberado.webp","datePublished":"2025-10-06T21:00:00+00:00","breadcrumb":{"@id":"https:\/\/tribunademinas.audiencelabs.com.br\/emprestimo-de-r-100-mil-com-8-anos-para-pagar-pode-ser-liberado\/#breadcrumb"},"inLanguage":"pt-BR","potentialAction":[{"@type":"ReadAction","target":["https:\/\/tribunademinas.audiencelabs.com.br\/emprestimo-de-r-100-mil-com-8-anos-para-pagar-pode-ser-liberado\/"]}]},{"@type":"ImageObject","inLanguage":"pt-BR","@id":"https:\/\/tribunademinas.audiencelabs.com.br\/emprestimo-de-r-100-mil-com-8-anos-para-pagar-pode-ser-liberado\/#primaryimage","url":"https:\/\/tribunademinas.audiencelabs.com.br\/wp-content\/uploads\/2025\/10\/emprestimo-100-mil-8-anos-para-pagar-pode-ser-liberado.webp","contentUrl":"https:\/\/tribunademinas.audiencelabs.com.br\/wp-content\/uploads\/2025\/10\/emprestimo-100-mil-8-anos-para-pagar-pode-ser-liberado.webp","width":1280,"height":720,"caption":"Foto: Jos\u00e9 Cruz\/Ag\u00eancia Brasil"},{"@type":"BreadcrumbList","@id":"https:\/\/tribunademinas.audiencelabs.com.br\/emprestimo-de-r-100-mil-com-8-anos-para-pagar-pode-ser-liberado\/#breadcrumb","itemListElement":[{"@type":"ListItem","position":1,"name":"In\u00edcio","item":"https:\/\/tribunademinas.audiencelabs.com.br\/"},{"@type":"ListItem","position":2,"name":"Empr\u00e9stimo de R$ 100 mil com 8 anos para pagar pode ser liberado"}]},{"@type":"WebSite","@id":"https:\/\/tribunademinas.audiencelabs.com.br\/#website","url":"https:\/\/tribunademinas.audiencelabs.com.br\/","name":"Tribuna de Minas - Dinheiro e Cidadania","description":"","publisher":{"@id":"https:\/\/tribunademinas.audiencelabs.com.br\/#organization"},"potentialAction":[{"@type":"SearchAction","target":{"@type":"EntryPoint","urlTemplate":"https:\/\/tribunademinas.audiencelabs.com.br\/?s={search_term_string}"},"query-input":{"@type":"PropertyValueSpecification","valueRequired":true,"valueName":"search_term_string"}}],"inLanguage":"pt-BR"},{"@type":"Organization","@id":"https:\/\/tribunademinas.audiencelabs.com.br\/#organization","name":"Tribuna de Minas - Dinheiro e Cidadania","url":"https:\/\/tribunademinas.audiencelabs.com.br\/","logo":{"@type":"ImageObject","inLanguage":"pt-BR","@id":"https:\/\/tribunademinas.audiencelabs.com.br\/#\/schema\/logo\/image\/","url":"https:\/\/tribunademinas.audiencelabs.com.br\/wp-content\/uploads\/2025\/08\/cropped-Tribuna_512x512-96x96-1.png","contentUrl":"https:\/\/tribunademinas.audiencelabs.com.br\/wp-content\/uploads\/2025\/08\/cropped-Tribuna_512x512-96x96-1.png","width":96,"height":96,"caption":"Tribuna de Minas - Dinheiro e Cidadania"},"image":{"@id":"https:\/\/tribunademinas.audiencelabs.com.br\/#\/schema\/logo\/image\/"},"sameAs":["https:\/\/www.facebook.com\/tribunademinas\/","https:\/\/x.com\/tribunademinas","https:\/\/www.instagram.com\/tribunademinas\/","https:\/\/www.youtube.com\/user\/TribunadeMinasJF"]},{"@type":"Person","@id":"https:\/\/tribunademinas.audiencelabs.com.br\/#\/schema\/person\/37af466a64a722fadb8ef6841c52114f","name":"Jo\u00e3o Carlos Gomes","image":{"@type":"ImageObject","inLanguage":"pt-BR","@id":"https:\/\/tribunademinas.audiencelabs.com.br\/#\/schema\/person\/image\/","url":"https:\/\/secure.gravatar.com\/avatar\/4ce4672dbdd694b329cd6fdb51bee7d1409be1f0ff76a537e4c4a737b2c7d1a9?s=96&d=mm&r=g","contentUrl":"https:\/\/secure.gravatar.com\/avatar\/4ce4672dbdd694b329cd6fdb51bee7d1409be1f0ff76a537e4c4a737b2c7d1a9?s=96&d=mm&r=g","caption":"Jo\u00e3o Carlos Gomes"},"description":"Jornalista formado pelo Centro Universit\u00e1rio Carioca, apreciador da Bossa Nova ao Metal Extremo, criador de conte\u00fado e m\u00fasico independente nas horas vagas.","url":"https:\/\/tribunademinas.audiencelabs.com.br\/author\/joaoc-junior\/"}]}},"amp_enabled":true,"_links":{"self":[{"href":"https:\/\/tribunademinas.audiencelabs.com.br\/wp-json\/wp\/v2\/posts\/2170","targetHints":{"allow":["GET"]}}],"collection":[{"href":"https:\/\/tribunademinas.audiencelabs.com.br\/wp-json\/wp\/v2\/posts"}],"about":[{"href":"https:\/\/tribunademinas.audiencelabs.com.br\/wp-json\/wp\/v2\/types\/post"}],"author":[{"embeddable":true,"href":"https:\/\/tribunademinas.audiencelabs.com.br\/wp-json\/wp\/v2\/users\/3"}],"replies":[{"embeddable":true,"href":"https:\/\/tribunademinas.audiencelabs.com.br\/wp-json\/wp\/v2\/comments?post=2170"}],"version-history":[{"count":1,"href":"https:\/\/tribunademinas.audiencelabs.com.br\/wp-json\/wp\/v2\/posts\/2170\/revisions"}],"predecessor-version":[{"id":2172,"href":"https:\/\/tribunademinas.audiencelabs.com.br\/wp-json\/wp\/v2\/posts\/2170\/revisions\/2172"}],"wp:featuredmedia":[{"embeddable":true,"href":"https:\/\/tribunademinas.audiencelabs.com.br\/wp-json\/wp\/v2\/media\/2171"}],"wp:attachment":[{"href":"https:\/\/tribunademinas.audiencelabs.com.br\/wp-json\/wp\/v2\/media?parent=2170"}],"wp:term":[{"taxonomy":"category","embeddable":true,"href":"https:\/\/tribunademinas.audiencelabs.com.br\/wp-json\/wp\/v2\/categories?post=2170"},{"taxonomy":"post_tag","embeddable":true,"href":"https:\/\/tribunademinas.audiencelabs.com.br\/wp-json\/wp\/v2\/tags?post=2170"}],"curies":[{"name":"wp","href":"https:\/\/api.w.org\/{rel}","templated":true}]}}