{"id":2167,"date":"2025-10-06T17:01:11","date_gmt":"2025-10-06T20:01:11","guid":{"rendered":"https:\/\/tribunademinas.audiencelabs.com.br\/?p=2167"},"modified":"2025-10-06T17:01:16","modified_gmt":"2025-10-06T20:01:16","slug":"por-que-milhares-de-familias-levam-mais-de-45-dias-na-fila-do-bolsa-familia","status":"publish","type":"post","link":"https:\/\/tribunademinas.audiencelabs.com.br\/por-que-milhares-de-familias-levam-mais-de-45-dias-na-fila-do-bolsa-familia\/","title":{"rendered":"Por que milhares de fam\u00edlias levam mais de 45 dias na fila do Bolsa Fam\u00edlia"},"content":{"rendered":"\n<p>Dados recentes do Minist\u00e9rio do Desenvolvimento Social (<a href=\"https:\/\/www.gov.br\/mds\/pt-br\"><strong>MDS<\/strong><\/a>) revelam que o Bolsa Fam\u00edlia, principal programa de transfer\u00eancia de renda do governo federal, acumula atualmente uma fila com centenas de milhares de fam\u00edlias \u00e0 espera da inclus\u00e3o na folha de pagamentos. <\/p>\n\n\n\n<p>Essas fam\u00edlias j\u00e1 foram pr\u00e9-habilitadas e atendem aos crit\u00e9rios estabelecidos pelo programa, est\u00e3o inscritas no Cadastro \u00danico (Cad\u00danico) e realizaram o procedimento inicial em unidades do CRAS (Centro de Refer\u00eancia de Assist\u00eancia Social). <\/p>\n\n\n\n<p>Ainda assim, seguem sem receber o benef\u00edcio, mesmo ap\u00f3s os 45 dias que, em tese, seriam suficientes para a an\u00e1lise e a libera\u00e7\u00e3o do pagamento.<\/p>\n\n\n\n<h2 class=\"wp-block-heading\">Por que milhares de fam\u00edlias levam mais de 45 dias na fila do Bolsa Fam\u00edlia<\/h2>\n\n\n\n<p>Embora o processo de entrada costume ocorrer dentro desse prazo, o ritmo de inclus\u00e3o diminuiu drasticamente nos \u00faltimos meses. Apenas uma pequena fra\u00e7\u00e3o das fam\u00edlias que j\u00e1 passaram pelas etapas iniciais t\u00eam sido efetivamente incorporadas \u00e0 folha. <\/p>\n\n\n\n<p>O MDS reconhece o problema e explica que os fluxos de entrada e sa\u00edda no programa s\u00e3o avaliados mensalmente, levando em conta a disponibilidade or\u00e7ament\u00e1ria. <\/p>\n\n\n\n<p>Em nota, o minist\u00e9rio afirmou que n\u00e3o h\u00e1 prazo fixo para a inclus\u00e3o de novos benefici\u00e1rios e que o processo depende, al\u00e9m da elegibilidade, da capacidade financeira do programa. <\/p>\n\n\n\n<p>Em outras palavras, mesmo quem cumpre todos os requisitos pode acabar esperando indefinidamente se n\u00e3o houver verba suficiente para pagar todos, e \u00e9 isso que tem atrapalhado novas inclus\u00f5es de fam\u00edlias ao programa social.<\/p>\n\n\n\n<p>O or\u00e7amento do Bolsa Fam\u00edlia para 2025 foi fixado em R$ 158,6 bilh\u00f5es, quase R$ 10 bilh\u00f5es a menos do que no ano anterior. Deste valor, mais de R$ 120 bilh\u00f5es j\u00e1 foram utilizados at\u00e9 setembro. <\/p>\n\n\n\n<p>Com o custo mensal da folha girando em torno de R$ 12,9 bilh\u00f5es, restam poucos recursos para absorver novas fam\u00edlias ainda este ano (outubro, novembro e dezembro), o que explica a estagna\u00e7\u00e3o nas inclus\u00f5es e o aumento da fila.<\/p>\n\n\n\n<h3 class=\"wp-block-heading\">Bolsa Fam\u00edlia atende cerca de 20 milh\u00f5es de grupos familiares com pelo menos R$ 600<\/h3>\n\n\n\n<p>O Bolsa Fam\u00edlia \u00e9 um instrumento essencial de combate \u00e0 pobreza no Brasil. <\/p>\n\n\n\n<p>O programa atende fam\u00edlias em situa\u00e7\u00e3o de extrema pobreza, com renda mensal por pessoa de at\u00e9 R$ 105, e fam\u00edlias pobres, com renda de at\u00e9 R$ 218 por pessoa, desde que tenham crian\u00e7as, adolescentes, gestantes ou nutrizes. <\/p>\n\n\n\n<p>Al\u00e9m do valor m\u00ednimo de R$ 600 por fam\u00edlia, h\u00e1 benef\u00edcios adicionais para crian\u00e7as de at\u00e9 seis anos, gestantes e jovens at\u00e9 21 anos.<\/p>\n\n\n\n<p>A demora na concess\u00e3o do benef\u00edcio a quem tem direito representa um entrave s\u00e9rio em um momento de vulnerabilidade para milh\u00f5es de brasileiros, que veem na renda garantida pelo programa uma forma de subsist\u00eancia e dignidade.<\/p>\n","protected":false},"excerpt":{"rendered":"<p>Dados recentes do Minist\u00e9rio do Desenvolvimento Social (MDS) revelam que o Bolsa Fam\u00edlia, principal programa de transfer\u00eancia de renda do governo federal, acumula atualmente uma fila com centenas de milhares de fam\u00edlias \u00e0 espera da inclus\u00e3o na folha de pagamentos. Essas fam\u00edlias j\u00e1 foram pr\u00e9-habilitadas e atendem aos crit\u00e9rios estabelecidos pelo programa, est\u00e3o inscritas no [&hellip;]<\/p>\n","protected":false},"author":5,"featured_media":2168,"comment_status":"open","ping_status":"open","sticky":false,"template":"","format":"standard","meta":{"jnews-multi-image_gallery":[],"jnews_single_post":{"format":"standard"},"jnews_primary_category":[],"jnews_social_meta":[],"jnews_post_split":[],"footnotes":""},"categories":[159],"tags":[],"class_list":["post-2167","post","type-post","status-publish","format-standard","has-post-thumbnail","hentry","category-cidadania"],"yoast_head":"<!-- This site is optimized with the Yoast SEO plugin v25.6 - https:\/\/yoast.com\/wordpress\/plugins\/seo\/ -->\n<title>Por que milhares de fam\u00edlias levam mais de 45 dias na fila do Bolsa Fam\u00edlia<\/title>\n<meta name=\"description\" content=\"Dados recentes do Minist\u00e9rio do Desenvolvimento Social (MDS) revelam que o Bolsa Fam\u00edlia acumula atualmente uma fila de espera gigante.\" \/>\n<meta name=\"robots\" content=\"index, follow, max-snippet:-1, max-image-preview:large, max-video-preview:-1\" \/>\n<link rel=\"canonical\" href=\"https:\/\/tribunademinas.audiencelabs.com.br\/por-que-milhares-de-familias-levam-mais-de-45-dias-na-fila-do-bolsa-familia\/\" \/>\n<meta property=\"og:locale\" content=\"pt_BR\" \/>\n<meta property=\"og:type\" content=\"article\" \/>\n<meta property=\"og:title\" content=\"Por que milhares de fam\u00edlias levam mais de 45 dias na fila do Bolsa Fam\u00edlia\" \/>\n<meta property=\"og:description\" content=\"Dados recentes do Minist\u00e9rio do Desenvolvimento Social (MDS) revelam que o Bolsa Fam\u00edlia acumula atualmente uma fila de espera gigante.\" \/>\n<meta property=\"og:url\" content=\"https:\/\/tribunademinas.audiencelabs.com.br\/por-que-milhares-de-familias-levam-mais-de-45-dias-na-fila-do-bolsa-familia\/\" \/>\n<meta property=\"og:site_name\" content=\"Tribuna de Minas - Dinheiro e Cidadania\" \/>\n<meta property=\"article:publisher\" content=\"https:\/\/www.facebook.com\/tribunademinas\/\" \/>\n<meta property=\"article:published_time\" content=\"2025-10-06T20:01:11+00:00\" \/>\n<meta property=\"article:modified_time\" content=\"2025-10-06T20:01:16+00:00\" \/>\n<meta property=\"og:image\" content=\"https:\/\/tribunademinas.audiencelabs.com.br\/wp-content\/uploads\/2025\/10\/Bolsa-Familia-3.webp\" \/>\n\t<meta property=\"og:image:width\" content=\"1170\" \/>\n\t<meta property=\"og:image:height\" content=\"700\" \/>\n\t<meta property=\"og:image:type\" content=\"image\/webp\" \/>\n<meta name=\"author\" content=\"Jeferson Carvalho\" \/>\n<meta name=\"twitter:card\" content=\"summary_large_image\" \/>\n<meta name=\"twitter:creator\" content=\"@tribunademinas\" \/>\n<meta name=\"twitter:site\" content=\"@tribunademinas\" \/>\n<meta name=\"twitter:label1\" content=\"Escrito por\" \/>\n\t<meta name=\"twitter:data1\" content=\"Jeferson Carvalho\" \/>\n\t<meta name=\"twitter:label2\" content=\"Est. tempo de leitura\" \/>\n\t<meta name=\"twitter:data2\" content=\"3 minutos\" \/>\n<!-- \/ Yoast SEO plugin. -->","yoast_head_json":{"title":"Por que milhares de fam\u00edlias levam mais de 45 dias na fila do Bolsa Fam\u00edlia","description":"Dados recentes do Minist\u00e9rio do Desenvolvimento Social (MDS) revelam que o Bolsa Fam\u00edlia acumula atualmente uma fila de espera gigante.","robots":{"index":"index","follow":"follow","max-snippet":"max-snippet:-1","max-image-preview":"max-image-preview:large","max-video-preview":"max-video-preview:-1"},"canonical":"https:\/\/tribunademinas.audiencelabs.com.br\/por-que-milhares-de-familias-levam-mais-de-45-dias-na-fila-do-bolsa-familia\/","og_locale":"pt_BR","og_type":"article","og_title":"Por que milhares de fam\u00edlias levam mais de 45 dias na fila do Bolsa Fam\u00edlia","og_description":"Dados recentes do Minist\u00e9rio do Desenvolvimento Social (MDS) revelam que o Bolsa Fam\u00edlia acumula atualmente uma fila de espera gigante.","og_url":"https:\/\/tribunademinas.audiencelabs.com.br\/por-que-milhares-de-familias-levam-mais-de-45-dias-na-fila-do-bolsa-familia\/","og_site_name":"Tribuna de Minas - Dinheiro e Cidadania","article_publisher":"https:\/\/www.facebook.com\/tribunademinas\/","article_published_time":"2025-10-06T20:01:11+00:00","article_modified_time":"2025-10-06T20:01:16+00:00","og_image":[{"width":1170,"height":700,"url":"https:\/\/tribunademinas.audiencelabs.com.br\/wp-content\/uploads\/2025\/10\/Bolsa-Familia-3.webp","type":"image\/webp"}],"author":"Jeferson Carvalho","twitter_card":"summary_large_image","twitter_creator":"@tribunademinas","twitter_site":"@tribunademinas","twitter_misc":{"Escrito por":"Jeferson Carvalho","Est. tempo de leitura":"3 minutos"},"schema":{"@context":"https:\/\/schema.org","@graph":[{"@type":"Article","@id":"https:\/\/tribunademinas.audiencelabs.com.br\/por-que-milhares-de-familias-levam-mais-de-45-dias-na-fila-do-bolsa-familia\/#article","isPartOf":{"@id":"https:\/\/tribunademinas.audiencelabs.com.br\/por-que-milhares-de-familias-levam-mais-de-45-dias-na-fila-do-bolsa-familia\/"},"author":{"name":"Jeferson Carvalho","@id":"https:\/\/tribunademinas.audiencelabs.com.br\/#\/schema\/person\/db18fc40307804bacef94213aa68fd9d"},"headline":"Por que milhares de fam\u00edlias levam mais de 45 dias na fila do Bolsa Fam\u00edlia","datePublished":"2025-10-06T20:01:11+00:00","dateModified":"2025-10-06T20:01:16+00:00","mainEntityOfPage":{"@id":"https:\/\/tribunademinas.audiencelabs.com.br\/por-que-milhares-de-familias-levam-mais-de-45-dias-na-fila-do-bolsa-familia\/"},"wordCount":496,"commentCount":0,"publisher":{"@id":"https:\/\/tribunademinas.audiencelabs.com.br\/#organization"},"image":{"@id":"https:\/\/tribunademinas.audiencelabs.com.br\/por-que-milhares-de-familias-levam-mais-de-45-dias-na-fila-do-bolsa-familia\/#primaryimage"},"thumbnailUrl":"https:\/\/tribunademinas.audiencelabs.com.br\/wp-content\/uploads\/2025\/10\/Bolsa-Familia-3.webp","articleSection":["Cidadania"],"inLanguage":"pt-BR","potentialAction":[{"@type":"CommentAction","name":"Comment","target":["https:\/\/tribunademinas.audiencelabs.com.br\/por-que-milhares-de-familias-levam-mais-de-45-dias-na-fila-do-bolsa-familia\/#respond"]}]},{"@type":"WebPage","@id":"https:\/\/tribunademinas.audiencelabs.com.br\/por-que-milhares-de-familias-levam-mais-de-45-dias-na-fila-do-bolsa-familia\/","url":"https:\/\/tribunademinas.audiencelabs.com.br\/por-que-milhares-de-familias-levam-mais-de-45-dias-na-fila-do-bolsa-familia\/","name":"Por que milhares de fam\u00edlias levam mais de 45 dias na fila do Bolsa Fam\u00edlia","isPartOf":{"@id":"https:\/\/tribunademinas.audiencelabs.com.br\/#website"},"primaryImageOfPage":{"@id":"https:\/\/tribunademinas.audiencelabs.com.br\/por-que-milhares-de-familias-levam-mais-de-45-dias-na-fila-do-bolsa-familia\/#primaryimage"},"image":{"@id":"https:\/\/tribunademinas.audiencelabs.com.br\/por-que-milhares-de-familias-levam-mais-de-45-dias-na-fila-do-bolsa-familia\/#primaryimage"},"thumbnailUrl":"https:\/\/tribunademinas.audiencelabs.com.br\/wp-content\/uploads\/2025\/10\/Bolsa-Familia-3.webp","datePublished":"2025-10-06T20:01:11+00:00","dateModified":"2025-10-06T20:01:16+00:00","description":"Dados recentes do Minist\u00e9rio do Desenvolvimento Social (MDS) revelam que o Bolsa Fam\u00edlia acumula atualmente uma fila de espera gigante.","breadcrumb":{"@id":"https:\/\/tribunademinas.audiencelabs.com.br\/por-que-milhares-de-familias-levam-mais-de-45-dias-na-fila-do-bolsa-familia\/#breadcrumb"},"inLanguage":"pt-BR","potentialAction":[{"@type":"ReadAction","target":["https:\/\/tribunademinas.audiencelabs.com.br\/por-que-milhares-de-familias-levam-mais-de-45-dias-na-fila-do-bolsa-familia\/"]}]},{"@type":"ImageObject","inLanguage":"pt-BR","@id":"https:\/\/tribunademinas.audiencelabs.com.br\/por-que-milhares-de-familias-levam-mais-de-45-dias-na-fila-do-bolsa-familia\/#primaryimage","url":"https:\/\/tribunademinas.audiencelabs.com.br\/wp-content\/uploads\/2025\/10\/Bolsa-Familia-3.webp","contentUrl":"https:\/\/tribunademinas.audiencelabs.com.br\/wp-content\/uploads\/2025\/10\/Bolsa-Familia-3.webp","width":1170,"height":700,"caption":"Por que milhares de fam\u00edlias levam mais de 45 dias na fila do Bolsa Fam\u00edlia - Imagem: Divulga\u00e7\u00e3o\/MDS"},{"@type":"BreadcrumbList","@id":"https:\/\/tribunademinas.audiencelabs.com.br\/por-que-milhares-de-familias-levam-mais-de-45-dias-na-fila-do-bolsa-familia\/#breadcrumb","itemListElement":[{"@type":"ListItem","position":1,"name":"In\u00edcio","item":"https:\/\/tribunademinas.audiencelabs.com.br\/"},{"@type":"ListItem","position":2,"name":"Por que milhares de fam\u00edlias levam mais de 45 dias na fila do Bolsa Fam\u00edlia"}]},{"@type":"WebSite","@id":"https:\/\/tribunademinas.audiencelabs.com.br\/#website","url":"https:\/\/tribunademinas.audiencelabs.com.br\/","name":"Tribuna de Minas - Dinheiro e Cidadania","description":"","publisher":{"@id":"https:\/\/tribunademinas.audiencelabs.com.br\/#organization"},"potentialAction":[{"@type":"SearchAction","target":{"@type":"EntryPoint","urlTemplate":"https:\/\/tribunademinas.audiencelabs.com.br\/?s={search_term_string}"},"query-input":{"@type":"PropertyValueSpecification","valueRequired":true,"valueName":"search_term_string"}}],"inLanguage":"pt-BR"},{"@type":"Organization","@id":"https:\/\/tribunademinas.audiencelabs.com.br\/#organization","name":"Tribuna de Minas - Dinheiro e Cidadania","url":"https:\/\/tribunademinas.audiencelabs.com.br\/","logo":{"@type":"ImageObject","inLanguage":"pt-BR","@id":"https:\/\/tribunademinas.audiencelabs.com.br\/#\/schema\/logo\/image\/","url":"https:\/\/tribunademinas.audiencelabs.com.br\/wp-content\/uploads\/2025\/08\/cropped-Tribuna_512x512-96x96-1.png","contentUrl":"https:\/\/tribunademinas.audiencelabs.com.br\/wp-content\/uploads\/2025\/08\/cropped-Tribuna_512x512-96x96-1.png","width":96,"height":96,"caption":"Tribuna de Minas - Dinheiro e Cidadania"},"image":{"@id":"https:\/\/tribunademinas.audiencelabs.com.br\/#\/schema\/logo\/image\/"},"sameAs":["https:\/\/www.facebook.com\/tribunademinas\/","https:\/\/x.com\/tribunademinas","https:\/\/www.instagram.com\/tribunademinas\/","https:\/\/www.youtube.com\/user\/TribunadeMinasJF"]},{"@type":"Person","@id":"https:\/\/tribunademinas.audiencelabs.com.br\/#\/schema\/person\/db18fc40307804bacef94213aa68fd9d","name":"Jeferson Carvalho","image":{"@type":"ImageObject","inLanguage":"pt-BR","@id":"https:\/\/tribunademinas.audiencelabs.com.br\/#\/schema\/person\/image\/","url":"https:\/\/secure.gravatar.com\/avatar\/cd7646e328d9670dad7dea8698522e522745eeffcff5b9d08be858e377ce326b?s=96&d=mm&r=g","contentUrl":"https:\/\/secure.gravatar.com\/avatar\/cd7646e328d9670dad7dea8698522e522745eeffcff5b9d08be858e377ce326b?s=96&d=mm&r=g","caption":"Jeferson Carvalho"},"description":"Jornalista apaixonado pela profiss\u00e3o!","url":"https:\/\/tribunademinas.audiencelabs.com.br\/author\/jeferson\/"}]}},"amp_enabled":true,"_links":{"self":[{"href":"https:\/\/tribunademinas.audiencelabs.com.br\/wp-json\/wp\/v2\/posts\/2167","targetHints":{"allow":["GET"]}}],"collection":[{"href":"https:\/\/tribunademinas.audiencelabs.com.br\/wp-json\/wp\/v2\/posts"}],"about":[{"href":"https:\/\/tribunademinas.audiencelabs.com.br\/wp-json\/wp\/v2\/types\/post"}],"author":[{"embeddable":true,"href":"https:\/\/tribunademinas.audiencelabs.com.br\/wp-json\/wp\/v2\/users\/5"}],"replies":[{"embeddable":true,"href":"https:\/\/tribunademinas.audiencelabs.com.br\/wp-json\/wp\/v2\/comments?post=2167"}],"version-history":[{"count":1,"href":"https:\/\/tribunademinas.audiencelabs.com.br\/wp-json\/wp\/v2\/posts\/2167\/revisions"}],"predecessor-version":[{"id":2175,"href":"https:\/\/tribunademinas.audiencelabs.com.br\/wp-json\/wp\/v2\/posts\/2167\/revisions\/2175"}],"wp:featuredmedia":[{"embeddable":true,"href":"https:\/\/tribunademinas.audiencelabs.com.br\/wp-json\/wp\/v2\/media\/2168"}],"wp:attachment":[{"href":"https:\/\/tribunademinas.audiencelabs.com.br\/wp-json\/wp\/v2\/media?parent=2167"}],"wp:term":[{"taxonomy":"category","embeddable":true,"href":"https:\/\/tribunademinas.audiencelabs.com.br\/wp-json\/wp\/v2\/categories?post=2167"},{"taxonomy":"post_tag","embeddable":true,"href":"https:\/\/tribunademinas.audiencelabs.com.br\/wp-json\/wp\/v2\/tags?post=2167"}],"curies":[{"name":"wp","href":"https:\/\/api.w.org\/{rel}","templated":true}]}}