{"id":2147,"date":"2025-10-05T22:00:00","date_gmt":"2025-10-06T01:00:00","guid":{"rendered":"https:\/\/tribunademinas.audiencelabs.com.br\/?p=2147"},"modified":"2025-10-03T20:33:16","modified_gmt":"2025-10-03T23:33:16","slug":"o-grupo-que-vai-perder-o-salario-para-ia-nao-e-quem-voce-imagina","status":"publish","type":"post","link":"https:\/\/tribunademinas.audiencelabs.com.br\/o-grupo-que-vai-perder-o-salario-para-ia-nao-e-quem-voce-imagina\/","title":{"rendered":"O grupo que vai perder o sal\u00e1rio para IA n\u00e3o \u00e9 quem voc\u00ea imagina"},"content":{"rendered":"\n<p>A intelig\u00eancia artificial deixou de ser promessa futurista para se tornar realidade presente. Em poucos anos, passou a fazer parte da rotina de milh\u00f5es de pessoas e empresas, executando tarefas que antes exigiam equipes inteiras. <\/p>\n\n\n\n<p>Do atendimento ao cliente \u00e0 an\u00e1lise de dados, a IA j\u00e1 assume fun\u00e7\u00f5es com rapidez, precis\u00e3o e custo menor. Esse avan\u00e7o acelerado tem gerado apreens\u00e3o no mercado de trabalho, alimentando o temor de que m\u00e1quinas substituam profissionais humanos. <\/p>\n\n\n\n<p>Mas uma nova pesquisa indica que os trabalhadores mais amea\u00e7ados n\u00e3o s\u00e3o exatamente os que todos esperavam.<\/p>\n\n\n\n<h2 class=\"wp-block-heading\">O grupo que vai perder o sal\u00e1rio para IA n\u00e3o \u00e9 quem voc\u00ea imagina<\/h2>\n\n\n\n<p>O relat\u00f3rio <em><a href=\"https:\/\/www.weforum.org\/publications\/the-future-of-jobs-report-2025\/\"><strong>Future of Jobs Report 2025<\/strong><\/a><\/em>, elaborado pelo F\u00f3rum Econ\u00f4mico Mundial, revelou que 41% das empresas ao redor do mundo planejam reduzir suas equipes at\u00e9 2030 por causa da automa\u00e7\u00e3o baseada em IA. <\/p>\n\n\n\n<p>O dado surpreende menos pela dimens\u00e3o do impacto e mais pelo perfil dos profissionais em risco: <strong>os millennials<\/strong>. <\/p>\n\n\n\n<p>Essa gera\u00e7\u00e3o, nascida entre 1981 e 1996, est\u00e1 hoje no auge da vida profissional, ocupando cargos m\u00e9dios e de lideran\u00e7a em \u00e1reas como marketing, finan\u00e7as e administra\u00e7\u00e3o, justamente os setores altamente suscet\u00edveis \u00e0 automa\u00e7\u00e3o, segundo o relat\u00f3rio.<\/p>\n\n\n\n<p>Esses profissionais n\u00e3o s\u00e3o novatos nem est\u00e3o prestes a se aposentar. S\u00e3o experientes, adapt\u00e1veis e tecnologicamente familiarizados. <\/p>\n\n\n\n<p>Ainda assim, muitos atuam em fun\u00e7\u00f5es cuja natureza envolve processos repetitivos, tomada de decis\u00f5es padronizadas e tarefas que a IA j\u00e1 consegue executar com alto grau de efici\u00eancia. <\/p>\n\n\n\n<p>\u00c9 essa combina\u00e7\u00e3o que os torna vulner\u00e1veis, especialmente em empresas que enxergam na tecnologia uma forma de cortar custos e aumentar a produtividade.<\/p>\n\n\n\n<h3 class=\"wp-block-heading\">Adapta\u00e7\u00e3o pode ajudar millennials, mesmo com o avan\u00e7o da IA<\/h3>\n\n\n\n<p>A boa not\u00edcia \u00e9 que ainda h\u00e1 tempo para reagir. A mesma pesquisa do F\u00f3rum aponta que a requalifica\u00e7\u00e3o ser\u00e1 uma das ferramentas mais importantes para enfrentar a transi\u00e7\u00e3o. <\/p>\n\n\n\n<p>Investir em compet\u00eancias humanas que a <a href=\"https:\/\/tribunademinas.com.br\/colunas\/dinheiroecidadania\/lista-das-profissoes-que-vao-te-fazer-ganhar-acima-de-r-10-mil\/\"><strong>IA<\/strong><\/a> n\u00e3o consegue replicar, como pensamento cr\u00edtico, criatividade, empatia e capacidade de resolver problemas complexos, ser\u00e1 essencial. <\/p>\n\n\n\n<p>Institui\u00e7\u00f5es de ensino e empresas j\u00e1 est\u00e3o se movimentando para oferecer treinamentos voltados \u00e0s exig\u00eancias do novo cen\u00e1rio.<\/p>\n\n\n\n<p>No fim das contas, a IA n\u00e3o veio para destruir o trabalho, mas para transform\u00e1-lo. Quem entender essa mudan\u00e7a e buscar atualiza\u00e7\u00e3o constante ter\u00e1 mais chances de manter seu espa\u00e7o e seu sal\u00e1rio em um mercado cada vez mais dominado por algoritmos.<\/p>\n\n\n\n<p><\/p>\n","protected":false},"excerpt":{"rendered":"<p>A intelig\u00eancia artificial deixou de ser promessa futurista para se tornar realidade presente. Em poucos anos, passou a fazer parte da rotina de milh\u00f5es de pessoas e empresas, executando tarefas que antes exigiam equipes inteiras. Do atendimento ao cliente \u00e0 an\u00e1lise de dados, a IA j\u00e1 assume fun\u00e7\u00f5es com rapidez, precis\u00e3o e custo menor. Esse [&hellip;]<\/p>\n","protected":false},"author":5,"featured_media":2148,"comment_status":"open","ping_status":"open","sticky":false,"template":"","format":"standard","meta":{"jnews-multi-image_gallery":[],"jnews_single_post":{"format":"standard"},"jnews_primary_category":[],"jnews_social_meta":[],"jnews_post_split":[],"footnotes":""},"categories":[159],"tags":[],"class_list":["post-2147","post","type-post","status-publish","format-standard","has-post-thumbnail","hentry","category-cidadania"],"yoast_head":"<!-- This site is optimized with the Yoast SEO plugin v25.6 - https:\/\/yoast.com\/wordpress\/plugins\/seo\/ -->\n<title>O grupo que vai perder o sal\u00e1rio para IA n\u00e3o \u00e9 quem voc\u00ea imagina<\/title>\n<meta name=\"description\" content=\"Em poucos anos, a IA passou a fazer parte da rotina de milh\u00f5es de pessoas e empresas, executando tarefas que antes exigiam equipes inteiras.\" \/>\n<meta name=\"robots\" content=\"index, follow, max-snippet:-1, max-image-preview:large, max-video-preview:-1\" \/>\n<link rel=\"canonical\" href=\"https:\/\/tribunademinas.audiencelabs.com.br\/o-grupo-que-vai-perder-o-salario-para-ia-nao-e-quem-voce-imagina\/\" \/>\n<meta property=\"og:locale\" content=\"pt_BR\" \/>\n<meta property=\"og:type\" content=\"article\" \/>\n<meta property=\"og:title\" content=\"O grupo que vai perder o sal\u00e1rio para IA n\u00e3o \u00e9 quem voc\u00ea imagina\" \/>\n<meta property=\"og:description\" content=\"Em poucos anos, a IA passou a fazer parte da rotina de milh\u00f5es de pessoas e empresas, executando tarefas que antes exigiam equipes inteiras.\" \/>\n<meta property=\"og:url\" content=\"https:\/\/tribunademinas.audiencelabs.com.br\/o-grupo-que-vai-perder-o-salario-para-ia-nao-e-quem-voce-imagina\/\" \/>\n<meta property=\"og:site_name\" content=\"Tribuna de Minas - Dinheiro e Cidadania\" \/>\n<meta property=\"article:publisher\" content=\"https:\/\/www.facebook.com\/tribunademinas\/\" \/>\n<meta property=\"article:published_time\" content=\"2025-10-06T01:00:00+00:00\" \/>\n<meta property=\"og:image\" content=\"https:\/\/tribunademinas.audiencelabs.com.br\/wp-content\/uploads\/2025\/10\/IA.jpg\" \/>\n\t<meta property=\"og:image:width\" content=\"1280\" \/>\n\t<meta property=\"og:image:height\" content=\"853\" \/>\n\t<meta property=\"og:image:type\" content=\"image\/jpeg\" \/>\n<meta name=\"author\" content=\"Jeferson Carvalho\" \/>\n<meta name=\"twitter:card\" content=\"summary_large_image\" \/>\n<meta name=\"twitter:creator\" content=\"@tribunademinas\" \/>\n<meta name=\"twitter:site\" content=\"@tribunademinas\" \/>\n<meta name=\"twitter:label1\" content=\"Escrito por\" \/>\n\t<meta name=\"twitter:data1\" content=\"Jeferson Carvalho\" \/>\n\t<meta name=\"twitter:label2\" content=\"Est. tempo de leitura\" \/>\n\t<meta name=\"twitter:data2\" content=\"3 minutos\" \/>\n<!-- \/ Yoast SEO plugin. -->","yoast_head_json":{"title":"O grupo que vai perder o sal\u00e1rio para IA n\u00e3o \u00e9 quem voc\u00ea imagina","description":"Em poucos anos, a IA passou a fazer parte da rotina de milh\u00f5es de pessoas e empresas, executando tarefas que antes exigiam equipes inteiras.","robots":{"index":"index","follow":"follow","max-snippet":"max-snippet:-1","max-image-preview":"max-image-preview:large","max-video-preview":"max-video-preview:-1"},"canonical":"https:\/\/tribunademinas.audiencelabs.com.br\/o-grupo-que-vai-perder-o-salario-para-ia-nao-e-quem-voce-imagina\/","og_locale":"pt_BR","og_type":"article","og_title":"O grupo que vai perder o sal\u00e1rio para IA n\u00e3o \u00e9 quem voc\u00ea imagina","og_description":"Em poucos anos, a IA passou a fazer parte da rotina de milh\u00f5es de pessoas e empresas, executando tarefas que antes exigiam equipes inteiras.","og_url":"https:\/\/tribunademinas.audiencelabs.com.br\/o-grupo-que-vai-perder-o-salario-para-ia-nao-e-quem-voce-imagina\/","og_site_name":"Tribuna de Minas - Dinheiro e Cidadania","article_publisher":"https:\/\/www.facebook.com\/tribunademinas\/","article_published_time":"2025-10-06T01:00:00+00:00","og_image":[{"width":1280,"height":853,"url":"https:\/\/tribunademinas.audiencelabs.com.br\/wp-content\/uploads\/2025\/10\/IA.jpg","type":"image\/jpeg"}],"author":"Jeferson Carvalho","twitter_card":"summary_large_image","twitter_creator":"@tribunademinas","twitter_site":"@tribunademinas","twitter_misc":{"Escrito por":"Jeferson Carvalho","Est. tempo de leitura":"3 minutos"},"schema":{"@context":"https:\/\/schema.org","@graph":[{"@type":"Article","@id":"https:\/\/tribunademinas.audiencelabs.com.br\/o-grupo-que-vai-perder-o-salario-para-ia-nao-e-quem-voce-imagina\/#article","isPartOf":{"@id":"https:\/\/tribunademinas.audiencelabs.com.br\/o-grupo-que-vai-perder-o-salario-para-ia-nao-e-quem-voce-imagina\/"},"author":{"name":"Jeferson Carvalho","@id":"https:\/\/tribunademinas.audiencelabs.com.br\/#\/schema\/person\/db18fc40307804bacef94213aa68fd9d"},"headline":"O grupo que vai perder o sal\u00e1rio para IA n\u00e3o \u00e9 quem voc\u00ea imagina","datePublished":"2025-10-06T01:00:00+00:00","mainEntityOfPage":{"@id":"https:\/\/tribunademinas.audiencelabs.com.br\/o-grupo-que-vai-perder-o-salario-para-ia-nao-e-quem-voce-imagina\/"},"wordCount":443,"commentCount":0,"publisher":{"@id":"https:\/\/tribunademinas.audiencelabs.com.br\/#organization"},"image":{"@id":"https:\/\/tribunademinas.audiencelabs.com.br\/o-grupo-que-vai-perder-o-salario-para-ia-nao-e-quem-voce-imagina\/#primaryimage"},"thumbnailUrl":"https:\/\/tribunademinas.audiencelabs.com.br\/wp-content\/uploads\/2025\/10\/IA.jpg","articleSection":["Cidadania"],"inLanguage":"pt-BR","potentialAction":[{"@type":"CommentAction","name":"Comment","target":["https:\/\/tribunademinas.audiencelabs.com.br\/o-grupo-que-vai-perder-o-salario-para-ia-nao-e-quem-voce-imagina\/#respond"]}]},{"@type":"WebPage","@id":"https:\/\/tribunademinas.audiencelabs.com.br\/o-grupo-que-vai-perder-o-salario-para-ia-nao-e-quem-voce-imagina\/","url":"https:\/\/tribunademinas.audiencelabs.com.br\/o-grupo-que-vai-perder-o-salario-para-ia-nao-e-quem-voce-imagina\/","name":"O grupo que vai perder o sal\u00e1rio para IA n\u00e3o \u00e9 quem voc\u00ea imagina","isPartOf":{"@id":"https:\/\/tribunademinas.audiencelabs.com.br\/#website"},"primaryImageOfPage":{"@id":"https:\/\/tribunademinas.audiencelabs.com.br\/o-grupo-que-vai-perder-o-salario-para-ia-nao-e-quem-voce-imagina\/#primaryimage"},"image":{"@id":"https:\/\/tribunademinas.audiencelabs.com.br\/o-grupo-que-vai-perder-o-salario-para-ia-nao-e-quem-voce-imagina\/#primaryimage"},"thumbnailUrl":"https:\/\/tribunademinas.audiencelabs.com.br\/wp-content\/uploads\/2025\/10\/IA.jpg","datePublished":"2025-10-06T01:00:00+00:00","description":"Em poucos anos, a IA passou a fazer parte da rotina de milh\u00f5es de pessoas e empresas, executando tarefas que antes exigiam equipes inteiras.","breadcrumb":{"@id":"https:\/\/tribunademinas.audiencelabs.com.br\/o-grupo-que-vai-perder-o-salario-para-ia-nao-e-quem-voce-imagina\/#breadcrumb"},"inLanguage":"pt-BR","potentialAction":[{"@type":"ReadAction","target":["https:\/\/tribunademinas.audiencelabs.com.br\/o-grupo-que-vai-perder-o-salario-para-ia-nao-e-quem-voce-imagina\/"]}]},{"@type":"ImageObject","inLanguage":"pt-BR","@id":"https:\/\/tribunademinas.audiencelabs.com.br\/o-grupo-que-vai-perder-o-salario-para-ia-nao-e-quem-voce-imagina\/#primaryimage","url":"https:\/\/tribunademinas.audiencelabs.com.br\/wp-content\/uploads\/2025\/10\/IA.jpg","contentUrl":"https:\/\/tribunademinas.audiencelabs.com.br\/wp-content\/uploads\/2025\/10\/IA.jpg","width":1280,"height":853,"caption":"O grupo que vai perder o sal\u00e1rio para IA n\u00e3o \u00e9 quem voc\u00ea imagina - Imagem: Pixabay"},{"@type":"BreadcrumbList","@id":"https:\/\/tribunademinas.audiencelabs.com.br\/o-grupo-que-vai-perder-o-salario-para-ia-nao-e-quem-voce-imagina\/#breadcrumb","itemListElement":[{"@type":"ListItem","position":1,"name":"In\u00edcio","item":"https:\/\/tribunademinas.audiencelabs.com.br\/"},{"@type":"ListItem","position":2,"name":"O grupo que vai perder o sal\u00e1rio para IA n\u00e3o \u00e9 quem voc\u00ea imagina"}]},{"@type":"WebSite","@id":"https:\/\/tribunademinas.audiencelabs.com.br\/#website","url":"https:\/\/tribunademinas.audiencelabs.com.br\/","name":"Tribuna de Minas - Dinheiro e Cidadania","description":"","publisher":{"@id":"https:\/\/tribunademinas.audiencelabs.com.br\/#organization"},"potentialAction":[{"@type":"SearchAction","target":{"@type":"EntryPoint","urlTemplate":"https:\/\/tribunademinas.audiencelabs.com.br\/?s={search_term_string}"},"query-input":{"@type":"PropertyValueSpecification","valueRequired":true,"valueName":"search_term_string"}}],"inLanguage":"pt-BR"},{"@type":"Organization","@id":"https:\/\/tribunademinas.audiencelabs.com.br\/#organization","name":"Tribuna de Minas - Dinheiro e Cidadania","url":"https:\/\/tribunademinas.audiencelabs.com.br\/","logo":{"@type":"ImageObject","inLanguage":"pt-BR","@id":"https:\/\/tribunademinas.audiencelabs.com.br\/#\/schema\/logo\/image\/","url":"https:\/\/tribunademinas.audiencelabs.com.br\/wp-content\/uploads\/2025\/08\/cropped-Tribuna_512x512-96x96-1.png","contentUrl":"https:\/\/tribunademinas.audiencelabs.com.br\/wp-content\/uploads\/2025\/08\/cropped-Tribuna_512x512-96x96-1.png","width":96,"height":96,"caption":"Tribuna de Minas - Dinheiro e Cidadania"},"image":{"@id":"https:\/\/tribunademinas.audiencelabs.com.br\/#\/schema\/logo\/image\/"},"sameAs":["https:\/\/www.facebook.com\/tribunademinas\/","https:\/\/x.com\/tribunademinas","https:\/\/www.instagram.com\/tribunademinas\/","https:\/\/www.youtube.com\/user\/TribunadeMinasJF"]},{"@type":"Person","@id":"https:\/\/tribunademinas.audiencelabs.com.br\/#\/schema\/person\/db18fc40307804bacef94213aa68fd9d","name":"Jeferson Carvalho","image":{"@type":"ImageObject","inLanguage":"pt-BR","@id":"https:\/\/tribunademinas.audiencelabs.com.br\/#\/schema\/person\/image\/","url":"https:\/\/secure.gravatar.com\/avatar\/cd7646e328d9670dad7dea8698522e522745eeffcff5b9d08be858e377ce326b?s=96&d=mm&r=g","contentUrl":"https:\/\/secure.gravatar.com\/avatar\/cd7646e328d9670dad7dea8698522e522745eeffcff5b9d08be858e377ce326b?s=96&d=mm&r=g","caption":"Jeferson Carvalho"},"description":"Jornalista apaixonado pela profiss\u00e3o!","url":"https:\/\/tribunademinas.audiencelabs.com.br\/author\/jeferson\/"}]}},"amp_enabled":true,"_links":{"self":[{"href":"https:\/\/tribunademinas.audiencelabs.com.br\/wp-json\/wp\/v2\/posts\/2147","targetHints":{"allow":["GET"]}}],"collection":[{"href":"https:\/\/tribunademinas.audiencelabs.com.br\/wp-json\/wp\/v2\/posts"}],"about":[{"href":"https:\/\/tribunademinas.audiencelabs.com.br\/wp-json\/wp\/v2\/types\/post"}],"author":[{"embeddable":true,"href":"https:\/\/tribunademinas.audiencelabs.com.br\/wp-json\/wp\/v2\/users\/5"}],"replies":[{"embeddable":true,"href":"https:\/\/tribunademinas.audiencelabs.com.br\/wp-json\/wp\/v2\/comments?post=2147"}],"version-history":[{"count":1,"href":"https:\/\/tribunademinas.audiencelabs.com.br\/wp-json\/wp\/v2\/posts\/2147\/revisions"}],"predecessor-version":[{"id":2149,"href":"https:\/\/tribunademinas.audiencelabs.com.br\/wp-json\/wp\/v2\/posts\/2147\/revisions\/2149"}],"wp:featuredmedia":[{"embeddable":true,"href":"https:\/\/tribunademinas.audiencelabs.com.br\/wp-json\/wp\/v2\/media\/2148"}],"wp:attachment":[{"href":"https:\/\/tribunademinas.audiencelabs.com.br\/wp-json\/wp\/v2\/media?parent=2147"}],"wp:term":[{"taxonomy":"category","embeddable":true,"href":"https:\/\/tribunademinas.audiencelabs.com.br\/wp-json\/wp\/v2\/categories?post=2147"},{"taxonomy":"post_tag","embeddable":true,"href":"https:\/\/tribunademinas.audiencelabs.com.br\/wp-json\/wp\/v2\/tags?post=2147"}],"curies":[{"name":"wp","href":"https:\/\/api.w.org\/{rel}","templated":true}]}}