{"id":2141,"date":"2025-10-06T09:45:00","date_gmt":"2025-10-06T12:45:00","guid":{"rendered":"https:\/\/tribunademinas.audiencelabs.com.br\/?p=2141"},"modified":"2025-10-03T20:00:55","modified_gmt":"2025-10-03T23:00:55","slug":"motoristas-do-uber-podem-ter-piso-salarial-e-limite-de-horas","status":"publish","type":"post","link":"https:\/\/tribunademinas.audiencelabs.com.br\/motoristas-do-uber-podem-ter-piso-salarial-e-limite-de-horas\/","title":{"rendered":"Motoristas do Uber podem ter piso salarial e limite de horas"},"content":{"rendered":"\n<p>O Supremo Tribunal Federal (<a href=\"https:\/\/noticias.stf.jus.br\/postsnoticias\/uberizacao-stf-ouve-argumentos-sobre-relacao-de-trabalho-entre-plataformas-digitais-e-motoristas\/\"><strong>STF<\/strong><\/a>) iniciou na \u00faltima quarta-feira (1\u00ba\/10) o julgamento de duas a\u00e7\u00f5es que buscam definir se h\u00e1 ou n\u00e3o v\u00ednculo empregat\u00edcio entre motoristas e entregadores de aplicativos e as plataformas digitais, como Uber e outras empresas de transporte e entrega. <\/p>\n\n\n\n<p>A decis\u00e3o ter\u00e1 repercuss\u00e3o geral, ou seja, o entendimento adotado pela Corte ser\u00e1 aplicado a todos os casos semelhantes em tramita\u00e7\u00e3o no pa\u00eds. Por isso, o julgamento tem atra\u00eddo a aten\u00e7\u00e3o de diferentes setores do governo, das empresas e da sociedade civil. <\/p>\n\n\n\n<p>Entre as manifesta\u00e7\u00f5es mais relevantes, est\u00e1 a da Advocacia-Geral da Uni\u00e3o (AGU), que reconhece que a rela\u00e7\u00e3o entre motoristas e plataformas n\u00e3o segue o modelo cl\u00e1ssico da CLT.<\/p>\n\n\n\n<p>No entanto, ainda assim a AGU defende que esses trabalhadores devem ter garantias m\u00ednimas, como piso salarial, limite de horas de trabalho e cobertura em caso de acidentes ou invalidez.<\/p>\n\n\n\n<h2 class=\"wp-block-heading\">Motoristas do Uber podem ter piso salarial e limite de horas<\/h2>\n\n\n\n<p>A discuss\u00e3o no STF ocorre a partir do recurso apresentado pela <a href=\"https:\/\/tribunademinas.com.br\/colunas\/dinheiroecidadania\/milionario-brasileiro-desiste-de-pegar-uber-na-suica-por-conta-do-valor\/\"><strong>Uber<\/strong><\/a> contra uma decis\u00e3o da Justi\u00e7a do Trabalho, que reconheceu v\u00ednculo empregat\u00edcio entre a empresa e um motorista que prestou servi\u00e7os entre 2018 e 2019. <\/p>\n\n\n\n<p>O trabalhador havia obtido vit\u00f3rias nas duas inst\u00e2ncias da Justi\u00e7a trabalhista, o que lhe garantiu direito \u00e0 carteira assinada, pagamento de FGTS, 13\u00ba sal\u00e1rio e multa por rescis\u00e3o contratual. <\/p>\n\n\n\n<p>A Uber contestou essa decis\u00e3o e levou o caso ao STF, argumentando que o modelo de atua\u00e7\u00e3o dos motoristas \u00e9 aut\u00f4nomo, sem subordina\u00e7\u00e3o direta ou jornada fixa.<\/p>\n\n\n\n<p>Durante a sess\u00e3o, al\u00e9m da Uber e do motorista envolvido, outras entidades representativas e especialistas foram convidados a se manifestar, j\u00e1 que a decis\u00e3o final do caso afetar\u00e1 todos os motoristas de aplicativo do pa\u00eds. <\/p>\n\n\n\n<p>O advogado-geral da Uni\u00e3o, Jorge Messias, defendeu uma proposta intermedi\u00e1ria, que reconhece a autonomia dos profissionais, mas prop\u00f5e a cria\u00e7\u00e3o de um novo modelo de prote\u00e7\u00e3o social. <\/p>\n\n\n\n<p>Ele argumentou que mais de 1,5 milh\u00e3o de brasileiros atuam em plataformas digitais, e grande parte deles n\u00e3o contribui com a Previd\u00eancia nem conta com qualquer tipo de prote\u00e7\u00e3o em caso de acidentes ou incapacidade.<\/p>\n\n\n\n<h3 class=\"wp-block-heading\">Motoristas de aplicativos podem ganhar direitos trabalhistas<\/h3>\n\n\n\n<p>Para o governo federal, \u00e9 preciso equilibrar a inova\u00e7\u00e3o tecnol\u00f3gica promovida pelos apps como Uber e 99 com a garantia de direitos fundamentais aos trabalhadores, que dirigem e geram ganhos para essas empresas. <\/p>\n\n\n\n<p>Por isso, a AGU apresentou uma proposta que inclui medidas como;<\/p>\n\n\n\n<ul class=\"wp-block-list\">\n<li>Um sal\u00e1rio m\u00ednimo ajustado pela pol\u00edtica nacional;<\/li>\n\n\n\n<li>Limita\u00e7\u00e3o da jornada por meio de controle das horas de conex\u00e3o aos aplicativos;<\/li>\n\n\n\n<li>Seguro de vida e invalidez;<\/li>\n\n\n\n<li>Contribui\u00e7\u00e3o previdenci\u00e1ria obrigat\u00f3ria por parte das plataformas;<\/li>\n\n\n\n<li>E acesso dos motoristas a representa\u00e7\u00e3o sindical. <\/li>\n<\/ul>\n\n\n\n<p>O julgamento do caso no STF e as discuss\u00f5es continuam nas pr\u00f3ximas sess\u00f5es e \u00e9 visto como um marco na regulamenta\u00e7\u00e3o do trabalho por aplicativos no Brasil.<\/p>\n\n\n\n<p><\/p>\n","protected":false},"excerpt":{"rendered":"<p>O Supremo Tribunal Federal (STF) iniciou na \u00faltima quarta-feira (1\u00ba\/10) o julgamento de duas a\u00e7\u00f5es que buscam definir se h\u00e1 ou n\u00e3o v\u00ednculo empregat\u00edcio entre motoristas e entregadores de aplicativos e as plataformas digitais, como Uber e outras empresas de transporte e entrega. A decis\u00e3o ter\u00e1 repercuss\u00e3o geral, ou seja, o entendimento adotado pela Corte [&hellip;]<\/p>\n","protected":false},"author":5,"featured_media":2142,"comment_status":"open","ping_status":"open","sticky":false,"template":"","format":"standard","meta":{"jnews-multi-image_gallery":[],"jnews_single_post":{"format":"standard"},"jnews_primary_category":[],"jnews_social_meta":[],"jnews_post_split":[],"footnotes":""},"categories":[159],"tags":[],"class_list":["post-2141","post","type-post","status-publish","format-standard","has-post-thumbnail","hentry","category-cidadania"],"yoast_head":"<!-- This site is optimized with the Yoast SEO plugin v25.6 - https:\/\/yoast.com\/wordpress\/plugins\/seo\/ -->\n<title>Motoristas do Uber podem ter piso salarial e limite de horas<\/title>\n<meta name=\"description\" content=\"O STF iniciou o julgamento que busca definir se h\u00e1 ou n\u00e3o v\u00ednculo empregat\u00edcio entre motoristas de aplicativos e as plataformas digitais.\" \/>\n<meta name=\"robots\" content=\"index, follow, max-snippet:-1, max-image-preview:large, max-video-preview:-1\" \/>\n<link rel=\"canonical\" href=\"https:\/\/tribunademinas.audiencelabs.com.br\/motoristas-do-uber-podem-ter-piso-salarial-e-limite-de-horas\/\" \/>\n<meta property=\"og:locale\" content=\"pt_BR\" \/>\n<meta property=\"og:type\" content=\"article\" \/>\n<meta property=\"og:title\" content=\"Motoristas do Uber podem ter piso salarial e limite de horas\" \/>\n<meta property=\"og:description\" content=\"O STF iniciou o julgamento que busca definir se h\u00e1 ou n\u00e3o v\u00ednculo empregat\u00edcio entre motoristas de aplicativos e as plataformas digitais.\" \/>\n<meta property=\"og:url\" content=\"https:\/\/tribunademinas.audiencelabs.com.br\/motoristas-do-uber-podem-ter-piso-salarial-e-limite-de-horas\/\" \/>\n<meta property=\"og:site_name\" content=\"Tribuna de Minas - Dinheiro e Cidadania\" \/>\n<meta property=\"article:publisher\" content=\"https:\/\/www.facebook.com\/tribunademinas\/\" \/>\n<meta property=\"article:published_time\" content=\"2025-10-06T12:45:00+00:00\" \/>\n<meta property=\"og:image\" content=\"https:\/\/tribunademinas.audiencelabs.com.br\/wp-content\/uploads\/2025\/10\/motoristas.webp\" \/>\n\t<meta property=\"og:image:width\" content=\"1170\" \/>\n\t<meta property=\"og:image:height\" content=\"700\" \/>\n\t<meta property=\"og:image:type\" content=\"image\/webp\" \/>\n<meta name=\"author\" content=\"Jeferson Carvalho\" \/>\n<meta name=\"twitter:card\" content=\"summary_large_image\" \/>\n<meta name=\"twitter:creator\" content=\"@tribunademinas\" \/>\n<meta name=\"twitter:site\" content=\"@tribunademinas\" \/>\n<meta name=\"twitter:label1\" content=\"Escrito por\" \/>\n\t<meta name=\"twitter:data1\" content=\"Jeferson Carvalho\" \/>\n\t<meta name=\"twitter:label2\" content=\"Est. tempo de leitura\" \/>\n\t<meta name=\"twitter:data2\" content=\"3 minutos\" \/>\n<!-- \/ Yoast SEO plugin. -->","yoast_head_json":{"title":"Motoristas do Uber podem ter piso salarial e limite de horas","description":"O STF iniciou o julgamento que busca definir se h\u00e1 ou n\u00e3o v\u00ednculo empregat\u00edcio entre motoristas de aplicativos e as plataformas digitais.","robots":{"index":"index","follow":"follow","max-snippet":"max-snippet:-1","max-image-preview":"max-image-preview:large","max-video-preview":"max-video-preview:-1"},"canonical":"https:\/\/tribunademinas.audiencelabs.com.br\/motoristas-do-uber-podem-ter-piso-salarial-e-limite-de-horas\/","og_locale":"pt_BR","og_type":"article","og_title":"Motoristas do Uber podem ter piso salarial e limite de horas","og_description":"O STF iniciou o julgamento que busca definir se h\u00e1 ou n\u00e3o v\u00ednculo empregat\u00edcio entre motoristas de aplicativos e as plataformas digitais.","og_url":"https:\/\/tribunademinas.audiencelabs.com.br\/motoristas-do-uber-podem-ter-piso-salarial-e-limite-de-horas\/","og_site_name":"Tribuna de Minas - Dinheiro e Cidadania","article_publisher":"https:\/\/www.facebook.com\/tribunademinas\/","article_published_time":"2025-10-06T12:45:00+00:00","og_image":[{"width":1170,"height":700,"url":"https:\/\/tribunademinas.audiencelabs.com.br\/wp-content\/uploads\/2025\/10\/motoristas.webp","type":"image\/webp"}],"author":"Jeferson Carvalho","twitter_card":"summary_large_image","twitter_creator":"@tribunademinas","twitter_site":"@tribunademinas","twitter_misc":{"Escrito por":"Jeferson Carvalho","Est. tempo de leitura":"3 minutos"},"schema":{"@context":"https:\/\/schema.org","@graph":[{"@type":"Article","@id":"https:\/\/tribunademinas.audiencelabs.com.br\/motoristas-do-uber-podem-ter-piso-salarial-e-limite-de-horas\/#article","isPartOf":{"@id":"https:\/\/tribunademinas.audiencelabs.com.br\/motoristas-do-uber-podem-ter-piso-salarial-e-limite-de-horas\/"},"author":{"name":"Jeferson Carvalho","@id":"https:\/\/tribunademinas.audiencelabs.com.br\/#\/schema\/person\/db18fc40307804bacef94213aa68fd9d"},"headline":"Motoristas do Uber podem ter piso salarial e limite de horas","datePublished":"2025-10-06T12:45:00+00:00","mainEntityOfPage":{"@id":"https:\/\/tribunademinas.audiencelabs.com.br\/motoristas-do-uber-podem-ter-piso-salarial-e-limite-de-horas\/"},"wordCount":520,"commentCount":0,"publisher":{"@id":"https:\/\/tribunademinas.audiencelabs.com.br\/#organization"},"image":{"@id":"https:\/\/tribunademinas.audiencelabs.com.br\/motoristas-do-uber-podem-ter-piso-salarial-e-limite-de-horas\/#primaryimage"},"thumbnailUrl":"https:\/\/tribunademinas.audiencelabs.com.br\/wp-content\/uploads\/2025\/10\/motoristas.webp","articleSection":["Cidadania"],"inLanguage":"pt-BR","potentialAction":[{"@type":"CommentAction","name":"Comment","target":["https:\/\/tribunademinas.audiencelabs.com.br\/motoristas-do-uber-podem-ter-piso-salarial-e-limite-de-horas\/#respond"]}]},{"@type":"WebPage","@id":"https:\/\/tribunademinas.audiencelabs.com.br\/motoristas-do-uber-podem-ter-piso-salarial-e-limite-de-horas\/","url":"https:\/\/tribunademinas.audiencelabs.com.br\/motoristas-do-uber-podem-ter-piso-salarial-e-limite-de-horas\/","name":"Motoristas do Uber podem ter piso salarial e limite de horas","isPartOf":{"@id":"https:\/\/tribunademinas.audiencelabs.com.br\/#website"},"primaryImageOfPage":{"@id":"https:\/\/tribunademinas.audiencelabs.com.br\/motoristas-do-uber-podem-ter-piso-salarial-e-limite-de-horas\/#primaryimage"},"image":{"@id":"https:\/\/tribunademinas.audiencelabs.com.br\/motoristas-do-uber-podem-ter-piso-salarial-e-limite-de-horas\/#primaryimage"},"thumbnailUrl":"https:\/\/tribunademinas.audiencelabs.com.br\/wp-content\/uploads\/2025\/10\/motoristas.webp","datePublished":"2025-10-06T12:45:00+00:00","description":"O STF iniciou o julgamento que busca definir se h\u00e1 ou n\u00e3o v\u00ednculo empregat\u00edcio entre motoristas de aplicativos e as plataformas digitais.","breadcrumb":{"@id":"https:\/\/tribunademinas.audiencelabs.com.br\/motoristas-do-uber-podem-ter-piso-salarial-e-limite-de-horas\/#breadcrumb"},"inLanguage":"pt-BR","potentialAction":[{"@type":"ReadAction","target":["https:\/\/tribunademinas.audiencelabs.com.br\/motoristas-do-uber-podem-ter-piso-salarial-e-limite-de-horas\/"]}]},{"@type":"ImageObject","inLanguage":"pt-BR","@id":"https:\/\/tribunademinas.audiencelabs.com.br\/motoristas-do-uber-podem-ter-piso-salarial-e-limite-de-horas\/#primaryimage","url":"https:\/\/tribunademinas.audiencelabs.com.br\/wp-content\/uploads\/2025\/10\/motoristas.webp","contentUrl":"https:\/\/tribunademinas.audiencelabs.com.br\/wp-content\/uploads\/2025\/10\/motoristas.webp","width":1170,"height":700,"caption":"Motoristas do Uber podem ter piso salarial e limite de horas - Imagem: Marcelo Camargo\/Ag\u00eancia Brasil"},{"@type":"BreadcrumbList","@id":"https:\/\/tribunademinas.audiencelabs.com.br\/motoristas-do-uber-podem-ter-piso-salarial-e-limite-de-horas\/#breadcrumb","itemListElement":[{"@type":"ListItem","position":1,"name":"In\u00edcio","item":"https:\/\/tribunademinas.audiencelabs.com.br\/"},{"@type":"ListItem","position":2,"name":"Motoristas do Uber podem ter piso salarial e limite de horas"}]},{"@type":"WebSite","@id":"https:\/\/tribunademinas.audiencelabs.com.br\/#website","url":"https:\/\/tribunademinas.audiencelabs.com.br\/","name":"Tribuna de Minas - Dinheiro e Cidadania","description":"","publisher":{"@id":"https:\/\/tribunademinas.audiencelabs.com.br\/#organization"},"potentialAction":[{"@type":"SearchAction","target":{"@type":"EntryPoint","urlTemplate":"https:\/\/tribunademinas.audiencelabs.com.br\/?s={search_term_string}"},"query-input":{"@type":"PropertyValueSpecification","valueRequired":true,"valueName":"search_term_string"}}],"inLanguage":"pt-BR"},{"@type":"Organization","@id":"https:\/\/tribunademinas.audiencelabs.com.br\/#organization","name":"Tribuna de Minas - Dinheiro e Cidadania","url":"https:\/\/tribunademinas.audiencelabs.com.br\/","logo":{"@type":"ImageObject","inLanguage":"pt-BR","@id":"https:\/\/tribunademinas.audiencelabs.com.br\/#\/schema\/logo\/image\/","url":"https:\/\/tribunademinas.audiencelabs.com.br\/wp-content\/uploads\/2025\/08\/cropped-Tribuna_512x512-96x96-1.png","contentUrl":"https:\/\/tribunademinas.audiencelabs.com.br\/wp-content\/uploads\/2025\/08\/cropped-Tribuna_512x512-96x96-1.png","width":96,"height":96,"caption":"Tribuna de Minas - Dinheiro e Cidadania"},"image":{"@id":"https:\/\/tribunademinas.audiencelabs.com.br\/#\/schema\/logo\/image\/"},"sameAs":["https:\/\/www.facebook.com\/tribunademinas\/","https:\/\/x.com\/tribunademinas","https:\/\/www.instagram.com\/tribunademinas\/","https:\/\/www.youtube.com\/user\/TribunadeMinasJF"]},{"@type":"Person","@id":"https:\/\/tribunademinas.audiencelabs.com.br\/#\/schema\/person\/db18fc40307804bacef94213aa68fd9d","name":"Jeferson Carvalho","image":{"@type":"ImageObject","inLanguage":"pt-BR","@id":"https:\/\/tribunademinas.audiencelabs.com.br\/#\/schema\/person\/image\/","url":"https:\/\/secure.gravatar.com\/avatar\/cd7646e328d9670dad7dea8698522e522745eeffcff5b9d08be858e377ce326b?s=96&d=mm&r=g","contentUrl":"https:\/\/secure.gravatar.com\/avatar\/cd7646e328d9670dad7dea8698522e522745eeffcff5b9d08be858e377ce326b?s=96&d=mm&r=g","caption":"Jeferson Carvalho"},"description":"Jornalista apaixonado pela profiss\u00e3o!","url":"https:\/\/tribunademinas.audiencelabs.com.br\/author\/jeferson\/"}]}},"amp_enabled":true,"_links":{"self":[{"href":"https:\/\/tribunademinas.audiencelabs.com.br\/wp-json\/wp\/v2\/posts\/2141","targetHints":{"allow":["GET"]}}],"collection":[{"href":"https:\/\/tribunademinas.audiencelabs.com.br\/wp-json\/wp\/v2\/posts"}],"about":[{"href":"https:\/\/tribunademinas.audiencelabs.com.br\/wp-json\/wp\/v2\/types\/post"}],"author":[{"embeddable":true,"href":"https:\/\/tribunademinas.audiencelabs.com.br\/wp-json\/wp\/v2\/users\/5"}],"replies":[{"embeddable":true,"href":"https:\/\/tribunademinas.audiencelabs.com.br\/wp-json\/wp\/v2\/comments?post=2141"}],"version-history":[{"count":1,"href":"https:\/\/tribunademinas.audiencelabs.com.br\/wp-json\/wp\/v2\/posts\/2141\/revisions"}],"predecessor-version":[{"id":2143,"href":"https:\/\/tribunademinas.audiencelabs.com.br\/wp-json\/wp\/v2\/posts\/2141\/revisions\/2143"}],"wp:featuredmedia":[{"embeddable":true,"href":"https:\/\/tribunademinas.audiencelabs.com.br\/wp-json\/wp\/v2\/media\/2142"}],"wp:attachment":[{"href":"https:\/\/tribunademinas.audiencelabs.com.br\/wp-json\/wp\/v2\/media?parent=2141"}],"wp:term":[{"taxonomy":"category","embeddable":true,"href":"https:\/\/tribunademinas.audiencelabs.com.br\/wp-json\/wp\/v2\/categories?post=2141"},{"taxonomy":"post_tag","embeddable":true,"href":"https:\/\/tribunademinas.audiencelabs.com.br\/wp-json\/wp\/v2\/tags?post=2141"}],"curies":[{"name":"wp","href":"https:\/\/api.w.org\/{rel}","templated":true}]}}