{"id":2058,"date":"2025-10-03T16:00:00","date_gmt":"2025-10-03T19:00:00","guid":{"rendered":"https:\/\/tribunademinas.audiencelabs.com.br\/?p=2058"},"modified":"2025-10-02T18:05:34","modified_gmt":"2025-10-02T21:05:34","slug":"voce-pode-fazer-parte-do-12-milhao-que-vao-ser-prejudicados","status":"publish","type":"post","link":"https:\/\/tribunademinas.audiencelabs.com.br\/voce-pode-fazer-parte-do-12-milhao-que-vao-ser-prejudicados\/","title":{"rendered":"Voc\u00ea pode fazer parte dos milh\u00f5es que v\u00e3o ser prejudicados"},"content":{"rendered":"\n<p>Por conta de um levantamento realizado pelo Sistema FGTS Digital, o Minist\u00e9rio do Trabalho e Emprego (MTE) anunciou que mais de<strong> 1,22 milh\u00e3o de empresas<\/strong> receberam notifica\u00e7\u00f5es para regularizar d\u00e9bitos junto ao Fundo de Garantia do Tempo de Servi\u00e7o (FGTS).<\/p>\n\n\n\n<p>O n\u00famero equivale a uma grande parcela do total de 1,62 milh\u00e3o de empresas com pend\u00eancias, que de acordo com o relat\u00f3rio, j\u00e1 haviam chegado a R$ 10,1 bilh\u00f5es. Por conta disso, estima-se que cerca de <strong>9,56 milh\u00f5es de trabalhadores<\/strong> estavam sendo prejudicados.<\/p>\n\n\n\n<p>De acordo com o que foi divulgado, o <strong>estado de S\u00e3o Paulo<\/strong> lidera o ranking de devedores do FGTS, alcan\u00e7ando um montante de R$ 3,18 bilh\u00f5es. Outros destaques ainda incluem o Rio de Janeiro, Minas Gerais e Paran\u00e1.<\/p>\n\n\n\n<p>O levantamento ainda revelou que, al\u00e9m das empresas, cerca de 103 mil empregadores pessoa f\u00edsica (CPFs) possuem d\u00e9bitos de cerca de R$ 174,9 milh\u00f5es junto ao FGTS, impactando diretamente 265 mil trabalhadores.<\/p>\n\n\n\n<p>O MTE segue empenhado em assegurar o envio das notifica\u00e7\u00f5es, alertando as empresas sobre a necessidade de regulariza\u00e7\u00e3o dos valores devidos e buscando reverter os d\u00e9bitos o quanto antes.<\/p>\n\n\n\n<h2 class=\"wp-block-heading\">Como n\u00e3o ser prejudicado: verificando informa\u00e7\u00f5es do FGTS<\/h2>\n\n\n\n<p>Desde 2016, a Caixa Econ\u00f4mica Federal tem facilitado a vida dos trabalhadores ao disponibilizar o aplicativo do FGTS, que passou a proporcionar maior controle sobre as informa\u00e7\u00f5es do fundo.<\/p>\n\n\n\n<p>Entre suas diversas funcionalidades, a ferramenta permite que os trabalhadores consultem o extrato e descubram se est\u00e3o sendo prejudicados antes que o problema se agrave. Para isso, basta seguir o passo a passo abaixo:<\/p>\n\n\n\n<ul class=\"wp-block-list\">\n<li>Acesse o aplicativo e selecione a op\u00e7\u00e3o &#8220;Saldo total do FGTS&#8221;, seguida de &#8220;Acessar meu FGTS&#8221; para ter acesso \u00e0s contas;<\/li>\n\n\n\n<li>Clique em &#8220;Ver extrato&#8221; para verificar as informa\u00e7\u00f5es da conta desejada;<\/li>\n\n\n\n<li>No registro, busque por linhas que indiquem informa\u00e7\u00f5es como &#8220;cr\u00e9dito de dep\u00f3sito&#8221;, que correspondem ao valor devido pelas empresas.<\/li>\n<\/ul>\n\n\n\n<p>Caso seja identificada a aus\u00eancia de dep\u00f3sitos, o trabalhador pode buscar esclarecimentos diretamente com o empregador ou denunciar de forma an\u00f4nima pelo telefone 158, pelo site do MTE ou presencialmente nas unidades do \u00f3rg\u00e3o.<\/p>\n","protected":false},"excerpt":{"rendered":"<p>Por conta de um levantamento realizado pelo Sistema FGTS Digital, o Minist\u00e9rio do Trabalho e Emprego (MTE) anunciou que mais de 1,22 milh\u00e3o de empresas receberam notifica\u00e7\u00f5es para regularizar d\u00e9bitos junto ao Fundo de Garantia do Tempo de Servi\u00e7o (FGTS). O n\u00famero equivale a uma grande parcela do total de 1,62 milh\u00e3o de empresas com [&hellip;]<\/p>\n","protected":false},"author":3,"featured_media":2059,"comment_status":"open","ping_status":"open","sticky":false,"template":"","format":"standard","meta":{"jnews-multi-image_gallery":[],"jnews_single_post":{"format":"standard"},"jnews_primary_category":[],"jnews_social_meta":[],"jnews_post_split":[],"footnotes":""},"categories":[1],"tags":[],"class_list":["post-2058","post","type-post","status-publish","format-standard","has-post-thumbnail","hentry","category-dinheiro"],"yoast_head":"<!-- This site is optimized with the Yoast SEO plugin v25.6 - https:\/\/yoast.com\/wordpress\/plugins\/seo\/ -->\n<title>Voc\u00ea pode fazer parte dos milh\u00f5es que v\u00e3o ser prejudicados<\/title>\n<meta name=\"robots\" content=\"index, follow, max-snippet:-1, max-image-preview:large, max-video-preview:-1\" \/>\n<link rel=\"canonical\" href=\"https:\/\/tribunademinas.audiencelabs.com.br\/voce-pode-fazer-parte-do-12-milhao-que-vao-ser-prejudicados\/\" \/>\n<meta property=\"og:locale\" content=\"pt_BR\" \/>\n<meta property=\"og:type\" content=\"article\" \/>\n<meta property=\"og:title\" content=\"Voc\u00ea pode fazer parte dos milh\u00f5es que v\u00e3o ser prejudicados\" \/>\n<meta property=\"og:description\" content=\"Por conta de um levantamento realizado pelo Sistema FGTS Digital, o Minist\u00e9rio do Trabalho e Emprego (MTE) anunciou que mais de 1,22 milh\u00e3o de empresas receberam notifica\u00e7\u00f5es para regularizar d\u00e9bitos junto ao Fundo de Garantia do Tempo de Servi\u00e7o (FGTS). O n\u00famero equivale a uma grande parcela do total de 1,62 milh\u00e3o de empresas com [&hellip;]\" \/>\n<meta property=\"og:url\" content=\"https:\/\/tribunademinas.audiencelabs.com.br\/voce-pode-fazer-parte-do-12-milhao-que-vao-ser-prejudicados\/\" \/>\n<meta property=\"og:site_name\" content=\"Tribuna de Minas - Dinheiro e Cidadania\" \/>\n<meta property=\"article:publisher\" content=\"https:\/\/www.facebook.com\/tribunademinas\/\" \/>\n<meta property=\"article:published_time\" content=\"2025-10-03T19:00:00+00:00\" \/>\n<meta property=\"og:image\" content=\"https:\/\/tribunademinas.audiencelabs.com.br\/wp-content\/uploads\/2025\/10\/fazer-parte-milhoes-que-vao-ser-prejudicados.jpg\" \/>\n\t<meta property=\"og:image:width\" content=\"2000\" \/>\n\t<meta property=\"og:image:height\" content=\"1125\" \/>\n\t<meta property=\"og:image:type\" content=\"image\/jpeg\" \/>\n<meta name=\"author\" content=\"Jo\u00e3o Carlos Gomes\" \/>\n<meta name=\"twitter:card\" content=\"summary_large_image\" \/>\n<meta name=\"twitter:creator\" content=\"@tribunademinas\" \/>\n<meta name=\"twitter:site\" content=\"@tribunademinas\" \/>\n<meta name=\"twitter:label1\" content=\"Escrito por\" \/>\n\t<meta name=\"twitter:data1\" content=\"Jo\u00e3o Carlos Gomes\" \/>\n\t<meta name=\"twitter:label2\" content=\"Est. tempo de leitura\" \/>\n\t<meta name=\"twitter:data2\" content=\"3 minutos\" \/>\n<!-- \/ Yoast SEO plugin. -->","yoast_head_json":{"title":"Voc\u00ea pode fazer parte dos milh\u00f5es que v\u00e3o ser prejudicados","robots":{"index":"index","follow":"follow","max-snippet":"max-snippet:-1","max-image-preview":"max-image-preview:large","max-video-preview":"max-video-preview:-1"},"canonical":"https:\/\/tribunademinas.audiencelabs.com.br\/voce-pode-fazer-parte-do-12-milhao-que-vao-ser-prejudicados\/","og_locale":"pt_BR","og_type":"article","og_title":"Voc\u00ea pode fazer parte dos milh\u00f5es que v\u00e3o ser prejudicados","og_description":"Por conta de um levantamento realizado pelo Sistema FGTS Digital, o Minist\u00e9rio do Trabalho e Emprego (MTE) anunciou que mais de 1,22 milh\u00e3o de empresas receberam notifica\u00e7\u00f5es para regularizar d\u00e9bitos junto ao Fundo de Garantia do Tempo de Servi\u00e7o (FGTS). O n\u00famero equivale a uma grande parcela do total de 1,62 milh\u00e3o de empresas com [&hellip;]","og_url":"https:\/\/tribunademinas.audiencelabs.com.br\/voce-pode-fazer-parte-do-12-milhao-que-vao-ser-prejudicados\/","og_site_name":"Tribuna de Minas - Dinheiro e Cidadania","article_publisher":"https:\/\/www.facebook.com\/tribunademinas\/","article_published_time":"2025-10-03T19:00:00+00:00","og_image":[{"width":2000,"height":1125,"url":"https:\/\/tribunademinas.audiencelabs.com.br\/wp-content\/uploads\/2025\/10\/fazer-parte-milhoes-que-vao-ser-prejudicados.jpg","type":"image\/jpeg"}],"author":"Jo\u00e3o Carlos Gomes","twitter_card":"summary_large_image","twitter_creator":"@tribunademinas","twitter_site":"@tribunademinas","twitter_misc":{"Escrito por":"Jo\u00e3o Carlos Gomes","Est. tempo de leitura":"3 minutos"},"schema":{"@context":"https:\/\/schema.org","@graph":[{"@type":"Article","@id":"https:\/\/tribunademinas.audiencelabs.com.br\/voce-pode-fazer-parte-do-12-milhao-que-vao-ser-prejudicados\/#article","isPartOf":{"@id":"https:\/\/tribunademinas.audiencelabs.com.br\/voce-pode-fazer-parte-do-12-milhao-que-vao-ser-prejudicados\/"},"author":{"name":"Jo\u00e3o Carlos Gomes","@id":"https:\/\/tribunademinas.audiencelabs.com.br\/#\/schema\/person\/37af466a64a722fadb8ef6841c52114f"},"headline":"Voc\u00ea pode fazer parte dos milh\u00f5es que v\u00e3o ser prejudicados","datePublished":"2025-10-03T19:00:00+00:00","mainEntityOfPage":{"@id":"https:\/\/tribunademinas.audiencelabs.com.br\/voce-pode-fazer-parte-do-12-milhao-que-vao-ser-prejudicados\/"},"wordCount":375,"commentCount":0,"publisher":{"@id":"https:\/\/tribunademinas.audiencelabs.com.br\/#organization"},"image":{"@id":"https:\/\/tribunademinas.audiencelabs.com.br\/voce-pode-fazer-parte-do-12-milhao-que-vao-ser-prejudicados\/#primaryimage"},"thumbnailUrl":"https:\/\/tribunademinas.audiencelabs.com.br\/wp-content\/uploads\/2025\/10\/fazer-parte-milhoes-que-vao-ser-prejudicados.jpg","articleSection":["Dinheiro"],"inLanguage":"pt-BR","potentialAction":[{"@type":"CommentAction","name":"Comment","target":["https:\/\/tribunademinas.audiencelabs.com.br\/voce-pode-fazer-parte-do-12-milhao-que-vao-ser-prejudicados\/#respond"]}]},{"@type":"WebPage","@id":"https:\/\/tribunademinas.audiencelabs.com.br\/voce-pode-fazer-parte-do-12-milhao-que-vao-ser-prejudicados\/","url":"https:\/\/tribunademinas.audiencelabs.com.br\/voce-pode-fazer-parte-do-12-milhao-que-vao-ser-prejudicados\/","name":"Voc\u00ea pode fazer parte dos milh\u00f5es que v\u00e3o ser prejudicados","isPartOf":{"@id":"https:\/\/tribunademinas.audiencelabs.com.br\/#website"},"primaryImageOfPage":{"@id":"https:\/\/tribunademinas.audiencelabs.com.br\/voce-pode-fazer-parte-do-12-milhao-que-vao-ser-prejudicados\/#primaryimage"},"image":{"@id":"https:\/\/tribunademinas.audiencelabs.com.br\/voce-pode-fazer-parte-do-12-milhao-que-vao-ser-prejudicados\/#primaryimage"},"thumbnailUrl":"https:\/\/tribunademinas.audiencelabs.com.br\/wp-content\/uploads\/2025\/10\/fazer-parte-milhoes-que-vao-ser-prejudicados.jpg","datePublished":"2025-10-03T19:00:00+00:00","breadcrumb":{"@id":"https:\/\/tribunademinas.audiencelabs.com.br\/voce-pode-fazer-parte-do-12-milhao-que-vao-ser-prejudicados\/#breadcrumb"},"inLanguage":"pt-BR","potentialAction":[{"@type":"ReadAction","target":["https:\/\/tribunademinas.audiencelabs.com.br\/voce-pode-fazer-parte-do-12-milhao-que-vao-ser-prejudicados\/"]}]},{"@type":"ImageObject","inLanguage":"pt-BR","@id":"https:\/\/tribunademinas.audiencelabs.com.br\/voce-pode-fazer-parte-do-12-milhao-que-vao-ser-prejudicados\/#primaryimage","url":"https:\/\/tribunademinas.audiencelabs.com.br\/wp-content\/uploads\/2025\/10\/fazer-parte-milhoes-que-vao-ser-prejudicados.jpg","contentUrl":"https:\/\/tribunademinas.audiencelabs.com.br\/wp-content\/uploads\/2025\/10\/fazer-parte-milhoes-que-vao-ser-prejudicados.jpg","width":2000,"height":1125,"caption":"Foto: Drazen Zigic\/Freepik"},{"@type":"BreadcrumbList","@id":"https:\/\/tribunademinas.audiencelabs.com.br\/voce-pode-fazer-parte-do-12-milhao-que-vao-ser-prejudicados\/#breadcrumb","itemListElement":[{"@type":"ListItem","position":1,"name":"In\u00edcio","item":"https:\/\/tribunademinas.audiencelabs.com.br\/"},{"@type":"ListItem","position":2,"name":"Voc\u00ea pode fazer parte dos milh\u00f5es que v\u00e3o ser prejudicados"}]},{"@type":"WebSite","@id":"https:\/\/tribunademinas.audiencelabs.com.br\/#website","url":"https:\/\/tribunademinas.audiencelabs.com.br\/","name":"Tribuna de Minas - Dinheiro e Cidadania","description":"","publisher":{"@id":"https:\/\/tribunademinas.audiencelabs.com.br\/#organization"},"potentialAction":[{"@type":"SearchAction","target":{"@type":"EntryPoint","urlTemplate":"https:\/\/tribunademinas.audiencelabs.com.br\/?s={search_term_string}"},"query-input":{"@type":"PropertyValueSpecification","valueRequired":true,"valueName":"search_term_string"}}],"inLanguage":"pt-BR"},{"@type":"Organization","@id":"https:\/\/tribunademinas.audiencelabs.com.br\/#organization","name":"Tribuna de Minas - Dinheiro e Cidadania","url":"https:\/\/tribunademinas.audiencelabs.com.br\/","logo":{"@type":"ImageObject","inLanguage":"pt-BR","@id":"https:\/\/tribunademinas.audiencelabs.com.br\/#\/schema\/logo\/image\/","url":"https:\/\/tribunademinas.audiencelabs.com.br\/wp-content\/uploads\/2025\/08\/cropped-Tribuna_512x512-96x96-1.png","contentUrl":"https:\/\/tribunademinas.audiencelabs.com.br\/wp-content\/uploads\/2025\/08\/cropped-Tribuna_512x512-96x96-1.png","width":96,"height":96,"caption":"Tribuna de Minas - Dinheiro e Cidadania"},"image":{"@id":"https:\/\/tribunademinas.audiencelabs.com.br\/#\/schema\/logo\/image\/"},"sameAs":["https:\/\/www.facebook.com\/tribunademinas\/","https:\/\/x.com\/tribunademinas","https:\/\/www.instagram.com\/tribunademinas\/","https:\/\/www.youtube.com\/user\/TribunadeMinasJF"]},{"@type":"Person","@id":"https:\/\/tribunademinas.audiencelabs.com.br\/#\/schema\/person\/37af466a64a722fadb8ef6841c52114f","name":"Jo\u00e3o Carlos Gomes","image":{"@type":"ImageObject","inLanguage":"pt-BR","@id":"https:\/\/tribunademinas.audiencelabs.com.br\/#\/schema\/person\/image\/","url":"https:\/\/secure.gravatar.com\/avatar\/4ce4672dbdd694b329cd6fdb51bee7d1409be1f0ff76a537e4c4a737b2c7d1a9?s=96&d=mm&r=g","contentUrl":"https:\/\/secure.gravatar.com\/avatar\/4ce4672dbdd694b329cd6fdb51bee7d1409be1f0ff76a537e4c4a737b2c7d1a9?s=96&d=mm&r=g","caption":"Jo\u00e3o Carlos Gomes"},"description":"Jornalista formado pelo Centro Universit\u00e1rio Carioca, apreciador da Bossa Nova ao Metal Extremo, criador de conte\u00fado e m\u00fasico independente nas horas vagas.","url":"https:\/\/tribunademinas.audiencelabs.com.br\/author\/joaoc-junior\/"}]}},"amp_enabled":true,"_links":{"self":[{"href":"https:\/\/tribunademinas.audiencelabs.com.br\/wp-json\/wp\/v2\/posts\/2058","targetHints":{"allow":["GET"]}}],"collection":[{"href":"https:\/\/tribunademinas.audiencelabs.com.br\/wp-json\/wp\/v2\/posts"}],"about":[{"href":"https:\/\/tribunademinas.audiencelabs.com.br\/wp-json\/wp\/v2\/types\/post"}],"author":[{"embeddable":true,"href":"https:\/\/tribunademinas.audiencelabs.com.br\/wp-json\/wp\/v2\/users\/3"}],"replies":[{"embeddable":true,"href":"https:\/\/tribunademinas.audiencelabs.com.br\/wp-json\/wp\/v2\/comments?post=2058"}],"version-history":[{"count":2,"href":"https:\/\/tribunademinas.audiencelabs.com.br\/wp-json\/wp\/v2\/posts\/2058\/revisions"}],"predecessor-version":[{"id":2081,"href":"https:\/\/tribunademinas.audiencelabs.com.br\/wp-json\/wp\/v2\/posts\/2058\/revisions\/2081"}],"wp:featuredmedia":[{"embeddable":true,"href":"https:\/\/tribunademinas.audiencelabs.com.br\/wp-json\/wp\/v2\/media\/2059"}],"wp:attachment":[{"href":"https:\/\/tribunademinas.audiencelabs.com.br\/wp-json\/wp\/v2\/media?parent=2058"}],"wp:term":[{"taxonomy":"category","embeddable":true,"href":"https:\/\/tribunademinas.audiencelabs.com.br\/wp-json\/wp\/v2\/categories?post=2058"},{"taxonomy":"post_tag","embeddable":true,"href":"https:\/\/tribunademinas.audiencelabs.com.br\/wp-json\/wp\/v2\/tags?post=2058"}],"curies":[{"name":"wp","href":"https:\/\/api.w.org\/{rel}","templated":true}]}}