{"id":2056,"date":"2025-10-02T16:00:47","date_gmt":"2025-10-02T19:00:47","guid":{"rendered":"https:\/\/tribunademinas.audiencelabs.com.br\/?p=2056"},"modified":"2025-10-02T16:00:52","modified_gmt":"2025-10-02T19:00:52","slug":"quem-vai-pagar-imposto-de-renda-apos-ampliar-faixa-de-isencao","status":"publish","type":"post","link":"https:\/\/tribunademinas.audiencelabs.com.br\/quem-vai-pagar-imposto-de-renda-apos-ampliar-faixa-de-isencao\/","title":{"rendered":"Quem vai pagar Imposto de Renda ap\u00f3s ampliar faixa de isen\u00e7\u00e3o"},"content":{"rendered":"\n<p>A <a href=\"https:\/\/www.camara.leg.br\/noticias\/1206672-camara-aprova-projeto-que-isenta-do-imposto-de-renda-quem-ganha-ate-r$-5-mil-por-mes\"><strong>C\u00e2mara dos Deputados<\/strong><\/a> aprovou, na noite desta ter\u00e7a-feira (1\u00ba de outubro), uma importante mudan\u00e7a na pol\u00edtica tribut\u00e1ria brasileira: a amplia\u00e7\u00e3o da faixa de isen\u00e7\u00e3o do Imposto de Renda para quem ganha at\u00e9 R$ 5 mil por m\u00eas. <\/p>\n\n\n\n<p>A proposta, que ainda precisa passar pelo Senado e receber san\u00e7\u00e3o presidencial, representa uma das maiores reformula\u00e7\u00f5es no sistema do IR dos \u00faltimos anos. <\/p>\n\n\n\n<p>Diante disso, muitos brasileiros est\u00e3o tentando entender o que muda e, principalmente, quem continuar\u00e1 pagando o imposto.<\/p>\n\n\n\n<h2 class=\"wp-block-heading\">Quem vai pagar Imposto de Renda ap\u00f3s ampliar faixa de isen\u00e7\u00e3o<\/h2>\n\n\n\n<p>Atualmente, apenas trabalhadores que recebem at\u00e9 R$ 2.112 mensais est\u00e3o isentos do IR. Com a proposta aprovada, esse limite quase dobra, alcan\u00e7ando os que ganham at\u00e9 R$ 5 mil por m\u00eas em rendimentos brutos. <\/p>\n\n\n\n<p>Com isso, estima-se que cerca de 65% dos atuais contribuintes deixem de recolher o imposto j\u00e1 a partir de 2026, o que significa uma queda expressiva na base de cobran\u00e7a. <\/p>\n\n\n\n<p>A mudan\u00e7a tamb\u00e9m prev\u00ea um abatimento parcial para rendas entre R$ 5.001 e R$ 7.350, com descontos progressivos. Ou seja, mesmo quem ultrapassa um pouco o novo limite de isen\u00e7\u00e3o sentir\u00e1 um al\u00edvio no bolso.<\/p>\n\n\n\n<p>Por outro lado, a classe m\u00e9dia que recebe acima desse patamar e n\u00e3o se beneficia do desconto continuar\u00e1 contribuindo. J\u00e1 os super ricos, pessoas com rendimentos anuais acima de R$ 600 mil, passar\u00e3o a pagar mais. <\/p>\n\n\n\n<p>Para esse grupo, ser\u00e1 implantada uma tributa\u00e7\u00e3o m\u00ednima de 10% sobre os valores que excederem essa faixa, com aplica\u00e7\u00e3o gradual. <\/p>\n\n\n\n<h3 class=\"wp-block-heading\">Mudan\u00e7as no Imposto de Renda tamb\u00e9m alteram outros pontos<\/h3>\n\n\n\n<p>A <a href=\"https:\/\/tribunademinas.com.br\/colunas\/maistendencias\/fim-do-imposto-de-renda-foi-confirmado-no-brasil-para-esses-cidadaos\/\"><strong>medida<\/strong><\/a> tamb\u00e9m inclui uma nova regra de reten\u00e7\u00e3o de 10% na fonte sobre lucros e dividendos mensais acima de R$ 50 mil, atingindo uma pequena parcela de contribuintes \u2014 cerca de 1% do total, segundo estimativas da Receita Federal.<\/p>\n\n\n\n<p>Al\u00e9m disso, o projeto estabelece compensa\u00e7\u00f5es para estados e munic\u00edpios que eventualmente percam receita com a mudan\u00e7a, por meio de repasses trimestrais da Uni\u00e3o. <\/p>\n\n\n\n<p>O texto ainda obriga o Executivo a apresentar, dentro de um ano, uma proposta para criar uma pol\u00edtica permanente de atualiza\u00e7\u00e3o da tabela do IR, a fim de evitar futuras distor\u00e7\u00f5es causadas pela infla\u00e7\u00e3o.<\/p>\n\n\n\n<p>Caso aprovado pelo Senado e sancionado pelo presidente Lula, o novo modelo entrar\u00e1 em vigor em janeiro de 2026, com impacto direto na declara\u00e7\u00e3o de Imposto de Renda a ser feita em 2027. At\u00e9 l\u00e1, o sistema atual continua valendo.<\/p>\n\n\n\n<p><\/p>\n","protected":false},"excerpt":{"rendered":"<p>A C\u00e2mara dos Deputados aprovou, na noite desta ter\u00e7a-feira (1\u00ba de outubro), uma importante mudan\u00e7a na pol\u00edtica tribut\u00e1ria brasileira: a amplia\u00e7\u00e3o da faixa de isen\u00e7\u00e3o do Imposto de Renda para quem ganha at\u00e9 R$ 5 mil por m\u00eas. A proposta, que ainda precisa passar pelo Senado e receber san\u00e7\u00e3o presidencial, representa uma das maiores reformula\u00e7\u00f5es [&hellip;]<\/p>\n","protected":false},"author":5,"featured_media":2057,"comment_status":"open","ping_status":"open","sticky":false,"template":"","format":"standard","meta":{"jnews-multi-image_gallery":[],"jnews_single_post":{"format":"standard"},"jnews_primary_category":[],"jnews_social_meta":[],"jnews_post_split":[],"footnotes":""},"categories":[1],"tags":[],"class_list":["post-2056","post","type-post","status-publish","format-standard","has-post-thumbnail","hentry","category-dinheiro"],"yoast_head":"<!-- This site is optimized with the Yoast SEO plugin v25.6 - https:\/\/yoast.com\/wordpress\/plugins\/seo\/ -->\n<title>Quem vai pagar Imposto de Renda ap\u00f3s ampliar faixa de isen\u00e7\u00e3o<\/title>\n<meta name=\"description\" content=\"A C\u00e2mara dos Deputados aprovou, na noite desta ter\u00e7a-feira (1\u00ba de outubro), a amplia\u00e7\u00e3o da faixa de isen\u00e7\u00e3o do Imposto de Renda.\" \/>\n<meta name=\"robots\" content=\"index, follow, max-snippet:-1, max-image-preview:large, max-video-preview:-1\" \/>\n<link rel=\"canonical\" href=\"https:\/\/tribunademinas.audiencelabs.com.br\/quem-vai-pagar-imposto-de-renda-apos-ampliar-faixa-de-isencao\/\" \/>\n<meta property=\"og:locale\" content=\"pt_BR\" \/>\n<meta property=\"og:type\" content=\"article\" \/>\n<meta property=\"og:title\" content=\"Quem vai pagar Imposto de Renda ap\u00f3s ampliar faixa de isen\u00e7\u00e3o\" \/>\n<meta property=\"og:description\" content=\"A C\u00e2mara dos Deputados aprovou, na noite desta ter\u00e7a-feira (1\u00ba de outubro), a amplia\u00e7\u00e3o da faixa de isen\u00e7\u00e3o do Imposto de Renda.\" \/>\n<meta property=\"og:url\" content=\"https:\/\/tribunademinas.audiencelabs.com.br\/quem-vai-pagar-imposto-de-renda-apos-ampliar-faixa-de-isencao\/\" \/>\n<meta property=\"og:site_name\" content=\"Tribuna de Minas - Dinheiro e Cidadania\" \/>\n<meta property=\"article:publisher\" content=\"https:\/\/www.facebook.com\/tribunademinas\/\" \/>\n<meta property=\"article:published_time\" content=\"2025-10-02T19:00:47+00:00\" \/>\n<meta property=\"article:modified_time\" content=\"2025-10-02T19:00:52+00:00\" \/>\n<meta property=\"og:image\" content=\"https:\/\/tribunademinas.audiencelabs.com.br\/wp-content\/uploads\/2025\/10\/Imposto-de-Renda.webp\" \/>\n\t<meta property=\"og:image:width\" content=\"1170\" \/>\n\t<meta property=\"og:image:height\" content=\"700\" \/>\n\t<meta property=\"og:image:type\" content=\"image\/webp\" \/>\n<meta name=\"author\" content=\"Jeferson Carvalho\" \/>\n<meta name=\"twitter:card\" content=\"summary_large_image\" \/>\n<meta name=\"twitter:creator\" content=\"@tribunademinas\" \/>\n<meta name=\"twitter:site\" content=\"@tribunademinas\" \/>\n<meta name=\"twitter:label1\" content=\"Escrito por\" \/>\n\t<meta name=\"twitter:data1\" content=\"Jeferson Carvalho\" \/>\n\t<meta name=\"twitter:label2\" content=\"Est. tempo de leitura\" \/>\n\t<meta name=\"twitter:data2\" content=\"3 minutos\" \/>\n<!-- \/ Yoast SEO plugin. -->","yoast_head_json":{"title":"Quem vai pagar Imposto de Renda ap\u00f3s ampliar faixa de isen\u00e7\u00e3o","description":"A C\u00e2mara dos Deputados aprovou, na noite desta ter\u00e7a-feira (1\u00ba de outubro), a amplia\u00e7\u00e3o da faixa de isen\u00e7\u00e3o do Imposto de Renda.","robots":{"index":"index","follow":"follow","max-snippet":"max-snippet:-1","max-image-preview":"max-image-preview:large","max-video-preview":"max-video-preview:-1"},"canonical":"https:\/\/tribunademinas.audiencelabs.com.br\/quem-vai-pagar-imposto-de-renda-apos-ampliar-faixa-de-isencao\/","og_locale":"pt_BR","og_type":"article","og_title":"Quem vai pagar Imposto de Renda ap\u00f3s ampliar faixa de isen\u00e7\u00e3o","og_description":"A C\u00e2mara dos Deputados aprovou, na noite desta ter\u00e7a-feira (1\u00ba de outubro), a amplia\u00e7\u00e3o da faixa de isen\u00e7\u00e3o do Imposto de Renda.","og_url":"https:\/\/tribunademinas.audiencelabs.com.br\/quem-vai-pagar-imposto-de-renda-apos-ampliar-faixa-de-isencao\/","og_site_name":"Tribuna de Minas - Dinheiro e Cidadania","article_publisher":"https:\/\/www.facebook.com\/tribunademinas\/","article_published_time":"2025-10-02T19:00:47+00:00","article_modified_time":"2025-10-02T19:00:52+00:00","og_image":[{"width":1170,"height":700,"url":"https:\/\/tribunademinas.audiencelabs.com.br\/wp-content\/uploads\/2025\/10\/Imposto-de-Renda.webp","type":"image\/webp"}],"author":"Jeferson Carvalho","twitter_card":"summary_large_image","twitter_creator":"@tribunademinas","twitter_site":"@tribunademinas","twitter_misc":{"Escrito por":"Jeferson Carvalho","Est. tempo de leitura":"3 minutos"},"schema":{"@context":"https:\/\/schema.org","@graph":[{"@type":"Article","@id":"https:\/\/tribunademinas.audiencelabs.com.br\/quem-vai-pagar-imposto-de-renda-apos-ampliar-faixa-de-isencao\/#article","isPartOf":{"@id":"https:\/\/tribunademinas.audiencelabs.com.br\/quem-vai-pagar-imposto-de-renda-apos-ampliar-faixa-de-isencao\/"},"author":{"name":"Jeferson Carvalho","@id":"https:\/\/tribunademinas.audiencelabs.com.br\/#\/schema\/person\/db18fc40307804bacef94213aa68fd9d"},"headline":"Quem vai pagar Imposto de Renda ap\u00f3s ampliar faixa de isen\u00e7\u00e3o","datePublished":"2025-10-02T19:00:47+00:00","dateModified":"2025-10-02T19:00:52+00:00","mainEntityOfPage":{"@id":"https:\/\/tribunademinas.audiencelabs.com.br\/quem-vai-pagar-imposto-de-renda-apos-ampliar-faixa-de-isencao\/"},"wordCount":430,"commentCount":0,"publisher":{"@id":"https:\/\/tribunademinas.audiencelabs.com.br\/#organization"},"image":{"@id":"https:\/\/tribunademinas.audiencelabs.com.br\/quem-vai-pagar-imposto-de-renda-apos-ampliar-faixa-de-isencao\/#primaryimage"},"thumbnailUrl":"https:\/\/tribunademinas.audiencelabs.com.br\/wp-content\/uploads\/2025\/10\/Imposto-de-Renda.webp","articleSection":["Dinheiro"],"inLanguage":"pt-BR","potentialAction":[{"@type":"CommentAction","name":"Comment","target":["https:\/\/tribunademinas.audiencelabs.com.br\/quem-vai-pagar-imposto-de-renda-apos-ampliar-faixa-de-isencao\/#respond"]}]},{"@type":"WebPage","@id":"https:\/\/tribunademinas.audiencelabs.com.br\/quem-vai-pagar-imposto-de-renda-apos-ampliar-faixa-de-isencao\/","url":"https:\/\/tribunademinas.audiencelabs.com.br\/quem-vai-pagar-imposto-de-renda-apos-ampliar-faixa-de-isencao\/","name":"Quem vai pagar Imposto de Renda ap\u00f3s ampliar faixa de isen\u00e7\u00e3o","isPartOf":{"@id":"https:\/\/tribunademinas.audiencelabs.com.br\/#website"},"primaryImageOfPage":{"@id":"https:\/\/tribunademinas.audiencelabs.com.br\/quem-vai-pagar-imposto-de-renda-apos-ampliar-faixa-de-isencao\/#primaryimage"},"image":{"@id":"https:\/\/tribunademinas.audiencelabs.com.br\/quem-vai-pagar-imposto-de-renda-apos-ampliar-faixa-de-isencao\/#primaryimage"},"thumbnailUrl":"https:\/\/tribunademinas.audiencelabs.com.br\/wp-content\/uploads\/2025\/10\/Imposto-de-Renda.webp","datePublished":"2025-10-02T19:00:47+00:00","dateModified":"2025-10-02T19:00:52+00:00","description":"A C\u00e2mara dos Deputados aprovou, na noite desta ter\u00e7a-feira (1\u00ba de outubro), a amplia\u00e7\u00e3o da faixa de isen\u00e7\u00e3o do Imposto de Renda.","breadcrumb":{"@id":"https:\/\/tribunademinas.audiencelabs.com.br\/quem-vai-pagar-imposto-de-renda-apos-ampliar-faixa-de-isencao\/#breadcrumb"},"inLanguage":"pt-BR","potentialAction":[{"@type":"ReadAction","target":["https:\/\/tribunademinas.audiencelabs.com.br\/quem-vai-pagar-imposto-de-renda-apos-ampliar-faixa-de-isencao\/"]}]},{"@type":"ImageObject","inLanguage":"pt-BR","@id":"https:\/\/tribunademinas.audiencelabs.com.br\/quem-vai-pagar-imposto-de-renda-apos-ampliar-faixa-de-isencao\/#primaryimage","url":"https:\/\/tribunademinas.audiencelabs.com.br\/wp-content\/uploads\/2025\/10\/Imposto-de-Renda.webp","contentUrl":"https:\/\/tribunademinas.audiencelabs.com.br\/wp-content\/uploads\/2025\/10\/Imposto-de-Renda.webp","width":1170,"height":700,"caption":"Quem vai pagar Imposto de Renda ap\u00f3s ampliar faixa de isen\u00e7\u00e3o - Imagem: Jo\u00e9dson Alves\/Ag\u00eancia Brasil"},{"@type":"BreadcrumbList","@id":"https:\/\/tribunademinas.audiencelabs.com.br\/quem-vai-pagar-imposto-de-renda-apos-ampliar-faixa-de-isencao\/#breadcrumb","itemListElement":[{"@type":"ListItem","position":1,"name":"In\u00edcio","item":"https:\/\/tribunademinas.audiencelabs.com.br\/"},{"@type":"ListItem","position":2,"name":"Quem vai pagar Imposto de Renda ap\u00f3s ampliar faixa de isen\u00e7\u00e3o"}]},{"@type":"WebSite","@id":"https:\/\/tribunademinas.audiencelabs.com.br\/#website","url":"https:\/\/tribunademinas.audiencelabs.com.br\/","name":"Tribuna de Minas - Dinheiro e Cidadania","description":"","publisher":{"@id":"https:\/\/tribunademinas.audiencelabs.com.br\/#organization"},"potentialAction":[{"@type":"SearchAction","target":{"@type":"EntryPoint","urlTemplate":"https:\/\/tribunademinas.audiencelabs.com.br\/?s={search_term_string}"},"query-input":{"@type":"PropertyValueSpecification","valueRequired":true,"valueName":"search_term_string"}}],"inLanguage":"pt-BR"},{"@type":"Organization","@id":"https:\/\/tribunademinas.audiencelabs.com.br\/#organization","name":"Tribuna de Minas - Dinheiro e Cidadania","url":"https:\/\/tribunademinas.audiencelabs.com.br\/","logo":{"@type":"ImageObject","inLanguage":"pt-BR","@id":"https:\/\/tribunademinas.audiencelabs.com.br\/#\/schema\/logo\/image\/","url":"https:\/\/tribunademinas.audiencelabs.com.br\/wp-content\/uploads\/2025\/08\/cropped-Tribuna_512x512-96x96-1.png","contentUrl":"https:\/\/tribunademinas.audiencelabs.com.br\/wp-content\/uploads\/2025\/08\/cropped-Tribuna_512x512-96x96-1.png","width":96,"height":96,"caption":"Tribuna de Minas - Dinheiro e Cidadania"},"image":{"@id":"https:\/\/tribunademinas.audiencelabs.com.br\/#\/schema\/logo\/image\/"},"sameAs":["https:\/\/www.facebook.com\/tribunademinas\/","https:\/\/x.com\/tribunademinas","https:\/\/www.instagram.com\/tribunademinas\/","https:\/\/www.youtube.com\/user\/TribunadeMinasJF"]},{"@type":"Person","@id":"https:\/\/tribunademinas.audiencelabs.com.br\/#\/schema\/person\/db18fc40307804bacef94213aa68fd9d","name":"Jeferson Carvalho","image":{"@type":"ImageObject","inLanguage":"pt-BR","@id":"https:\/\/tribunademinas.audiencelabs.com.br\/#\/schema\/person\/image\/","url":"https:\/\/secure.gravatar.com\/avatar\/cd7646e328d9670dad7dea8698522e522745eeffcff5b9d08be858e377ce326b?s=96&d=mm&r=g","contentUrl":"https:\/\/secure.gravatar.com\/avatar\/cd7646e328d9670dad7dea8698522e522745eeffcff5b9d08be858e377ce326b?s=96&d=mm&r=g","caption":"Jeferson Carvalho"},"description":"Jornalista apaixonado pela profiss\u00e3o!","url":"https:\/\/tribunademinas.audiencelabs.com.br\/author\/jeferson\/"}]}},"amp_enabled":true,"_links":{"self":[{"href":"https:\/\/tribunademinas.audiencelabs.com.br\/wp-json\/wp\/v2\/posts\/2056","targetHints":{"allow":["GET"]}}],"collection":[{"href":"https:\/\/tribunademinas.audiencelabs.com.br\/wp-json\/wp\/v2\/posts"}],"about":[{"href":"https:\/\/tribunademinas.audiencelabs.com.br\/wp-json\/wp\/v2\/types\/post"}],"author":[{"embeddable":true,"href":"https:\/\/tribunademinas.audiencelabs.com.br\/wp-json\/wp\/v2\/users\/5"}],"replies":[{"embeddable":true,"href":"https:\/\/tribunademinas.audiencelabs.com.br\/wp-json\/wp\/v2\/comments?post=2056"}],"version-history":[{"count":1,"href":"https:\/\/tribunademinas.audiencelabs.com.br\/wp-json\/wp\/v2\/posts\/2056\/revisions"}],"predecessor-version":[{"id":2060,"href":"https:\/\/tribunademinas.audiencelabs.com.br\/wp-json\/wp\/v2\/posts\/2056\/revisions\/2060"}],"wp:featuredmedia":[{"embeddable":true,"href":"https:\/\/tribunademinas.audiencelabs.com.br\/wp-json\/wp\/v2\/media\/2057"}],"wp:attachment":[{"href":"https:\/\/tribunademinas.audiencelabs.com.br\/wp-json\/wp\/v2\/media?parent=2056"}],"wp:term":[{"taxonomy":"category","embeddable":true,"href":"https:\/\/tribunademinas.audiencelabs.com.br\/wp-json\/wp\/v2\/categories?post=2056"},{"taxonomy":"post_tag","embeddable":true,"href":"https:\/\/tribunademinas.audiencelabs.com.br\/wp-json\/wp\/v2\/tags?post=2056"}],"curies":[{"name":"wp","href":"https:\/\/api.w.org\/{rel}","templated":true}]}}