{"id":2047,"date":"2025-10-03T10:00:00","date_gmt":"2025-10-03T13:00:00","guid":{"rendered":"https:\/\/tribunademinas.audiencelabs.com.br\/?p=2047"},"modified":"2025-10-02T13:36:49","modified_gmt":"2025-10-02T16:36:49","slug":"licenca-maternidade-tem-mudanca-enorme-apos-leis-de-lula","status":"publish","type":"post","link":"https:\/\/tribunademinas.audiencelabs.com.br\/licenca-maternidade-tem-mudanca-enorme-apos-leis-de-lula\/","title":{"rendered":"Licen\u00e7a maternidade tem mudan\u00e7a enorme ap\u00f3s leis de Lula"},"content":{"rendered":"\n<p>Nesta semana, o presidente Luiz In\u00e1cio Lula da Silva (PT) sancionou leis que foram consideradas um importante avan\u00e7o na prote\u00e7\u00e3o \u00e0 sa\u00fade da mulher e do rec\u00e9m-nascido, pois estabelecem regras mais flex\u00edveis para a <strong>licen\u00e7a-maternidade<\/strong>.<\/p>\n\n\n\n<p>As medidas alteram a Consolida\u00e7\u00e3o das Leis do Trabalho (CLT), e servem tanto para <strong>prorrogar o tempo de afastamento<\/strong>, quanto para <strong>ampliar o prazo de recebimento do sal\u00e1rio-maternidade<\/strong>.<\/p>\n\n\n\n<p>Agora, caso a m\u00e3e ou o beb\u00ea precisem, a licen\u00e7a poder\u00e1 ser <strong>prorrogada por 120 dias ap\u00f3s a alta<\/strong>, descontando o tempo de repouso antes do parto, e o sal\u00e1rio ser\u00e1 pago integralmente durante todo o per\u00edodo.<\/p>\n\n\n\n<p>Vale destacar que a iniciativa beneficiar\u00e1 especialmente os casos de nascimentos prematuros, nos quais o tempo de interna\u00e7\u00e3o do beb\u00ea costuma ser maior. Gra\u00e7as aos novos recursos, as m\u00e3es ter\u00e3o mais tempo e tranquilidade para cuidar dos rec\u00e9m-nascidos.<\/p>\n\n\n\n<p>Em 2022, o Supremo Tribunal Federal (STF) j\u00e1 havia determinado que a contagem da licen\u00e7a e do sal\u00e1rio-maternidade, nos casos em que a m\u00e3e ou o beb\u00ea permanecessem internados, deveria iniciar somente a partir da alta hospitalar. Assim, a decis\u00e3o recente veio para consolidar e alinhar esse entendimento.<\/p>\n\n\n\n<h2 class=\"wp-block-heading\">Lula sanciona PL que estimula desenvolvimento integral da primeira inf\u00e2ncia<\/h2>\n\n\n\n<p>Junto com as mudan\u00e7as na licen\u00e7a-maternidade, Lula tamb\u00e9m sancionou o Projeto de Lei 853\/2023, que cria a <strong>Semana Nacional de Conscientiza\u00e7\u00e3o sobre os Cuidados com Gestantes e M\u00e3es<\/strong>, refor\u00e7ando ainda mais as pol\u00edticas de aten\u00e7\u00e3o e apoio \u00e0s fam\u00edlias.<\/p>\n\n\n\n<p>Basicamente, a iniciativa ter\u00e1 como foco os chamados primeiros mil dias, que \u00e9 o per\u00edodo que vai da gesta\u00e7\u00e3o at\u00e9 o segundo ano de vida da crian\u00e7a, visto por especialistas como um momento crucial para o desenvolvimento pleno da primeira inf\u00e2ncia.<\/p>\n\n\n\n<p>Vale ressaltar que ambas as san\u00e7\u00f5es foram assinadas durante a abertura da 5\u00aa Confer\u00eancia Nacional de Pol\u00edticas para as Mulheres, em Bras\u00edlia, e foram oficializadas por meio de publica\u00e7\u00e3o no Di\u00e1rio Oficial da Uni\u00e3o desta ter\u00e7a-feira (30).<\/p>\n","protected":false},"excerpt":{"rendered":"<p>Nesta semana, o presidente Luiz In\u00e1cio Lula da Silva (PT) sancionou leis que foram consideradas um importante avan\u00e7o na prote\u00e7\u00e3o \u00e0 sa\u00fade da mulher e do rec\u00e9m-nascido, pois estabelecem regras mais flex\u00edveis para a licen\u00e7a-maternidade. As medidas alteram a Consolida\u00e7\u00e3o das Leis do Trabalho (CLT), e servem tanto para prorrogar o tempo de afastamento, quanto [&hellip;]<\/p>\n","protected":false},"author":3,"featured_media":2048,"comment_status":"open","ping_status":"open","sticky":false,"template":"","format":"standard","meta":{"jnews-multi-image_gallery":[],"jnews_single_post":{"format":"standard"},"jnews_primary_category":[],"jnews_social_meta":[],"jnews_post_split":[],"footnotes":""},"categories":[159],"tags":[],"class_list":["post-2047","post","type-post","status-publish","format-standard","has-post-thumbnail","hentry","category-cidadania"],"yoast_head":"<!-- This site is optimized with the Yoast SEO plugin v25.6 - https:\/\/yoast.com\/wordpress\/plugins\/seo\/ -->\n<title>Licen\u00e7a maternidade tem mudan\u00e7a enorme ap\u00f3s leis de Lula<\/title>\n<meta name=\"robots\" content=\"index, follow, max-snippet:-1, max-image-preview:large, max-video-preview:-1\" \/>\n<link rel=\"canonical\" href=\"https:\/\/tribunademinas.audiencelabs.com.br\/licenca-maternidade-tem-mudanca-enorme-apos-leis-de-lula\/\" \/>\n<meta property=\"og:locale\" content=\"pt_BR\" \/>\n<meta property=\"og:type\" content=\"article\" \/>\n<meta property=\"og:title\" content=\"Licen\u00e7a maternidade tem mudan\u00e7a enorme ap\u00f3s leis de Lula\" \/>\n<meta property=\"og:description\" content=\"Nesta semana, o presidente Luiz In\u00e1cio Lula da Silva (PT) sancionou leis que foram consideradas um importante avan\u00e7o na prote\u00e7\u00e3o \u00e0 sa\u00fade da mulher e do rec\u00e9m-nascido, pois estabelecem regras mais flex\u00edveis para a licen\u00e7a-maternidade. As medidas alteram a Consolida\u00e7\u00e3o das Leis do Trabalho (CLT), e servem tanto para prorrogar o tempo de afastamento, quanto [&hellip;]\" \/>\n<meta property=\"og:url\" content=\"https:\/\/tribunademinas.audiencelabs.com.br\/licenca-maternidade-tem-mudanca-enorme-apos-leis-de-lula\/\" \/>\n<meta property=\"og:site_name\" content=\"Tribuna de Minas - Dinheiro e Cidadania\" \/>\n<meta property=\"article:publisher\" content=\"https:\/\/www.facebook.com\/tribunademinas\/\" \/>\n<meta property=\"article:published_time\" content=\"2025-10-03T13:00:00+00:00\" \/>\n<meta property=\"og:image\" content=\"https:\/\/tribunademinas.audiencelabs.com.br\/wp-content\/uploads\/2025\/10\/licenca-maternidade-mudanca-enorme-leis-lula.jpg\" \/>\n\t<meta property=\"og:image:width\" content=\"1920\" \/>\n\t<meta property=\"og:image:height\" content=\"1080\" \/>\n\t<meta property=\"og:image:type\" content=\"image\/jpeg\" \/>\n<meta name=\"author\" content=\"Jo\u00e3o Carlos Gomes\" \/>\n<meta name=\"twitter:card\" content=\"summary_large_image\" \/>\n<meta name=\"twitter:creator\" content=\"@tribunademinas\" \/>\n<meta name=\"twitter:site\" content=\"@tribunademinas\" \/>\n<meta name=\"twitter:label1\" content=\"Escrito por\" \/>\n\t<meta name=\"twitter:data1\" content=\"Jo\u00e3o Carlos Gomes\" \/>\n\t<meta name=\"twitter:label2\" content=\"Est. tempo de leitura\" \/>\n\t<meta name=\"twitter:data2\" content=\"2 minutos\" \/>\n<!-- \/ Yoast SEO plugin. -->","yoast_head_json":{"title":"Licen\u00e7a maternidade tem mudan\u00e7a enorme ap\u00f3s leis de Lula","robots":{"index":"index","follow":"follow","max-snippet":"max-snippet:-1","max-image-preview":"max-image-preview:large","max-video-preview":"max-video-preview:-1"},"canonical":"https:\/\/tribunademinas.audiencelabs.com.br\/licenca-maternidade-tem-mudanca-enorme-apos-leis-de-lula\/","og_locale":"pt_BR","og_type":"article","og_title":"Licen\u00e7a maternidade tem mudan\u00e7a enorme ap\u00f3s leis de Lula","og_description":"Nesta semana, o presidente Luiz In\u00e1cio Lula da Silva (PT) sancionou leis que foram consideradas um importante avan\u00e7o na prote\u00e7\u00e3o \u00e0 sa\u00fade da mulher e do rec\u00e9m-nascido, pois estabelecem regras mais flex\u00edveis para a licen\u00e7a-maternidade. As medidas alteram a Consolida\u00e7\u00e3o das Leis do Trabalho (CLT), e servem tanto para prorrogar o tempo de afastamento, quanto [&hellip;]","og_url":"https:\/\/tribunademinas.audiencelabs.com.br\/licenca-maternidade-tem-mudanca-enorme-apos-leis-de-lula\/","og_site_name":"Tribuna de Minas - Dinheiro e Cidadania","article_publisher":"https:\/\/www.facebook.com\/tribunademinas\/","article_published_time":"2025-10-03T13:00:00+00:00","og_image":[{"width":1920,"height":1080,"url":"https:\/\/tribunademinas.audiencelabs.com.br\/wp-content\/uploads\/2025\/10\/licenca-maternidade-mudanca-enorme-leis-lula.jpg","type":"image\/jpeg"}],"author":"Jo\u00e3o Carlos Gomes","twitter_card":"summary_large_image","twitter_creator":"@tribunademinas","twitter_site":"@tribunademinas","twitter_misc":{"Escrito por":"Jo\u00e3o Carlos Gomes","Est. tempo de leitura":"2 minutos"},"schema":{"@context":"https:\/\/schema.org","@graph":[{"@type":"Article","@id":"https:\/\/tribunademinas.audiencelabs.com.br\/licenca-maternidade-tem-mudanca-enorme-apos-leis-de-lula\/#article","isPartOf":{"@id":"https:\/\/tribunademinas.audiencelabs.com.br\/licenca-maternidade-tem-mudanca-enorme-apos-leis-de-lula\/"},"author":{"name":"Jo\u00e3o Carlos Gomes","@id":"https:\/\/tribunademinas.audiencelabs.com.br\/#\/schema\/person\/37af466a64a722fadb8ef6841c52114f"},"headline":"Licen\u00e7a maternidade tem mudan\u00e7a enorme ap\u00f3s leis de Lula","datePublished":"2025-10-03T13:00:00+00:00","mainEntityOfPage":{"@id":"https:\/\/tribunademinas.audiencelabs.com.br\/licenca-maternidade-tem-mudanca-enorme-apos-leis-de-lula\/"},"wordCount":363,"commentCount":0,"publisher":{"@id":"https:\/\/tribunademinas.audiencelabs.com.br\/#organization"},"image":{"@id":"https:\/\/tribunademinas.audiencelabs.com.br\/licenca-maternidade-tem-mudanca-enorme-apos-leis-de-lula\/#primaryimage"},"thumbnailUrl":"https:\/\/tribunademinas.audiencelabs.com.br\/wp-content\/uploads\/2025\/10\/licenca-maternidade-mudanca-enorme-leis-lula.jpg","articleSection":["Cidadania"],"inLanguage":"pt-BR","potentialAction":[{"@type":"CommentAction","name":"Comment","target":["https:\/\/tribunademinas.audiencelabs.com.br\/licenca-maternidade-tem-mudanca-enorme-apos-leis-de-lula\/#respond"]}]},{"@type":"WebPage","@id":"https:\/\/tribunademinas.audiencelabs.com.br\/licenca-maternidade-tem-mudanca-enorme-apos-leis-de-lula\/","url":"https:\/\/tribunademinas.audiencelabs.com.br\/licenca-maternidade-tem-mudanca-enorme-apos-leis-de-lula\/","name":"Licen\u00e7a maternidade tem mudan\u00e7a enorme ap\u00f3s leis de Lula","isPartOf":{"@id":"https:\/\/tribunademinas.audiencelabs.com.br\/#website"},"primaryImageOfPage":{"@id":"https:\/\/tribunademinas.audiencelabs.com.br\/licenca-maternidade-tem-mudanca-enorme-apos-leis-de-lula\/#primaryimage"},"image":{"@id":"https:\/\/tribunademinas.audiencelabs.com.br\/licenca-maternidade-tem-mudanca-enorme-apos-leis-de-lula\/#primaryimage"},"thumbnailUrl":"https:\/\/tribunademinas.audiencelabs.com.br\/wp-content\/uploads\/2025\/10\/licenca-maternidade-mudanca-enorme-leis-lula.jpg","datePublished":"2025-10-03T13:00:00+00:00","breadcrumb":{"@id":"https:\/\/tribunademinas.audiencelabs.com.br\/licenca-maternidade-tem-mudanca-enorme-apos-leis-de-lula\/#breadcrumb"},"inLanguage":"pt-BR","potentialAction":[{"@type":"ReadAction","target":["https:\/\/tribunademinas.audiencelabs.com.br\/licenca-maternidade-tem-mudanca-enorme-apos-leis-de-lula\/"]}]},{"@type":"ImageObject","inLanguage":"pt-BR","@id":"https:\/\/tribunademinas.audiencelabs.com.br\/licenca-maternidade-tem-mudanca-enorme-apos-leis-de-lula\/#primaryimage","url":"https:\/\/tribunademinas.audiencelabs.com.br\/wp-content\/uploads\/2025\/10\/licenca-maternidade-mudanca-enorme-leis-lula.jpg","contentUrl":"https:\/\/tribunademinas.audiencelabs.com.br\/wp-content\/uploads\/2025\/10\/licenca-maternidade-mudanca-enorme-leis-lula.jpg","width":1920,"height":1080,"caption":"Foto: Aditya Romansa\/Unsplash"},{"@type":"BreadcrumbList","@id":"https:\/\/tribunademinas.audiencelabs.com.br\/licenca-maternidade-tem-mudanca-enorme-apos-leis-de-lula\/#breadcrumb","itemListElement":[{"@type":"ListItem","position":1,"name":"In\u00edcio","item":"https:\/\/tribunademinas.audiencelabs.com.br\/"},{"@type":"ListItem","position":2,"name":"Licen\u00e7a maternidade tem mudan\u00e7a enorme ap\u00f3s leis de Lula"}]},{"@type":"WebSite","@id":"https:\/\/tribunademinas.audiencelabs.com.br\/#website","url":"https:\/\/tribunademinas.audiencelabs.com.br\/","name":"Tribuna de Minas - Dinheiro e Cidadania","description":"","publisher":{"@id":"https:\/\/tribunademinas.audiencelabs.com.br\/#organization"},"potentialAction":[{"@type":"SearchAction","target":{"@type":"EntryPoint","urlTemplate":"https:\/\/tribunademinas.audiencelabs.com.br\/?s={search_term_string}"},"query-input":{"@type":"PropertyValueSpecification","valueRequired":true,"valueName":"search_term_string"}}],"inLanguage":"pt-BR"},{"@type":"Organization","@id":"https:\/\/tribunademinas.audiencelabs.com.br\/#organization","name":"Tribuna de Minas - Dinheiro e Cidadania","url":"https:\/\/tribunademinas.audiencelabs.com.br\/","logo":{"@type":"ImageObject","inLanguage":"pt-BR","@id":"https:\/\/tribunademinas.audiencelabs.com.br\/#\/schema\/logo\/image\/","url":"https:\/\/tribunademinas.audiencelabs.com.br\/wp-content\/uploads\/2025\/08\/cropped-Tribuna_512x512-96x96-1.png","contentUrl":"https:\/\/tribunademinas.audiencelabs.com.br\/wp-content\/uploads\/2025\/08\/cropped-Tribuna_512x512-96x96-1.png","width":96,"height":96,"caption":"Tribuna de Minas - Dinheiro e Cidadania"},"image":{"@id":"https:\/\/tribunademinas.audiencelabs.com.br\/#\/schema\/logo\/image\/"},"sameAs":["https:\/\/www.facebook.com\/tribunademinas\/","https:\/\/x.com\/tribunademinas","https:\/\/www.instagram.com\/tribunademinas\/","https:\/\/www.youtube.com\/user\/TribunadeMinasJF"]},{"@type":"Person","@id":"https:\/\/tribunademinas.audiencelabs.com.br\/#\/schema\/person\/37af466a64a722fadb8ef6841c52114f","name":"Jo\u00e3o Carlos Gomes","image":{"@type":"ImageObject","inLanguage":"pt-BR","@id":"https:\/\/tribunademinas.audiencelabs.com.br\/#\/schema\/person\/image\/","url":"https:\/\/secure.gravatar.com\/avatar\/4ce4672dbdd694b329cd6fdb51bee7d1409be1f0ff76a537e4c4a737b2c7d1a9?s=96&d=mm&r=g","contentUrl":"https:\/\/secure.gravatar.com\/avatar\/4ce4672dbdd694b329cd6fdb51bee7d1409be1f0ff76a537e4c4a737b2c7d1a9?s=96&d=mm&r=g","caption":"Jo\u00e3o Carlos Gomes"},"description":"Jornalista formado pelo Centro Universit\u00e1rio Carioca, apreciador da Bossa Nova ao Metal Extremo, criador de conte\u00fado e m\u00fasico independente nas horas vagas.","url":"https:\/\/tribunademinas.audiencelabs.com.br\/author\/joaoc-junior\/"}]}},"amp_enabled":true,"_links":{"self":[{"href":"https:\/\/tribunademinas.audiencelabs.com.br\/wp-json\/wp\/v2\/posts\/2047","targetHints":{"allow":["GET"]}}],"collection":[{"href":"https:\/\/tribunademinas.audiencelabs.com.br\/wp-json\/wp\/v2\/posts"}],"about":[{"href":"https:\/\/tribunademinas.audiencelabs.com.br\/wp-json\/wp\/v2\/types\/post"}],"author":[{"embeddable":true,"href":"https:\/\/tribunademinas.audiencelabs.com.br\/wp-json\/wp\/v2\/users\/3"}],"replies":[{"embeddable":true,"href":"https:\/\/tribunademinas.audiencelabs.com.br\/wp-json\/wp\/v2\/comments?post=2047"}],"version-history":[{"count":1,"href":"https:\/\/tribunademinas.audiencelabs.com.br\/wp-json\/wp\/v2\/posts\/2047\/revisions"}],"predecessor-version":[{"id":2049,"href":"https:\/\/tribunademinas.audiencelabs.com.br\/wp-json\/wp\/v2\/posts\/2047\/revisions\/2049"}],"wp:featuredmedia":[{"embeddable":true,"href":"https:\/\/tribunademinas.audiencelabs.com.br\/wp-json\/wp\/v2\/media\/2048"}],"wp:attachment":[{"href":"https:\/\/tribunademinas.audiencelabs.com.br\/wp-json\/wp\/v2\/media?parent=2047"}],"wp:term":[{"taxonomy":"category","embeddable":true,"href":"https:\/\/tribunademinas.audiencelabs.com.br\/wp-json\/wp\/v2\/categories?post=2047"},{"taxonomy":"post_tag","embeddable":true,"href":"https:\/\/tribunademinas.audiencelabs.com.br\/wp-json\/wp\/v2\/tags?post=2047"}],"curies":[{"name":"wp","href":"https:\/\/api.w.org\/{rel}","templated":true}]}}