{"id":2044,"date":"2025-10-03T08:00:00","date_gmt":"2025-10-03T11:00:00","guid":{"rendered":"https:\/\/tribunademinas.audiencelabs.com.br\/?p=2044"},"modified":"2025-10-02T13:05:12","modified_gmt":"2025-10-02T16:05:12","slug":"meis-recebem-notificacao-da-receita-federal-com-alerta-vermelho","status":"publish","type":"post","link":"https:\/\/tribunademinas.audiencelabs.com.br\/meis-recebem-notificacao-da-receita-federal-com-alerta-vermelho\/","title":{"rendered":"MEIs recebem notifica\u00e7\u00e3o da Receita Federal com alerta vermelho"},"content":{"rendered":"\n<p>O regime de <strong>Microempreendedor Individual (MEI)<\/strong> permitiu que muitos trabalhadores aut\u00f4nomos pudessem conquistar sua regulariza\u00e7\u00e3o, garantindo acesso a benef\u00edcios como aposentadorias e licen\u00e7as. Contudo, para isso, \u00e9 importante se lembrar de arcar com o pagamento mensal do Documento de Arrecada\u00e7\u00e3o do Simples Nacional (DAS).<\/p>\n\n\n\n<p>Afinal, o documento n\u00e3o s\u00f3 serve para garantir que o microempreendedor se mantenha em dia com as suas obriga\u00e7\u00f5es fiscais, como ainda assegura a estadia no regime, uma vez que a aus\u00eancia de pagamentos pode fazer com que o CNPJ seja exclu\u00eddo do Simples Nacional.<\/p>\n\n\n\n<p>Vale lembrar que, desde agosto, a <strong>Receita Federal<\/strong> passou a encaminhar notifica\u00e7\u00f5es para MEIs com d\u00e9bitos, alertando sobre os valores em aberto e os riscos caso a cobran\u00e7a n\u00e3o seja quitada.<\/p>\n\n\n\n<p>Estas notifica\u00e7\u00f5es podem ser acessadas atrav\u00e9s do <strong>Portal do Simples Nacional<\/strong>. Para isso, ao acessar o site, basta selecionar a op\u00e7\u00e3o Simei &#8211; Servi\u00e7os&#8221; e, posteriormente, &#8220;Comunica\u00e7\u00f5es&#8221;.<\/p>\n\n\n\n<p>Por fim, os avisos estar\u00e3o \u00e0 disposi\u00e7\u00e3o na op\u00e7\u00e3o <strong>&#8220;Domic\u00edlio Tribut\u00e1rio Eletr\u00f4nico do Simples Nacional e MEI&#8221;<\/strong>. Ap\u00f3s conferir os d\u00e9bitos, \u00e9 preciso gerar o DAS referente a cada um deles para quitar as parcelas vencidas, ou solicitar o parcelamento, se necess\u00e1rio.<\/p>\n\n\n\n<h2 class=\"wp-block-heading\">Consequ\u00eancias do n\u00e3o pagamento do DAS MEI<\/h2>\n\n\n\n<p>Conforme mencionado anteriormente, o n\u00e3o pagamento do DAS pode acarretar diversas consequ\u00eancias, capazes de comprometer de forma significativa a vida dos MEIs. S\u00e3o elas:<\/p>\n\n\n\n<ul class=\"wp-block-list\">\n<li>Multas limitadas a 20% do valor do d\u00e9bito e juros calculados pela taxa Selic;<\/li>\n\n\n\n<li>Perda de benef\u00edcios previdenci\u00e1rios;<\/li>\n\n\n\n<li>Bloqueio e exclus\u00e3o do CNPJ do Simples Nacional, afetando o funcionamento da empresa;<\/li>\n\n\n\n<li>Dificuldade para emitir notas fiscais;<\/li>\n\n\n\n<li>Inscri\u00e7\u00e3o na d\u00edvida ativa no CPF, impactando o hist\u00f3rico de cr\u00e9idto e dificultando a aprova\u00e7\u00e3o de empr\u00e9stimos e financiamentos.<\/li>\n<\/ul>\n\n\n\n<p>Sendo assim, \u00e9 essencial manter os pagamentos em dia para evitar problemas. E em casos extraordin\u00e1rios, \u00e9 recomend\u00e1vel consultar um profissional de contabilidade ou os \u00f3rg\u00e3os competentes para negociar os d\u00e9bitos e encontrar uma solu\u00e7\u00e3o para a regulariza\u00e7\u00e3o.<\/p>\n","protected":false},"excerpt":{"rendered":"<p>O regime de Microempreendedor Individual (MEI) permitiu que muitos trabalhadores aut\u00f4nomos pudessem conquistar sua regulariza\u00e7\u00e3o, garantindo acesso a benef\u00edcios como aposentadorias e licen\u00e7as. Contudo, para isso, \u00e9 importante se lembrar de arcar com o pagamento mensal do Documento de Arrecada\u00e7\u00e3o do Simples Nacional (DAS). Afinal, o documento n\u00e3o s\u00f3 serve para garantir que o microempreendedor [&hellip;]<\/p>\n","protected":false},"author":3,"featured_media":2045,"comment_status":"open","ping_status":"open","sticky":false,"template":"","format":"standard","meta":{"jnews-multi-image_gallery":[],"jnews_single_post":{"format":"standard"},"jnews_primary_category":[],"jnews_social_meta":[],"jnews_post_split":[],"footnotes":""},"categories":[1],"tags":[],"class_list":["post-2044","post","type-post","status-publish","format-standard","has-post-thumbnail","hentry","category-dinheiro"],"yoast_head":"<!-- This site is optimized with the Yoast SEO plugin v25.6 - https:\/\/yoast.com\/wordpress\/plugins\/seo\/ -->\n<title>MEIs recebem notifica\u00e7\u00e3o da Receita Federal com alerta vermelho<\/title>\n<meta name=\"robots\" content=\"index, follow, max-snippet:-1, max-image-preview:large, max-video-preview:-1\" \/>\n<link rel=\"canonical\" href=\"https:\/\/tribunademinas.audiencelabs.com.br\/meis-recebem-notificacao-da-receita-federal-com-alerta-vermelho\/\" \/>\n<meta property=\"og:locale\" content=\"pt_BR\" \/>\n<meta property=\"og:type\" content=\"article\" \/>\n<meta property=\"og:title\" content=\"MEIs recebem notifica\u00e7\u00e3o da Receita Federal com alerta vermelho\" \/>\n<meta property=\"og:description\" content=\"O regime de Microempreendedor Individual (MEI) permitiu que muitos trabalhadores aut\u00f4nomos pudessem conquistar sua regulariza\u00e7\u00e3o, garantindo acesso a benef\u00edcios como aposentadorias e licen\u00e7as. Contudo, para isso, \u00e9 importante se lembrar de arcar com o pagamento mensal do Documento de Arrecada\u00e7\u00e3o do Simples Nacional (DAS). Afinal, o documento n\u00e3o s\u00f3 serve para garantir que o microempreendedor [&hellip;]\" \/>\n<meta property=\"og:url\" content=\"https:\/\/tribunademinas.audiencelabs.com.br\/meis-recebem-notificacao-da-receita-federal-com-alerta-vermelho\/\" \/>\n<meta property=\"og:site_name\" content=\"Tribuna de Minas - Dinheiro e Cidadania\" \/>\n<meta property=\"article:publisher\" content=\"https:\/\/www.facebook.com\/tribunademinas\/\" \/>\n<meta property=\"article:published_time\" content=\"2025-10-03T11:00:00+00:00\" \/>\n<meta property=\"og:image\" content=\"https:\/\/tribunademinas.audiencelabs.com.br\/wp-content\/uploads\/2025\/10\/meis-recebem-notificacao-receita-federal-alerta-vermelho.webp\" \/>\n\t<meta property=\"og:image:width\" content=\"1280\" \/>\n\t<meta property=\"og:image:height\" content=\"720\" \/>\n\t<meta property=\"og:image:type\" content=\"image\/webp\" \/>\n<meta name=\"author\" content=\"Jo\u00e3o Carlos Gomes\" \/>\n<meta name=\"twitter:card\" content=\"summary_large_image\" \/>\n<meta name=\"twitter:creator\" content=\"@tribunademinas\" \/>\n<meta name=\"twitter:site\" content=\"@tribunademinas\" \/>\n<meta name=\"twitter:label1\" content=\"Escrito por\" \/>\n\t<meta name=\"twitter:data1\" content=\"Jo\u00e3o Carlos Gomes\" \/>\n\t<meta name=\"twitter:label2\" content=\"Est. tempo de leitura\" \/>\n\t<meta name=\"twitter:data2\" content=\"2 minutos\" \/>\n<!-- \/ Yoast SEO plugin. -->","yoast_head_json":{"title":"MEIs recebem notifica\u00e7\u00e3o da Receita Federal com alerta vermelho","robots":{"index":"index","follow":"follow","max-snippet":"max-snippet:-1","max-image-preview":"max-image-preview:large","max-video-preview":"max-video-preview:-1"},"canonical":"https:\/\/tribunademinas.audiencelabs.com.br\/meis-recebem-notificacao-da-receita-federal-com-alerta-vermelho\/","og_locale":"pt_BR","og_type":"article","og_title":"MEIs recebem notifica\u00e7\u00e3o da Receita Federal com alerta vermelho","og_description":"O regime de Microempreendedor Individual (MEI) permitiu que muitos trabalhadores aut\u00f4nomos pudessem conquistar sua regulariza\u00e7\u00e3o, garantindo acesso a benef\u00edcios como aposentadorias e licen\u00e7as. Contudo, para isso, \u00e9 importante se lembrar de arcar com o pagamento mensal do Documento de Arrecada\u00e7\u00e3o do Simples Nacional (DAS). Afinal, o documento n\u00e3o s\u00f3 serve para garantir que o microempreendedor [&hellip;]","og_url":"https:\/\/tribunademinas.audiencelabs.com.br\/meis-recebem-notificacao-da-receita-federal-com-alerta-vermelho\/","og_site_name":"Tribuna de Minas - Dinheiro e Cidadania","article_publisher":"https:\/\/www.facebook.com\/tribunademinas\/","article_published_time":"2025-10-03T11:00:00+00:00","og_image":[{"width":1280,"height":720,"url":"https:\/\/tribunademinas.audiencelabs.com.br\/wp-content\/uploads\/2025\/10\/meis-recebem-notificacao-receita-federal-alerta-vermelho.webp","type":"image\/webp"}],"author":"Jo\u00e3o Carlos Gomes","twitter_card":"summary_large_image","twitter_creator":"@tribunademinas","twitter_site":"@tribunademinas","twitter_misc":{"Escrito por":"Jo\u00e3o Carlos Gomes","Est. tempo de leitura":"2 minutos"},"schema":{"@context":"https:\/\/schema.org","@graph":[{"@type":"Article","@id":"https:\/\/tribunademinas.audiencelabs.com.br\/meis-recebem-notificacao-da-receita-federal-com-alerta-vermelho\/#article","isPartOf":{"@id":"https:\/\/tribunademinas.audiencelabs.com.br\/meis-recebem-notificacao-da-receita-federal-com-alerta-vermelho\/"},"author":{"name":"Jo\u00e3o Carlos Gomes","@id":"https:\/\/tribunademinas.audiencelabs.com.br\/#\/schema\/person\/37af466a64a722fadb8ef6841c52114f"},"headline":"MEIs recebem notifica\u00e7\u00e3o da Receita Federal com alerta vermelho","datePublished":"2025-10-03T11:00:00+00:00","mainEntityOfPage":{"@id":"https:\/\/tribunademinas.audiencelabs.com.br\/meis-recebem-notificacao-da-receita-federal-com-alerta-vermelho\/"},"wordCount":365,"commentCount":0,"publisher":{"@id":"https:\/\/tribunademinas.audiencelabs.com.br\/#organization"},"image":{"@id":"https:\/\/tribunademinas.audiencelabs.com.br\/meis-recebem-notificacao-da-receita-federal-com-alerta-vermelho\/#primaryimage"},"thumbnailUrl":"https:\/\/tribunademinas.audiencelabs.com.br\/wp-content\/uploads\/2025\/10\/meis-recebem-notificacao-receita-federal-alerta-vermelho.webp","articleSection":["Dinheiro"],"inLanguage":"pt-BR","potentialAction":[{"@type":"CommentAction","name":"Comment","target":["https:\/\/tribunademinas.audiencelabs.com.br\/meis-recebem-notificacao-da-receita-federal-com-alerta-vermelho\/#respond"]}]},{"@type":"WebPage","@id":"https:\/\/tribunademinas.audiencelabs.com.br\/meis-recebem-notificacao-da-receita-federal-com-alerta-vermelho\/","url":"https:\/\/tribunademinas.audiencelabs.com.br\/meis-recebem-notificacao-da-receita-federal-com-alerta-vermelho\/","name":"MEIs recebem notifica\u00e7\u00e3o da Receita Federal com alerta vermelho","isPartOf":{"@id":"https:\/\/tribunademinas.audiencelabs.com.br\/#website"},"primaryImageOfPage":{"@id":"https:\/\/tribunademinas.audiencelabs.com.br\/meis-recebem-notificacao-da-receita-federal-com-alerta-vermelho\/#primaryimage"},"image":{"@id":"https:\/\/tribunademinas.audiencelabs.com.br\/meis-recebem-notificacao-da-receita-federal-com-alerta-vermelho\/#primaryimage"},"thumbnailUrl":"https:\/\/tribunademinas.audiencelabs.com.br\/wp-content\/uploads\/2025\/10\/meis-recebem-notificacao-receita-federal-alerta-vermelho.webp","datePublished":"2025-10-03T11:00:00+00:00","breadcrumb":{"@id":"https:\/\/tribunademinas.audiencelabs.com.br\/meis-recebem-notificacao-da-receita-federal-com-alerta-vermelho\/#breadcrumb"},"inLanguage":"pt-BR","potentialAction":[{"@type":"ReadAction","target":["https:\/\/tribunademinas.audiencelabs.com.br\/meis-recebem-notificacao-da-receita-federal-com-alerta-vermelho\/"]}]},{"@type":"ImageObject","inLanguage":"pt-BR","@id":"https:\/\/tribunademinas.audiencelabs.com.br\/meis-recebem-notificacao-da-receita-federal-com-alerta-vermelho\/#primaryimage","url":"https:\/\/tribunademinas.audiencelabs.com.br\/wp-content\/uploads\/2025\/10\/meis-recebem-notificacao-receita-federal-alerta-vermelho.webp","contentUrl":"https:\/\/tribunademinas.audiencelabs.com.br\/wp-content\/uploads\/2025\/10\/meis-recebem-notificacao-receita-federal-alerta-vermelho.webp","width":1280,"height":720,"caption":"Foto: Marcello Casal Jr\/Ag\u00eancia Brasil"},{"@type":"BreadcrumbList","@id":"https:\/\/tribunademinas.audiencelabs.com.br\/meis-recebem-notificacao-da-receita-federal-com-alerta-vermelho\/#breadcrumb","itemListElement":[{"@type":"ListItem","position":1,"name":"In\u00edcio","item":"https:\/\/tribunademinas.audiencelabs.com.br\/"},{"@type":"ListItem","position":2,"name":"MEIs recebem notifica\u00e7\u00e3o da Receita Federal com alerta vermelho"}]},{"@type":"WebSite","@id":"https:\/\/tribunademinas.audiencelabs.com.br\/#website","url":"https:\/\/tribunademinas.audiencelabs.com.br\/","name":"Tribuna de Minas - Dinheiro e Cidadania","description":"","publisher":{"@id":"https:\/\/tribunademinas.audiencelabs.com.br\/#organization"},"potentialAction":[{"@type":"SearchAction","target":{"@type":"EntryPoint","urlTemplate":"https:\/\/tribunademinas.audiencelabs.com.br\/?s={search_term_string}"},"query-input":{"@type":"PropertyValueSpecification","valueRequired":true,"valueName":"search_term_string"}}],"inLanguage":"pt-BR"},{"@type":"Organization","@id":"https:\/\/tribunademinas.audiencelabs.com.br\/#organization","name":"Tribuna de Minas - Dinheiro e Cidadania","url":"https:\/\/tribunademinas.audiencelabs.com.br\/","logo":{"@type":"ImageObject","inLanguage":"pt-BR","@id":"https:\/\/tribunademinas.audiencelabs.com.br\/#\/schema\/logo\/image\/","url":"https:\/\/tribunademinas.audiencelabs.com.br\/wp-content\/uploads\/2025\/08\/cropped-Tribuna_512x512-96x96-1.png","contentUrl":"https:\/\/tribunademinas.audiencelabs.com.br\/wp-content\/uploads\/2025\/08\/cropped-Tribuna_512x512-96x96-1.png","width":96,"height":96,"caption":"Tribuna de Minas - Dinheiro e Cidadania"},"image":{"@id":"https:\/\/tribunademinas.audiencelabs.com.br\/#\/schema\/logo\/image\/"},"sameAs":["https:\/\/www.facebook.com\/tribunademinas\/","https:\/\/x.com\/tribunademinas","https:\/\/www.instagram.com\/tribunademinas\/","https:\/\/www.youtube.com\/user\/TribunadeMinasJF"]},{"@type":"Person","@id":"https:\/\/tribunademinas.audiencelabs.com.br\/#\/schema\/person\/37af466a64a722fadb8ef6841c52114f","name":"Jo\u00e3o Carlos Gomes","image":{"@type":"ImageObject","inLanguage":"pt-BR","@id":"https:\/\/tribunademinas.audiencelabs.com.br\/#\/schema\/person\/image\/","url":"https:\/\/secure.gravatar.com\/avatar\/4ce4672dbdd694b329cd6fdb51bee7d1409be1f0ff76a537e4c4a737b2c7d1a9?s=96&d=mm&r=g","contentUrl":"https:\/\/secure.gravatar.com\/avatar\/4ce4672dbdd694b329cd6fdb51bee7d1409be1f0ff76a537e4c4a737b2c7d1a9?s=96&d=mm&r=g","caption":"Jo\u00e3o Carlos Gomes"},"description":"Jornalista formado pelo Centro Universit\u00e1rio Carioca, apreciador da Bossa Nova ao Metal Extremo, criador de conte\u00fado e m\u00fasico independente nas horas vagas.","url":"https:\/\/tribunademinas.audiencelabs.com.br\/author\/joaoc-junior\/"}]}},"amp_enabled":true,"_links":{"self":[{"href":"https:\/\/tribunademinas.audiencelabs.com.br\/wp-json\/wp\/v2\/posts\/2044","targetHints":{"allow":["GET"]}}],"collection":[{"href":"https:\/\/tribunademinas.audiencelabs.com.br\/wp-json\/wp\/v2\/posts"}],"about":[{"href":"https:\/\/tribunademinas.audiencelabs.com.br\/wp-json\/wp\/v2\/types\/post"}],"author":[{"embeddable":true,"href":"https:\/\/tribunademinas.audiencelabs.com.br\/wp-json\/wp\/v2\/users\/3"}],"replies":[{"embeddable":true,"href":"https:\/\/tribunademinas.audiencelabs.com.br\/wp-json\/wp\/v2\/comments?post=2044"}],"version-history":[{"count":1,"href":"https:\/\/tribunademinas.audiencelabs.com.br\/wp-json\/wp\/v2\/posts\/2044\/revisions"}],"predecessor-version":[{"id":2046,"href":"https:\/\/tribunademinas.audiencelabs.com.br\/wp-json\/wp\/v2\/posts\/2044\/revisions\/2046"}],"wp:featuredmedia":[{"embeddable":true,"href":"https:\/\/tribunademinas.audiencelabs.com.br\/wp-json\/wp\/v2\/media\/2045"}],"wp:attachment":[{"href":"https:\/\/tribunademinas.audiencelabs.com.br\/wp-json\/wp\/v2\/media?parent=2044"}],"wp:term":[{"taxonomy":"category","embeddable":true,"href":"https:\/\/tribunademinas.audiencelabs.com.br\/wp-json\/wp\/v2\/categories?post=2044"},{"taxonomy":"post_tag","embeddable":true,"href":"https:\/\/tribunademinas.audiencelabs.com.br\/wp-json\/wp\/v2\/tags?post=2044"}],"curies":[{"name":"wp","href":"https:\/\/api.w.org\/{rel}","templated":true}]}}