{"id":2032,"date":"2025-10-02T09:45:00","date_gmt":"2025-10-02T12:45:00","guid":{"rendered":"https:\/\/tribunademinas.audiencelabs.com.br\/?p=2032"},"modified":"2025-10-01T20:10:52","modified_gmt":"2025-10-01T23:10:52","slug":"menores-de-idade-estao-sendo-convocados-pelo-nubank","status":"publish","type":"post","link":"https:\/\/tribunademinas.audiencelabs.com.br\/menores-de-idade-estao-sendo-convocados-pelo-nubank\/","title":{"rendered":"Menores de idade est\u00e3o sendo convocados pelo Nubank"},"content":{"rendered":"\n<p>O Nubank est\u00e1 dando um passo ousado na inclus\u00e3o financeira de jovens ao anunciar uma nova modalidade de <a href=\"https:\/\/tribunademinas.com.br\/colunas\/dinheiroecidadania\/atencao-nubank-acaba-de-anunciar-novo-cartao-de-credito\/\"><strong>cart\u00e3o de cr\u00e9dito<\/strong><\/a> voltada exclusivamente para adolescentes entre 16 e 17 anos. <\/p>\n\n\n\n<p>A fintech, que j\u00e1 atraiu milh\u00f5es de brasileiros com sua proposta digital e descomplicada, agora convida menores de idade a abrirem suas pr\u00f3prias contas e experimentarem, pela primeira vez, os benef\u00edcios e responsabilidades do universo do cr\u00e9dito, mas em um ambiente seguro e controlado.<\/p>\n\n\n\n<h2 class=\"wp-block-heading\">Menores de idade est\u00e3o sendo convocados pelo Nubank<\/h2>\n\n\n\n<p>O novo produto integra a <a href=\"https:\/\/blog.nubank.com.br\/conta-menor-de-18\/\"><strong>conta para menores de idade<\/strong><\/a> j\u00e1 oferecida pelo Nubank e vem com uma proposta pedag\u00f3gica: ensinar, na pr\u00e1tica, como lidar com o cr\u00e9dito. <\/p>\n\n\n\n<p>A grande inova\u00e7\u00e3o est\u00e1 na forma como o limite do cart\u00e3o \u00e9 determinado. Em vez de se basear em renda ou an\u00e1lise de perfil de cr\u00e9dito, o valor dispon\u00edvel para uso \u00e9 aquele que os pr\u00f3prios respons\u00e1veis depositam em uma Caixinha espec\u00edfica dentro do aplicativo. <\/p>\n\n\n\n<p>Esse dinheiro serve como uma esp\u00e9cie de \u201clastro\u201d: ele continua rendendo normalmente e, caso o jovem n\u00e3o pague a fatura at\u00e9 o vencimento, o d\u00e9bito ocorre automaticamente da quantia guardada, evitando inadimpl\u00eancia.<\/p>\n\n\n\n<p>A proposta se diferencia justamente por aliar liberdade e prote\u00e7\u00e3o. O adolescente pode usar o cart\u00e3o com autonomia, sem precisar compartilhar senhas ou dados com os pais, mas, ao mesmo tempo, o processo \u00e9 supervisionado. <\/p>\n\n\n\n<p>Os respons\u00e1veis conseguem acompanhar todos os gastos em tempo real por meio do Controle Parental, garantindo uma camada extra de seguran\u00e7a e orienta\u00e7\u00e3o.<\/p>\n\n\n\n<p>Al\u00e9m do controle financeiro, o Nubank pretende incluir em breve miss\u00f5es educativas dentro da plataforma, com dicas e li\u00e7\u00f5es sobre como usar o cr\u00e9dito de forma consciente, economizar e planejar os gastos. A inten\u00e7\u00e3o \u00e9 formar uma nova gera\u00e7\u00e3o de consumidores mais preparados e conscientes.<\/p>\n\n\n\n<h3 class=\"wp-block-heading\">Como solicitar o novo cart\u00e3o do Nubank?<\/h3>\n\n\n\n<p>Para aderir \u00e0 novidade, o primeiro passo \u00e9 que o respons\u00e1vel legal seja cliente do Nubank e tenha criado uma conta para o menor dentro do aplicativo. <\/p>\n\n\n\n<p>A solicita\u00e7\u00e3o do cart\u00e3o de cr\u00e9dito pode ser feita diretamente no app, acessando o perfil do jovem e habilitando a fun\u00e7\u00e3o de cr\u00e9dito. <\/p>\n\n\n\n<p>O lan\u00e7amento ser\u00e1 gradual, inicialmente para quem j\u00e1 possui contas ativas para menores.<\/p>\n\n\n\n<p>Com essa medida, o Nubank se posiciona n\u00e3o apenas como uma institui\u00e7\u00e3o financeira moderna, mas como agente ativo na educa\u00e7\u00e3o financeira dos jovens brasileiros.<\/p>\n\n\n\n<p><\/p>\n","protected":false},"excerpt":{"rendered":"<p>O Nubank est\u00e1 dando um passo ousado na inclus\u00e3o financeira de jovens ao anunciar uma nova modalidade de cart\u00e3o de cr\u00e9dito voltada exclusivamente para adolescentes entre 16 e 17 anos. A fintech, que j\u00e1 atraiu milh\u00f5es de brasileiros com sua proposta digital e descomplicada, agora convida menores de idade a abrirem suas pr\u00f3prias contas e [&hellip;]<\/p>\n","protected":false},"author":5,"featured_media":2033,"comment_status":"open","ping_status":"open","sticky":false,"template":"","format":"standard","meta":{"jnews-multi-image_gallery":[],"jnews_single_post":{"format":"standard"},"jnews_primary_category":[],"jnews_social_meta":[],"jnews_post_split":[],"footnotes":""},"categories":[1],"tags":[],"class_list":["post-2032","post","type-post","status-publish","format-standard","has-post-thumbnail","hentry","category-dinheiro"],"yoast_head":"<!-- This site is optimized with the Yoast SEO plugin v25.6 - https:\/\/yoast.com\/wordpress\/plugins\/seo\/ -->\n<title>Menores de idade est\u00e3o sendo convocados pelo Nubank<\/title>\n<meta name=\"description\" content=\"O Nubank est\u00e1 dando um passo ousado na inclus\u00e3o financeira de jovens ao anunciar uma nova modalidade de cart\u00e3o de cr\u00e9dito.\" \/>\n<meta name=\"robots\" content=\"index, follow, max-snippet:-1, max-image-preview:large, max-video-preview:-1\" \/>\n<link rel=\"canonical\" href=\"https:\/\/tribunademinas.audiencelabs.com.br\/menores-de-idade-estao-sendo-convocados-pelo-nubank\/\" \/>\n<meta property=\"og:locale\" content=\"pt_BR\" \/>\n<meta property=\"og:type\" content=\"article\" \/>\n<meta property=\"og:title\" content=\"Menores de idade est\u00e3o sendo convocados pelo Nubank\" \/>\n<meta property=\"og:description\" content=\"O Nubank est\u00e1 dando um passo ousado na inclus\u00e3o financeira de jovens ao anunciar uma nova modalidade de cart\u00e3o de cr\u00e9dito.\" \/>\n<meta property=\"og:url\" content=\"https:\/\/tribunademinas.audiencelabs.com.br\/menores-de-idade-estao-sendo-convocados-pelo-nubank\/\" \/>\n<meta property=\"og:site_name\" content=\"Tribuna de Minas - Dinheiro e Cidadania\" \/>\n<meta property=\"article:publisher\" content=\"https:\/\/www.facebook.com\/tribunademinas\/\" \/>\n<meta property=\"article:published_time\" content=\"2025-10-02T12:45:00+00:00\" \/>\n<meta property=\"og:image\" content=\"https:\/\/tribunademinas.audiencelabs.com.br\/wp-content\/uploads\/2025\/10\/Nubank.jpg\" \/>\n\t<meta property=\"og:image:width\" content=\"1280\" \/>\n\t<meta property=\"og:image:height\" content=\"680\" \/>\n\t<meta property=\"og:image:type\" content=\"image\/jpeg\" \/>\n<meta name=\"author\" content=\"Jeferson Carvalho\" \/>\n<meta name=\"twitter:card\" content=\"summary_large_image\" \/>\n<meta name=\"twitter:creator\" content=\"@tribunademinas\" \/>\n<meta name=\"twitter:site\" content=\"@tribunademinas\" \/>\n<meta name=\"twitter:label1\" content=\"Escrito por\" \/>\n\t<meta name=\"twitter:data1\" content=\"Jeferson Carvalho\" \/>\n\t<meta name=\"twitter:label2\" content=\"Est. tempo de leitura\" \/>\n\t<meta name=\"twitter:data2\" content=\"3 minutos\" \/>\n<!-- \/ Yoast SEO plugin. -->","yoast_head_json":{"title":"Menores de idade est\u00e3o sendo convocados pelo Nubank","description":"O Nubank est\u00e1 dando um passo ousado na inclus\u00e3o financeira de jovens ao anunciar uma nova modalidade de cart\u00e3o de cr\u00e9dito.","robots":{"index":"index","follow":"follow","max-snippet":"max-snippet:-1","max-image-preview":"max-image-preview:large","max-video-preview":"max-video-preview:-1"},"canonical":"https:\/\/tribunademinas.audiencelabs.com.br\/menores-de-idade-estao-sendo-convocados-pelo-nubank\/","og_locale":"pt_BR","og_type":"article","og_title":"Menores de idade est\u00e3o sendo convocados pelo Nubank","og_description":"O Nubank est\u00e1 dando um passo ousado na inclus\u00e3o financeira de jovens ao anunciar uma nova modalidade de cart\u00e3o de cr\u00e9dito.","og_url":"https:\/\/tribunademinas.audiencelabs.com.br\/menores-de-idade-estao-sendo-convocados-pelo-nubank\/","og_site_name":"Tribuna de Minas - Dinheiro e Cidadania","article_publisher":"https:\/\/www.facebook.com\/tribunademinas\/","article_published_time":"2025-10-02T12:45:00+00:00","og_image":[{"width":1280,"height":680,"url":"https:\/\/tribunademinas.audiencelabs.com.br\/wp-content\/uploads\/2025\/10\/Nubank.jpg","type":"image\/jpeg"}],"author":"Jeferson Carvalho","twitter_card":"summary_large_image","twitter_creator":"@tribunademinas","twitter_site":"@tribunademinas","twitter_misc":{"Escrito por":"Jeferson Carvalho","Est. tempo de leitura":"3 minutos"},"schema":{"@context":"https:\/\/schema.org","@graph":[{"@type":"Article","@id":"https:\/\/tribunademinas.audiencelabs.com.br\/menores-de-idade-estao-sendo-convocados-pelo-nubank\/#article","isPartOf":{"@id":"https:\/\/tribunademinas.audiencelabs.com.br\/menores-de-idade-estao-sendo-convocados-pelo-nubank\/"},"author":{"name":"Jeferson Carvalho","@id":"https:\/\/tribunademinas.audiencelabs.com.br\/#\/schema\/person\/db18fc40307804bacef94213aa68fd9d"},"headline":"Menores de idade est\u00e3o sendo convocados pelo Nubank","datePublished":"2025-10-02T12:45:00+00:00","mainEntityOfPage":{"@id":"https:\/\/tribunademinas.audiencelabs.com.br\/menores-de-idade-estao-sendo-convocados-pelo-nubank\/"},"wordCount":430,"commentCount":0,"publisher":{"@id":"https:\/\/tribunademinas.audiencelabs.com.br\/#organization"},"image":{"@id":"https:\/\/tribunademinas.audiencelabs.com.br\/menores-de-idade-estao-sendo-convocados-pelo-nubank\/#primaryimage"},"thumbnailUrl":"https:\/\/tribunademinas.audiencelabs.com.br\/wp-content\/uploads\/2025\/10\/Nubank.jpg","articleSection":["Dinheiro"],"inLanguage":"pt-BR","potentialAction":[{"@type":"CommentAction","name":"Comment","target":["https:\/\/tribunademinas.audiencelabs.com.br\/menores-de-idade-estao-sendo-convocados-pelo-nubank\/#respond"]}]},{"@type":"WebPage","@id":"https:\/\/tribunademinas.audiencelabs.com.br\/menores-de-idade-estao-sendo-convocados-pelo-nubank\/","url":"https:\/\/tribunademinas.audiencelabs.com.br\/menores-de-idade-estao-sendo-convocados-pelo-nubank\/","name":"Menores de idade est\u00e3o sendo convocados pelo Nubank","isPartOf":{"@id":"https:\/\/tribunademinas.audiencelabs.com.br\/#website"},"primaryImageOfPage":{"@id":"https:\/\/tribunademinas.audiencelabs.com.br\/menores-de-idade-estao-sendo-convocados-pelo-nubank\/#primaryimage"},"image":{"@id":"https:\/\/tribunademinas.audiencelabs.com.br\/menores-de-idade-estao-sendo-convocados-pelo-nubank\/#primaryimage"},"thumbnailUrl":"https:\/\/tribunademinas.audiencelabs.com.br\/wp-content\/uploads\/2025\/10\/Nubank.jpg","datePublished":"2025-10-02T12:45:00+00:00","description":"O Nubank est\u00e1 dando um passo ousado na inclus\u00e3o financeira de jovens ao anunciar uma nova modalidade de cart\u00e3o de cr\u00e9dito.","breadcrumb":{"@id":"https:\/\/tribunademinas.audiencelabs.com.br\/menores-de-idade-estao-sendo-convocados-pelo-nubank\/#breadcrumb"},"inLanguage":"pt-BR","potentialAction":[{"@type":"ReadAction","target":["https:\/\/tribunademinas.audiencelabs.com.br\/menores-de-idade-estao-sendo-convocados-pelo-nubank\/"]}]},{"@type":"ImageObject","inLanguage":"pt-BR","@id":"https:\/\/tribunademinas.audiencelabs.com.br\/menores-de-idade-estao-sendo-convocados-pelo-nubank\/#primaryimage","url":"https:\/\/tribunademinas.audiencelabs.com.br\/wp-content\/uploads\/2025\/10\/Nubank.jpg","contentUrl":"https:\/\/tribunademinas.audiencelabs.com.br\/wp-content\/uploads\/2025\/10\/Nubank.jpg","width":1280,"height":680,"caption":"Menores de idade est\u00e3o sendo convocados pelo Nubank - Imagem: Divulga\u00e7\u00e3o\/Nubank"},{"@type":"BreadcrumbList","@id":"https:\/\/tribunademinas.audiencelabs.com.br\/menores-de-idade-estao-sendo-convocados-pelo-nubank\/#breadcrumb","itemListElement":[{"@type":"ListItem","position":1,"name":"In\u00edcio","item":"https:\/\/tribunademinas.audiencelabs.com.br\/"},{"@type":"ListItem","position":2,"name":"Menores de idade est\u00e3o sendo convocados pelo Nubank"}]},{"@type":"WebSite","@id":"https:\/\/tribunademinas.audiencelabs.com.br\/#website","url":"https:\/\/tribunademinas.audiencelabs.com.br\/","name":"Tribuna de Minas - Dinheiro e Cidadania","description":"","publisher":{"@id":"https:\/\/tribunademinas.audiencelabs.com.br\/#organization"},"potentialAction":[{"@type":"SearchAction","target":{"@type":"EntryPoint","urlTemplate":"https:\/\/tribunademinas.audiencelabs.com.br\/?s={search_term_string}"},"query-input":{"@type":"PropertyValueSpecification","valueRequired":true,"valueName":"search_term_string"}}],"inLanguage":"pt-BR"},{"@type":"Organization","@id":"https:\/\/tribunademinas.audiencelabs.com.br\/#organization","name":"Tribuna de Minas - Dinheiro e Cidadania","url":"https:\/\/tribunademinas.audiencelabs.com.br\/","logo":{"@type":"ImageObject","inLanguage":"pt-BR","@id":"https:\/\/tribunademinas.audiencelabs.com.br\/#\/schema\/logo\/image\/","url":"https:\/\/tribunademinas.audiencelabs.com.br\/wp-content\/uploads\/2025\/08\/cropped-Tribuna_512x512-96x96-1.png","contentUrl":"https:\/\/tribunademinas.audiencelabs.com.br\/wp-content\/uploads\/2025\/08\/cropped-Tribuna_512x512-96x96-1.png","width":96,"height":96,"caption":"Tribuna de Minas - Dinheiro e Cidadania"},"image":{"@id":"https:\/\/tribunademinas.audiencelabs.com.br\/#\/schema\/logo\/image\/"},"sameAs":["https:\/\/www.facebook.com\/tribunademinas\/","https:\/\/x.com\/tribunademinas","https:\/\/www.instagram.com\/tribunademinas\/","https:\/\/www.youtube.com\/user\/TribunadeMinasJF"]},{"@type":"Person","@id":"https:\/\/tribunademinas.audiencelabs.com.br\/#\/schema\/person\/db18fc40307804bacef94213aa68fd9d","name":"Jeferson Carvalho","image":{"@type":"ImageObject","inLanguage":"pt-BR","@id":"https:\/\/tribunademinas.audiencelabs.com.br\/#\/schema\/person\/image\/","url":"https:\/\/secure.gravatar.com\/avatar\/cd7646e328d9670dad7dea8698522e522745eeffcff5b9d08be858e377ce326b?s=96&d=mm&r=g","contentUrl":"https:\/\/secure.gravatar.com\/avatar\/cd7646e328d9670dad7dea8698522e522745eeffcff5b9d08be858e377ce326b?s=96&d=mm&r=g","caption":"Jeferson Carvalho"},"description":"Jornalista apaixonado pela profiss\u00e3o!","url":"https:\/\/tribunademinas.audiencelabs.com.br\/author\/jeferson\/"}]}},"amp_enabled":true,"_links":{"self":[{"href":"https:\/\/tribunademinas.audiencelabs.com.br\/wp-json\/wp\/v2\/posts\/2032","targetHints":{"allow":["GET"]}}],"collection":[{"href":"https:\/\/tribunademinas.audiencelabs.com.br\/wp-json\/wp\/v2\/posts"}],"about":[{"href":"https:\/\/tribunademinas.audiencelabs.com.br\/wp-json\/wp\/v2\/types\/post"}],"author":[{"embeddable":true,"href":"https:\/\/tribunademinas.audiencelabs.com.br\/wp-json\/wp\/v2\/users\/5"}],"replies":[{"embeddable":true,"href":"https:\/\/tribunademinas.audiencelabs.com.br\/wp-json\/wp\/v2\/comments?post=2032"}],"version-history":[{"count":1,"href":"https:\/\/tribunademinas.audiencelabs.com.br\/wp-json\/wp\/v2\/posts\/2032\/revisions"}],"predecessor-version":[{"id":2034,"href":"https:\/\/tribunademinas.audiencelabs.com.br\/wp-json\/wp\/v2\/posts\/2032\/revisions\/2034"}],"wp:featuredmedia":[{"embeddable":true,"href":"https:\/\/tribunademinas.audiencelabs.com.br\/wp-json\/wp\/v2\/media\/2033"}],"wp:attachment":[{"href":"https:\/\/tribunademinas.audiencelabs.com.br\/wp-json\/wp\/v2\/media?parent=2032"}],"wp:term":[{"taxonomy":"category","embeddable":true,"href":"https:\/\/tribunademinas.audiencelabs.com.br\/wp-json\/wp\/v2\/categories?post=2032"},{"taxonomy":"post_tag","embeddable":true,"href":"https:\/\/tribunademinas.audiencelabs.com.br\/wp-json\/wp\/v2\/tags?post=2032"}],"curies":[{"name":"wp","href":"https:\/\/api.w.org\/{rel}","templated":true}]}}