{"id":1964,"date":"2025-10-04T05:00:00","date_gmt":"2025-10-04T08:00:00","guid":{"rendered":"https:\/\/tribunademinas.audiencelabs.com.br\/?p=1964"},"modified":"2025-10-01T16:00:31","modified_gmt":"2025-10-01T19:00:31","slug":"lula-bateu-o-martelo-e-nova-lei-importante-esta-chegando","status":"publish","type":"post","link":"https:\/\/tribunademinas.audiencelabs.com.br\/lula-bateu-o-martelo-e-nova-lei-importante-esta-chegando\/","title":{"rendered":"Senado bateu o martelo e nova lei importante est\u00e1 chegando"},"content":{"rendered":"\n<p>A <a href=\"https:\/\/legis.senado.leg.br\/comissoes\/comissao?codcol=40\"><strong>Comiss\u00e3o de Assuntos Sociais do Senado<\/strong><\/a> aprovou, no \u00faltimo dia 17 de setembro, um projeto de lei que promete mudar a forma como os brasileiros compram medicamentos. <\/p>\n\n\n\n<p>A proposta autoriza a venda de rem\u00e9dios diretamente em supermercados, al\u00e9m de permitir a instala\u00e7\u00e3o de farm\u00e1cias nesses estabelecimentos, uma medida que pode impactar o setor varejista e farmac\u00eautico em todo o pa\u00eds.<\/p>\n\n\n\n<h2 class=\"wp-block-heading\">Lula bateu o martelo e nova lei importante est\u00e1 chegando<\/h2>\n\n\n\n<p>Atualmente, a comercializa\u00e7\u00e3o de medicamentos <a href=\"https:\/\/tribunademinas.com.br\/colunas\/maistendencias\/agora-e-oficial-supermercados-podem-vender-remedios-no-brasil\/\"><strong>\u00e9 restrita a farm\u00e1cias e drogarias<\/strong><\/a> devidamente licenciadas. <\/p>\n\n\n\n<p>Supermercados, mesmo os de grande porte, n\u00e3o est\u00e3o autorizados a oferecer esse tipo de produto, a menos que possuam uma farm\u00e1cia interna com opera\u00e7\u00e3o independente e registro junto \u00e0 vigil\u00e2ncia sanit\u00e1ria. <\/p>\n\n\n\n<p>O novo projeto de lei, no entanto, abre caminho para que os supermercados passem a oferecer medicamentos, inclusive os de controle especial, desde que cumpram uma s\u00e9rie de exig\u00eancias.<\/p>\n\n\n\n<p>O texto aprovado estabelece que esses rem\u00e9dios s\u00f3 poder\u00e3o ser vendidos em \u00e1reas espec\u00edficas e exclusivas dentro dos supermercados, funcionando como farm\u00e1cias completas. <\/p>\n\n\n\n<p>Essas estruturas precisar\u00e3o seguir as normas sanit\u00e1rias vigentes, contar com a presen\u00e7a de farmac\u00eauticos durante todo o hor\u00e1rio de funcionamento e garantir que medicamentos controlados s\u00f3 sejam liberados ap\u00f3s o pagamento, sendo transportados em embalagens lacradas caso o caixa n\u00e3o esteja localizado no mesmo espa\u00e7o da farm\u00e1cia. <\/p>\n\n\n\n<p>Al\u00e9m disso, os medicamentos n\u00e3o poder\u00e3o ser expostos em g\u00f4ndolas comuns, nem misturados a outros produtos \u00e0 venda.<\/p>\n\n\n\n<h3 class=\"wp-block-heading\">Projeto de lei ainda precisa de aprova\u00e7\u00e3o<\/h3>\n\n\n\n<p>A proposta \u00e9 resultado de uma demanda antiga de entidades que representam supermercados, atacadistas e redes de atacarejo. <\/p>\n\n\n\n<p>Essas associa\u00e7\u00f5es argumentam que a medida pode aumentar o acesso da popula\u00e7\u00e3o a tratamentos b\u00e1sicos, modernizar a experi\u00eancia de compra e at\u00e9 reduzir o custo dos medicamentos por meio da concorr\u00eancia e da maior capilaridade dos supermercados.<\/p>\n\n\n\n<p>Apesar da aprova\u00e7\u00e3o na comiss\u00e3o, o projeto ainda precisa avan\u00e7ar. Ele pode seguir para a C\u00e2mara dos Deputados, caso n\u00e3o haja pedido para vota\u00e7\u00e3o em plen\u00e1rio no Senado. <\/p>\n\n\n\n<p>Se aprovado pelos deputados, depender\u00e1 da san\u00e7\u00e3o do presidente Luiz In\u00e1cio Lula da Silva (PT) para entrar em vigor. <\/p>\n\n\n\n<p>O ministro da Sa\u00fade, Alexandre Padilha, j\u00e1 se manifestou favor\u00e1vel \u00e0 proposta, indicando que o governo v\u00ea a medida com bons olhos.<\/p>\n\n\n\n<p>A nova lei ainda est\u00e1 em tramita\u00e7\u00e3o, mas o caminho para sua implementa\u00e7\u00e3o j\u00e1 come\u00e7ou a ser tra\u00e7ado, e pode transformar o cotidiano de milh\u00f5es de brasileiros.<\/p>\n\n\n\n<p><\/p>\n","protected":false},"excerpt":{"rendered":"<p>A Comiss\u00e3o de Assuntos Sociais do Senado aprovou, no \u00faltimo dia 17 de setembro, um projeto de lei que promete mudar a forma como os brasileiros compram medicamentos. A proposta autoriza a venda de rem\u00e9dios diretamente em supermercados, al\u00e9m de permitir a instala\u00e7\u00e3o de farm\u00e1cias nesses estabelecimentos, uma medida que pode impactar o setor varejista [&hellip;]<\/p>\n","protected":false},"author":5,"featured_media":1965,"comment_status":"open","ping_status":"open","sticky":false,"template":"","format":"standard","meta":{"jnews-multi-image_gallery":[],"jnews_single_post":{"format":"standard"},"jnews_primary_category":[],"jnews_social_meta":[],"jnews_post_split":[],"footnotes":""},"categories":[159],"tags":[],"class_list":["post-1964","post","type-post","status-publish","format-standard","has-post-thumbnail","hentry","category-cidadania"],"yoast_head":"<!-- This site is optimized with the Yoast SEO plugin v25.6 - https:\/\/yoast.com\/wordpress\/plugins\/seo\/ -->\n<title>Senado bateu o martelo e nova lei importante est\u00e1 chegando<\/title>\n<meta name=\"description\" content=\"A Comiss\u00e3o de Assuntos Sociais do Senado aprovou, no \u00faltimo dia 17 de setembro, um projeto de lei que promete mudar a venda de medicamentos.\" \/>\n<meta name=\"robots\" content=\"index, follow, max-snippet:-1, max-image-preview:large, max-video-preview:-1\" \/>\n<link rel=\"canonical\" href=\"https:\/\/tribunademinas.audiencelabs.com.br\/lula-bateu-o-martelo-e-nova-lei-importante-esta-chegando\/\" \/>\n<meta property=\"og:locale\" content=\"pt_BR\" \/>\n<meta property=\"og:type\" content=\"article\" \/>\n<meta property=\"og:title\" content=\"Senado bateu o martelo e nova lei importante est\u00e1 chegando\" \/>\n<meta property=\"og:description\" content=\"A Comiss\u00e3o de Assuntos Sociais do Senado aprovou, no \u00faltimo dia 17 de setembro, um projeto de lei que promete mudar a venda de medicamentos.\" \/>\n<meta property=\"og:url\" content=\"https:\/\/tribunademinas.audiencelabs.com.br\/lula-bateu-o-martelo-e-nova-lei-importante-esta-chegando\/\" \/>\n<meta property=\"og:site_name\" content=\"Tribuna de Minas - Dinheiro e Cidadania\" \/>\n<meta property=\"article:publisher\" content=\"https:\/\/www.facebook.com\/tribunademinas\/\" \/>\n<meta property=\"article:published_time\" content=\"2025-10-04T08:00:00+00:00\" \/>\n<meta property=\"og:image\" content=\"https:\/\/tribunademinas.audiencelabs.com.br\/wp-content\/uploads\/2025\/09\/lei.webp\" \/>\n\t<meta property=\"og:image:width\" content=\"1170\" \/>\n\t<meta property=\"og:image:height\" content=\"700\" \/>\n\t<meta property=\"og:image:type\" content=\"image\/webp\" \/>\n<meta name=\"author\" content=\"Jeferson Carvalho\" \/>\n<meta name=\"twitter:card\" content=\"summary_large_image\" \/>\n<meta name=\"twitter:creator\" content=\"@tribunademinas\" \/>\n<meta name=\"twitter:site\" content=\"@tribunademinas\" \/>\n<meta name=\"twitter:label1\" content=\"Escrito por\" \/>\n\t<meta name=\"twitter:data1\" content=\"Jeferson Carvalho\" \/>\n\t<meta name=\"twitter:label2\" content=\"Est. tempo de leitura\" \/>\n\t<meta name=\"twitter:data2\" content=\"3 minutos\" \/>\n<!-- \/ Yoast SEO plugin. -->","yoast_head_json":{"title":"Senado bateu o martelo e nova lei importante est\u00e1 chegando","description":"A Comiss\u00e3o de Assuntos Sociais do Senado aprovou, no \u00faltimo dia 17 de setembro, um projeto de lei que promete mudar a venda de medicamentos.","robots":{"index":"index","follow":"follow","max-snippet":"max-snippet:-1","max-image-preview":"max-image-preview:large","max-video-preview":"max-video-preview:-1"},"canonical":"https:\/\/tribunademinas.audiencelabs.com.br\/lula-bateu-o-martelo-e-nova-lei-importante-esta-chegando\/","og_locale":"pt_BR","og_type":"article","og_title":"Senado bateu o martelo e nova lei importante est\u00e1 chegando","og_description":"A Comiss\u00e3o de Assuntos Sociais do Senado aprovou, no \u00faltimo dia 17 de setembro, um projeto de lei que promete mudar a venda de medicamentos.","og_url":"https:\/\/tribunademinas.audiencelabs.com.br\/lula-bateu-o-martelo-e-nova-lei-importante-esta-chegando\/","og_site_name":"Tribuna de Minas - Dinheiro e Cidadania","article_publisher":"https:\/\/www.facebook.com\/tribunademinas\/","article_published_time":"2025-10-04T08:00:00+00:00","og_image":[{"width":1170,"height":700,"url":"https:\/\/tribunademinas.audiencelabs.com.br\/wp-content\/uploads\/2025\/09\/lei.webp","type":"image\/webp"}],"author":"Jeferson Carvalho","twitter_card":"summary_large_image","twitter_creator":"@tribunademinas","twitter_site":"@tribunademinas","twitter_misc":{"Escrito por":"Jeferson Carvalho","Est. tempo de leitura":"3 minutos"},"schema":{"@context":"https:\/\/schema.org","@graph":[{"@type":"Article","@id":"https:\/\/tribunademinas.audiencelabs.com.br\/lula-bateu-o-martelo-e-nova-lei-importante-esta-chegando\/#article","isPartOf":{"@id":"https:\/\/tribunademinas.audiencelabs.com.br\/lula-bateu-o-martelo-e-nova-lei-importante-esta-chegando\/"},"author":{"name":"Jeferson Carvalho","@id":"https:\/\/tribunademinas.audiencelabs.com.br\/#\/schema\/person\/db18fc40307804bacef94213aa68fd9d"},"headline":"Senado bateu o martelo e nova lei importante est\u00e1 chegando","datePublished":"2025-10-04T08:00:00+00:00","mainEntityOfPage":{"@id":"https:\/\/tribunademinas.audiencelabs.com.br\/lula-bateu-o-martelo-e-nova-lei-importante-esta-chegando\/"},"wordCount":450,"commentCount":0,"publisher":{"@id":"https:\/\/tribunademinas.audiencelabs.com.br\/#organization"},"image":{"@id":"https:\/\/tribunademinas.audiencelabs.com.br\/lula-bateu-o-martelo-e-nova-lei-importante-esta-chegando\/#primaryimage"},"thumbnailUrl":"https:\/\/tribunademinas.audiencelabs.com.br\/wp-content\/uploads\/2025\/09\/lei.webp","articleSection":["Cidadania"],"inLanguage":"pt-BR","potentialAction":[{"@type":"CommentAction","name":"Comment","target":["https:\/\/tribunademinas.audiencelabs.com.br\/lula-bateu-o-martelo-e-nova-lei-importante-esta-chegando\/#respond"]}]},{"@type":"WebPage","@id":"https:\/\/tribunademinas.audiencelabs.com.br\/lula-bateu-o-martelo-e-nova-lei-importante-esta-chegando\/","url":"https:\/\/tribunademinas.audiencelabs.com.br\/lula-bateu-o-martelo-e-nova-lei-importante-esta-chegando\/","name":"Senado bateu o martelo e nova lei importante est\u00e1 chegando","isPartOf":{"@id":"https:\/\/tribunademinas.audiencelabs.com.br\/#website"},"primaryImageOfPage":{"@id":"https:\/\/tribunademinas.audiencelabs.com.br\/lula-bateu-o-martelo-e-nova-lei-importante-esta-chegando\/#primaryimage"},"image":{"@id":"https:\/\/tribunademinas.audiencelabs.com.br\/lula-bateu-o-martelo-e-nova-lei-importante-esta-chegando\/#primaryimage"},"thumbnailUrl":"https:\/\/tribunademinas.audiencelabs.com.br\/wp-content\/uploads\/2025\/09\/lei.webp","datePublished":"2025-10-04T08:00:00+00:00","description":"A Comiss\u00e3o de Assuntos Sociais do Senado aprovou, no \u00faltimo dia 17 de setembro, um projeto de lei que promete mudar a venda de medicamentos.","breadcrumb":{"@id":"https:\/\/tribunademinas.audiencelabs.com.br\/lula-bateu-o-martelo-e-nova-lei-importante-esta-chegando\/#breadcrumb"},"inLanguage":"pt-BR","potentialAction":[{"@type":"ReadAction","target":["https:\/\/tribunademinas.audiencelabs.com.br\/lula-bateu-o-martelo-e-nova-lei-importante-esta-chegando\/"]}]},{"@type":"ImageObject","inLanguage":"pt-BR","@id":"https:\/\/tribunademinas.audiencelabs.com.br\/lula-bateu-o-martelo-e-nova-lei-importante-esta-chegando\/#primaryimage","url":"https:\/\/tribunademinas.audiencelabs.com.br\/wp-content\/uploads\/2025\/09\/lei.webp","contentUrl":"https:\/\/tribunademinas.audiencelabs.com.br\/wp-content\/uploads\/2025\/09\/lei.webp","width":1170,"height":700,"caption":"Lula bateu o martelo e nova lei importante est\u00e1 chegando - Imagem: Marcelo Camargo\/Ag\u00eancia Brasil"},{"@type":"BreadcrumbList","@id":"https:\/\/tribunademinas.audiencelabs.com.br\/lula-bateu-o-martelo-e-nova-lei-importante-esta-chegando\/#breadcrumb","itemListElement":[{"@type":"ListItem","position":1,"name":"In\u00edcio","item":"https:\/\/tribunademinas.audiencelabs.com.br\/"},{"@type":"ListItem","position":2,"name":"Senado bateu o martelo e nova lei importante est\u00e1 chegando"}]},{"@type":"WebSite","@id":"https:\/\/tribunademinas.audiencelabs.com.br\/#website","url":"https:\/\/tribunademinas.audiencelabs.com.br\/","name":"Tribuna de Minas - Dinheiro e Cidadania","description":"","publisher":{"@id":"https:\/\/tribunademinas.audiencelabs.com.br\/#organization"},"potentialAction":[{"@type":"SearchAction","target":{"@type":"EntryPoint","urlTemplate":"https:\/\/tribunademinas.audiencelabs.com.br\/?s={search_term_string}"},"query-input":{"@type":"PropertyValueSpecification","valueRequired":true,"valueName":"search_term_string"}}],"inLanguage":"pt-BR"},{"@type":"Organization","@id":"https:\/\/tribunademinas.audiencelabs.com.br\/#organization","name":"Tribuna de Minas - Dinheiro e Cidadania","url":"https:\/\/tribunademinas.audiencelabs.com.br\/","logo":{"@type":"ImageObject","inLanguage":"pt-BR","@id":"https:\/\/tribunademinas.audiencelabs.com.br\/#\/schema\/logo\/image\/","url":"https:\/\/tribunademinas.audiencelabs.com.br\/wp-content\/uploads\/2025\/08\/cropped-Tribuna_512x512-96x96-1.png","contentUrl":"https:\/\/tribunademinas.audiencelabs.com.br\/wp-content\/uploads\/2025\/08\/cropped-Tribuna_512x512-96x96-1.png","width":96,"height":96,"caption":"Tribuna de Minas - Dinheiro e Cidadania"},"image":{"@id":"https:\/\/tribunademinas.audiencelabs.com.br\/#\/schema\/logo\/image\/"},"sameAs":["https:\/\/www.facebook.com\/tribunademinas\/","https:\/\/x.com\/tribunademinas","https:\/\/www.instagram.com\/tribunademinas\/","https:\/\/www.youtube.com\/user\/TribunadeMinasJF"]},{"@type":"Person","@id":"https:\/\/tribunademinas.audiencelabs.com.br\/#\/schema\/person\/db18fc40307804bacef94213aa68fd9d","name":"Jeferson Carvalho","image":{"@type":"ImageObject","inLanguage":"pt-BR","@id":"https:\/\/tribunademinas.audiencelabs.com.br\/#\/schema\/person\/image\/","url":"https:\/\/secure.gravatar.com\/avatar\/cd7646e328d9670dad7dea8698522e522745eeffcff5b9d08be858e377ce326b?s=96&d=mm&r=g","contentUrl":"https:\/\/secure.gravatar.com\/avatar\/cd7646e328d9670dad7dea8698522e522745eeffcff5b9d08be858e377ce326b?s=96&d=mm&r=g","caption":"Jeferson Carvalho"},"description":"Jornalista apaixonado pela profiss\u00e3o!","url":"https:\/\/tribunademinas.audiencelabs.com.br\/author\/jeferson\/"}]}},"amp_enabled":true,"_links":{"self":[{"href":"https:\/\/tribunademinas.audiencelabs.com.br\/wp-json\/wp\/v2\/posts\/1964","targetHints":{"allow":["GET"]}}],"collection":[{"href":"https:\/\/tribunademinas.audiencelabs.com.br\/wp-json\/wp\/v2\/posts"}],"about":[{"href":"https:\/\/tribunademinas.audiencelabs.com.br\/wp-json\/wp\/v2\/types\/post"}],"author":[{"embeddable":true,"href":"https:\/\/tribunademinas.audiencelabs.com.br\/wp-json\/wp\/v2\/users\/5"}],"replies":[{"embeddable":true,"href":"https:\/\/tribunademinas.audiencelabs.com.br\/wp-json\/wp\/v2\/comments?post=1964"}],"version-history":[{"count":2,"href":"https:\/\/tribunademinas.audiencelabs.com.br\/wp-json\/wp\/v2\/posts\/1964\/revisions"}],"predecessor-version":[{"id":2002,"href":"https:\/\/tribunademinas.audiencelabs.com.br\/wp-json\/wp\/v2\/posts\/1964\/revisions\/2002"}],"wp:featuredmedia":[{"embeddable":true,"href":"https:\/\/tribunademinas.audiencelabs.com.br\/wp-json\/wp\/v2\/media\/1965"}],"wp:attachment":[{"href":"https:\/\/tribunademinas.audiencelabs.com.br\/wp-json\/wp\/v2\/media?parent=1964"}],"wp:term":[{"taxonomy":"category","embeddable":true,"href":"https:\/\/tribunademinas.audiencelabs.com.br\/wp-json\/wp\/v2\/categories?post=1964"},{"taxonomy":"post_tag","embeddable":true,"href":"https:\/\/tribunademinas.audiencelabs.com.br\/wp-json\/wp\/v2\/tags?post=1964"}],"curies":[{"name":"wp","href":"https:\/\/api.w.org\/{rel}","templated":true}]}}