{"id":1930,"date":"2025-09-30T11:11:11","date_gmt":"2025-09-30T14:11:11","guid":{"rendered":"https:\/\/tribunademinas.audiencelabs.com.br\/?p=1930"},"modified":"2025-09-30T11:11:15","modified_gmt":"2025-09-30T14:11:15","slug":"pix-de-r-1-000-foi-liberado-no-caixa-tem","status":"publish","type":"post","link":"https:\/\/tribunademinas.audiencelabs.com.br\/pix-de-r-1-000-foi-liberado-no-caixa-tem\/","title":{"rendered":"Pix de R$ 1.000 foi liberado no Caixa Tem"},"content":{"rendered":"\n<p>A Caixa Econ\u00f4mica Federal confirmou que, nesta ter\u00e7a-feira, 30 de setembro, o aplicativo Caixa Tem est\u00e1 liberando um novo pagamento via Pix que pode variar entre R$ 600 e R$ 1.000, ou at\u00e9 ultrapassar esse valor, em situa\u00e7\u00f5es espec\u00edficas. <\/p>\n\n\n\n<p>Os dep\u00f3sitos j\u00e1 est\u00e3o dispon\u00edveis para saque ou movimenta\u00e7\u00e3o digital para os benefici\u00e1rios que cumprem os crit\u00e9rios exigidos pelo programa social.<\/p>\n\n\n\n<h2 class=\"wp-block-heading\">Pix de R$ 1.000 foi liberado no Caixa Tem<\/h2>\n\n\n\n<p>Essa nova rodada de pagamentos no app Caixa Tem marca o encerramento do calend\u00e1rio do Bolsa Fam\u00edlia referente ao m\u00eas de setembro. <\/p>\n\n\n\n<p>Os valores come\u00e7aram a ser creditados no dia 17 e seguem o n\u00famero final do NIS (N\u00famero de Identifica\u00e7\u00e3o Social) para organizar a ordem dos dep\u00f3sitos. Neste \u00faltimo dia do m\u00eas, \u00e9 a vez dos inscritos com NIS final 0.<\/p>\n\n\n\n<p>O benef\u00edcio, tradicionalmente pago nos \u00faltimos dez dias \u00fateis do m\u00eas, garante uma renda m\u00ednima para fam\u00edlias em situa\u00e7\u00e3o de vulnerabilidade. A seguir, confira o calend\u00e1rio completo dos pagamentos de setembro de 2025:<\/p>\n\n\n\n<figure class=\"wp-block-table is-style-stripes\"><table class=\"has-fixed-layout\"><thead><tr><th>Final do NIS<\/th><th>Data de Pagamento<\/th><\/tr><\/thead><tbody><tr><td>1<\/td><td>17\/09\/2025<\/td><\/tr><tr><td>2<\/td><td>18\/09\/2025<\/td><\/tr><tr><td>3<\/td><td>19\/09\/2025<\/td><\/tr><tr><td>4<\/td><td>22\/09\/2025<\/td><\/tr><tr><td>5<\/td><td>23\/09\/2025<\/td><\/tr><tr><td>6<\/td><td>24\/09\/2025<\/td><\/tr><tr><td>7<\/td><td>25\/09\/2025<\/td><\/tr><tr><td>8<\/td><td>26\/09\/2025<\/td><\/tr><tr><td>9<\/td><td>29\/09\/2025<\/td><\/tr><tr><td>0<\/td><td>30\/09\/2025<\/td><\/tr><\/tbody><\/table><\/figure>\n\n\n\n<p>O saque ou a movimenta\u00e7\u00e3o do valor pode ser feito diretamente pelo aplicativo Caixa Tem, dispon\u00edvel para smartphones. <\/p>\n\n\n\n<p>A <a href=\"http:\/\/www.caixa.gov.br\/caixatem\/Paginas\/default.aspx\"><strong>plataforma<\/strong><\/a> permite realizar transfer\u00eancias via Pix, pagamentos de contas, compras online e saques com gera\u00e7\u00e3o de c\u00f3digo, dispensando o uso de cart\u00e3o f\u00edsico. Tamb\u00e9m \u00e9 poss\u00edvel acompanhar extratos e consultar o hist\u00f3rico completo das transa\u00e7\u00f5es.<\/p>\n\n\n\n<h3 class=\"wp-block-heading\">Bolsa Fam\u00edlia pode pagar at\u00e9 R$ 1.000 pelo Caixa Tem<\/h3>\n\n\n\n<p>Os valores depositados seguem uma l\u00f3gica baseada na composi\u00e7\u00e3o familiar. O valor base \u00e9 de R$ 600 por n\u00facleo, garantido a todos os que se enquadram nas regras do programa e est\u00e3o com o Cad\u00danico atualizado. <\/p>\n\n\n\n<p>No entanto, fam\u00edlias com crian\u00e7as pequenas, adolescentes, gestantes ou beb\u00eas podem receber adicionais.<\/p>\n\n\n\n<p>Entre os acr\u00e9scimos poss\u00edveis est\u00e3o R$ 150 por crian\u00e7a de at\u00e9 6 anos, R$ 50 por gestante, R$ 50 por crian\u00e7a ou adolescente entre 7 e 18 anos, e mais R$ 50 para m\u00e3es com beb\u00eas de at\u00e9 6 meses. <\/p>\n\n\n\n<p>Somando os adicionais ao valor base, alguns <a href=\"https:\/\/tribunademinas.com.br\/colunas\/dinheiroecidadania\/suspensao-do-bolsa-familia-voce-precisa-saber-disso\/\"><strong>benefici\u00e1rios<\/strong><\/a> podem alcan\u00e7ar R$ 1.000 ou mais neste pagamento de setembro.<\/p>\n\n\n\n<p><\/p>\n","protected":false},"excerpt":{"rendered":"<p>A Caixa Econ\u00f4mica Federal confirmou que, nesta ter\u00e7a-feira, 30 de setembro, o aplicativo Caixa Tem est\u00e1 liberando um novo pagamento via Pix que pode variar entre R$ 600 e R$ 1.000, ou at\u00e9 ultrapassar esse valor, em situa\u00e7\u00f5es espec\u00edficas. Os dep\u00f3sitos j\u00e1 est\u00e3o dispon\u00edveis para saque ou movimenta\u00e7\u00e3o digital para os benefici\u00e1rios que cumprem os [&hellip;]<\/p>\n","protected":false},"author":5,"featured_media":1931,"comment_status":"open","ping_status":"open","sticky":false,"template":"","format":"standard","meta":{"jnews-multi-image_gallery":[],"jnews_single_post":{"format":"standard"},"jnews_primary_category":[],"jnews_social_meta":[],"jnews_post_split":[],"footnotes":""},"categories":[1],"tags":[],"class_list":["post-1930","post","type-post","status-publish","format-standard","has-post-thumbnail","hentry","category-dinheiro"],"yoast_head":"<!-- This site is optimized with the Yoast SEO plugin v25.6 - https:\/\/yoast.com\/wordpress\/plugins\/seo\/ -->\n<title>Pix de R$ 1.000 foi liberado no Caixa Tem<\/title>\n<meta name=\"description\" content=\"A Caixa Econ\u00f4mica Federal confirmou que, nesta ter\u00e7a-feira, 30 de setembro, o aplicativo Caixa Tem est\u00e1 liberando um novo pagamento.\" \/>\n<meta name=\"robots\" content=\"index, follow, max-snippet:-1, max-image-preview:large, max-video-preview:-1\" \/>\n<link rel=\"canonical\" href=\"https:\/\/tribunademinas.audiencelabs.com.br\/pix-de-r-1-000-foi-liberado-no-caixa-tem\/\" \/>\n<meta property=\"og:locale\" content=\"pt_BR\" \/>\n<meta property=\"og:type\" content=\"article\" \/>\n<meta property=\"og:title\" content=\"Pix de R$ 1.000 foi liberado no Caixa Tem\" \/>\n<meta property=\"og:description\" content=\"A Caixa Econ\u00f4mica Federal confirmou que, nesta ter\u00e7a-feira, 30 de setembro, o aplicativo Caixa Tem est\u00e1 liberando um novo pagamento.\" \/>\n<meta property=\"og:url\" content=\"https:\/\/tribunademinas.audiencelabs.com.br\/pix-de-r-1-000-foi-liberado-no-caixa-tem\/\" \/>\n<meta property=\"og:site_name\" content=\"Tribuna de Minas - Dinheiro e Cidadania\" \/>\n<meta property=\"article:publisher\" content=\"https:\/\/www.facebook.com\/tribunademinas\/\" \/>\n<meta property=\"article:published_time\" content=\"2025-09-30T14:11:11+00:00\" \/>\n<meta property=\"article:modified_time\" content=\"2025-09-30T14:11:15+00:00\" \/>\n<meta property=\"og:image\" content=\"https:\/\/tribunademinas.audiencelabs.com.br\/wp-content\/uploads\/2025\/09\/Caixa-Tem-1.jpg\" \/>\n\t<meta property=\"og:image:width\" content=\"900\" \/>\n\t<meta property=\"og:image:height\" content=\"506\" \/>\n\t<meta property=\"og:image:type\" content=\"image\/jpeg\" \/>\n<meta name=\"author\" content=\"Jeferson Carvalho\" \/>\n<meta name=\"twitter:card\" content=\"summary_large_image\" \/>\n<meta name=\"twitter:creator\" content=\"@tribunademinas\" \/>\n<meta name=\"twitter:site\" content=\"@tribunademinas\" \/>\n<meta name=\"twitter:label1\" content=\"Escrito por\" \/>\n\t<meta name=\"twitter:data1\" content=\"Jeferson Carvalho\" \/>\n\t<meta name=\"twitter:label2\" content=\"Est. tempo de leitura\" \/>\n\t<meta name=\"twitter:data2\" content=\"3 minutos\" \/>\n<!-- \/ Yoast SEO plugin. -->","yoast_head_json":{"title":"Pix de R$ 1.000 foi liberado no Caixa Tem","description":"A Caixa Econ\u00f4mica Federal confirmou que, nesta ter\u00e7a-feira, 30 de setembro, o aplicativo Caixa Tem est\u00e1 liberando um novo pagamento.","robots":{"index":"index","follow":"follow","max-snippet":"max-snippet:-1","max-image-preview":"max-image-preview:large","max-video-preview":"max-video-preview:-1"},"canonical":"https:\/\/tribunademinas.audiencelabs.com.br\/pix-de-r-1-000-foi-liberado-no-caixa-tem\/","og_locale":"pt_BR","og_type":"article","og_title":"Pix de R$ 1.000 foi liberado no Caixa Tem","og_description":"A Caixa Econ\u00f4mica Federal confirmou que, nesta ter\u00e7a-feira, 30 de setembro, o aplicativo Caixa Tem est\u00e1 liberando um novo pagamento.","og_url":"https:\/\/tribunademinas.audiencelabs.com.br\/pix-de-r-1-000-foi-liberado-no-caixa-tem\/","og_site_name":"Tribuna de Minas - Dinheiro e Cidadania","article_publisher":"https:\/\/www.facebook.com\/tribunademinas\/","article_published_time":"2025-09-30T14:11:11+00:00","article_modified_time":"2025-09-30T14:11:15+00:00","og_image":[{"width":900,"height":506,"url":"https:\/\/tribunademinas.audiencelabs.com.br\/wp-content\/uploads\/2025\/09\/Caixa-Tem-1.jpg","type":"image\/jpeg"}],"author":"Jeferson Carvalho","twitter_card":"summary_large_image","twitter_creator":"@tribunademinas","twitter_site":"@tribunademinas","twitter_misc":{"Escrito por":"Jeferson Carvalho","Est. tempo de leitura":"3 minutos"},"schema":{"@context":"https:\/\/schema.org","@graph":[{"@type":"Article","@id":"https:\/\/tribunademinas.audiencelabs.com.br\/pix-de-r-1-000-foi-liberado-no-caixa-tem\/#article","isPartOf":{"@id":"https:\/\/tribunademinas.audiencelabs.com.br\/pix-de-r-1-000-foi-liberado-no-caixa-tem\/"},"author":{"name":"Jeferson Carvalho","@id":"https:\/\/tribunademinas.audiencelabs.com.br\/#\/schema\/person\/db18fc40307804bacef94213aa68fd9d"},"headline":"Pix de R$ 1.000 foi liberado no Caixa Tem","datePublished":"2025-09-30T14:11:11+00:00","dateModified":"2025-09-30T14:11:15+00:00","mainEntityOfPage":{"@id":"https:\/\/tribunademinas.audiencelabs.com.br\/pix-de-r-1-000-foi-liberado-no-caixa-tem\/"},"wordCount":382,"commentCount":0,"publisher":{"@id":"https:\/\/tribunademinas.audiencelabs.com.br\/#organization"},"image":{"@id":"https:\/\/tribunademinas.audiencelabs.com.br\/pix-de-r-1-000-foi-liberado-no-caixa-tem\/#primaryimage"},"thumbnailUrl":"https:\/\/tribunademinas.audiencelabs.com.br\/wp-content\/uploads\/2025\/09\/Caixa-Tem-1.jpg","articleSection":["Dinheiro"],"inLanguage":"pt-BR","potentialAction":[{"@type":"CommentAction","name":"Comment","target":["https:\/\/tribunademinas.audiencelabs.com.br\/pix-de-r-1-000-foi-liberado-no-caixa-tem\/#respond"]}]},{"@type":"WebPage","@id":"https:\/\/tribunademinas.audiencelabs.com.br\/pix-de-r-1-000-foi-liberado-no-caixa-tem\/","url":"https:\/\/tribunademinas.audiencelabs.com.br\/pix-de-r-1-000-foi-liberado-no-caixa-tem\/","name":"Pix de R$ 1.000 foi liberado no Caixa Tem","isPartOf":{"@id":"https:\/\/tribunademinas.audiencelabs.com.br\/#website"},"primaryImageOfPage":{"@id":"https:\/\/tribunademinas.audiencelabs.com.br\/pix-de-r-1-000-foi-liberado-no-caixa-tem\/#primaryimage"},"image":{"@id":"https:\/\/tribunademinas.audiencelabs.com.br\/pix-de-r-1-000-foi-liberado-no-caixa-tem\/#primaryimage"},"thumbnailUrl":"https:\/\/tribunademinas.audiencelabs.com.br\/wp-content\/uploads\/2025\/09\/Caixa-Tem-1.jpg","datePublished":"2025-09-30T14:11:11+00:00","dateModified":"2025-09-30T14:11:15+00:00","description":"A Caixa Econ\u00f4mica Federal confirmou que, nesta ter\u00e7a-feira, 30 de setembro, o aplicativo Caixa Tem est\u00e1 liberando um novo pagamento.","breadcrumb":{"@id":"https:\/\/tribunademinas.audiencelabs.com.br\/pix-de-r-1-000-foi-liberado-no-caixa-tem\/#breadcrumb"},"inLanguage":"pt-BR","potentialAction":[{"@type":"ReadAction","target":["https:\/\/tribunademinas.audiencelabs.com.br\/pix-de-r-1-000-foi-liberado-no-caixa-tem\/"]}]},{"@type":"ImageObject","inLanguage":"pt-BR","@id":"https:\/\/tribunademinas.audiencelabs.com.br\/pix-de-r-1-000-foi-liberado-no-caixa-tem\/#primaryimage","url":"https:\/\/tribunademinas.audiencelabs.com.br\/wp-content\/uploads\/2025\/09\/Caixa-Tem-1.jpg","contentUrl":"https:\/\/tribunademinas.audiencelabs.com.br\/wp-content\/uploads\/2025\/09\/Caixa-Tem-1.jpg","width":900,"height":506,"caption":"Pix de R$ 1.000 foi liberado no Caixa Tem - Imagem: Divulga\u00e7\u00e3o\/Caixa"},{"@type":"BreadcrumbList","@id":"https:\/\/tribunademinas.audiencelabs.com.br\/pix-de-r-1-000-foi-liberado-no-caixa-tem\/#breadcrumb","itemListElement":[{"@type":"ListItem","position":1,"name":"In\u00edcio","item":"https:\/\/tribunademinas.audiencelabs.com.br\/"},{"@type":"ListItem","position":2,"name":"Pix de R$ 1.000 foi liberado no Caixa Tem"}]},{"@type":"WebSite","@id":"https:\/\/tribunademinas.audiencelabs.com.br\/#website","url":"https:\/\/tribunademinas.audiencelabs.com.br\/","name":"Tribuna de Minas - Dinheiro e Cidadania","description":"","publisher":{"@id":"https:\/\/tribunademinas.audiencelabs.com.br\/#organization"},"potentialAction":[{"@type":"SearchAction","target":{"@type":"EntryPoint","urlTemplate":"https:\/\/tribunademinas.audiencelabs.com.br\/?s={search_term_string}"},"query-input":{"@type":"PropertyValueSpecification","valueRequired":true,"valueName":"search_term_string"}}],"inLanguage":"pt-BR"},{"@type":"Organization","@id":"https:\/\/tribunademinas.audiencelabs.com.br\/#organization","name":"Tribuna de Minas - Dinheiro e Cidadania","url":"https:\/\/tribunademinas.audiencelabs.com.br\/","logo":{"@type":"ImageObject","inLanguage":"pt-BR","@id":"https:\/\/tribunademinas.audiencelabs.com.br\/#\/schema\/logo\/image\/","url":"https:\/\/tribunademinas.audiencelabs.com.br\/wp-content\/uploads\/2025\/08\/cropped-Tribuna_512x512-96x96-1.png","contentUrl":"https:\/\/tribunademinas.audiencelabs.com.br\/wp-content\/uploads\/2025\/08\/cropped-Tribuna_512x512-96x96-1.png","width":96,"height":96,"caption":"Tribuna de Minas - Dinheiro e Cidadania"},"image":{"@id":"https:\/\/tribunademinas.audiencelabs.com.br\/#\/schema\/logo\/image\/"},"sameAs":["https:\/\/www.facebook.com\/tribunademinas\/","https:\/\/x.com\/tribunademinas","https:\/\/www.instagram.com\/tribunademinas\/","https:\/\/www.youtube.com\/user\/TribunadeMinasJF"]},{"@type":"Person","@id":"https:\/\/tribunademinas.audiencelabs.com.br\/#\/schema\/person\/db18fc40307804bacef94213aa68fd9d","name":"Jeferson Carvalho","image":{"@type":"ImageObject","inLanguage":"pt-BR","@id":"https:\/\/tribunademinas.audiencelabs.com.br\/#\/schema\/person\/image\/","url":"https:\/\/secure.gravatar.com\/avatar\/cd7646e328d9670dad7dea8698522e522745eeffcff5b9d08be858e377ce326b?s=96&d=mm&r=g","contentUrl":"https:\/\/secure.gravatar.com\/avatar\/cd7646e328d9670dad7dea8698522e522745eeffcff5b9d08be858e377ce326b?s=96&d=mm&r=g","caption":"Jeferson Carvalho"},"description":"Jornalista apaixonado pela profiss\u00e3o!","url":"https:\/\/tribunademinas.audiencelabs.com.br\/author\/jeferson\/"}]}},"amp_enabled":true,"_links":{"self":[{"href":"https:\/\/tribunademinas.audiencelabs.com.br\/wp-json\/wp\/v2\/posts\/1930","targetHints":{"allow":["GET"]}}],"collection":[{"href":"https:\/\/tribunademinas.audiencelabs.com.br\/wp-json\/wp\/v2\/posts"}],"about":[{"href":"https:\/\/tribunademinas.audiencelabs.com.br\/wp-json\/wp\/v2\/types\/post"}],"author":[{"embeddable":true,"href":"https:\/\/tribunademinas.audiencelabs.com.br\/wp-json\/wp\/v2\/users\/5"}],"replies":[{"embeddable":true,"href":"https:\/\/tribunademinas.audiencelabs.com.br\/wp-json\/wp\/v2\/comments?post=1930"}],"version-history":[{"count":1,"href":"https:\/\/tribunademinas.audiencelabs.com.br\/wp-json\/wp\/v2\/posts\/1930\/revisions"}],"predecessor-version":[{"id":1932,"href":"https:\/\/tribunademinas.audiencelabs.com.br\/wp-json\/wp\/v2\/posts\/1930\/revisions\/1932"}],"wp:featuredmedia":[{"embeddable":true,"href":"https:\/\/tribunademinas.audiencelabs.com.br\/wp-json\/wp\/v2\/media\/1931"}],"wp:attachment":[{"href":"https:\/\/tribunademinas.audiencelabs.com.br\/wp-json\/wp\/v2\/media?parent=1930"}],"wp:term":[{"taxonomy":"category","embeddable":true,"href":"https:\/\/tribunademinas.audiencelabs.com.br\/wp-json\/wp\/v2\/categories?post=1930"},{"taxonomy":"post_tag","embeddable":true,"href":"https:\/\/tribunademinas.audiencelabs.com.br\/wp-json\/wp\/v2\/tags?post=1930"}],"curies":[{"name":"wp","href":"https:\/\/api.w.org\/{rel}","templated":true}]}}