{"id":1920,"date":"2025-09-30T18:00:00","date_gmt":"2025-09-30T21:00:00","guid":{"rendered":"https:\/\/tribunademinas.audiencelabs.com.br\/?p=1920"},"modified":"2025-09-29T16:56:36","modified_gmt":"2025-09-29T19:56:36","slug":"tenho-direito-a-folgar-na-segunda-feira-quando-o-feriado-e-domingo","status":"publish","type":"post","link":"https:\/\/tribunademinas.audiencelabs.com.br\/tenho-direito-a-folgar-na-segunda-feira-quando-o-feriado-e-domingo\/","title":{"rendered":"Tenho direito a folgar na segunda-feira quando o feriado \u00e9 domingo?"},"content":{"rendered":"\n<p>Celebrado no dia 19 de junho, o feriado de Corpus Christi foi o \u00faltimo a resultar em um fim de semana prolongado para muitos trabalhadores, devido \u00e0 sua ocorr\u00eancia em uma quinta-feira.<\/p>\n\n\n\n<p>Desde ent\u00e3o, outras datas comemorativas t\u00eam coincidido com dias de descanso, deixando empregados incertos quanto a possibilidade de garantir folgas, principalmente quando feriados nacionais caem aos domingos.<\/p>\n\n\n\n<p>De acordo com o calend\u00e1rio, o pr\u00f3ximo feriado ser\u00e1 o de <strong>Nossa Senhora Aparecida<\/strong>, padroeira do pa\u00eds, comemorado no <strong>dia 12 de outubro<\/strong>, que por sua vez tamb\u00e9m concidiu com um domingo. Por conta disso, as d\u00favidas ressurgiram.<\/p>\n\n\n\n<p>Por\u00e9m, apesar da import\u00e2ncia da data, a celebra\u00e7\u00e3o beneficiar\u00e1 principalmente os <strong>trabalhadores da escala 6&#215;1<\/strong>, que geralmente precisam trabalhar na data, mas poder\u00e3o garantir um dia de descanso ou compensa\u00e7\u00e3o integral pelo dia trabalhado, assim como a possibilidade de programar uma folga posterior neste segundo caso.<\/p>\n\n\n\n<p>Para quem j\u00e1 n\u00e3o trabalha habitualmente aos finais de semana, n\u00e3o haver\u00e1 <strong>nenhuma possibilidade de folga para dias posteriores<\/strong>. Contudo, caso possua banco de horas, o trabalhador pode conversar com a empresa para garantir a concess\u00e3o de um descanso prolongado.<\/p>\n\n\n\n<h2 class=\"wp-block-heading\">Pr\u00f3xima folga prolongada de 2025 est\u00e1 programada para novembro<\/h2>\n\n\n\n<p>Apesar de 2025 estar se aproximando do final, ainda h\u00e1 cinco feriados no calend\u00e1rio. A maioria deles, por\u00e9m, n\u00e3o permitir\u00e1 finais de semana prolongados, devido aos dias da semana em que caem.<\/p>\n\n\n\n<p>Afinal, vale lembrar que, al\u00e9m do feriado de 12 de outubro, <strong>Finados<\/strong>, celebrado no dia 2 de novembro, e a celebra\u00e7\u00e3o da <strong>Proclama\u00e7\u00e3o da Rep\u00fablica<\/strong> no dia 15 ocorrer\u00e3o, respectivamente, em um domingo e um s\u00e1bado.<\/p>\n\n\n\n<p>Em contrapartida, o dia 20, no qual ser\u00e1 celebrado o Dia Nacional de Zumbi e da Consci\u00eancia Negra, <strong>coincidiu com uma quinta-feira<\/strong>, ap\u00f3s praticamente quatro meses sem folgas prolongadas.<\/p>\n\n\n\n<p>Al\u00e9m disso, o Natal em 2025 tamb\u00e9m cair\u00e1 em uma quinta-feira. E considerando que v\u00e1rias empresas costumam liberar os empregados na v\u00e9spera, muitos poder\u00e3o desfrutar de quase cinco dias de descanso.<\/p>\n","protected":false},"excerpt":{"rendered":"<p>Celebrado no dia 19 de junho, o feriado de Corpus Christi foi o \u00faltimo a resultar em um fim de semana prolongado para muitos trabalhadores, devido \u00e0 sua ocorr\u00eancia em uma quinta-feira. Desde ent\u00e3o, outras datas comemorativas t\u00eam coincidido com dias de descanso, deixando empregados incertos quanto a possibilidade de garantir folgas, principalmente quando feriados [&hellip;]<\/p>\n","protected":false},"author":3,"featured_media":1921,"comment_status":"open","ping_status":"open","sticky":false,"template":"","format":"standard","meta":{"jnews-multi-image_gallery":[],"jnews_single_post":{"format":"standard"},"jnews_primary_category":[],"jnews_social_meta":[],"jnews_post_split":[],"footnotes":""},"categories":[159],"tags":[],"class_list":["post-1920","post","type-post","status-publish","format-standard","has-post-thumbnail","hentry","category-cidadania"],"yoast_head":"<!-- This site is optimized with the Yoast SEO plugin v25.6 - https:\/\/yoast.com\/wordpress\/plugins\/seo\/ -->\n<title>Tenho direito a folgar na segunda-feira quando o feriado \u00e9 domingo?<\/title>\n<meta name=\"robots\" content=\"index, follow, max-snippet:-1, max-image-preview:large, max-video-preview:-1\" \/>\n<link rel=\"canonical\" href=\"https:\/\/tribunademinas.audiencelabs.com.br\/tenho-direito-a-folgar-na-segunda-feira-quando-o-feriado-e-domingo\/\" \/>\n<meta property=\"og:locale\" content=\"pt_BR\" \/>\n<meta property=\"og:type\" content=\"article\" \/>\n<meta property=\"og:title\" content=\"Tenho direito a folgar na segunda-feira quando o feriado \u00e9 domingo?\" \/>\n<meta property=\"og:description\" content=\"Celebrado no dia 19 de junho, o feriado de Corpus Christi foi o \u00faltimo a resultar em um fim de semana prolongado para muitos trabalhadores, devido \u00e0 sua ocorr\u00eancia em uma quinta-feira. Desde ent\u00e3o, outras datas comemorativas t\u00eam coincidido com dias de descanso, deixando empregados incertos quanto a possibilidade de garantir folgas, principalmente quando feriados [&hellip;]\" \/>\n<meta property=\"og:url\" content=\"https:\/\/tribunademinas.audiencelabs.com.br\/tenho-direito-a-folgar-na-segunda-feira-quando-o-feriado-e-domingo\/\" \/>\n<meta property=\"og:site_name\" content=\"Tribuna de Minas - Dinheiro e Cidadania\" \/>\n<meta property=\"article:publisher\" content=\"https:\/\/www.facebook.com\/tribunademinas\/\" \/>\n<meta property=\"article:published_time\" content=\"2025-09-30T21:00:00+00:00\" \/>\n<meta property=\"og:image\" content=\"https:\/\/tribunademinas.audiencelabs.com.br\/wp-content\/uploads\/2025\/09\/direito-folgar-segunda-feira-quando-feriado-e-domingo.jpg\" \/>\n\t<meta property=\"og:image:width\" content=\"2000\" \/>\n\t<meta property=\"og:image:height\" content=\"1125\" \/>\n\t<meta property=\"og:image:type\" content=\"image\/jpeg\" \/>\n<meta name=\"author\" content=\"Jo\u00e3o Carlos Gomes\" \/>\n<meta name=\"twitter:card\" content=\"summary_large_image\" \/>\n<meta name=\"twitter:creator\" content=\"@tribunademinas\" \/>\n<meta name=\"twitter:site\" content=\"@tribunademinas\" \/>\n<meta name=\"twitter:label1\" content=\"Escrito por\" \/>\n\t<meta name=\"twitter:data1\" content=\"Jo\u00e3o Carlos Gomes\" \/>\n\t<meta name=\"twitter:label2\" content=\"Est. tempo de leitura\" \/>\n\t<meta name=\"twitter:data2\" content=\"2 minutos\" \/>\n<!-- \/ Yoast SEO plugin. -->","yoast_head_json":{"title":"Tenho direito a folgar na segunda-feira quando o feriado \u00e9 domingo?","robots":{"index":"index","follow":"follow","max-snippet":"max-snippet:-1","max-image-preview":"max-image-preview:large","max-video-preview":"max-video-preview:-1"},"canonical":"https:\/\/tribunademinas.audiencelabs.com.br\/tenho-direito-a-folgar-na-segunda-feira-quando-o-feriado-e-domingo\/","og_locale":"pt_BR","og_type":"article","og_title":"Tenho direito a folgar na segunda-feira quando o feriado \u00e9 domingo?","og_description":"Celebrado no dia 19 de junho, o feriado de Corpus Christi foi o \u00faltimo a resultar em um fim de semana prolongado para muitos trabalhadores, devido \u00e0 sua ocorr\u00eancia em uma quinta-feira. Desde ent\u00e3o, outras datas comemorativas t\u00eam coincidido com dias de descanso, deixando empregados incertos quanto a possibilidade de garantir folgas, principalmente quando feriados [&hellip;]","og_url":"https:\/\/tribunademinas.audiencelabs.com.br\/tenho-direito-a-folgar-na-segunda-feira-quando-o-feriado-e-domingo\/","og_site_name":"Tribuna de Minas - Dinheiro e Cidadania","article_publisher":"https:\/\/www.facebook.com\/tribunademinas\/","article_published_time":"2025-09-30T21:00:00+00:00","og_image":[{"width":2000,"height":1125,"url":"https:\/\/tribunademinas.audiencelabs.com.br\/wp-content\/uploads\/2025\/09\/direito-folgar-segunda-feira-quando-feriado-e-domingo.jpg","type":"image\/jpeg"}],"author":"Jo\u00e3o Carlos Gomes","twitter_card":"summary_large_image","twitter_creator":"@tribunademinas","twitter_site":"@tribunademinas","twitter_misc":{"Escrito por":"Jo\u00e3o Carlos Gomes","Est. tempo de leitura":"2 minutos"},"schema":{"@context":"https:\/\/schema.org","@graph":[{"@type":"Article","@id":"https:\/\/tribunademinas.audiencelabs.com.br\/tenho-direito-a-folgar-na-segunda-feira-quando-o-feriado-e-domingo\/#article","isPartOf":{"@id":"https:\/\/tribunademinas.audiencelabs.com.br\/tenho-direito-a-folgar-na-segunda-feira-quando-o-feriado-e-domingo\/"},"author":{"name":"Jo\u00e3o Carlos Gomes","@id":"https:\/\/tribunademinas.audiencelabs.com.br\/#\/schema\/person\/37af466a64a722fadb8ef6841c52114f"},"headline":"Tenho direito a folgar na segunda-feira quando o feriado \u00e9 domingo?","datePublished":"2025-09-30T21:00:00+00:00","mainEntityOfPage":{"@id":"https:\/\/tribunademinas.audiencelabs.com.br\/tenho-direito-a-folgar-na-segunda-feira-quando-o-feriado-e-domingo\/"},"wordCount":353,"commentCount":0,"publisher":{"@id":"https:\/\/tribunademinas.audiencelabs.com.br\/#organization"},"image":{"@id":"https:\/\/tribunademinas.audiencelabs.com.br\/tenho-direito-a-folgar-na-segunda-feira-quando-o-feriado-e-domingo\/#primaryimage"},"thumbnailUrl":"https:\/\/tribunademinas.audiencelabs.com.br\/wp-content\/uploads\/2025\/09\/direito-folgar-segunda-feira-quando-feriado-e-domingo.jpg","articleSection":["Cidadania"],"inLanguage":"pt-BR","potentialAction":[{"@type":"CommentAction","name":"Comment","target":["https:\/\/tribunademinas.audiencelabs.com.br\/tenho-direito-a-folgar-na-segunda-feira-quando-o-feriado-e-domingo\/#respond"]}]},{"@type":"WebPage","@id":"https:\/\/tribunademinas.audiencelabs.com.br\/tenho-direito-a-folgar-na-segunda-feira-quando-o-feriado-e-domingo\/","url":"https:\/\/tribunademinas.audiencelabs.com.br\/tenho-direito-a-folgar-na-segunda-feira-quando-o-feriado-e-domingo\/","name":"Tenho direito a folgar na segunda-feira quando o feriado \u00e9 domingo?","isPartOf":{"@id":"https:\/\/tribunademinas.audiencelabs.com.br\/#website"},"primaryImageOfPage":{"@id":"https:\/\/tribunademinas.audiencelabs.com.br\/tenho-direito-a-folgar-na-segunda-feira-quando-o-feriado-e-domingo\/#primaryimage"},"image":{"@id":"https:\/\/tribunademinas.audiencelabs.com.br\/tenho-direito-a-folgar-na-segunda-feira-quando-o-feriado-e-domingo\/#primaryimage"},"thumbnailUrl":"https:\/\/tribunademinas.audiencelabs.com.br\/wp-content\/uploads\/2025\/09\/direito-folgar-segunda-feira-quando-feriado-e-domingo.jpg","datePublished":"2025-09-30T21:00:00+00:00","breadcrumb":{"@id":"https:\/\/tribunademinas.audiencelabs.com.br\/tenho-direito-a-folgar-na-segunda-feira-quando-o-feriado-e-domingo\/#breadcrumb"},"inLanguage":"pt-BR","potentialAction":[{"@type":"ReadAction","target":["https:\/\/tribunademinas.audiencelabs.com.br\/tenho-direito-a-folgar-na-segunda-feira-quando-o-feriado-e-domingo\/"]}]},{"@type":"ImageObject","inLanguage":"pt-BR","@id":"https:\/\/tribunademinas.audiencelabs.com.br\/tenho-direito-a-folgar-na-segunda-feira-quando-o-feriado-e-domingo\/#primaryimage","url":"https:\/\/tribunademinas.audiencelabs.com.br\/wp-content\/uploads\/2025\/09\/direito-folgar-segunda-feira-quando-feriado-e-domingo.jpg","contentUrl":"https:\/\/tribunademinas.audiencelabs.com.br\/wp-content\/uploads\/2025\/09\/direito-folgar-segunda-feira-quando-feriado-e-domingo.jpg","width":2000,"height":1125,"caption":"Foto: Freepik"},{"@type":"BreadcrumbList","@id":"https:\/\/tribunademinas.audiencelabs.com.br\/tenho-direito-a-folgar-na-segunda-feira-quando-o-feriado-e-domingo\/#breadcrumb","itemListElement":[{"@type":"ListItem","position":1,"name":"In\u00edcio","item":"https:\/\/tribunademinas.audiencelabs.com.br\/"},{"@type":"ListItem","position":2,"name":"Tenho direito a folgar na segunda-feira quando o feriado \u00e9 domingo?"}]},{"@type":"WebSite","@id":"https:\/\/tribunademinas.audiencelabs.com.br\/#website","url":"https:\/\/tribunademinas.audiencelabs.com.br\/","name":"Tribuna de Minas - Dinheiro e Cidadania","description":"","publisher":{"@id":"https:\/\/tribunademinas.audiencelabs.com.br\/#organization"},"potentialAction":[{"@type":"SearchAction","target":{"@type":"EntryPoint","urlTemplate":"https:\/\/tribunademinas.audiencelabs.com.br\/?s={search_term_string}"},"query-input":{"@type":"PropertyValueSpecification","valueRequired":true,"valueName":"search_term_string"}}],"inLanguage":"pt-BR"},{"@type":"Organization","@id":"https:\/\/tribunademinas.audiencelabs.com.br\/#organization","name":"Tribuna de Minas - Dinheiro e Cidadania","url":"https:\/\/tribunademinas.audiencelabs.com.br\/","logo":{"@type":"ImageObject","inLanguage":"pt-BR","@id":"https:\/\/tribunademinas.audiencelabs.com.br\/#\/schema\/logo\/image\/","url":"https:\/\/tribunademinas.audiencelabs.com.br\/wp-content\/uploads\/2025\/08\/cropped-Tribuna_512x512-96x96-1.png","contentUrl":"https:\/\/tribunademinas.audiencelabs.com.br\/wp-content\/uploads\/2025\/08\/cropped-Tribuna_512x512-96x96-1.png","width":96,"height":96,"caption":"Tribuna de Minas - Dinheiro e Cidadania"},"image":{"@id":"https:\/\/tribunademinas.audiencelabs.com.br\/#\/schema\/logo\/image\/"},"sameAs":["https:\/\/www.facebook.com\/tribunademinas\/","https:\/\/x.com\/tribunademinas","https:\/\/www.instagram.com\/tribunademinas\/","https:\/\/www.youtube.com\/user\/TribunadeMinasJF"]},{"@type":"Person","@id":"https:\/\/tribunademinas.audiencelabs.com.br\/#\/schema\/person\/37af466a64a722fadb8ef6841c52114f","name":"Jo\u00e3o Carlos Gomes","image":{"@type":"ImageObject","inLanguage":"pt-BR","@id":"https:\/\/tribunademinas.audiencelabs.com.br\/#\/schema\/person\/image\/","url":"https:\/\/secure.gravatar.com\/avatar\/4ce4672dbdd694b329cd6fdb51bee7d1409be1f0ff76a537e4c4a737b2c7d1a9?s=96&d=mm&r=g","contentUrl":"https:\/\/secure.gravatar.com\/avatar\/4ce4672dbdd694b329cd6fdb51bee7d1409be1f0ff76a537e4c4a737b2c7d1a9?s=96&d=mm&r=g","caption":"Jo\u00e3o Carlos Gomes"},"description":"Jornalista formado pelo Centro Universit\u00e1rio Carioca, apreciador da Bossa Nova ao Metal Extremo, criador de conte\u00fado e m\u00fasico independente nas horas vagas.","url":"https:\/\/tribunademinas.audiencelabs.com.br\/author\/joaoc-junior\/"}]}},"amp_enabled":true,"_links":{"self":[{"href":"https:\/\/tribunademinas.audiencelabs.com.br\/wp-json\/wp\/v2\/posts\/1920","targetHints":{"allow":["GET"]}}],"collection":[{"href":"https:\/\/tribunademinas.audiencelabs.com.br\/wp-json\/wp\/v2\/posts"}],"about":[{"href":"https:\/\/tribunademinas.audiencelabs.com.br\/wp-json\/wp\/v2\/types\/post"}],"author":[{"embeddable":true,"href":"https:\/\/tribunademinas.audiencelabs.com.br\/wp-json\/wp\/v2\/users\/3"}],"replies":[{"embeddable":true,"href":"https:\/\/tribunademinas.audiencelabs.com.br\/wp-json\/wp\/v2\/comments?post=1920"}],"version-history":[{"count":1,"href":"https:\/\/tribunademinas.audiencelabs.com.br\/wp-json\/wp\/v2\/posts\/1920\/revisions"}],"predecessor-version":[{"id":1923,"href":"https:\/\/tribunademinas.audiencelabs.com.br\/wp-json\/wp\/v2\/posts\/1920\/revisions\/1923"}],"wp:featuredmedia":[{"embeddable":true,"href":"https:\/\/tribunademinas.audiencelabs.com.br\/wp-json\/wp\/v2\/media\/1921"}],"wp:attachment":[{"href":"https:\/\/tribunademinas.audiencelabs.com.br\/wp-json\/wp\/v2\/media?parent=1920"}],"wp:term":[{"taxonomy":"category","embeddable":true,"href":"https:\/\/tribunademinas.audiencelabs.com.br\/wp-json\/wp\/v2\/categories?post=1920"},{"taxonomy":"post_tag","embeddable":true,"href":"https:\/\/tribunademinas.audiencelabs.com.br\/wp-json\/wp\/v2\/tags?post=1920"}],"curies":[{"name":"wp","href":"https:\/\/api.w.org\/{rel}","templated":true}]}}