{"id":1917,"date":"2025-10-04T11:47:00","date_gmt":"2025-10-04T14:47:00","guid":{"rendered":"https:\/\/tribunademinas.audiencelabs.com.br\/?p=1917"},"modified":"2025-09-29T16:30:37","modified_gmt":"2025-09-29T19:30:37","slug":"exigencia-da-lei-trabalhista-e-clara-voce-precisa-fazer-isso-pra-tirar-ferias","status":"publish","type":"post","link":"https:\/\/tribunademinas.audiencelabs.com.br\/exigencia-da-lei-trabalhista-e-clara-voce-precisa-fazer-isso-pra-tirar-ferias\/","title":{"rendered":"Exig\u00eancia da lei trabalhista \u00e9 clara: voc\u00ea precisa fazer isso pra tirar f\u00e9rias"},"content":{"rendered":"\n<p>A legisla\u00e7\u00e3o brasileira garante a todos os trabalhadores com carteira assinada, que atuam sob o regime da Consolida\u00e7\u00e3o das Leis do Trabalho (<a href=\"https:\/\/www.planalto.gov.br\/ccivil_03\/decreto-lei\/del5452.htm\"><strong>CLT)<\/strong><\/a>, o direito \u00e0s f\u00e9rias, que \u00e9 o descanso remunerado ap\u00f3s 12 meses de servi\u00e7o. <\/p>\n\n\n\n<p>Esse direito, de no m\u00ednimo 30 dias, \u00e9 um benef\u00edcio essencial para preservar a sa\u00fade f\u00edsica e mental dos empregados. <\/p>\n\n\n\n<p>No entanto, o que muitos ignoram \u00e9 que, para que esse <a href=\"https:\/\/tribunademinas.com.br\/colunas\/dinheiroecidadania\/agora-voce-precisa-fazer-isso-se-quiser-tirar-ferias-no-trabalho\/\"><strong>direito <\/strong><\/a>seja plenamente assegurado, n\u00e3o basta apenas esperar pela decis\u00e3o do empregador, o pr\u00f3prio trabalhador tamb\u00e9m tem obriga\u00e7\u00f5es a cumprir.<\/p>\n\n\n\n<h2 class=\"wp-block-heading\">Exig\u00eancia da lei trabalhista \u00e9 clara: voc\u00ea precisa fazer isso pra tirar f\u00e9rias<\/h2>\n\n\n\n<p>Ao ser comunicado oficialmente sobre o per\u00edodo de suas f\u00e9rias, o funcion\u00e1rio precisa estar atento \u00e0s datas determinadas e seguir o que foi estabelecido. <\/p>\n\n\n\n<p>N\u00e3o comparecer ao trabalho antes da data de in\u00edcio ou retornar depois do prazo final pode acarretar advert\u00eancias e at\u00e9 descontos salariais. O cumprimento rigoroso do per\u00edodo estipulado \u00e9 parte fundamental do processo. <\/p>\n\n\n\n<p>Al\u00e9m disso, caso o trabalhador opte por vender parte das f\u00e9rias, que pode ser de at\u00e9 10 dias, conforme permitido por lei, essa decis\u00e3o deve ser comunicada com anteced\u00eancia, dentro do prazo legal de at\u00e9 15 dias antes do fim do per\u00edodo aquisitivo.<\/p>\n\n\n\n<p>Outra responsabilidade importante diz respeito ao fracionamento das f\u00e9rias. Embora a divis\u00e3o em at\u00e9 tr\u00eas per\u00edodos seja legal, a iniciativa precisa ser discutida e aprovada em comum acordo com a empresa. <\/p>\n\n\n\n<p>O empregado n\u00e3o pode simplesmente solicitar a divis\u00e3o e esperar que ela seja aceita sem negocia\u00e7\u00e3o. O primeiro per\u00edodo deve ter pelo menos 14 dias corridos, e os demais, no m\u00ednimo sete dias cada. <\/p>\n\n\n\n<p>Ficar atento a esses detalhes evita conflitos e garante que o direito ao descanso seja respeitado sem preju\u00edzos.<\/p>\n\n\n\n<h3 class=\"wp-block-heading\">Empregadores tamb\u00e9m possuem obriga\u00e7\u00f5es relacionadas \u00e0s f\u00e9rias<\/h3>\n\n\n\n<p>Do lado das empresas, h\u00e1 exig\u00eancias igualmente claras. O empregador \u00e9 obrigado a informar o trabalhador, por escrito, com pelo menos 30 dias de anteced\u00eancia sobre quando as f\u00e9rias ocorrer\u00e3o. <\/p>\n\n\n\n<p>O descumprimento desse prazo, ou a n\u00e3o concess\u00e3o das f\u00e9rias dentro dos 12 meses ap\u00f3s o direito ser adquirido, pode gerar penalidades legais, inclusive multa. A comunica\u00e7\u00e3o precisa ser formal e documentada, de modo a proteger ambas as partes.<\/p>\n\n\n\n<p>A legisla\u00e7\u00e3o busca, com isso, equilibrar os deveres entre patr\u00e3o e empregado. Ao seguir as regras corretamente, ambos garantem que o per\u00edodo de descanso ocorra com tranquilidade, seguran\u00e7a jur\u00eddica e respeito m\u00fatuo.<\/p>\n\n\n\n<p><\/p>\n","protected":false},"excerpt":{"rendered":"<p>A legisla\u00e7\u00e3o brasileira garante a todos os trabalhadores com carteira assinada, que atuam sob o regime da Consolida\u00e7\u00e3o das Leis do Trabalho (CLT), o direito \u00e0s f\u00e9rias, que \u00e9 o descanso remunerado ap\u00f3s 12 meses de servi\u00e7o. Esse direito, de no m\u00ednimo 30 dias, \u00e9 um benef\u00edcio essencial para preservar a sa\u00fade f\u00edsica e mental [&hellip;]<\/p>\n","protected":false},"author":5,"featured_media":1918,"comment_status":"open","ping_status":"open","sticky":false,"template":"","format":"standard","meta":{"jnews-multi-image_gallery":[],"jnews_single_post":{"format":"standard"},"jnews_primary_category":[],"jnews_social_meta":[],"jnews_post_split":[],"footnotes":""},"categories":[159],"tags":[],"class_list":["post-1917","post","type-post","status-publish","format-standard","has-post-thumbnail","hentry","category-cidadania"],"yoast_head":"<!-- This site is optimized with the Yoast SEO plugin v25.6 - https:\/\/yoast.com\/wordpress\/plugins\/seo\/ -->\n<title>Exig\u00eancia da lei trabalhista \u00e9 clara: voc\u00ea precisa fazer isso pra tirar f\u00e9rias<\/title>\n<meta name=\"description\" content=\"Muitos ignoram que, para que o direito \u00e0 f\u00e9rias seja plenamente assegurado, o pr\u00f3prio trabalhador tem obriga\u00e7\u00f5es a cumprir.\" \/>\n<meta name=\"robots\" content=\"index, follow, max-snippet:-1, max-image-preview:large, max-video-preview:-1\" \/>\n<link rel=\"canonical\" href=\"https:\/\/tribunademinas.audiencelabs.com.br\/exigencia-da-lei-trabalhista-e-clara-voce-precisa-fazer-isso-pra-tirar-ferias\/\" \/>\n<meta property=\"og:locale\" content=\"pt_BR\" \/>\n<meta property=\"og:type\" content=\"article\" \/>\n<meta property=\"og:title\" content=\"Exig\u00eancia da lei trabalhista \u00e9 clara: voc\u00ea precisa fazer isso pra tirar f\u00e9rias\" \/>\n<meta property=\"og:description\" content=\"Muitos ignoram que, para que o direito \u00e0 f\u00e9rias seja plenamente assegurado, o pr\u00f3prio trabalhador tem obriga\u00e7\u00f5es a cumprir.\" \/>\n<meta property=\"og:url\" content=\"https:\/\/tribunademinas.audiencelabs.com.br\/exigencia-da-lei-trabalhista-e-clara-voce-precisa-fazer-isso-pra-tirar-ferias\/\" \/>\n<meta property=\"og:site_name\" content=\"Tribuna de Minas - Dinheiro e Cidadania\" \/>\n<meta property=\"article:publisher\" content=\"https:\/\/www.facebook.com\/tribunademinas\/\" \/>\n<meta property=\"article:published_time\" content=\"2025-10-04T14:47:00+00:00\" \/>\n<meta property=\"og:image\" content=\"https:\/\/tribunademinas.audiencelabs.com.br\/wp-content\/uploads\/2025\/09\/ferias-2.webp\" \/>\n\t<meta property=\"og:image:width\" content=\"1170\" \/>\n\t<meta property=\"og:image:height\" content=\"700\" \/>\n\t<meta property=\"og:image:type\" content=\"image\/webp\" \/>\n<meta name=\"author\" content=\"Jeferson Carvalho\" \/>\n<meta name=\"twitter:card\" content=\"summary_large_image\" \/>\n<meta name=\"twitter:creator\" content=\"@tribunademinas\" \/>\n<meta name=\"twitter:site\" content=\"@tribunademinas\" \/>\n<meta name=\"twitter:label1\" content=\"Escrito por\" \/>\n\t<meta name=\"twitter:data1\" content=\"Jeferson Carvalho\" \/>\n\t<meta name=\"twitter:label2\" content=\"Est. tempo de leitura\" \/>\n\t<meta name=\"twitter:data2\" content=\"3 minutos\" \/>\n<!-- \/ Yoast SEO plugin. -->","yoast_head_json":{"title":"Exig\u00eancia da lei trabalhista \u00e9 clara: voc\u00ea precisa fazer isso pra tirar f\u00e9rias","description":"Muitos ignoram que, para que o direito \u00e0 f\u00e9rias seja plenamente assegurado, o pr\u00f3prio trabalhador tem obriga\u00e7\u00f5es a cumprir.","robots":{"index":"index","follow":"follow","max-snippet":"max-snippet:-1","max-image-preview":"max-image-preview:large","max-video-preview":"max-video-preview:-1"},"canonical":"https:\/\/tribunademinas.audiencelabs.com.br\/exigencia-da-lei-trabalhista-e-clara-voce-precisa-fazer-isso-pra-tirar-ferias\/","og_locale":"pt_BR","og_type":"article","og_title":"Exig\u00eancia da lei trabalhista \u00e9 clara: voc\u00ea precisa fazer isso pra tirar f\u00e9rias","og_description":"Muitos ignoram que, para que o direito \u00e0 f\u00e9rias seja plenamente assegurado, o pr\u00f3prio trabalhador tem obriga\u00e7\u00f5es a cumprir.","og_url":"https:\/\/tribunademinas.audiencelabs.com.br\/exigencia-da-lei-trabalhista-e-clara-voce-precisa-fazer-isso-pra-tirar-ferias\/","og_site_name":"Tribuna de Minas - Dinheiro e Cidadania","article_publisher":"https:\/\/www.facebook.com\/tribunademinas\/","article_published_time":"2025-10-04T14:47:00+00:00","og_image":[{"width":1170,"height":700,"url":"https:\/\/tribunademinas.audiencelabs.com.br\/wp-content\/uploads\/2025\/09\/ferias-2.webp","type":"image\/webp"}],"author":"Jeferson Carvalho","twitter_card":"summary_large_image","twitter_creator":"@tribunademinas","twitter_site":"@tribunademinas","twitter_misc":{"Escrito por":"Jeferson Carvalho","Est. tempo de leitura":"3 minutos"},"schema":{"@context":"https:\/\/schema.org","@graph":[{"@type":"Article","@id":"https:\/\/tribunademinas.audiencelabs.com.br\/exigencia-da-lei-trabalhista-e-clara-voce-precisa-fazer-isso-pra-tirar-ferias\/#article","isPartOf":{"@id":"https:\/\/tribunademinas.audiencelabs.com.br\/exigencia-da-lei-trabalhista-e-clara-voce-precisa-fazer-isso-pra-tirar-ferias\/"},"author":{"name":"Jeferson Carvalho","@id":"https:\/\/tribunademinas.audiencelabs.com.br\/#\/schema\/person\/db18fc40307804bacef94213aa68fd9d"},"headline":"Exig\u00eancia da lei trabalhista \u00e9 clara: voc\u00ea precisa fazer isso pra tirar f\u00e9rias","datePublished":"2025-10-04T14:47:00+00:00","mainEntityOfPage":{"@id":"https:\/\/tribunademinas.audiencelabs.com.br\/exigencia-da-lei-trabalhista-e-clara-voce-precisa-fazer-isso-pra-tirar-ferias\/"},"wordCount":449,"commentCount":0,"publisher":{"@id":"https:\/\/tribunademinas.audiencelabs.com.br\/#organization"},"image":{"@id":"https:\/\/tribunademinas.audiencelabs.com.br\/exigencia-da-lei-trabalhista-e-clara-voce-precisa-fazer-isso-pra-tirar-ferias\/#primaryimage"},"thumbnailUrl":"https:\/\/tribunademinas.audiencelabs.com.br\/wp-content\/uploads\/2025\/09\/ferias-2.webp","articleSection":["Cidadania"],"inLanguage":"pt-BR","potentialAction":[{"@type":"CommentAction","name":"Comment","target":["https:\/\/tribunademinas.audiencelabs.com.br\/exigencia-da-lei-trabalhista-e-clara-voce-precisa-fazer-isso-pra-tirar-ferias\/#respond"]}]},{"@type":"WebPage","@id":"https:\/\/tribunademinas.audiencelabs.com.br\/exigencia-da-lei-trabalhista-e-clara-voce-precisa-fazer-isso-pra-tirar-ferias\/","url":"https:\/\/tribunademinas.audiencelabs.com.br\/exigencia-da-lei-trabalhista-e-clara-voce-precisa-fazer-isso-pra-tirar-ferias\/","name":"Exig\u00eancia da lei trabalhista \u00e9 clara: voc\u00ea precisa fazer isso pra tirar f\u00e9rias","isPartOf":{"@id":"https:\/\/tribunademinas.audiencelabs.com.br\/#website"},"primaryImageOfPage":{"@id":"https:\/\/tribunademinas.audiencelabs.com.br\/exigencia-da-lei-trabalhista-e-clara-voce-precisa-fazer-isso-pra-tirar-ferias\/#primaryimage"},"image":{"@id":"https:\/\/tribunademinas.audiencelabs.com.br\/exigencia-da-lei-trabalhista-e-clara-voce-precisa-fazer-isso-pra-tirar-ferias\/#primaryimage"},"thumbnailUrl":"https:\/\/tribunademinas.audiencelabs.com.br\/wp-content\/uploads\/2025\/09\/ferias-2.webp","datePublished":"2025-10-04T14:47:00+00:00","description":"Muitos ignoram que, para que o direito \u00e0 f\u00e9rias seja plenamente assegurado, o pr\u00f3prio trabalhador tem obriga\u00e7\u00f5es a cumprir.","breadcrumb":{"@id":"https:\/\/tribunademinas.audiencelabs.com.br\/exigencia-da-lei-trabalhista-e-clara-voce-precisa-fazer-isso-pra-tirar-ferias\/#breadcrumb"},"inLanguage":"pt-BR","potentialAction":[{"@type":"ReadAction","target":["https:\/\/tribunademinas.audiencelabs.com.br\/exigencia-da-lei-trabalhista-e-clara-voce-precisa-fazer-isso-pra-tirar-ferias\/"]}]},{"@type":"ImageObject","inLanguage":"pt-BR","@id":"https:\/\/tribunademinas.audiencelabs.com.br\/exigencia-da-lei-trabalhista-e-clara-voce-precisa-fazer-isso-pra-tirar-ferias\/#primaryimage","url":"https:\/\/tribunademinas.audiencelabs.com.br\/wp-content\/uploads\/2025\/09\/ferias-2.webp","contentUrl":"https:\/\/tribunademinas.audiencelabs.com.br\/wp-content\/uploads\/2025\/09\/ferias-2.webp","width":1170,"height":700,"caption":"Exig\u00eancia da lei trabalhista \u00e9 clara: voc\u00ea precisa fazer isso pra tirar f\u00e9rias - Imagem: Marcello Casal jr\/Ag\u00eancia Brasil"},{"@type":"BreadcrumbList","@id":"https:\/\/tribunademinas.audiencelabs.com.br\/exigencia-da-lei-trabalhista-e-clara-voce-precisa-fazer-isso-pra-tirar-ferias\/#breadcrumb","itemListElement":[{"@type":"ListItem","position":1,"name":"In\u00edcio","item":"https:\/\/tribunademinas.audiencelabs.com.br\/"},{"@type":"ListItem","position":2,"name":"Exig\u00eancia da lei trabalhista \u00e9 clara: voc\u00ea precisa fazer isso pra tirar f\u00e9rias"}]},{"@type":"WebSite","@id":"https:\/\/tribunademinas.audiencelabs.com.br\/#website","url":"https:\/\/tribunademinas.audiencelabs.com.br\/","name":"Tribuna de Minas - Dinheiro e Cidadania","description":"","publisher":{"@id":"https:\/\/tribunademinas.audiencelabs.com.br\/#organization"},"potentialAction":[{"@type":"SearchAction","target":{"@type":"EntryPoint","urlTemplate":"https:\/\/tribunademinas.audiencelabs.com.br\/?s={search_term_string}"},"query-input":{"@type":"PropertyValueSpecification","valueRequired":true,"valueName":"search_term_string"}}],"inLanguage":"pt-BR"},{"@type":"Organization","@id":"https:\/\/tribunademinas.audiencelabs.com.br\/#organization","name":"Tribuna de Minas - Dinheiro e Cidadania","url":"https:\/\/tribunademinas.audiencelabs.com.br\/","logo":{"@type":"ImageObject","inLanguage":"pt-BR","@id":"https:\/\/tribunademinas.audiencelabs.com.br\/#\/schema\/logo\/image\/","url":"https:\/\/tribunademinas.audiencelabs.com.br\/wp-content\/uploads\/2025\/08\/cropped-Tribuna_512x512-96x96-1.png","contentUrl":"https:\/\/tribunademinas.audiencelabs.com.br\/wp-content\/uploads\/2025\/08\/cropped-Tribuna_512x512-96x96-1.png","width":96,"height":96,"caption":"Tribuna de Minas - Dinheiro e Cidadania"},"image":{"@id":"https:\/\/tribunademinas.audiencelabs.com.br\/#\/schema\/logo\/image\/"},"sameAs":["https:\/\/www.facebook.com\/tribunademinas\/","https:\/\/x.com\/tribunademinas","https:\/\/www.instagram.com\/tribunademinas\/","https:\/\/www.youtube.com\/user\/TribunadeMinasJF"]},{"@type":"Person","@id":"https:\/\/tribunademinas.audiencelabs.com.br\/#\/schema\/person\/db18fc40307804bacef94213aa68fd9d","name":"Jeferson Carvalho","image":{"@type":"ImageObject","inLanguage":"pt-BR","@id":"https:\/\/tribunademinas.audiencelabs.com.br\/#\/schema\/person\/image\/","url":"https:\/\/secure.gravatar.com\/avatar\/cd7646e328d9670dad7dea8698522e522745eeffcff5b9d08be858e377ce326b?s=96&d=mm&r=g","contentUrl":"https:\/\/secure.gravatar.com\/avatar\/cd7646e328d9670dad7dea8698522e522745eeffcff5b9d08be858e377ce326b?s=96&d=mm&r=g","caption":"Jeferson Carvalho"},"description":"Jornalista apaixonado pela profiss\u00e3o!","url":"https:\/\/tribunademinas.audiencelabs.com.br\/author\/jeferson\/"}]}},"amp_enabled":true,"_links":{"self":[{"href":"https:\/\/tribunademinas.audiencelabs.com.br\/wp-json\/wp\/v2\/posts\/1917","targetHints":{"allow":["GET"]}}],"collection":[{"href":"https:\/\/tribunademinas.audiencelabs.com.br\/wp-json\/wp\/v2\/posts"}],"about":[{"href":"https:\/\/tribunademinas.audiencelabs.com.br\/wp-json\/wp\/v2\/types\/post"}],"author":[{"embeddable":true,"href":"https:\/\/tribunademinas.audiencelabs.com.br\/wp-json\/wp\/v2\/users\/5"}],"replies":[{"embeddable":true,"href":"https:\/\/tribunademinas.audiencelabs.com.br\/wp-json\/wp\/v2\/comments?post=1917"}],"version-history":[{"count":1,"href":"https:\/\/tribunademinas.audiencelabs.com.br\/wp-json\/wp\/v2\/posts\/1917\/revisions"}],"predecessor-version":[{"id":1922,"href":"https:\/\/tribunademinas.audiencelabs.com.br\/wp-json\/wp\/v2\/posts\/1917\/revisions\/1922"}],"wp:featuredmedia":[{"embeddable":true,"href":"https:\/\/tribunademinas.audiencelabs.com.br\/wp-json\/wp\/v2\/media\/1918"}],"wp:attachment":[{"href":"https:\/\/tribunademinas.audiencelabs.com.br\/wp-json\/wp\/v2\/media?parent=1917"}],"wp:term":[{"taxonomy":"category","embeddable":true,"href":"https:\/\/tribunademinas.audiencelabs.com.br\/wp-json\/wp\/v2\/categories?post=1917"},{"taxonomy":"post_tag","embeddable":true,"href":"https:\/\/tribunademinas.audiencelabs.com.br\/wp-json\/wp\/v2\/tags?post=1917"}],"curies":[{"name":"wp","href":"https:\/\/api.w.org\/{rel}","templated":true}]}}