{"id":1895,"date":"2025-09-30T12:00:00","date_gmt":"2025-09-30T15:00:00","guid":{"rendered":"https:\/\/tribunademinas.audiencelabs.com.br\/?p=1895"},"modified":"2025-09-29T14:32:33","modified_gmt":"2025-09-29T17:32:33","slug":"salario-minimo-de-r-2-920-foi-aprovado-para-milhares-de-brasileiros","status":"publish","type":"post","link":"https:\/\/tribunademinas.audiencelabs.com.br\/salario-minimo-de-r-2-920-foi-aprovado-para-milhares-de-brasileiros\/","title":{"rendered":"Sal\u00e1rio \u201cm\u00ednimo\u201d de R$ 2.920 foi aprovado para milhares de brasileiros"},"content":{"rendered":"\n<p>Por conta da legisla\u00e7\u00e3o atual, o valor do sal\u00e1rio m\u00ednimo no Brasil \u00e9 definido pela soma do crescimento real do Produto Interno Bruto (PIB) com a infla\u00e7\u00e3o do per\u00edodo, medida pelo \u00cdndice Nacional de Pre\u00e7os ao Consumidor (INPC).<\/p>\n\n\n\n<p>Entretanto, isso n\u00e3o inclui a remunera\u00e7\u00e3o dos\u00a0<strong>professores da educa\u00e7\u00e3o b\u00e1sica<\/strong>, que por conta da Lei n\u00ba 11.738\/08 (ou Lei do Piso), contam com uma remunera\u00e7\u00e3o que reconhece a relev\u00e2ncia da carreira para a sociedade.<\/p>\n\n\n\n<p>Por conta disso, educadores da rede p\u00fablica recebem sal\u00e1rios acima do piso nacional, atualmente fixado em R$ 1.518. E vale destacar que, para os professores de Minas Gerais, isso corresponde a um<strong> aumento de mais de R$ 1.400<\/strong> nos ganhos mensais.<\/p>\n\n\n\n<p>Isso porque, acompanhando o reajuste mais recente, o valor inicial do sal\u00e1rio da profiss\u00e3o pode <strong>chegar a R$ 2.920,78<\/strong> atualmente, conforme definido pelo governo local. E vale destacar que o valor supera em 5,26% o montante anterior.<\/p>\n\n\n\n<p>Tamb\u00e9m \u00e9 importante ressaltar que o sal\u00e1rio dos professores tamb\u00e9m pode aumentar com a progress\u00e3o na carreira. Portanto, dependendo do tempo de servi\u00e7o e titula\u00e7\u00e3o de cada profissional, o sal\u00e1rio mensal pode aumentar ainda mais.<\/p>\n\n\n\n<h2 class=\"wp-block-heading\">Sal\u00e1rio dos professores de MG est\u00e1 abaixo do piso do MEC<\/h2>\n\n\n\n<p>Embora possa parecer vantajoso em compara\u00e7\u00e3o \u00e0 remunera\u00e7\u00e3o m\u00e9dia, o sal\u00e1rio inicial dos professores em MG \u00e9 proporcionalmente menor que o de outros estados, uma vez que est\u00e1 muito abaixo do piso estabelecido pelo<strong> Minist\u00e9rio da Educa\u00e7\u00e3o (MEC)<\/strong> para 2025.<\/p>\n\n\n\n<p>Conforme estabelecido pelo \u00f3rg\u00e3o, educadores da rede p\u00fablica com carga hor\u00e1ria de 40 horas semanais podem receber <strong>at\u00e9 R$ 4.877,77 mensais<\/strong> em in\u00edcio de carreira. Logo, os valores oferecidos apresentam uma diferen\u00e7a de quase R$ 2 mil entre si.<\/p>\n\n\n\n<p>At\u00e9 o momento, n\u00e3o h\u00e1 confirma\u00e7\u00e3o de reajuste imediato no estado para atingir o piso nacional. Contudo, como proje\u00e7\u00f5es indicam que os aumentos para o pr\u00f3ximo ano podem ultrapassar em 3,62% o piso de 2025, corre\u00e7\u00f5es futuras s\u00e3o aguardadas.<\/p>\n","protected":false},"excerpt":{"rendered":"<p>Por conta da legisla\u00e7\u00e3o atual, o valor do sal\u00e1rio m\u00ednimo no Brasil \u00e9 definido pela soma do crescimento real do Produto Interno Bruto (PIB) com a infla\u00e7\u00e3o do per\u00edodo, medida pelo \u00cdndice Nacional de Pre\u00e7os ao Consumidor (INPC). Entretanto, isso n\u00e3o inclui a remunera\u00e7\u00e3o dos\u00a0professores da educa\u00e7\u00e3o b\u00e1sica, que por conta da Lei n\u00ba 11.738\/08 [&hellip;]<\/p>\n","protected":false},"author":3,"featured_media":1896,"comment_status":"open","ping_status":"open","sticky":false,"template":"","format":"standard","meta":{"jnews-multi-image_gallery":[],"jnews_single_post":{"format":"standard"},"jnews_primary_category":[],"jnews_social_meta":[],"jnews_post_split":[],"footnotes":""},"categories":[1],"tags":[],"class_list":["post-1895","post","type-post","status-publish","format-standard","has-post-thumbnail","hentry","category-dinheiro"],"yoast_head":"<!-- This site is optimized with the Yoast SEO plugin v25.6 - https:\/\/yoast.com\/wordpress\/plugins\/seo\/ -->\n<title>Sal\u00e1rio \u201cm\u00ednimo\u201d de R$ 2.920 foi aprovado para milhares de brasileiros<\/title>\n<meta name=\"robots\" content=\"index, follow, max-snippet:-1, max-image-preview:large, max-video-preview:-1\" \/>\n<link rel=\"canonical\" href=\"https:\/\/tribunademinas.audiencelabs.com.br\/salario-minimo-de-r-2-920-foi-aprovado-para-milhares-de-brasileiros\/\" \/>\n<meta property=\"og:locale\" content=\"pt_BR\" \/>\n<meta property=\"og:type\" content=\"article\" \/>\n<meta property=\"og:title\" content=\"Sal\u00e1rio \u201cm\u00ednimo\u201d de R$ 2.920 foi aprovado para milhares de brasileiros\" \/>\n<meta property=\"og:description\" content=\"Por conta da legisla\u00e7\u00e3o atual, o valor do sal\u00e1rio m\u00ednimo no Brasil \u00e9 definido pela soma do crescimento real do Produto Interno Bruto (PIB) com a infla\u00e7\u00e3o do per\u00edodo, medida pelo \u00cdndice Nacional de Pre\u00e7os ao Consumidor (INPC). Entretanto, isso n\u00e3o inclui a remunera\u00e7\u00e3o dos\u00a0professores da educa\u00e7\u00e3o b\u00e1sica, que por conta da Lei n\u00ba 11.738\/08 [&hellip;]\" \/>\n<meta property=\"og:url\" content=\"https:\/\/tribunademinas.audiencelabs.com.br\/salario-minimo-de-r-2-920-foi-aprovado-para-milhares-de-brasileiros\/\" \/>\n<meta property=\"og:site_name\" content=\"Tribuna de Minas - Dinheiro e Cidadania\" \/>\n<meta property=\"article:publisher\" content=\"https:\/\/www.facebook.com\/tribunademinas\/\" \/>\n<meta property=\"article:published_time\" content=\"2025-09-30T15:00:00+00:00\" \/>\n<meta property=\"og:image\" content=\"https:\/\/tribunademinas.audiencelabs.com.br\/wp-content\/uploads\/2025\/09\/salario-minimo-2920-aprovado-milhares-brasileiros.webp\" \/>\n\t<meta property=\"og:image:width\" content=\"1280\" \/>\n\t<meta property=\"og:image:height\" content=\"720\" \/>\n\t<meta property=\"og:image:type\" content=\"image\/webp\" \/>\n<meta name=\"author\" content=\"Jo\u00e3o Carlos Gomes\" \/>\n<meta name=\"twitter:card\" content=\"summary_large_image\" \/>\n<meta name=\"twitter:creator\" content=\"@tribunademinas\" \/>\n<meta name=\"twitter:site\" content=\"@tribunademinas\" \/>\n<meta name=\"twitter:label1\" content=\"Escrito por\" \/>\n\t<meta name=\"twitter:data1\" content=\"Jo\u00e3o Carlos Gomes\" \/>\n\t<meta name=\"twitter:label2\" content=\"Est. tempo de leitura\" \/>\n\t<meta name=\"twitter:data2\" content=\"2 minutos\" \/>\n<!-- \/ Yoast SEO plugin. -->","yoast_head_json":{"title":"Sal\u00e1rio \u201cm\u00ednimo\u201d de R$ 2.920 foi aprovado para milhares de brasileiros","robots":{"index":"index","follow":"follow","max-snippet":"max-snippet:-1","max-image-preview":"max-image-preview:large","max-video-preview":"max-video-preview:-1"},"canonical":"https:\/\/tribunademinas.audiencelabs.com.br\/salario-minimo-de-r-2-920-foi-aprovado-para-milhares-de-brasileiros\/","og_locale":"pt_BR","og_type":"article","og_title":"Sal\u00e1rio \u201cm\u00ednimo\u201d de R$ 2.920 foi aprovado para milhares de brasileiros","og_description":"Por conta da legisla\u00e7\u00e3o atual, o valor do sal\u00e1rio m\u00ednimo no Brasil \u00e9 definido pela soma do crescimento real do Produto Interno Bruto (PIB) com a infla\u00e7\u00e3o do per\u00edodo, medida pelo \u00cdndice Nacional de Pre\u00e7os ao Consumidor (INPC). Entretanto, isso n\u00e3o inclui a remunera\u00e7\u00e3o dos\u00a0professores da educa\u00e7\u00e3o b\u00e1sica, que por conta da Lei n\u00ba 11.738\/08 [&hellip;]","og_url":"https:\/\/tribunademinas.audiencelabs.com.br\/salario-minimo-de-r-2-920-foi-aprovado-para-milhares-de-brasileiros\/","og_site_name":"Tribuna de Minas - Dinheiro e Cidadania","article_publisher":"https:\/\/www.facebook.com\/tribunademinas\/","article_published_time":"2025-09-30T15:00:00+00:00","og_image":[{"width":1280,"height":720,"url":"https:\/\/tribunademinas.audiencelabs.com.br\/wp-content\/uploads\/2025\/09\/salario-minimo-2920-aprovado-milhares-brasileiros.webp","type":"image\/webp"}],"author":"Jo\u00e3o Carlos Gomes","twitter_card":"summary_large_image","twitter_creator":"@tribunademinas","twitter_site":"@tribunademinas","twitter_misc":{"Escrito por":"Jo\u00e3o Carlos Gomes","Est. tempo de leitura":"2 minutos"},"schema":{"@context":"https:\/\/schema.org","@graph":[{"@type":"Article","@id":"https:\/\/tribunademinas.audiencelabs.com.br\/salario-minimo-de-r-2-920-foi-aprovado-para-milhares-de-brasileiros\/#article","isPartOf":{"@id":"https:\/\/tribunademinas.audiencelabs.com.br\/salario-minimo-de-r-2-920-foi-aprovado-para-milhares-de-brasileiros\/"},"author":{"name":"Jo\u00e3o Carlos Gomes","@id":"https:\/\/tribunademinas.audiencelabs.com.br\/#\/schema\/person\/37af466a64a722fadb8ef6841c52114f"},"headline":"Sal\u00e1rio \u201cm\u00ednimo\u201d de R$ 2.920 foi aprovado para milhares de brasileiros","datePublished":"2025-09-30T15:00:00+00:00","mainEntityOfPage":{"@id":"https:\/\/tribunademinas.audiencelabs.com.br\/salario-minimo-de-r-2-920-foi-aprovado-para-milhares-de-brasileiros\/"},"wordCount":353,"commentCount":0,"publisher":{"@id":"https:\/\/tribunademinas.audiencelabs.com.br\/#organization"},"image":{"@id":"https:\/\/tribunademinas.audiencelabs.com.br\/salario-minimo-de-r-2-920-foi-aprovado-para-milhares-de-brasileiros\/#primaryimage"},"thumbnailUrl":"https:\/\/tribunademinas.audiencelabs.com.br\/wp-content\/uploads\/2025\/09\/salario-minimo-2920-aprovado-milhares-brasileiros.webp","articleSection":["Dinheiro"],"inLanguage":"pt-BR","potentialAction":[{"@type":"CommentAction","name":"Comment","target":["https:\/\/tribunademinas.audiencelabs.com.br\/salario-minimo-de-r-2-920-foi-aprovado-para-milhares-de-brasileiros\/#respond"]}]},{"@type":"WebPage","@id":"https:\/\/tribunademinas.audiencelabs.com.br\/salario-minimo-de-r-2-920-foi-aprovado-para-milhares-de-brasileiros\/","url":"https:\/\/tribunademinas.audiencelabs.com.br\/salario-minimo-de-r-2-920-foi-aprovado-para-milhares-de-brasileiros\/","name":"Sal\u00e1rio \u201cm\u00ednimo\u201d de R$ 2.920 foi aprovado para milhares de brasileiros","isPartOf":{"@id":"https:\/\/tribunademinas.audiencelabs.com.br\/#website"},"primaryImageOfPage":{"@id":"https:\/\/tribunademinas.audiencelabs.com.br\/salario-minimo-de-r-2-920-foi-aprovado-para-milhares-de-brasileiros\/#primaryimage"},"image":{"@id":"https:\/\/tribunademinas.audiencelabs.com.br\/salario-minimo-de-r-2-920-foi-aprovado-para-milhares-de-brasileiros\/#primaryimage"},"thumbnailUrl":"https:\/\/tribunademinas.audiencelabs.com.br\/wp-content\/uploads\/2025\/09\/salario-minimo-2920-aprovado-milhares-brasileiros.webp","datePublished":"2025-09-30T15:00:00+00:00","breadcrumb":{"@id":"https:\/\/tribunademinas.audiencelabs.com.br\/salario-minimo-de-r-2-920-foi-aprovado-para-milhares-de-brasileiros\/#breadcrumb"},"inLanguage":"pt-BR","potentialAction":[{"@type":"ReadAction","target":["https:\/\/tribunademinas.audiencelabs.com.br\/salario-minimo-de-r-2-920-foi-aprovado-para-milhares-de-brasileiros\/"]}]},{"@type":"ImageObject","inLanguage":"pt-BR","@id":"https:\/\/tribunademinas.audiencelabs.com.br\/salario-minimo-de-r-2-920-foi-aprovado-para-milhares-de-brasileiros\/#primaryimage","url":"https:\/\/tribunademinas.audiencelabs.com.br\/wp-content\/uploads\/2025\/09\/salario-minimo-2920-aprovado-milhares-brasileiros.webp","contentUrl":"https:\/\/tribunademinas.audiencelabs.com.br\/wp-content\/uploads\/2025\/09\/salario-minimo-2920-aprovado-milhares-brasileiros.webp","width":1280,"height":720,"caption":"Foto: Marcello Casal Jr\/Ag\u00eancia Brasil"},{"@type":"BreadcrumbList","@id":"https:\/\/tribunademinas.audiencelabs.com.br\/salario-minimo-de-r-2-920-foi-aprovado-para-milhares-de-brasileiros\/#breadcrumb","itemListElement":[{"@type":"ListItem","position":1,"name":"In\u00edcio","item":"https:\/\/tribunademinas.audiencelabs.com.br\/"},{"@type":"ListItem","position":2,"name":"Sal\u00e1rio \u201cm\u00ednimo\u201d de R$ 2.920 foi aprovado para milhares de brasileiros"}]},{"@type":"WebSite","@id":"https:\/\/tribunademinas.audiencelabs.com.br\/#website","url":"https:\/\/tribunademinas.audiencelabs.com.br\/","name":"Tribuna de Minas - Dinheiro e Cidadania","description":"","publisher":{"@id":"https:\/\/tribunademinas.audiencelabs.com.br\/#organization"},"potentialAction":[{"@type":"SearchAction","target":{"@type":"EntryPoint","urlTemplate":"https:\/\/tribunademinas.audiencelabs.com.br\/?s={search_term_string}"},"query-input":{"@type":"PropertyValueSpecification","valueRequired":true,"valueName":"search_term_string"}}],"inLanguage":"pt-BR"},{"@type":"Organization","@id":"https:\/\/tribunademinas.audiencelabs.com.br\/#organization","name":"Tribuna de Minas - Dinheiro e Cidadania","url":"https:\/\/tribunademinas.audiencelabs.com.br\/","logo":{"@type":"ImageObject","inLanguage":"pt-BR","@id":"https:\/\/tribunademinas.audiencelabs.com.br\/#\/schema\/logo\/image\/","url":"https:\/\/tribunademinas.audiencelabs.com.br\/wp-content\/uploads\/2025\/08\/cropped-Tribuna_512x512-96x96-1.png","contentUrl":"https:\/\/tribunademinas.audiencelabs.com.br\/wp-content\/uploads\/2025\/08\/cropped-Tribuna_512x512-96x96-1.png","width":96,"height":96,"caption":"Tribuna de Minas - Dinheiro e Cidadania"},"image":{"@id":"https:\/\/tribunademinas.audiencelabs.com.br\/#\/schema\/logo\/image\/"},"sameAs":["https:\/\/www.facebook.com\/tribunademinas\/","https:\/\/x.com\/tribunademinas","https:\/\/www.instagram.com\/tribunademinas\/","https:\/\/www.youtube.com\/user\/TribunadeMinasJF"]},{"@type":"Person","@id":"https:\/\/tribunademinas.audiencelabs.com.br\/#\/schema\/person\/37af466a64a722fadb8ef6841c52114f","name":"Jo\u00e3o Carlos Gomes","image":{"@type":"ImageObject","inLanguage":"pt-BR","@id":"https:\/\/tribunademinas.audiencelabs.com.br\/#\/schema\/person\/image\/","url":"https:\/\/secure.gravatar.com\/avatar\/4ce4672dbdd694b329cd6fdb51bee7d1409be1f0ff76a537e4c4a737b2c7d1a9?s=96&d=mm&r=g","contentUrl":"https:\/\/secure.gravatar.com\/avatar\/4ce4672dbdd694b329cd6fdb51bee7d1409be1f0ff76a537e4c4a737b2c7d1a9?s=96&d=mm&r=g","caption":"Jo\u00e3o Carlos Gomes"},"description":"Jornalista formado pelo Centro Universit\u00e1rio Carioca, apreciador da Bossa Nova ao Metal Extremo, criador de conte\u00fado e m\u00fasico independente nas horas vagas.","url":"https:\/\/tribunademinas.audiencelabs.com.br\/author\/joaoc-junior\/"}]}},"amp_enabled":true,"_links":{"self":[{"href":"https:\/\/tribunademinas.audiencelabs.com.br\/wp-json\/wp\/v2\/posts\/1895","targetHints":{"allow":["GET"]}}],"collection":[{"href":"https:\/\/tribunademinas.audiencelabs.com.br\/wp-json\/wp\/v2\/posts"}],"about":[{"href":"https:\/\/tribunademinas.audiencelabs.com.br\/wp-json\/wp\/v2\/types\/post"}],"author":[{"embeddable":true,"href":"https:\/\/tribunademinas.audiencelabs.com.br\/wp-json\/wp\/v2\/users\/3"}],"replies":[{"embeddable":true,"href":"https:\/\/tribunademinas.audiencelabs.com.br\/wp-json\/wp\/v2\/comments?post=1895"}],"version-history":[{"count":1,"href":"https:\/\/tribunademinas.audiencelabs.com.br\/wp-json\/wp\/v2\/posts\/1895\/revisions"}],"predecessor-version":[{"id":1897,"href":"https:\/\/tribunademinas.audiencelabs.com.br\/wp-json\/wp\/v2\/posts\/1895\/revisions\/1897"}],"wp:featuredmedia":[{"embeddable":true,"href":"https:\/\/tribunademinas.audiencelabs.com.br\/wp-json\/wp\/v2\/media\/1896"}],"wp:attachment":[{"href":"https:\/\/tribunademinas.audiencelabs.com.br\/wp-json\/wp\/v2\/media?parent=1895"}],"wp:term":[{"taxonomy":"category","embeddable":true,"href":"https:\/\/tribunademinas.audiencelabs.com.br\/wp-json\/wp\/v2\/categories?post=1895"},{"taxonomy":"post_tag","embeddable":true,"href":"https:\/\/tribunademinas.audiencelabs.com.br\/wp-json\/wp\/v2\/tags?post=1895"}],"curies":[{"name":"wp","href":"https:\/\/api.w.org\/{rel}","templated":true}]}}