{"id":1888,"date":"2025-09-30T08:00:00","date_gmt":"2025-09-30T11:00:00","guid":{"rendered":"https:\/\/tribunademinas.audiencelabs.com.br\/?p=1888"},"modified":"2025-09-29T13:39:30","modified_gmt":"2025-09-29T16:39:30","slug":"governo-surpreendeu-e-abriu-concurso-com-vagas-de-salario-a-r-6-400","status":"publish","type":"post","link":"https:\/\/tribunademinas.audiencelabs.com.br\/governo-surpreendeu-e-abriu-concurso-com-vagas-de-salario-a-r-6-400\/","title":{"rendered":"Governo surpreendeu e abriu concurso com vagas de sal\u00e1rio a R$ 6.400"},"content":{"rendered":"\n<p>Na \u00faltima semana, o<strong> governo do estado do Esp\u00edrito Santo<\/strong> anunciou uma oportunidade que despertou o interesse de cidad\u00e3os que t\u00eam recorrido a concursos p\u00fablicos para garantir melhores sal\u00e1rios e benef\u00edcios.<\/p>\n\n\n\n<p>Isso porque a entidade confirmou a abertura de 800 vagas imediatas para o <strong>cargo de policial penal<\/strong>, profiss\u00e3o que substituiu a antiga fun\u00e7\u00e3o de agente penitenci\u00e1rio, cuja remunera\u00e7\u00e3o oficial ultrapassa os R$ 6.400.<\/p>\n\n\n\n<p>O valor \u00e9 constitu\u00eddo pelo sal\u00e1rio, que pode chegar a R$ 5.631,16, mais R$ 800 de benef\u00edcios. E vale destacar que as vagas demandam apenas <strong>ensino m\u00e9dio completo<\/strong> como forma\u00e7\u00e3o, ampliando a oportunidade para uma grande parcela da popula\u00e7\u00e3o.<\/p>\n\n\n\n<p>O edital do concurso foi publicado <a href=\"https:\/\/www.idcap.org.br\/informacoes\/197\/\" target=\"_blank\" rel=\"noreferrer noopener\">no site oficial<\/a> do <strong>Instituto de Desenvolvimento e Capacita\u00e7\u00e3o (Idcap)<\/strong>, que tamb\u00e9m ser\u00e1 o respons\u00e1vel pela sele\u00e7\u00e3o, na \u00faltima sexta-feira (26). Desta forma, j\u00e1 \u00e9 poss\u00edvel ter acesso a mais detalhes sobre o cargo e as provas.<\/p>\n\n\n\n<p>As inscri\u00e7\u00f5es estar\u00e3o abertas <strong>a partir de 7 de outubro<\/strong>, com taxa de R$ 87. No entanto, candidatos que se enquadram nos crit\u00e9rios de isen\u00e7\u00e3o ter\u00e3o at\u00e9 o fim do dia seguinte para solicitar o benef\u00edcio e garantir participa\u00e7\u00e3o sem custos.<\/p>\n\n\n\n<h2 class=\"wp-block-heading\">Concurso p\u00fablico para policial penal do ES: confira os detalhes<\/h2>\n\n\n\n<p>Al\u00e9m do ensino m\u00e9dio completo, os candidatos tamb\u00e9m devem possuir <strong>Carteira Nacional de Habilita\u00e7\u00e3o (CNH) categoria B ou superior<\/strong>, considerando que a fun\u00e7\u00e3o pode demandar deslocamentos constantes.<\/p>\n\n\n\n<p>Afinal, vale destacar que os profissionais selecionados atuar\u00e3o diretamente nas unidades prisionais do Estado, podendo haver mudan\u00e7as em caso de necessidade. No total, a escala da fun\u00e7\u00e3o ser\u00e1 de 40 horas semanais, e o cargo ainda oferece regime estatut\u00e1rio e estabilidade ap\u00f3s o per\u00edodo de est\u00e1gio probat\u00f3rio.<\/p>\n\n\n\n<p>\u00c9 importante ressaltar que, al\u00e9m de uma prova objetiva e uma reda\u00e7\u00e3o dissertativa, o concurso ainda contar\u00e1 com diversas fases eliminat\u00f3rias e classificat\u00f3rias, incluindo um Teste de Aptid\u00e3o F\u00edsica (TAF), avalia\u00e7\u00f5es psicol\u00f3gicas e m\u00e9dicas e at\u00e9 mesmo uma investiga\u00e7\u00e3o social.<\/p>\n","protected":false},"excerpt":{"rendered":"<p>Na \u00faltima semana, o governo do estado do Esp\u00edrito Santo anunciou uma oportunidade que despertou o interesse de cidad\u00e3os que t\u00eam recorrido a concursos p\u00fablicos para garantir melhores sal\u00e1rios e benef\u00edcios. Isso porque a entidade confirmou a abertura de 800 vagas imediatas para o cargo de policial penal, profiss\u00e3o que substituiu a antiga fun\u00e7\u00e3o de [&hellip;]<\/p>\n","protected":false},"author":3,"featured_media":1889,"comment_status":"open","ping_status":"open","sticky":false,"template":"","format":"standard","meta":{"jnews-multi-image_gallery":[],"jnews_single_post":{"format":"standard"},"jnews_primary_category":[],"jnews_social_meta":[],"jnews_post_split":[],"footnotes":""},"categories":[1],"tags":[],"class_list":["post-1888","post","type-post","status-publish","format-standard","has-post-thumbnail","hentry","category-dinheiro"],"yoast_head":"<!-- This site is optimized with the Yoast SEO plugin v25.6 - https:\/\/yoast.com\/wordpress\/plugins\/seo\/ -->\n<title>Governo surpreendeu e abriu concurso com vagas de sal\u00e1rio a R$ 6.400<\/title>\n<meta name=\"robots\" content=\"index, follow, max-snippet:-1, max-image-preview:large, max-video-preview:-1\" \/>\n<link rel=\"canonical\" href=\"https:\/\/tribunademinas.audiencelabs.com.br\/governo-surpreendeu-e-abriu-concurso-com-vagas-de-salario-a-r-6-400\/\" \/>\n<meta property=\"og:locale\" content=\"pt_BR\" \/>\n<meta property=\"og:type\" content=\"article\" \/>\n<meta property=\"og:title\" content=\"Governo surpreendeu e abriu concurso com vagas de sal\u00e1rio a R$ 6.400\" \/>\n<meta property=\"og:description\" content=\"Na \u00faltima semana, o governo do estado do Esp\u00edrito Santo anunciou uma oportunidade que despertou o interesse de cidad\u00e3os que t\u00eam recorrido a concursos p\u00fablicos para garantir melhores sal\u00e1rios e benef\u00edcios. Isso porque a entidade confirmou a abertura de 800 vagas imediatas para o cargo de policial penal, profiss\u00e3o que substituiu a antiga fun\u00e7\u00e3o de [&hellip;]\" \/>\n<meta property=\"og:url\" content=\"https:\/\/tribunademinas.audiencelabs.com.br\/governo-surpreendeu-e-abriu-concurso-com-vagas-de-salario-a-r-6-400\/\" \/>\n<meta property=\"og:site_name\" content=\"Tribuna de Minas - Dinheiro e Cidadania\" \/>\n<meta property=\"article:publisher\" content=\"https:\/\/www.facebook.com\/tribunademinas\/\" \/>\n<meta property=\"article:published_time\" content=\"2025-09-30T11:00:00+00:00\" \/>\n<meta property=\"og:image\" content=\"https:\/\/tribunademinas.audiencelabs.com.br\/wp-content\/uploads\/2025\/09\/governo-surpreende-abriu-concurso-vagas-salario-6400.jpg\" \/>\n\t<meta property=\"og:image:width\" content=\"2000\" \/>\n\t<meta property=\"og:image:height\" content=\"1125\" \/>\n\t<meta property=\"og:image:type\" content=\"image\/jpeg\" \/>\n<meta name=\"author\" content=\"Jo\u00e3o Carlos Gomes\" \/>\n<meta name=\"twitter:card\" content=\"summary_large_image\" \/>\n<meta name=\"twitter:creator\" content=\"@tribunademinas\" \/>\n<meta name=\"twitter:site\" content=\"@tribunademinas\" \/>\n<meta name=\"twitter:label1\" content=\"Escrito por\" \/>\n\t<meta name=\"twitter:data1\" content=\"Jo\u00e3o Carlos Gomes\" \/>\n\t<meta name=\"twitter:label2\" content=\"Est. tempo de leitura\" \/>\n\t<meta name=\"twitter:data2\" content=\"2 minutos\" \/>\n<!-- \/ Yoast SEO plugin. -->","yoast_head_json":{"title":"Governo surpreendeu e abriu concurso com vagas de sal\u00e1rio a R$ 6.400","robots":{"index":"index","follow":"follow","max-snippet":"max-snippet:-1","max-image-preview":"max-image-preview:large","max-video-preview":"max-video-preview:-1"},"canonical":"https:\/\/tribunademinas.audiencelabs.com.br\/governo-surpreendeu-e-abriu-concurso-com-vagas-de-salario-a-r-6-400\/","og_locale":"pt_BR","og_type":"article","og_title":"Governo surpreendeu e abriu concurso com vagas de sal\u00e1rio a R$ 6.400","og_description":"Na \u00faltima semana, o governo do estado do Esp\u00edrito Santo anunciou uma oportunidade que despertou o interesse de cidad\u00e3os que t\u00eam recorrido a concursos p\u00fablicos para garantir melhores sal\u00e1rios e benef\u00edcios. Isso porque a entidade confirmou a abertura de 800 vagas imediatas para o cargo de policial penal, profiss\u00e3o que substituiu a antiga fun\u00e7\u00e3o de [&hellip;]","og_url":"https:\/\/tribunademinas.audiencelabs.com.br\/governo-surpreendeu-e-abriu-concurso-com-vagas-de-salario-a-r-6-400\/","og_site_name":"Tribuna de Minas - Dinheiro e Cidadania","article_publisher":"https:\/\/www.facebook.com\/tribunademinas\/","article_published_time":"2025-09-30T11:00:00+00:00","og_image":[{"width":2000,"height":1125,"url":"https:\/\/tribunademinas.audiencelabs.com.br\/wp-content\/uploads\/2025\/09\/governo-surpreende-abriu-concurso-vagas-salario-6400.jpg","type":"image\/jpeg"}],"author":"Jo\u00e3o Carlos Gomes","twitter_card":"summary_large_image","twitter_creator":"@tribunademinas","twitter_site":"@tribunademinas","twitter_misc":{"Escrito por":"Jo\u00e3o Carlos Gomes","Est. tempo de leitura":"2 minutos"},"schema":{"@context":"https:\/\/schema.org","@graph":[{"@type":"Article","@id":"https:\/\/tribunademinas.audiencelabs.com.br\/governo-surpreendeu-e-abriu-concurso-com-vagas-de-salario-a-r-6-400\/#article","isPartOf":{"@id":"https:\/\/tribunademinas.audiencelabs.com.br\/governo-surpreendeu-e-abriu-concurso-com-vagas-de-salario-a-r-6-400\/"},"author":{"name":"Jo\u00e3o Carlos Gomes","@id":"https:\/\/tribunademinas.audiencelabs.com.br\/#\/schema\/person\/37af466a64a722fadb8ef6841c52114f"},"headline":"Governo surpreendeu e abriu concurso com vagas de sal\u00e1rio a R$ 6.400","datePublished":"2025-09-30T11:00:00+00:00","mainEntityOfPage":{"@id":"https:\/\/tribunademinas.audiencelabs.com.br\/governo-surpreendeu-e-abriu-concurso-com-vagas-de-salario-a-r-6-400\/"},"wordCount":364,"commentCount":0,"publisher":{"@id":"https:\/\/tribunademinas.audiencelabs.com.br\/#organization"},"image":{"@id":"https:\/\/tribunademinas.audiencelabs.com.br\/governo-surpreendeu-e-abriu-concurso-com-vagas-de-salario-a-r-6-400\/#primaryimage"},"thumbnailUrl":"https:\/\/tribunademinas.audiencelabs.com.br\/wp-content\/uploads\/2025\/09\/governo-surpreende-abriu-concurso-vagas-salario-6400.jpg","articleSection":["Dinheiro"],"inLanguage":"pt-BR","potentialAction":[{"@type":"CommentAction","name":"Comment","target":["https:\/\/tribunademinas.audiencelabs.com.br\/governo-surpreendeu-e-abriu-concurso-com-vagas-de-salario-a-r-6-400\/#respond"]}]},{"@type":"WebPage","@id":"https:\/\/tribunademinas.audiencelabs.com.br\/governo-surpreendeu-e-abriu-concurso-com-vagas-de-salario-a-r-6-400\/","url":"https:\/\/tribunademinas.audiencelabs.com.br\/governo-surpreendeu-e-abriu-concurso-com-vagas-de-salario-a-r-6-400\/","name":"Governo surpreendeu e abriu concurso com vagas de sal\u00e1rio a R$ 6.400","isPartOf":{"@id":"https:\/\/tribunademinas.audiencelabs.com.br\/#website"},"primaryImageOfPage":{"@id":"https:\/\/tribunademinas.audiencelabs.com.br\/governo-surpreendeu-e-abriu-concurso-com-vagas-de-salario-a-r-6-400\/#primaryimage"},"image":{"@id":"https:\/\/tribunademinas.audiencelabs.com.br\/governo-surpreendeu-e-abriu-concurso-com-vagas-de-salario-a-r-6-400\/#primaryimage"},"thumbnailUrl":"https:\/\/tribunademinas.audiencelabs.com.br\/wp-content\/uploads\/2025\/09\/governo-surpreende-abriu-concurso-vagas-salario-6400.jpg","datePublished":"2025-09-30T11:00:00+00:00","breadcrumb":{"@id":"https:\/\/tribunademinas.audiencelabs.com.br\/governo-surpreendeu-e-abriu-concurso-com-vagas-de-salario-a-r-6-400\/#breadcrumb"},"inLanguage":"pt-BR","potentialAction":[{"@type":"ReadAction","target":["https:\/\/tribunademinas.audiencelabs.com.br\/governo-surpreendeu-e-abriu-concurso-com-vagas-de-salario-a-r-6-400\/"]}]},{"@type":"ImageObject","inLanguage":"pt-BR","@id":"https:\/\/tribunademinas.audiencelabs.com.br\/governo-surpreendeu-e-abriu-concurso-com-vagas-de-salario-a-r-6-400\/#primaryimage","url":"https:\/\/tribunademinas.audiencelabs.com.br\/wp-content\/uploads\/2025\/09\/governo-surpreende-abriu-concurso-vagas-salario-6400.jpg","contentUrl":"https:\/\/tribunademinas.audiencelabs.com.br\/wp-content\/uploads\/2025\/09\/governo-surpreende-abriu-concurso-vagas-salario-6400.jpg","width":2000,"height":1125,"caption":"Foto: tonodiaz\/Freepik"},{"@type":"BreadcrumbList","@id":"https:\/\/tribunademinas.audiencelabs.com.br\/governo-surpreendeu-e-abriu-concurso-com-vagas-de-salario-a-r-6-400\/#breadcrumb","itemListElement":[{"@type":"ListItem","position":1,"name":"In\u00edcio","item":"https:\/\/tribunademinas.audiencelabs.com.br\/"},{"@type":"ListItem","position":2,"name":"Governo surpreendeu e abriu concurso com vagas de sal\u00e1rio a R$ 6.400"}]},{"@type":"WebSite","@id":"https:\/\/tribunademinas.audiencelabs.com.br\/#website","url":"https:\/\/tribunademinas.audiencelabs.com.br\/","name":"Tribuna de Minas - Dinheiro e Cidadania","description":"","publisher":{"@id":"https:\/\/tribunademinas.audiencelabs.com.br\/#organization"},"potentialAction":[{"@type":"SearchAction","target":{"@type":"EntryPoint","urlTemplate":"https:\/\/tribunademinas.audiencelabs.com.br\/?s={search_term_string}"},"query-input":{"@type":"PropertyValueSpecification","valueRequired":true,"valueName":"search_term_string"}}],"inLanguage":"pt-BR"},{"@type":"Organization","@id":"https:\/\/tribunademinas.audiencelabs.com.br\/#organization","name":"Tribuna de Minas - Dinheiro e Cidadania","url":"https:\/\/tribunademinas.audiencelabs.com.br\/","logo":{"@type":"ImageObject","inLanguage":"pt-BR","@id":"https:\/\/tribunademinas.audiencelabs.com.br\/#\/schema\/logo\/image\/","url":"https:\/\/tribunademinas.audiencelabs.com.br\/wp-content\/uploads\/2025\/08\/cropped-Tribuna_512x512-96x96-1.png","contentUrl":"https:\/\/tribunademinas.audiencelabs.com.br\/wp-content\/uploads\/2025\/08\/cropped-Tribuna_512x512-96x96-1.png","width":96,"height":96,"caption":"Tribuna de Minas - Dinheiro e Cidadania"},"image":{"@id":"https:\/\/tribunademinas.audiencelabs.com.br\/#\/schema\/logo\/image\/"},"sameAs":["https:\/\/www.facebook.com\/tribunademinas\/","https:\/\/x.com\/tribunademinas","https:\/\/www.instagram.com\/tribunademinas\/","https:\/\/www.youtube.com\/user\/TribunadeMinasJF"]},{"@type":"Person","@id":"https:\/\/tribunademinas.audiencelabs.com.br\/#\/schema\/person\/37af466a64a722fadb8ef6841c52114f","name":"Jo\u00e3o Carlos Gomes","image":{"@type":"ImageObject","inLanguage":"pt-BR","@id":"https:\/\/tribunademinas.audiencelabs.com.br\/#\/schema\/person\/image\/","url":"https:\/\/secure.gravatar.com\/avatar\/4ce4672dbdd694b329cd6fdb51bee7d1409be1f0ff76a537e4c4a737b2c7d1a9?s=96&d=mm&r=g","contentUrl":"https:\/\/secure.gravatar.com\/avatar\/4ce4672dbdd694b329cd6fdb51bee7d1409be1f0ff76a537e4c4a737b2c7d1a9?s=96&d=mm&r=g","caption":"Jo\u00e3o Carlos Gomes"},"description":"Jornalista formado pelo Centro Universit\u00e1rio Carioca, apreciador da Bossa Nova ao Metal Extremo, criador de conte\u00fado e m\u00fasico independente nas horas vagas.","url":"https:\/\/tribunademinas.audiencelabs.com.br\/author\/joaoc-junior\/"}]}},"amp_enabled":true,"_links":{"self":[{"href":"https:\/\/tribunademinas.audiencelabs.com.br\/wp-json\/wp\/v2\/posts\/1888","targetHints":{"allow":["GET"]}}],"collection":[{"href":"https:\/\/tribunademinas.audiencelabs.com.br\/wp-json\/wp\/v2\/posts"}],"about":[{"href":"https:\/\/tribunademinas.audiencelabs.com.br\/wp-json\/wp\/v2\/types\/post"}],"author":[{"embeddable":true,"href":"https:\/\/tribunademinas.audiencelabs.com.br\/wp-json\/wp\/v2\/users\/3"}],"replies":[{"embeddable":true,"href":"https:\/\/tribunademinas.audiencelabs.com.br\/wp-json\/wp\/v2\/comments?post=1888"}],"version-history":[{"count":1,"href":"https:\/\/tribunademinas.audiencelabs.com.br\/wp-json\/wp\/v2\/posts\/1888\/revisions"}],"predecessor-version":[{"id":1890,"href":"https:\/\/tribunademinas.audiencelabs.com.br\/wp-json\/wp\/v2\/posts\/1888\/revisions\/1890"}],"wp:featuredmedia":[{"embeddable":true,"href":"https:\/\/tribunademinas.audiencelabs.com.br\/wp-json\/wp\/v2\/media\/1889"}],"wp:attachment":[{"href":"https:\/\/tribunademinas.audiencelabs.com.br\/wp-json\/wp\/v2\/media?parent=1888"}],"wp:term":[{"taxonomy":"category","embeddable":true,"href":"https:\/\/tribunademinas.audiencelabs.com.br\/wp-json\/wp\/v2\/categories?post=1888"},{"taxonomy":"post_tag","embeddable":true,"href":"https:\/\/tribunademinas.audiencelabs.com.br\/wp-json\/wp\/v2\/tags?post=1888"}],"curies":[{"name":"wp","href":"https:\/\/api.w.org\/{rel}","templated":true}]}}