{"id":1852,"date":"2025-09-27T01:30:00","date_gmt":"2025-09-27T04:30:00","guid":{"rendered":"https:\/\/tribunademinas.audiencelabs.com.br\/?p=1852"},"modified":"2025-09-26T18:05:38","modified_gmt":"2025-09-26T21:05:38","slug":"trabalhadores-que-fazem-aniversario-em-outubro-vao-ganhar-saque-do-governo","status":"publish","type":"post","link":"https:\/\/tribunademinas.audiencelabs.com.br\/trabalhadores-que-fazem-aniversario-em-outubro-vao-ganhar-saque-do-governo\/","title":{"rendered":"Trabalhadores que fazem anivers\u00e1rio em outubro v\u00e3o ganhar saque do Governo"},"content":{"rendered":"\n<p>Desde a implementa\u00e7\u00e3o da Lei Federal n\u00ba 13.932\/2019, os trabalhadores passaram a contar com um verdadeiro presente do governo no m\u00eas de seus anivers\u00e1rios, que ao longo dos anos tem se mostrado importante para auxiliar no enfrentamento de despesas imprevistas.<\/p>\n\n\n\n<p>Trata-se do <strong>Saque-anivers\u00e1rio do <strong>Fundo de Garantia do Tempo de Servi\u00e7o (FGTS)<\/strong><\/strong>, que flexibiliza o acesso ao montante dispon\u00edvel, permitindo retiradas anuais proporcionais ao saldo, calculadas segundo al\u00edquotas escalonadas de acordo com o valor acumulado.<\/p>\n\n\n\n<p>Na etapa mais recente, o saque contemplou os nascidos em setembro. No entanto, como o m\u00eas j\u00e1 est\u00e1 praticamente chegando ao fim, os aniversariantes de outubro j\u00e1 podem se organizar para acessar o saque muito em breve.<\/p>\n\n\n\n<p>Conforme as regras, a libera\u00e7\u00e3o ocorre no primeiro dia \u00fatil do per\u00edodo, e o trabalhador disp\u00f5e de 60 dias para movimentar o recurso. Desta forma, o prazo final para os nascidos em outubro ser\u00e1 o <strong>dia 30 de dezembro<\/strong>.<\/p>\n\n\n\n<p>O Saque-Anivers\u00e1rio do FGTS pode ser solicitado pelo aplicativo oficial do fundo, com a op\u00e7\u00e3o de transferir o valor para a conta banc\u00e1ria de prefer\u00eancia do trabalhador. Para realizar o procedimento, basta seguir o passo a passo abaixo:<\/p>\n\n\n\n<ul class=\"wp-block-list\">\n<li>Acessar o app do FGTS com as credenciais de acesso solicitadas;<\/li>\n\n\n\n<li>Consultar na tela inicial o valor dispon\u00edvel para o Saque-anivers\u00e1rio;<\/li>\n\n\n\n<li>Selecionar a op\u00e7\u00e3o de saque, indicando uma conta banc\u00e1ria para receber o valor;<\/li>\n\n\n\n<li>Aguardar a realiza\u00e7\u00e3o do dep\u00f3sito em at\u00e9 5 dias \u00fateis.<\/li>\n<\/ul>\n\n\n\n<h2 class=\"wp-block-heading\">Valores do Saque-anivers\u00e1rio do FGTS: conhe\u00e7a os limites<\/h2>\n\n\n\n<p>Conforme mencionado anteriormente, o valor a ser retirado pelo Saque-Anivers\u00e1rio resulta da aplica\u00e7\u00e3o de uma tabela progressiva, que considera tanto o saldo existente na conta do FGTS quanto al\u00edquotas entre 5% e 50%, acrescidas de parcelas fixas vari\u00e1veis por faixa de saldo. Com isso, as quantias podem variar entre:<\/p>\n\n\n\n<ul class=\"wp-block-list\">\n<li><strong>At\u00e9 R$ 500:<\/strong>\u00a050% do saldo\u00a0<\/li>\n\n\n\n<li><strong>De R$ 500,01 a R$ 1.000:<\/strong>\u00a040% do saldo + R$ 50,00\u00a0<\/li>\n\n\n\n<li><strong>De R$ 1.000,01 a R$ 5.000:<\/strong>\u00a030% do saldo + R$ 150,00\u00a0<\/li>\n\n\n\n<li><strong>De R$ 5.000,01 a R$ 10.000:<\/strong>\u00a020% do saldo + R$ 650,00\u00a0<\/li>\n\n\n\n<li><strong>De R$ 10.000,01 a R$ 15.000:<\/strong>\u00a015% do saldo + R$ 1.150,00\u00a0<\/li>\n\n\n\n<li><strong>De R$ 15.000,01 a R$ 20.000:<\/strong>\u00a010% do saldo + R$ 1.900,00\u00a0<\/li>\n\n\n\n<li><strong>Acima de R$ 20.000:<\/strong>\u00a05% do saldo + R$ 2.900,00\u00a0<\/li>\n<\/ul>\n","protected":false},"excerpt":{"rendered":"<p>Desde a implementa\u00e7\u00e3o da Lei Federal n\u00ba 13.932\/2019, os trabalhadores passaram a contar com um verdadeiro presente do governo no m\u00eas de seus anivers\u00e1rios, que ao longo dos anos tem se mostrado importante para auxiliar no enfrentamento de despesas imprevistas. Trata-se do Saque-anivers\u00e1rio do Fundo de Garantia do Tempo de Servi\u00e7o (FGTS), que flexibiliza o [&hellip;]<\/p>\n","protected":false},"author":3,"featured_media":1853,"comment_status":"open","ping_status":"open","sticky":false,"template":"","format":"standard","meta":{"jnews-multi-image_gallery":[],"jnews_single_post":{"format":"standard"},"jnews_primary_category":[],"jnews_social_meta":[],"jnews_post_split":[],"footnotes":""},"categories":[1],"tags":[],"class_list":["post-1852","post","type-post","status-publish","format-standard","has-post-thumbnail","hentry","category-dinheiro"],"yoast_head":"<!-- This site is optimized with the Yoast SEO plugin v25.6 - https:\/\/yoast.com\/wordpress\/plugins\/seo\/ -->\n<title>Trabalhadores que fazem anivers\u00e1rio em outubro v\u00e3o ganhar saque do Governo<\/title>\n<meta name=\"robots\" content=\"index, follow, max-snippet:-1, max-image-preview:large, max-video-preview:-1\" \/>\n<link rel=\"canonical\" href=\"https:\/\/tribunademinas.audiencelabs.com.br\/trabalhadores-que-fazem-aniversario-em-outubro-vao-ganhar-saque-do-governo\/\" \/>\n<meta property=\"og:locale\" content=\"pt_BR\" \/>\n<meta property=\"og:type\" content=\"article\" \/>\n<meta property=\"og:title\" content=\"Trabalhadores que fazem anivers\u00e1rio em outubro v\u00e3o ganhar saque do Governo\" \/>\n<meta property=\"og:description\" content=\"Desde a implementa\u00e7\u00e3o da Lei Federal n\u00ba 13.932\/2019, os trabalhadores passaram a contar com um verdadeiro presente do governo no m\u00eas de seus anivers\u00e1rios, que ao longo dos anos tem se mostrado importante para auxiliar no enfrentamento de despesas imprevistas. Trata-se do Saque-anivers\u00e1rio do Fundo de Garantia do Tempo de Servi\u00e7o (FGTS), que flexibiliza o [&hellip;]\" \/>\n<meta property=\"og:url\" content=\"https:\/\/tribunademinas.audiencelabs.com.br\/trabalhadores-que-fazem-aniversario-em-outubro-vao-ganhar-saque-do-governo\/\" \/>\n<meta property=\"og:site_name\" content=\"Tribuna de Minas - Dinheiro e Cidadania\" \/>\n<meta property=\"article:publisher\" content=\"https:\/\/www.facebook.com\/tribunademinas\/\" \/>\n<meta property=\"article:published_time\" content=\"2025-09-27T04:30:00+00:00\" \/>\n<meta property=\"og:image\" content=\"https:\/\/tribunademinas.audiencelabs.com.br\/wp-content\/uploads\/2025\/09\/trabalhadores-aniversario-outubro-saque-governo.jpg\" \/>\n\t<meta property=\"og:image:width\" content=\"1920\" \/>\n\t<meta property=\"og:image:height\" content=\"1080\" \/>\n\t<meta property=\"og:image:type\" content=\"image\/jpeg\" \/>\n<meta name=\"author\" content=\"Jo\u00e3o Carlos Gomes\" \/>\n<meta name=\"twitter:card\" content=\"summary_large_image\" \/>\n<meta name=\"twitter:creator\" content=\"@tribunademinas\" \/>\n<meta name=\"twitter:site\" content=\"@tribunademinas\" \/>\n<meta name=\"twitter:label1\" content=\"Escrito por\" \/>\n\t<meta name=\"twitter:data1\" content=\"Jo\u00e3o Carlos Gomes\" \/>\n\t<meta name=\"twitter:label2\" content=\"Est. tempo de leitura\" \/>\n\t<meta name=\"twitter:data2\" content=\"3 minutos\" \/>\n<!-- \/ Yoast SEO plugin. -->","yoast_head_json":{"title":"Trabalhadores que fazem anivers\u00e1rio em outubro v\u00e3o ganhar saque do Governo","robots":{"index":"index","follow":"follow","max-snippet":"max-snippet:-1","max-image-preview":"max-image-preview:large","max-video-preview":"max-video-preview:-1"},"canonical":"https:\/\/tribunademinas.audiencelabs.com.br\/trabalhadores-que-fazem-aniversario-em-outubro-vao-ganhar-saque-do-governo\/","og_locale":"pt_BR","og_type":"article","og_title":"Trabalhadores que fazem anivers\u00e1rio em outubro v\u00e3o ganhar saque do Governo","og_description":"Desde a implementa\u00e7\u00e3o da Lei Federal n\u00ba 13.932\/2019, os trabalhadores passaram a contar com um verdadeiro presente do governo no m\u00eas de seus anivers\u00e1rios, que ao longo dos anos tem se mostrado importante para auxiliar no enfrentamento de despesas imprevistas. Trata-se do Saque-anivers\u00e1rio do Fundo de Garantia do Tempo de Servi\u00e7o (FGTS), que flexibiliza o [&hellip;]","og_url":"https:\/\/tribunademinas.audiencelabs.com.br\/trabalhadores-que-fazem-aniversario-em-outubro-vao-ganhar-saque-do-governo\/","og_site_name":"Tribuna de Minas - Dinheiro e Cidadania","article_publisher":"https:\/\/www.facebook.com\/tribunademinas\/","article_published_time":"2025-09-27T04:30:00+00:00","og_image":[{"width":1920,"height":1080,"url":"https:\/\/tribunademinas.audiencelabs.com.br\/wp-content\/uploads\/2025\/09\/trabalhadores-aniversario-outubro-saque-governo.jpg","type":"image\/jpeg"}],"author":"Jo\u00e3o Carlos Gomes","twitter_card":"summary_large_image","twitter_creator":"@tribunademinas","twitter_site":"@tribunademinas","twitter_misc":{"Escrito por":"Jo\u00e3o Carlos Gomes","Est. tempo de leitura":"3 minutos"},"schema":{"@context":"https:\/\/schema.org","@graph":[{"@type":"Article","@id":"https:\/\/tribunademinas.audiencelabs.com.br\/trabalhadores-que-fazem-aniversario-em-outubro-vao-ganhar-saque-do-governo\/#article","isPartOf":{"@id":"https:\/\/tribunademinas.audiencelabs.com.br\/trabalhadores-que-fazem-aniversario-em-outubro-vao-ganhar-saque-do-governo\/"},"author":{"name":"Jo\u00e3o Carlos Gomes","@id":"https:\/\/tribunademinas.audiencelabs.com.br\/#\/schema\/person\/37af466a64a722fadb8ef6841c52114f"},"headline":"Trabalhadores que fazem anivers\u00e1rio em outubro v\u00e3o ganhar saque do Governo","datePublished":"2025-09-27T04:30:00+00:00","mainEntityOfPage":{"@id":"https:\/\/tribunademinas.audiencelabs.com.br\/trabalhadores-que-fazem-aniversario-em-outubro-vao-ganhar-saque-do-governo\/"},"wordCount":369,"commentCount":0,"publisher":{"@id":"https:\/\/tribunademinas.audiencelabs.com.br\/#organization"},"image":{"@id":"https:\/\/tribunademinas.audiencelabs.com.br\/trabalhadores-que-fazem-aniversario-em-outubro-vao-ganhar-saque-do-governo\/#primaryimage"},"thumbnailUrl":"https:\/\/tribunademinas.audiencelabs.com.br\/wp-content\/uploads\/2025\/09\/trabalhadores-aniversario-outubro-saque-governo.jpg","articleSection":["Dinheiro"],"inLanguage":"pt-BR","potentialAction":[{"@type":"CommentAction","name":"Comment","target":["https:\/\/tribunademinas.audiencelabs.com.br\/trabalhadores-que-fazem-aniversario-em-outubro-vao-ganhar-saque-do-governo\/#respond"]}]},{"@type":"WebPage","@id":"https:\/\/tribunademinas.audiencelabs.com.br\/trabalhadores-que-fazem-aniversario-em-outubro-vao-ganhar-saque-do-governo\/","url":"https:\/\/tribunademinas.audiencelabs.com.br\/trabalhadores-que-fazem-aniversario-em-outubro-vao-ganhar-saque-do-governo\/","name":"Trabalhadores que fazem anivers\u00e1rio em outubro v\u00e3o ganhar saque do Governo","isPartOf":{"@id":"https:\/\/tribunademinas.audiencelabs.com.br\/#website"},"primaryImageOfPage":{"@id":"https:\/\/tribunademinas.audiencelabs.com.br\/trabalhadores-que-fazem-aniversario-em-outubro-vao-ganhar-saque-do-governo\/#primaryimage"},"image":{"@id":"https:\/\/tribunademinas.audiencelabs.com.br\/trabalhadores-que-fazem-aniversario-em-outubro-vao-ganhar-saque-do-governo\/#primaryimage"},"thumbnailUrl":"https:\/\/tribunademinas.audiencelabs.com.br\/wp-content\/uploads\/2025\/09\/trabalhadores-aniversario-outubro-saque-governo.jpg","datePublished":"2025-09-27T04:30:00+00:00","breadcrumb":{"@id":"https:\/\/tribunademinas.audiencelabs.com.br\/trabalhadores-que-fazem-aniversario-em-outubro-vao-ganhar-saque-do-governo\/#breadcrumb"},"inLanguage":"pt-BR","potentialAction":[{"@type":"ReadAction","target":["https:\/\/tribunademinas.audiencelabs.com.br\/trabalhadores-que-fazem-aniversario-em-outubro-vao-ganhar-saque-do-governo\/"]}]},{"@type":"ImageObject","inLanguage":"pt-BR","@id":"https:\/\/tribunademinas.audiencelabs.com.br\/trabalhadores-que-fazem-aniversario-em-outubro-vao-ganhar-saque-do-governo\/#primaryimage","url":"https:\/\/tribunademinas.audiencelabs.com.br\/wp-content\/uploads\/2025\/09\/trabalhadores-aniversario-outubro-saque-governo.jpg","contentUrl":"https:\/\/tribunademinas.audiencelabs.com.br\/wp-content\/uploads\/2025\/09\/trabalhadores-aniversario-outubro-saque-governo.jpg","width":1920,"height":1080,"caption":"Foto: Ali Mkumbwa\/Unsplash"},{"@type":"BreadcrumbList","@id":"https:\/\/tribunademinas.audiencelabs.com.br\/trabalhadores-que-fazem-aniversario-em-outubro-vao-ganhar-saque-do-governo\/#breadcrumb","itemListElement":[{"@type":"ListItem","position":1,"name":"In\u00edcio","item":"https:\/\/tribunademinas.audiencelabs.com.br\/"},{"@type":"ListItem","position":2,"name":"Trabalhadores que fazem anivers\u00e1rio em outubro v\u00e3o ganhar saque do Governo"}]},{"@type":"WebSite","@id":"https:\/\/tribunademinas.audiencelabs.com.br\/#website","url":"https:\/\/tribunademinas.audiencelabs.com.br\/","name":"Tribuna de Minas - Dinheiro e Cidadania","description":"","publisher":{"@id":"https:\/\/tribunademinas.audiencelabs.com.br\/#organization"},"potentialAction":[{"@type":"SearchAction","target":{"@type":"EntryPoint","urlTemplate":"https:\/\/tribunademinas.audiencelabs.com.br\/?s={search_term_string}"},"query-input":{"@type":"PropertyValueSpecification","valueRequired":true,"valueName":"search_term_string"}}],"inLanguage":"pt-BR"},{"@type":"Organization","@id":"https:\/\/tribunademinas.audiencelabs.com.br\/#organization","name":"Tribuna de Minas - Dinheiro e Cidadania","url":"https:\/\/tribunademinas.audiencelabs.com.br\/","logo":{"@type":"ImageObject","inLanguage":"pt-BR","@id":"https:\/\/tribunademinas.audiencelabs.com.br\/#\/schema\/logo\/image\/","url":"https:\/\/tribunademinas.audiencelabs.com.br\/wp-content\/uploads\/2025\/08\/cropped-Tribuna_512x512-96x96-1.png","contentUrl":"https:\/\/tribunademinas.audiencelabs.com.br\/wp-content\/uploads\/2025\/08\/cropped-Tribuna_512x512-96x96-1.png","width":96,"height":96,"caption":"Tribuna de Minas - Dinheiro e Cidadania"},"image":{"@id":"https:\/\/tribunademinas.audiencelabs.com.br\/#\/schema\/logo\/image\/"},"sameAs":["https:\/\/www.facebook.com\/tribunademinas\/","https:\/\/x.com\/tribunademinas","https:\/\/www.instagram.com\/tribunademinas\/","https:\/\/www.youtube.com\/user\/TribunadeMinasJF"]},{"@type":"Person","@id":"https:\/\/tribunademinas.audiencelabs.com.br\/#\/schema\/person\/37af466a64a722fadb8ef6841c52114f","name":"Jo\u00e3o Carlos Gomes","image":{"@type":"ImageObject","inLanguage":"pt-BR","@id":"https:\/\/tribunademinas.audiencelabs.com.br\/#\/schema\/person\/image\/","url":"https:\/\/secure.gravatar.com\/avatar\/4ce4672dbdd694b329cd6fdb51bee7d1409be1f0ff76a537e4c4a737b2c7d1a9?s=96&d=mm&r=g","contentUrl":"https:\/\/secure.gravatar.com\/avatar\/4ce4672dbdd694b329cd6fdb51bee7d1409be1f0ff76a537e4c4a737b2c7d1a9?s=96&d=mm&r=g","caption":"Jo\u00e3o Carlos Gomes"},"description":"Jornalista formado pelo Centro Universit\u00e1rio Carioca, apreciador da Bossa Nova ao Metal Extremo, criador de conte\u00fado e m\u00fasico independente nas horas vagas.","url":"https:\/\/tribunademinas.audiencelabs.com.br\/author\/joaoc-junior\/"}]}},"amp_enabled":true,"_links":{"self":[{"href":"https:\/\/tribunademinas.audiencelabs.com.br\/wp-json\/wp\/v2\/posts\/1852","targetHints":{"allow":["GET"]}}],"collection":[{"href":"https:\/\/tribunademinas.audiencelabs.com.br\/wp-json\/wp\/v2\/posts"}],"about":[{"href":"https:\/\/tribunademinas.audiencelabs.com.br\/wp-json\/wp\/v2\/types\/post"}],"author":[{"embeddable":true,"href":"https:\/\/tribunademinas.audiencelabs.com.br\/wp-json\/wp\/v2\/users\/3"}],"replies":[{"embeddable":true,"href":"https:\/\/tribunademinas.audiencelabs.com.br\/wp-json\/wp\/v2\/comments?post=1852"}],"version-history":[{"count":1,"href":"https:\/\/tribunademinas.audiencelabs.com.br\/wp-json\/wp\/v2\/posts\/1852\/revisions"}],"predecessor-version":[{"id":1858,"href":"https:\/\/tribunademinas.audiencelabs.com.br\/wp-json\/wp\/v2\/posts\/1852\/revisions\/1858"}],"wp:featuredmedia":[{"embeddable":true,"href":"https:\/\/tribunademinas.audiencelabs.com.br\/wp-json\/wp\/v2\/media\/1853"}],"wp:attachment":[{"href":"https:\/\/tribunademinas.audiencelabs.com.br\/wp-json\/wp\/v2\/media?parent=1852"}],"wp:term":[{"taxonomy":"category","embeddable":true,"href":"https:\/\/tribunademinas.audiencelabs.com.br\/wp-json\/wp\/v2\/categories?post=1852"},{"taxonomy":"post_tag","embeddable":true,"href":"https:\/\/tribunademinas.audiencelabs.com.br\/wp-json\/wp\/v2\/tags?post=1852"}],"curies":[{"name":"wp","href":"https:\/\/api.w.org\/{rel}","templated":true}]}}