{"id":1847,"date":"2025-09-29T06:45:00","date_gmt":"2025-09-29T09:45:00","guid":{"rendered":"https:\/\/tribunademinas.audiencelabs.com.br\/?p=1847"},"modified":"2025-09-26T17:38:27","modified_gmt":"2025-09-26T20:38:27","slug":"tem-divida-no-cartao-de-credito-entao-voce-precisa-ler-essa-noticia","status":"publish","type":"post","link":"https:\/\/tribunademinas.audiencelabs.com.br\/tem-divida-no-cartao-de-credito-entao-voce-precisa-ler-essa-noticia\/","title":{"rendered":"Tem divida no cart\u00e3o de cr\u00e9dito? Ent\u00e3o voc\u00ea precisa ler essa not\u00edcia"},"content":{"rendered":"\n<p>O cart\u00e3o de cr\u00e9dito \u00e9 uma ferramenta amplamente usada pelos brasileiros no dia a dia. Seja para compras parceladas, emerg\u00eancias ou at\u00e9 para acumular pontos e benef\u00edcios, ele se tornou um recurso indispens\u00e1vel para milh\u00f5es de pessoas. <\/p>\n\n\n\n<p>No entanto, esse mesmo recurso pode se transformar em um problema s\u00e9rio quando as faturas come\u00e7am a acumular. O n\u00e3o pagamento total da fatura leva o consumidor ao temido cr\u00e9dito rotativo, que cobra uma das maiores taxas de juros do mercado. <\/p>\n\n\n\n<p>Para enfrentar esse cen\u00e1rio, o Banco Central anunciou uma medida importante que promete aliviar o bolso de quem est\u00e1 endividado: a <a href=\"https:\/\/www.bcb.gov.br\/meubc\/faqs\/p\/portabilidade-de-saldo-devedor-da-fatura-do-cartao-de-credito\"><strong>portabilidade <\/strong><\/a>da d\u00edvida do cart\u00e3o de cr\u00e9dito.<\/p>\n\n\n\n<h2 class=\"wp-block-heading\">Tem divida no cart\u00e3o de cr\u00e9dito? Ent\u00e3o voc\u00ea precisa ler essa not\u00edcia<\/h2>\n\n\n\n<p>Na pr\u00e1tica, essa nova possibilidade permite que o consumidor transfira sua d\u00edvida de cart\u00e3o de cr\u00e9dito de uma institui\u00e7\u00e3o financeira para outra que ofere\u00e7a condi\u00e7\u00f5es mais vantajosas, como juros menores ou prazos de pagamento mais longos. <\/p>\n\n\n\n<p>Funciona de forma parecida com a portabilidade de empr\u00e9stimos ou financiamentos. O cliente procura um novo banco, que \u00e9 chamado de institui\u00e7\u00e3o proponente, que avalia o saldo devedor e, se aprovar, assume essa d\u00edvida, quitando o valor junto ao banco original. <\/p>\n\n\n\n<p>Em troca, o consumidor passa a pagar a <a href=\"https:\/\/tribunademinas.com.br\/colunas\/dinheiroecidadania\/atencao-nubank-liberou-pix-no-credito-saiba-como-fazer\/\"><strong>d\u00edvida<\/strong><\/a> diretamente para o novo banco, com as novas condi\u00e7\u00f5es acordadas.<\/p>\n\n\n\n<p>A regra, v\u00e1lida desde julho de 2024, se aplica ao saldo devedor consolidado da fatura, ou seja, inclui tanto o cr\u00e9dito rotativo quanto o eventual parcelamento de faturas em atraso. <\/p>\n\n\n\n<h3 class=\"wp-block-heading\">Regras para a portabilidade da d\u00edvida do cart\u00e3o de cr\u00e9dito<\/h3>\n\n\n\n<p>No entanto, h\u00e1 algumas condi\u00e7\u00f5es. A institui\u00e7\u00e3o original n\u00e3o pode recusar a portabilidade, a menos que o valor da d\u00edvida seja superior ao limite que a nova institui\u00e7\u00e3o est\u00e1 disposta a assumir. <\/p>\n\n\n\n<p>Caso deseje manter o cliente, o banco original pode apresentar uma contraproposta, mas ela precisa seguir regras claras: deve ser equivalente, no m\u00ednimo, ao prazo oferecido pela nova institui\u00e7\u00e3o.<\/p>\n\n\n\n<p>Importante destacar que a portabilidade n\u00e3o est\u00e1 dispon\u00edvel para cart\u00f5es de cr\u00e9dito consignados. <\/p>\n\n\n\n<p>A medida, aprovada pelo Conselho Monet\u00e1rio Nacional, tamb\u00e9m veio acompanhada de exig\u00eancias de mais transpar\u00eancia nas faturas, como informa\u00e7\u00f5es detalhadas sobre os valores devidos, prazos e op\u00e7\u00f5es de pagamento.<\/p>\n\n\n\n<p>Para quem est\u00e1 sufocado pelas d\u00edvidas do cart\u00e3o, essa \u00e9 uma oportunidade concreta de renegociar em melhores condi\u00e7\u00f5es e, finalmente, retomar o controle da vida financeira.<\/p>\n\n\n\n<p><\/p>\n","protected":false},"excerpt":{"rendered":"<p>O cart\u00e3o de cr\u00e9dito \u00e9 uma ferramenta amplamente usada pelos brasileiros no dia a dia. Seja para compras parceladas, emerg\u00eancias ou at\u00e9 para acumular pontos e benef\u00edcios, ele se tornou um recurso indispens\u00e1vel para milh\u00f5es de pessoas. No entanto, esse mesmo recurso pode se transformar em um problema s\u00e9rio quando as faturas come\u00e7am a acumular. [&hellip;]<\/p>\n","protected":false},"author":5,"featured_media":1848,"comment_status":"open","ping_status":"open","sticky":false,"template":"","format":"standard","meta":{"jnews-multi-image_gallery":[],"jnews_single_post":{"format":"standard"},"jnews_primary_category":[],"jnews_social_meta":[],"jnews_post_split":[],"footnotes":""},"categories":[1],"tags":[],"class_list":["post-1847","post","type-post","status-publish","format-standard","has-post-thumbnail","hentry","category-dinheiro"],"yoast_head":"<!-- This site is optimized with the Yoast SEO plugin v25.6 - https:\/\/yoast.com\/wordpress\/plugins\/seo\/ -->\n<title>Tem divida no cart\u00e3o de cr\u00e9dito? Ent\u00e3o voc\u00ea precisa ler essa not\u00edcia<\/title>\n<meta name=\"description\" content=\"O Banco Central anunciou uma medida importante que promete aliviar o bolso de quem est\u00e1 endividado com o cart\u00e3o de cr\u00e9dito.\" \/>\n<meta name=\"robots\" content=\"index, follow, max-snippet:-1, max-image-preview:large, max-video-preview:-1\" \/>\n<link rel=\"canonical\" href=\"https:\/\/tribunademinas.audiencelabs.com.br\/tem-divida-no-cartao-de-credito-entao-voce-precisa-ler-essa-noticia\/\" \/>\n<meta property=\"og:locale\" content=\"pt_BR\" \/>\n<meta property=\"og:type\" content=\"article\" \/>\n<meta property=\"og:title\" content=\"Tem divida no cart\u00e3o de cr\u00e9dito? Ent\u00e3o voc\u00ea precisa ler essa not\u00edcia\" \/>\n<meta property=\"og:description\" content=\"O Banco Central anunciou uma medida importante que promete aliviar o bolso de quem est\u00e1 endividado com o cart\u00e3o de cr\u00e9dito.\" \/>\n<meta property=\"og:url\" content=\"https:\/\/tribunademinas.audiencelabs.com.br\/tem-divida-no-cartao-de-credito-entao-voce-precisa-ler-essa-noticia\/\" \/>\n<meta property=\"og:site_name\" content=\"Tribuna de Minas - Dinheiro e Cidadania\" \/>\n<meta property=\"article:publisher\" content=\"https:\/\/www.facebook.com\/tribunademinas\/\" \/>\n<meta property=\"article:published_time\" content=\"2025-09-29T09:45:00+00:00\" \/>\n<meta property=\"og:image\" content=\"https:\/\/tribunademinas.audiencelabs.com.br\/wp-content\/uploads\/2025\/09\/cartao-de-credito.webp\" \/>\n\t<meta property=\"og:image:width\" content=\"1170\" \/>\n\t<meta property=\"og:image:height\" content=\"700\" \/>\n\t<meta property=\"og:image:type\" content=\"image\/webp\" \/>\n<meta name=\"author\" content=\"Jeferson Carvalho\" \/>\n<meta name=\"twitter:card\" content=\"summary_large_image\" \/>\n<meta name=\"twitter:creator\" content=\"@tribunademinas\" \/>\n<meta name=\"twitter:site\" content=\"@tribunademinas\" \/>\n<meta name=\"twitter:label1\" content=\"Escrito por\" \/>\n\t<meta name=\"twitter:data1\" content=\"Jeferson Carvalho\" \/>\n\t<meta name=\"twitter:label2\" content=\"Est. tempo de leitura\" \/>\n\t<meta name=\"twitter:data2\" content=\"3 minutos\" \/>\n<!-- \/ Yoast SEO plugin. -->","yoast_head_json":{"title":"Tem divida no cart\u00e3o de cr\u00e9dito? Ent\u00e3o voc\u00ea precisa ler essa not\u00edcia","description":"O Banco Central anunciou uma medida importante que promete aliviar o bolso de quem est\u00e1 endividado com o cart\u00e3o de cr\u00e9dito.","robots":{"index":"index","follow":"follow","max-snippet":"max-snippet:-1","max-image-preview":"max-image-preview:large","max-video-preview":"max-video-preview:-1"},"canonical":"https:\/\/tribunademinas.audiencelabs.com.br\/tem-divida-no-cartao-de-credito-entao-voce-precisa-ler-essa-noticia\/","og_locale":"pt_BR","og_type":"article","og_title":"Tem divida no cart\u00e3o de cr\u00e9dito? Ent\u00e3o voc\u00ea precisa ler essa not\u00edcia","og_description":"O Banco Central anunciou uma medida importante que promete aliviar o bolso de quem est\u00e1 endividado com o cart\u00e3o de cr\u00e9dito.","og_url":"https:\/\/tribunademinas.audiencelabs.com.br\/tem-divida-no-cartao-de-credito-entao-voce-precisa-ler-essa-noticia\/","og_site_name":"Tribuna de Minas - Dinheiro e Cidadania","article_publisher":"https:\/\/www.facebook.com\/tribunademinas\/","article_published_time":"2025-09-29T09:45:00+00:00","og_image":[{"width":1170,"height":700,"url":"https:\/\/tribunademinas.audiencelabs.com.br\/wp-content\/uploads\/2025\/09\/cartao-de-credito.webp","type":"image\/webp"}],"author":"Jeferson Carvalho","twitter_card":"summary_large_image","twitter_creator":"@tribunademinas","twitter_site":"@tribunademinas","twitter_misc":{"Escrito por":"Jeferson Carvalho","Est. tempo de leitura":"3 minutos"},"schema":{"@context":"https:\/\/schema.org","@graph":[{"@type":"Article","@id":"https:\/\/tribunademinas.audiencelabs.com.br\/tem-divida-no-cartao-de-credito-entao-voce-precisa-ler-essa-noticia\/#article","isPartOf":{"@id":"https:\/\/tribunademinas.audiencelabs.com.br\/tem-divida-no-cartao-de-credito-entao-voce-precisa-ler-essa-noticia\/"},"author":{"name":"Jeferson Carvalho","@id":"https:\/\/tribunademinas.audiencelabs.com.br\/#\/schema\/person\/db18fc40307804bacef94213aa68fd9d"},"headline":"Tem divida no cart\u00e3o de cr\u00e9dito? Ent\u00e3o voc\u00ea precisa ler essa not\u00edcia","datePublished":"2025-09-29T09:45:00+00:00","mainEntityOfPage":{"@id":"https:\/\/tribunademinas.audiencelabs.com.br\/tem-divida-no-cartao-de-credito-entao-voce-precisa-ler-essa-noticia\/"},"wordCount":450,"commentCount":0,"publisher":{"@id":"https:\/\/tribunademinas.audiencelabs.com.br\/#organization"},"image":{"@id":"https:\/\/tribunademinas.audiencelabs.com.br\/tem-divida-no-cartao-de-credito-entao-voce-precisa-ler-essa-noticia\/#primaryimage"},"thumbnailUrl":"https:\/\/tribunademinas.audiencelabs.com.br\/wp-content\/uploads\/2025\/09\/cartao-de-credito.webp","articleSection":["Dinheiro"],"inLanguage":"pt-BR","potentialAction":[{"@type":"CommentAction","name":"Comment","target":["https:\/\/tribunademinas.audiencelabs.com.br\/tem-divida-no-cartao-de-credito-entao-voce-precisa-ler-essa-noticia\/#respond"]}]},{"@type":"WebPage","@id":"https:\/\/tribunademinas.audiencelabs.com.br\/tem-divida-no-cartao-de-credito-entao-voce-precisa-ler-essa-noticia\/","url":"https:\/\/tribunademinas.audiencelabs.com.br\/tem-divida-no-cartao-de-credito-entao-voce-precisa-ler-essa-noticia\/","name":"Tem divida no cart\u00e3o de cr\u00e9dito? Ent\u00e3o voc\u00ea precisa ler essa not\u00edcia","isPartOf":{"@id":"https:\/\/tribunademinas.audiencelabs.com.br\/#website"},"primaryImageOfPage":{"@id":"https:\/\/tribunademinas.audiencelabs.com.br\/tem-divida-no-cartao-de-credito-entao-voce-precisa-ler-essa-noticia\/#primaryimage"},"image":{"@id":"https:\/\/tribunademinas.audiencelabs.com.br\/tem-divida-no-cartao-de-credito-entao-voce-precisa-ler-essa-noticia\/#primaryimage"},"thumbnailUrl":"https:\/\/tribunademinas.audiencelabs.com.br\/wp-content\/uploads\/2025\/09\/cartao-de-credito.webp","datePublished":"2025-09-29T09:45:00+00:00","description":"O Banco Central anunciou uma medida importante que promete aliviar o bolso de quem est\u00e1 endividado com o cart\u00e3o de cr\u00e9dito.","breadcrumb":{"@id":"https:\/\/tribunademinas.audiencelabs.com.br\/tem-divida-no-cartao-de-credito-entao-voce-precisa-ler-essa-noticia\/#breadcrumb"},"inLanguage":"pt-BR","potentialAction":[{"@type":"ReadAction","target":["https:\/\/tribunademinas.audiencelabs.com.br\/tem-divida-no-cartao-de-credito-entao-voce-precisa-ler-essa-noticia\/"]}]},{"@type":"ImageObject","inLanguage":"pt-BR","@id":"https:\/\/tribunademinas.audiencelabs.com.br\/tem-divida-no-cartao-de-credito-entao-voce-precisa-ler-essa-noticia\/#primaryimage","url":"https:\/\/tribunademinas.audiencelabs.com.br\/wp-content\/uploads\/2025\/09\/cartao-de-credito.webp","contentUrl":"https:\/\/tribunademinas.audiencelabs.com.br\/wp-content\/uploads\/2025\/09\/cartao-de-credito.webp","width":1170,"height":700,"caption":"Tem divida no cart\u00e3o de cr\u00e9dito? Ent\u00e3o voc\u00ea precisa ler essa not\u00edcia - Imagem: Ag\u00eancia Brasil"},{"@type":"BreadcrumbList","@id":"https:\/\/tribunademinas.audiencelabs.com.br\/tem-divida-no-cartao-de-credito-entao-voce-precisa-ler-essa-noticia\/#breadcrumb","itemListElement":[{"@type":"ListItem","position":1,"name":"In\u00edcio","item":"https:\/\/tribunademinas.audiencelabs.com.br\/"},{"@type":"ListItem","position":2,"name":"Tem divida no cart\u00e3o de cr\u00e9dito? Ent\u00e3o voc\u00ea precisa ler essa not\u00edcia"}]},{"@type":"WebSite","@id":"https:\/\/tribunademinas.audiencelabs.com.br\/#website","url":"https:\/\/tribunademinas.audiencelabs.com.br\/","name":"Tribuna de Minas - Dinheiro e Cidadania","description":"","publisher":{"@id":"https:\/\/tribunademinas.audiencelabs.com.br\/#organization"},"potentialAction":[{"@type":"SearchAction","target":{"@type":"EntryPoint","urlTemplate":"https:\/\/tribunademinas.audiencelabs.com.br\/?s={search_term_string}"},"query-input":{"@type":"PropertyValueSpecification","valueRequired":true,"valueName":"search_term_string"}}],"inLanguage":"pt-BR"},{"@type":"Organization","@id":"https:\/\/tribunademinas.audiencelabs.com.br\/#organization","name":"Tribuna de Minas - Dinheiro e Cidadania","url":"https:\/\/tribunademinas.audiencelabs.com.br\/","logo":{"@type":"ImageObject","inLanguage":"pt-BR","@id":"https:\/\/tribunademinas.audiencelabs.com.br\/#\/schema\/logo\/image\/","url":"https:\/\/tribunademinas.audiencelabs.com.br\/wp-content\/uploads\/2025\/08\/cropped-Tribuna_512x512-96x96-1.png","contentUrl":"https:\/\/tribunademinas.audiencelabs.com.br\/wp-content\/uploads\/2025\/08\/cropped-Tribuna_512x512-96x96-1.png","width":96,"height":96,"caption":"Tribuna de Minas - Dinheiro e Cidadania"},"image":{"@id":"https:\/\/tribunademinas.audiencelabs.com.br\/#\/schema\/logo\/image\/"},"sameAs":["https:\/\/www.facebook.com\/tribunademinas\/","https:\/\/x.com\/tribunademinas","https:\/\/www.instagram.com\/tribunademinas\/","https:\/\/www.youtube.com\/user\/TribunadeMinasJF"]},{"@type":"Person","@id":"https:\/\/tribunademinas.audiencelabs.com.br\/#\/schema\/person\/db18fc40307804bacef94213aa68fd9d","name":"Jeferson Carvalho","image":{"@type":"ImageObject","inLanguage":"pt-BR","@id":"https:\/\/tribunademinas.audiencelabs.com.br\/#\/schema\/person\/image\/","url":"https:\/\/secure.gravatar.com\/avatar\/cd7646e328d9670dad7dea8698522e522745eeffcff5b9d08be858e377ce326b?s=96&d=mm&r=g","contentUrl":"https:\/\/secure.gravatar.com\/avatar\/cd7646e328d9670dad7dea8698522e522745eeffcff5b9d08be858e377ce326b?s=96&d=mm&r=g","caption":"Jeferson Carvalho"},"description":"Jornalista apaixonado pela profiss\u00e3o!","url":"https:\/\/tribunademinas.audiencelabs.com.br\/author\/jeferson\/"}]}},"amp_enabled":true,"_links":{"self":[{"href":"https:\/\/tribunademinas.audiencelabs.com.br\/wp-json\/wp\/v2\/posts\/1847","targetHints":{"allow":["GET"]}}],"collection":[{"href":"https:\/\/tribunademinas.audiencelabs.com.br\/wp-json\/wp\/v2\/posts"}],"about":[{"href":"https:\/\/tribunademinas.audiencelabs.com.br\/wp-json\/wp\/v2\/types\/post"}],"author":[{"embeddable":true,"href":"https:\/\/tribunademinas.audiencelabs.com.br\/wp-json\/wp\/v2\/users\/5"}],"replies":[{"embeddable":true,"href":"https:\/\/tribunademinas.audiencelabs.com.br\/wp-json\/wp\/v2\/comments?post=1847"}],"version-history":[{"count":1,"href":"https:\/\/tribunademinas.audiencelabs.com.br\/wp-json\/wp\/v2\/posts\/1847\/revisions"}],"predecessor-version":[{"id":1850,"href":"https:\/\/tribunademinas.audiencelabs.com.br\/wp-json\/wp\/v2\/posts\/1847\/revisions\/1850"}],"wp:featuredmedia":[{"embeddable":true,"href":"https:\/\/tribunademinas.audiencelabs.com.br\/wp-json\/wp\/v2\/media\/1848"}],"wp:attachment":[{"href":"https:\/\/tribunademinas.audiencelabs.com.br\/wp-json\/wp\/v2\/media?parent=1847"}],"wp:term":[{"taxonomy":"category","embeddable":true,"href":"https:\/\/tribunademinas.audiencelabs.com.br\/wp-json\/wp\/v2\/categories?post=1847"},{"taxonomy":"post_tag","embeddable":true,"href":"https:\/\/tribunademinas.audiencelabs.com.br\/wp-json\/wp\/v2\/tags?post=1847"}],"curies":[{"name":"wp","href":"https:\/\/api.w.org\/{rel}","templated":true}]}}