{"id":1844,"date":"2025-09-28T08:00:00","date_gmt":"2025-09-28T11:00:00","guid":{"rendered":"https:\/\/tribunademinas.audiencelabs.com.br\/?p=1844"},"modified":"2025-09-26T17:34:58","modified_gmt":"2025-09-26T20:34:58","slug":"selecionados-brasileiros-foram-convocados-para-receber-minha-casa-minha-vida","status":"publish","type":"post","link":"https:\/\/tribunademinas.audiencelabs.com.br\/selecionados-brasileiros-foram-convocados-para-receber-minha-casa-minha-vida\/","title":{"rendered":"Selecionados! Brasileiros foram convocados para receber Minha Casa Minha Vida"},"content":{"rendered":"\n<p>Criado originalmente em 2009, por meio da Lei n\u00ba 11.977, o programa<strong> Minha Casa, Minha Vida (MCMV)<\/strong> est\u00e1 perto de completar duas d\u00e9cadas de exist\u00eancia, e at\u00e9 os dias de hoje, segue permitindo que fam\u00edlias de baixa e m\u00e9dia renda realizem o sonho da casa pr\u00f3pria.<\/p>\n\n\n\n<p>Inclusive, nesta quarta-feira (24), foi a vez da <strong>Prefeitura Municipal de Parna\u00edba<\/strong>, no Piau\u00ed, divulgar a lista preliminar com os candidatos selecionados para a segunda fase do programa, indicando quais podem ser os pr\u00f3ximos contemplados.<\/p>\n\n\n\n<p>De acordo com o portal <em>g1<\/em>, a lista com os nomes foi disponibilizada no\u00a0<a class=\"\" href=\"https:\/\/dom.parnaiba.pi.gov.br\/assets\/diarios\/f403f12212860e3921379cf3458ef074.pdf\" target=\"_blank\" rel=\"noreferrer noopener\">Di\u00e1rio Oficial do Munic\u00edpio<\/a>, no\u00a0<a class=\"\" href=\"https:\/\/www.parnaiba.pi.gov.br\/\" target=\"_blank\" rel=\"noreferrer noopener\">site oficial da prefeitura de Parna\u00edba<\/a>\u00a0e no portal\u00a0<a class=\"\" href=\"http:\/\/minhacasaminhavida.parnaiba.pi.gov.br\/\" target=\"_blank\" rel=\"noreferrer noopener\">minhacasaminhavida.parnaiba.pi.gov.br<\/a>.<\/p>\n\n\n\n<p>Vale destacar que, que, al\u00e9m de residentes do local, s\u00f3 foram aceitos candidatos cuja renda familiar n\u00e3o ultrapasse <strong>R$ 2.850 por m\u00eas<\/strong> e que estejam com <strong>informa\u00e7\u00f5es atualizadas no Cadastro \u00danico para Programas Sociais (Cad\u00danico)<\/strong>.<\/p>\n\n\n\n<p>De acordo com o cronograma oficial do MCMV, a lista final ser\u00e1 divulgada a partir do pr\u00f3ximo m\u00eas, no dia 13. J\u00e1 a entrega dos documentos est\u00e1 prevista para acontecer entre 20 de outubro e 21 de novembro.<\/p>\n\n\n\n<h2 class=\"wp-block-heading\">Minha Casa, Minha Vida: como se inscrever no programa?<\/h2>\n\n\n\n<p>O programa Minha Casa, Minha Vida est\u00e1 dispon\u00edvel em praticamente todas as regi\u00f5es do pa\u00eds, e as inscri\u00e7\u00f5es podem ser realizadas junto \u00e0s construtoras credenciadas ou diretamente nas ag\u00eancias da Caixa Econ\u00f4mica Federal.<\/p>\n\n\n\n<p>Contudo, caso surjam d\u00favidas sobre o processo, algumas prefeituras podem ajudar por meio de parcerias e oferecer orienta\u00e7\u00e3o gratuita. No ato da inscri\u00e7\u00e3o, \u00e9 necess\u00e1rio apresentar os seguintes documentos:<\/p>\n\n\n\n<ul class=\"wp-block-list\">\n<li><strong>RG, CNH, ou qualquer outro documento oficial de identifica\u00e7\u00e3o que conste foto<\/strong><\/li>\n\n\n\n<li><strong>e filia\u00e7\u00e3o;<\/strong><\/li>\n\n\n\n<li><strong>CPF ou documento oficial que contenha referido cadastro;<\/strong><\/li>\n\n\n\n<li><strong>Prova de estado civil (certid\u00e3o de nascimento para solteiros e de casamento para casais);<\/strong><\/li>\n\n\n\n<li><strong>Declara\u00e7\u00e3o de Uni\u00e3o Est\u00e1vel (modelo CAIXA), quando for o caso;<\/strong><\/li>\n\n\n\n<li><strong>Comprovante de renda: Holerites (empregados), extratos banc\u00e1rios (aut\u00f4nomos) ou declara\u00e7\u00e3o de Imposto de Renda.<\/strong><\/li>\n<\/ul>\n\n\n\n<p>Desta maneira, o candidato poder\u00e1 optar por um dos empreendimentos adequados \u00e0 sua faixa de renda, e o banco apresentar\u00e1, com base nas informa\u00e7\u00f5es fornecidas, as condi\u00e7\u00f5es do financiamento.<\/p>\n","protected":false},"excerpt":{"rendered":"<p>Criado originalmente em 2009, por meio da Lei n\u00ba 11.977, o programa Minha Casa, Minha Vida (MCMV) est\u00e1 perto de completar duas d\u00e9cadas de exist\u00eancia, e at\u00e9 os dias de hoje, segue permitindo que fam\u00edlias de baixa e m\u00e9dia renda realizem o sonho da casa pr\u00f3pria. Inclusive, nesta quarta-feira (24), foi a vez da Prefeitura [&hellip;]<\/p>\n","protected":false},"author":3,"featured_media":1845,"comment_status":"open","ping_status":"open","sticky":false,"template":"","format":"standard","meta":{"jnews-multi-image_gallery":[],"jnews_single_post":{"format":"standard"},"jnews_primary_category":[],"jnews_social_meta":[],"jnews_post_split":[],"footnotes":""},"categories":[159],"tags":[],"class_list":["post-1844","post","type-post","status-publish","format-standard","has-post-thumbnail","hentry","category-cidadania"],"yoast_head":"<!-- This site is optimized with the Yoast SEO plugin v25.6 - https:\/\/yoast.com\/wordpress\/plugins\/seo\/ -->\n<title>Selecionados! Brasileiros foram convocados para receber Minha Casa Minha Vida<\/title>\n<meta name=\"robots\" content=\"index, follow, max-snippet:-1, max-image-preview:large, max-video-preview:-1\" \/>\n<link rel=\"canonical\" href=\"https:\/\/tribunademinas.audiencelabs.com.br\/selecionados-brasileiros-foram-convocados-para-receber-minha-casa-minha-vida\/\" \/>\n<meta property=\"og:locale\" content=\"pt_BR\" \/>\n<meta property=\"og:type\" content=\"article\" \/>\n<meta property=\"og:title\" content=\"Selecionados! Brasileiros foram convocados para receber Minha Casa Minha Vida\" \/>\n<meta property=\"og:description\" content=\"Criado originalmente em 2009, por meio da Lei n\u00ba 11.977, o programa Minha Casa, Minha Vida (MCMV) est\u00e1 perto de completar duas d\u00e9cadas de exist\u00eancia, e at\u00e9 os dias de hoje, segue permitindo que fam\u00edlias de baixa e m\u00e9dia renda realizem o sonho da casa pr\u00f3pria. Inclusive, nesta quarta-feira (24), foi a vez da Prefeitura [&hellip;]\" \/>\n<meta property=\"og:url\" content=\"https:\/\/tribunademinas.audiencelabs.com.br\/selecionados-brasileiros-foram-convocados-para-receber-minha-casa-minha-vida\/\" \/>\n<meta property=\"og:site_name\" content=\"Tribuna de Minas - Dinheiro e Cidadania\" \/>\n<meta property=\"article:publisher\" content=\"https:\/\/www.facebook.com\/tribunademinas\/\" \/>\n<meta property=\"article:published_time\" content=\"2025-09-28T11:00:00+00:00\" \/>\n<meta property=\"og:image\" content=\"https:\/\/tribunademinas.audiencelabs.com.br\/wp-content\/uploads\/2025\/09\/brasileiros-convocados-receber-minha-casa-minha-vida.webp\" \/>\n\t<meta property=\"og:image:width\" content=\"1280\" \/>\n\t<meta property=\"og:image:height\" content=\"720\" \/>\n\t<meta property=\"og:image:type\" content=\"image\/webp\" \/>\n<meta name=\"author\" content=\"Jo\u00e3o Carlos Gomes\" \/>\n<meta name=\"twitter:card\" content=\"summary_large_image\" \/>\n<meta name=\"twitter:creator\" content=\"@tribunademinas\" \/>\n<meta name=\"twitter:site\" content=\"@tribunademinas\" \/>\n<meta name=\"twitter:label1\" content=\"Escrito por\" \/>\n\t<meta name=\"twitter:data1\" content=\"Jo\u00e3o Carlos Gomes\" \/>\n\t<meta name=\"twitter:label2\" content=\"Est. tempo de leitura\" \/>\n\t<meta name=\"twitter:data2\" content=\"3 minutos\" \/>\n<!-- \/ Yoast SEO plugin. -->","yoast_head_json":{"title":"Selecionados! Brasileiros foram convocados para receber Minha Casa Minha Vida","robots":{"index":"index","follow":"follow","max-snippet":"max-snippet:-1","max-image-preview":"max-image-preview:large","max-video-preview":"max-video-preview:-1"},"canonical":"https:\/\/tribunademinas.audiencelabs.com.br\/selecionados-brasileiros-foram-convocados-para-receber-minha-casa-minha-vida\/","og_locale":"pt_BR","og_type":"article","og_title":"Selecionados! Brasileiros foram convocados para receber Minha Casa Minha Vida","og_description":"Criado originalmente em 2009, por meio da Lei n\u00ba 11.977, o programa Minha Casa, Minha Vida (MCMV) est\u00e1 perto de completar duas d\u00e9cadas de exist\u00eancia, e at\u00e9 os dias de hoje, segue permitindo que fam\u00edlias de baixa e m\u00e9dia renda realizem o sonho da casa pr\u00f3pria. Inclusive, nesta quarta-feira (24), foi a vez da Prefeitura [&hellip;]","og_url":"https:\/\/tribunademinas.audiencelabs.com.br\/selecionados-brasileiros-foram-convocados-para-receber-minha-casa-minha-vida\/","og_site_name":"Tribuna de Minas - Dinheiro e Cidadania","article_publisher":"https:\/\/www.facebook.com\/tribunademinas\/","article_published_time":"2025-09-28T11:00:00+00:00","og_image":[{"width":1280,"height":720,"url":"https:\/\/tribunademinas.audiencelabs.com.br\/wp-content\/uploads\/2025\/09\/brasileiros-convocados-receber-minha-casa-minha-vida.webp","type":"image\/webp"}],"author":"Jo\u00e3o Carlos Gomes","twitter_card":"summary_large_image","twitter_creator":"@tribunademinas","twitter_site":"@tribunademinas","twitter_misc":{"Escrito por":"Jo\u00e3o Carlos Gomes","Est. tempo de leitura":"3 minutos"},"schema":{"@context":"https:\/\/schema.org","@graph":[{"@type":"Article","@id":"https:\/\/tribunademinas.audiencelabs.com.br\/selecionados-brasileiros-foram-convocados-para-receber-minha-casa-minha-vida\/#article","isPartOf":{"@id":"https:\/\/tribunademinas.audiencelabs.com.br\/selecionados-brasileiros-foram-convocados-para-receber-minha-casa-minha-vida\/"},"author":{"name":"Jo\u00e3o Carlos Gomes","@id":"https:\/\/tribunademinas.audiencelabs.com.br\/#\/schema\/person\/37af466a64a722fadb8ef6841c52114f"},"headline":"Selecionados! Brasileiros foram convocados para receber Minha Casa Minha Vida","datePublished":"2025-09-28T11:00:00+00:00","mainEntityOfPage":{"@id":"https:\/\/tribunademinas.audiencelabs.com.br\/selecionados-brasileiros-foram-convocados-para-receber-minha-casa-minha-vida\/"},"wordCount":386,"commentCount":0,"publisher":{"@id":"https:\/\/tribunademinas.audiencelabs.com.br\/#organization"},"image":{"@id":"https:\/\/tribunademinas.audiencelabs.com.br\/selecionados-brasileiros-foram-convocados-para-receber-minha-casa-minha-vida\/#primaryimage"},"thumbnailUrl":"https:\/\/tribunademinas.audiencelabs.com.br\/wp-content\/uploads\/2025\/09\/brasileiros-convocados-receber-minha-casa-minha-vida.webp","articleSection":["Cidadania"],"inLanguage":"pt-BR","potentialAction":[{"@type":"CommentAction","name":"Comment","target":["https:\/\/tribunademinas.audiencelabs.com.br\/selecionados-brasileiros-foram-convocados-para-receber-minha-casa-minha-vida\/#respond"]}]},{"@type":"WebPage","@id":"https:\/\/tribunademinas.audiencelabs.com.br\/selecionados-brasileiros-foram-convocados-para-receber-minha-casa-minha-vida\/","url":"https:\/\/tribunademinas.audiencelabs.com.br\/selecionados-brasileiros-foram-convocados-para-receber-minha-casa-minha-vida\/","name":"Selecionados! Brasileiros foram convocados para receber Minha Casa Minha Vida","isPartOf":{"@id":"https:\/\/tribunademinas.audiencelabs.com.br\/#website"},"primaryImageOfPage":{"@id":"https:\/\/tribunademinas.audiencelabs.com.br\/selecionados-brasileiros-foram-convocados-para-receber-minha-casa-minha-vida\/#primaryimage"},"image":{"@id":"https:\/\/tribunademinas.audiencelabs.com.br\/selecionados-brasileiros-foram-convocados-para-receber-minha-casa-minha-vida\/#primaryimage"},"thumbnailUrl":"https:\/\/tribunademinas.audiencelabs.com.br\/wp-content\/uploads\/2025\/09\/brasileiros-convocados-receber-minha-casa-minha-vida.webp","datePublished":"2025-09-28T11:00:00+00:00","breadcrumb":{"@id":"https:\/\/tribunademinas.audiencelabs.com.br\/selecionados-brasileiros-foram-convocados-para-receber-minha-casa-minha-vida\/#breadcrumb"},"inLanguage":"pt-BR","potentialAction":[{"@type":"ReadAction","target":["https:\/\/tribunademinas.audiencelabs.com.br\/selecionados-brasileiros-foram-convocados-para-receber-minha-casa-minha-vida\/"]}]},{"@type":"ImageObject","inLanguage":"pt-BR","@id":"https:\/\/tribunademinas.audiencelabs.com.br\/selecionados-brasileiros-foram-convocados-para-receber-minha-casa-minha-vida\/#primaryimage","url":"https:\/\/tribunademinas.audiencelabs.com.br\/wp-content\/uploads\/2025\/09\/brasileiros-convocados-receber-minha-casa-minha-vida.webp","contentUrl":"https:\/\/tribunademinas.audiencelabs.com.br\/wp-content\/uploads\/2025\/09\/brasileiros-convocados-receber-minha-casa-minha-vida.webp","width":1280,"height":720,"caption":"Foto: Fernando Fraz\u00e3o\/Ag\u00eancia Brasil"},{"@type":"BreadcrumbList","@id":"https:\/\/tribunademinas.audiencelabs.com.br\/selecionados-brasileiros-foram-convocados-para-receber-minha-casa-minha-vida\/#breadcrumb","itemListElement":[{"@type":"ListItem","position":1,"name":"In\u00edcio","item":"https:\/\/tribunademinas.audiencelabs.com.br\/"},{"@type":"ListItem","position":2,"name":"Selecionados! Brasileiros foram convocados para receber Minha Casa Minha Vida"}]},{"@type":"WebSite","@id":"https:\/\/tribunademinas.audiencelabs.com.br\/#website","url":"https:\/\/tribunademinas.audiencelabs.com.br\/","name":"Tribuna de Minas - Dinheiro e Cidadania","description":"","publisher":{"@id":"https:\/\/tribunademinas.audiencelabs.com.br\/#organization"},"potentialAction":[{"@type":"SearchAction","target":{"@type":"EntryPoint","urlTemplate":"https:\/\/tribunademinas.audiencelabs.com.br\/?s={search_term_string}"},"query-input":{"@type":"PropertyValueSpecification","valueRequired":true,"valueName":"search_term_string"}}],"inLanguage":"pt-BR"},{"@type":"Organization","@id":"https:\/\/tribunademinas.audiencelabs.com.br\/#organization","name":"Tribuna de Minas - Dinheiro e Cidadania","url":"https:\/\/tribunademinas.audiencelabs.com.br\/","logo":{"@type":"ImageObject","inLanguage":"pt-BR","@id":"https:\/\/tribunademinas.audiencelabs.com.br\/#\/schema\/logo\/image\/","url":"https:\/\/tribunademinas.audiencelabs.com.br\/wp-content\/uploads\/2025\/08\/cropped-Tribuna_512x512-96x96-1.png","contentUrl":"https:\/\/tribunademinas.audiencelabs.com.br\/wp-content\/uploads\/2025\/08\/cropped-Tribuna_512x512-96x96-1.png","width":96,"height":96,"caption":"Tribuna de Minas - Dinheiro e Cidadania"},"image":{"@id":"https:\/\/tribunademinas.audiencelabs.com.br\/#\/schema\/logo\/image\/"},"sameAs":["https:\/\/www.facebook.com\/tribunademinas\/","https:\/\/x.com\/tribunademinas","https:\/\/www.instagram.com\/tribunademinas\/","https:\/\/www.youtube.com\/user\/TribunadeMinasJF"]},{"@type":"Person","@id":"https:\/\/tribunademinas.audiencelabs.com.br\/#\/schema\/person\/37af466a64a722fadb8ef6841c52114f","name":"Jo\u00e3o Carlos Gomes","image":{"@type":"ImageObject","inLanguage":"pt-BR","@id":"https:\/\/tribunademinas.audiencelabs.com.br\/#\/schema\/person\/image\/","url":"https:\/\/secure.gravatar.com\/avatar\/4ce4672dbdd694b329cd6fdb51bee7d1409be1f0ff76a537e4c4a737b2c7d1a9?s=96&d=mm&r=g","contentUrl":"https:\/\/secure.gravatar.com\/avatar\/4ce4672dbdd694b329cd6fdb51bee7d1409be1f0ff76a537e4c4a737b2c7d1a9?s=96&d=mm&r=g","caption":"Jo\u00e3o Carlos Gomes"},"description":"Jornalista formado pelo Centro Universit\u00e1rio Carioca, apreciador da Bossa Nova ao Metal Extremo, criador de conte\u00fado e m\u00fasico independente nas horas vagas.","url":"https:\/\/tribunademinas.audiencelabs.com.br\/author\/joaoc-junior\/"}]}},"amp_enabled":true,"_links":{"self":[{"href":"https:\/\/tribunademinas.audiencelabs.com.br\/wp-json\/wp\/v2\/posts\/1844","targetHints":{"allow":["GET"]}}],"collection":[{"href":"https:\/\/tribunademinas.audiencelabs.com.br\/wp-json\/wp\/v2\/posts"}],"about":[{"href":"https:\/\/tribunademinas.audiencelabs.com.br\/wp-json\/wp\/v2\/types\/post"}],"author":[{"embeddable":true,"href":"https:\/\/tribunademinas.audiencelabs.com.br\/wp-json\/wp\/v2\/users\/3"}],"replies":[{"embeddable":true,"href":"https:\/\/tribunademinas.audiencelabs.com.br\/wp-json\/wp\/v2\/comments?post=1844"}],"version-history":[{"count":1,"href":"https:\/\/tribunademinas.audiencelabs.com.br\/wp-json\/wp\/v2\/posts\/1844\/revisions"}],"predecessor-version":[{"id":1849,"href":"https:\/\/tribunademinas.audiencelabs.com.br\/wp-json\/wp\/v2\/posts\/1844\/revisions\/1849"}],"wp:featuredmedia":[{"embeddable":true,"href":"https:\/\/tribunademinas.audiencelabs.com.br\/wp-json\/wp\/v2\/media\/1845"}],"wp:attachment":[{"href":"https:\/\/tribunademinas.audiencelabs.com.br\/wp-json\/wp\/v2\/media?parent=1844"}],"wp:term":[{"taxonomy":"category","embeddable":true,"href":"https:\/\/tribunademinas.audiencelabs.com.br\/wp-json\/wp\/v2\/categories?post=1844"},{"taxonomy":"post_tag","embeddable":true,"href":"https:\/\/tribunademinas.audiencelabs.com.br\/wp-json\/wp\/v2\/tags?post=1844"}],"curies":[{"name":"wp","href":"https:\/\/api.w.org\/{rel}","templated":true}]}}