{"id":1842,"date":"2025-09-26T17:22:13","date_gmt":"2025-09-26T20:22:13","guid":{"rendered":"https:\/\/tribunademinas.audiencelabs.com.br\/?p=1842"},"modified":"2025-09-26T21:08:44","modified_gmt":"2025-09-27T00:08:44","slug":"pix-foi-cancelado-no-brasil-data-esta-confirmada","status":"publish","type":"post","link":"https:\/\/tribunademinas.audiencelabs.com.br\/pix-foi-cancelado-no-brasil-data-esta-confirmada\/","title":{"rendered":"Pix foi cancelado no Brasil: data estava confirmada para a fun\u00e7\u00e3o de parcelamento"},"content":{"rendered":"\n<p>O <a href=\"https:\/\/www.bcb.gov.br\/\"><strong>Banco Central<\/strong><\/a> confirmou nesta semana que a data de lan\u00e7amento do Pix Parcelado est\u00e1 oficialmente cancelada, pelo menos, por enquanto. <\/p>\n\n\n\n<p>A funcionalidade, que estava prevista para ser regulamentada e detalhada ainda neste m\u00eas, teve seu cronograma adiado ap\u00f3s um aumento expressivo nos casos de fraudes e desvios milion\u00e1rios no sistema financeiro nacional. <\/p>\n\n\n\n<p>Com isso, a estreia da nova modalidade do Pix, considerada uma das grandes apostas para ampliar o acesso ao cr\u00e9dito no Brasil, ficar\u00e1 para outro momento.<\/p>\n\n\n\n<h3 class=\"wp-block-heading\">Pix foi cancelado no Brasil: data est\u00e1 confirmada<\/h3>\n\n\n\n<p>A decis\u00e3o do BC foi tomada em meio a investiga\u00e7\u00f5es que ligam falhas de seguran\u00e7a a esquemas de crime organizado, especialmente envolvendo fac\u00e7\u00f5es criminosas. <\/p>\n\n\n\n<p>O crescimento dessas amea\u00e7as obrigou a institui\u00e7\u00e3o a rever suas prioridades, colocando em segundo plano a agenda de inova\u00e7\u00f5es e acelerando medidas para refor\u00e7ar a prote\u00e7\u00e3o do sistema de pagamentos. <\/p>\n\n\n\n<p>Entre as a\u00e7\u00f5es emergenciais j\u00e1 adotadas est\u00e3o restri\u00e7\u00f5es ao volume de transfer\u00eancias por determinadas institui\u00e7\u00f5es, exig\u00eancias mais r\u00edgidas de controle antifraude e novas regras de fiscaliza\u00e7\u00e3o sobre intermedi\u00e1rios tecnol\u00f3gicos.<\/p>\n\n\n\n<p>Apesar do adiamento, o Banco Central mant\u00e9m o compromisso de lan\u00e7ar o Pix Parcelado no futuro. <\/p>\n\n\n\n<p>A nova funcionalidade permitir\u00e1 que usu\u00e1rios realizem pagamentos parcelados, funcionando na pr\u00e1tica como uma opera\u00e7\u00e3o de cr\u00e9dito: o cliente paga aos poucos, enquanto o recebedor recebe o valor integral imediatamente. <\/p>\n\n\n\n<p>O modelo j\u00e1 \u00e9 oferecido hoje por algumas institui\u00e7\u00f5es de forma isolada, mas a proposta do BC \u00e9 estabelecer um padr\u00e3o nacional que garanta maior seguran\u00e7a e clareza para consumidores e empresas.<\/p>\n\n\n\n<h3 class=\"wp-block-heading\">Pix parcelado enfrenta desafios<\/h3>\n\n\n\n<p>Um dos desafios enfrentados pelos t\u00e9cnicos do BC est\u00e1 justamente na complexidade dessa padroniza\u00e7\u00e3o. <\/p>\n\n\n\n<p>Al\u00e9m das preocupa\u00e7\u00f5es com seguran\u00e7a, o \u00f3rg\u00e3o tamb\u00e9m avalia os riscos de <a href=\"https:\/\/tribunademinas.com.br\/colunas\/dinheiroecidadania\/atencao-nubank-liberou-pix-no-credito-saiba-como-fazer\/\"><strong>superendividamento da popula\u00e7\u00e3o<\/strong><\/a>, j\u00e1 que muitos usu\u00e1rios podem n\u00e3o compreender que est\u00e3o contraindo um empr\u00e9stimo, e n\u00e3o apenas dividindo o valor de uma transfer\u00eancia. <\/p>\n\n\n\n<p>Isso exige regras mais transparentes, com foco na educa\u00e7\u00e3o financeira e na prote\u00e7\u00e3o do consumidor.<\/p>\n\n\n\n<p>Com o adiamento, o novo calend\u00e1rio prev\u00ea que as regras oficiais da modalidade sejam publicadas em outubro. J\u00e1 o manual de experi\u00eancia do usu\u00e1rio, com orienta\u00e7\u00f5es pr\u00e1ticas de funcionamento, deve sair apenas em dezembro. <\/p>\n\n\n\n<p>A implementa\u00e7\u00e3o definitiva da modalidade, no entanto, depender\u00e1 da evolu\u00e7\u00e3o do cen\u00e1rio de seguran\u00e7a. At\u00e9 l\u00e1, o Pix Parcelado segue suspenso, e sem data exata para estrear.<\/p>\n\n\n\n<p><\/p>\n","protected":false},"excerpt":{"rendered":"<p>O Banco Central confirmou nesta semana que a data de lan\u00e7amento do Pix Parcelado est\u00e1 oficialmente cancelada, pelo menos, por enquanto. A funcionalidade, que estava prevista para ser regulamentada e detalhada ainda neste m\u00eas, teve seu cronograma adiado ap\u00f3s um aumento expressivo nos casos de fraudes e desvios milion\u00e1rios no sistema financeiro nacional. Com isso, [&hellip;]<\/p>\n","protected":false},"author":5,"featured_media":1843,"comment_status":"open","ping_status":"open","sticky":false,"template":"","format":"standard","meta":{"jnews-multi-image_gallery":[],"jnews_single_post":{"format":"standard"},"jnews_primary_category":[],"jnews_social_meta":[],"jnews_post_split":[],"footnotes":""},"categories":[1],"tags":[],"class_list":["post-1842","post","type-post","status-publish","format-standard","has-post-thumbnail","hentry","category-dinheiro"],"yoast_head":"<!-- This site is optimized with the Yoast SEO plugin v25.6 - https:\/\/yoast.com\/wordpress\/plugins\/seo\/ -->\n<title>Pix foi cancelado no Brasil: data estava confirmada para a fun\u00e7\u00e3o de parcelamento<\/title>\n<meta name=\"description\" content=\"O Banco Central confirmou nesta semana que a data de lan\u00e7amento do Pix Parcelado est\u00e1 oficialmente cancelada, pelo menos, por enquanto.\" \/>\n<meta name=\"robots\" content=\"index, follow, max-snippet:-1, max-image-preview:large, max-video-preview:-1\" \/>\n<link rel=\"canonical\" href=\"https:\/\/tribunademinas.audiencelabs.com.br\/pix-foi-cancelado-no-brasil-data-esta-confirmada\/\" \/>\n<meta property=\"og:locale\" content=\"pt_BR\" \/>\n<meta property=\"og:type\" content=\"article\" \/>\n<meta property=\"og:title\" content=\"Pix foi cancelado no Brasil: data estava confirmada para a fun\u00e7\u00e3o de parcelamento\" \/>\n<meta property=\"og:description\" content=\"O Banco Central confirmou nesta semana que a data de lan\u00e7amento do Pix Parcelado est\u00e1 oficialmente cancelada, pelo menos, por enquanto.\" \/>\n<meta property=\"og:url\" content=\"https:\/\/tribunademinas.audiencelabs.com.br\/pix-foi-cancelado-no-brasil-data-esta-confirmada\/\" \/>\n<meta property=\"og:site_name\" content=\"Tribuna de Minas - Dinheiro e Cidadania\" \/>\n<meta property=\"article:publisher\" content=\"https:\/\/www.facebook.com\/tribunademinas\/\" \/>\n<meta property=\"article:published_time\" content=\"2025-09-26T20:22:13+00:00\" \/>\n<meta property=\"article:modified_time\" content=\"2025-09-27T00:08:44+00:00\" \/>\n<meta property=\"og:image\" content=\"https:\/\/tribunademinas.audiencelabs.com.br\/wp-content\/uploads\/2025\/09\/Pix.png\" \/>\n\t<meta property=\"og:image:width\" content=\"750\" \/>\n\t<meta property=\"og:image:height\" content=\"394\" \/>\n\t<meta property=\"og:image:type\" content=\"image\/png\" \/>\n<meta name=\"author\" content=\"Jeferson Carvalho\" \/>\n<meta name=\"twitter:card\" content=\"summary_large_image\" \/>\n<meta name=\"twitter:creator\" content=\"@tribunademinas\" \/>\n<meta name=\"twitter:site\" content=\"@tribunademinas\" \/>\n<meta name=\"twitter:label1\" content=\"Escrito por\" \/>\n\t<meta name=\"twitter:data1\" content=\"Jeferson Carvalho\" \/>\n\t<meta name=\"twitter:label2\" content=\"Est. tempo de leitura\" \/>\n\t<meta name=\"twitter:data2\" content=\"3 minutos\" \/>\n<!-- \/ Yoast SEO plugin. -->","yoast_head_json":{"title":"Pix foi cancelado no Brasil: data estava confirmada para a fun\u00e7\u00e3o de parcelamento","description":"O Banco Central confirmou nesta semana que a data de lan\u00e7amento do Pix Parcelado est\u00e1 oficialmente cancelada, pelo menos, por enquanto.","robots":{"index":"index","follow":"follow","max-snippet":"max-snippet:-1","max-image-preview":"max-image-preview:large","max-video-preview":"max-video-preview:-1"},"canonical":"https:\/\/tribunademinas.audiencelabs.com.br\/pix-foi-cancelado-no-brasil-data-esta-confirmada\/","og_locale":"pt_BR","og_type":"article","og_title":"Pix foi cancelado no Brasil: data estava confirmada para a fun\u00e7\u00e3o de parcelamento","og_description":"O Banco Central confirmou nesta semana que a data de lan\u00e7amento do Pix Parcelado est\u00e1 oficialmente cancelada, pelo menos, por enquanto.","og_url":"https:\/\/tribunademinas.audiencelabs.com.br\/pix-foi-cancelado-no-brasil-data-esta-confirmada\/","og_site_name":"Tribuna de Minas - Dinheiro e Cidadania","article_publisher":"https:\/\/www.facebook.com\/tribunademinas\/","article_published_time":"2025-09-26T20:22:13+00:00","article_modified_time":"2025-09-27T00:08:44+00:00","og_image":[{"width":750,"height":394,"url":"https:\/\/tribunademinas.audiencelabs.com.br\/wp-content\/uploads\/2025\/09\/Pix.png","type":"image\/png"}],"author":"Jeferson Carvalho","twitter_card":"summary_large_image","twitter_creator":"@tribunademinas","twitter_site":"@tribunademinas","twitter_misc":{"Escrito por":"Jeferson Carvalho","Est. tempo de leitura":"3 minutos"},"schema":{"@context":"https:\/\/schema.org","@graph":[{"@type":"Article","@id":"https:\/\/tribunademinas.audiencelabs.com.br\/pix-foi-cancelado-no-brasil-data-esta-confirmada\/#article","isPartOf":{"@id":"https:\/\/tribunademinas.audiencelabs.com.br\/pix-foi-cancelado-no-brasil-data-esta-confirmada\/"},"author":{"name":"Jeferson Carvalho","@id":"https:\/\/tribunademinas.audiencelabs.com.br\/#\/schema\/person\/db18fc40307804bacef94213aa68fd9d"},"headline":"Pix foi cancelado no Brasil: data estava confirmada para a fun\u00e7\u00e3o de parcelamento","datePublished":"2025-09-26T20:22:13+00:00","dateModified":"2025-09-27T00:08:44+00:00","mainEntityOfPage":{"@id":"https:\/\/tribunademinas.audiencelabs.com.br\/pix-foi-cancelado-no-brasil-data-esta-confirmada\/"},"wordCount":448,"commentCount":0,"publisher":{"@id":"https:\/\/tribunademinas.audiencelabs.com.br\/#organization"},"image":{"@id":"https:\/\/tribunademinas.audiencelabs.com.br\/pix-foi-cancelado-no-brasil-data-esta-confirmada\/#primaryimage"},"thumbnailUrl":"https:\/\/tribunademinas.audiencelabs.com.br\/wp-content\/uploads\/2025\/09\/Pix.png","articleSection":["Dinheiro"],"inLanguage":"pt-BR","potentialAction":[{"@type":"CommentAction","name":"Comment","target":["https:\/\/tribunademinas.audiencelabs.com.br\/pix-foi-cancelado-no-brasil-data-esta-confirmada\/#respond"]}]},{"@type":"WebPage","@id":"https:\/\/tribunademinas.audiencelabs.com.br\/pix-foi-cancelado-no-brasil-data-esta-confirmada\/","url":"https:\/\/tribunademinas.audiencelabs.com.br\/pix-foi-cancelado-no-brasil-data-esta-confirmada\/","name":"Pix foi cancelado no Brasil: data estava confirmada para a fun\u00e7\u00e3o de parcelamento","isPartOf":{"@id":"https:\/\/tribunademinas.audiencelabs.com.br\/#website"},"primaryImageOfPage":{"@id":"https:\/\/tribunademinas.audiencelabs.com.br\/pix-foi-cancelado-no-brasil-data-esta-confirmada\/#primaryimage"},"image":{"@id":"https:\/\/tribunademinas.audiencelabs.com.br\/pix-foi-cancelado-no-brasil-data-esta-confirmada\/#primaryimage"},"thumbnailUrl":"https:\/\/tribunademinas.audiencelabs.com.br\/wp-content\/uploads\/2025\/09\/Pix.png","datePublished":"2025-09-26T20:22:13+00:00","dateModified":"2025-09-27T00:08:44+00:00","description":"O Banco Central confirmou nesta semana que a data de lan\u00e7amento do Pix Parcelado est\u00e1 oficialmente cancelada, pelo menos, por enquanto.","breadcrumb":{"@id":"https:\/\/tribunademinas.audiencelabs.com.br\/pix-foi-cancelado-no-brasil-data-esta-confirmada\/#breadcrumb"},"inLanguage":"pt-BR","potentialAction":[{"@type":"ReadAction","target":["https:\/\/tribunademinas.audiencelabs.com.br\/pix-foi-cancelado-no-brasil-data-esta-confirmada\/"]}]},{"@type":"ImageObject","inLanguage":"pt-BR","@id":"https:\/\/tribunademinas.audiencelabs.com.br\/pix-foi-cancelado-no-brasil-data-esta-confirmada\/#primaryimage","url":"https:\/\/tribunademinas.audiencelabs.com.br\/wp-content\/uploads\/2025\/09\/Pix.png","contentUrl":"https:\/\/tribunademinas.audiencelabs.com.br\/wp-content\/uploads\/2025\/09\/Pix.png","width":750,"height":394,"caption":"Pix foi cancelado no Brasil: data est\u00e1 confirmada - Imagem: Divulga\u00e7\u00e3o\/Banco Central"},{"@type":"BreadcrumbList","@id":"https:\/\/tribunademinas.audiencelabs.com.br\/pix-foi-cancelado-no-brasil-data-esta-confirmada\/#breadcrumb","itemListElement":[{"@type":"ListItem","position":1,"name":"In\u00edcio","item":"https:\/\/tribunademinas.audiencelabs.com.br\/"},{"@type":"ListItem","position":2,"name":"Pix foi cancelado no Brasil: data estava confirmada para a fun\u00e7\u00e3o de parcelamento"}]},{"@type":"WebSite","@id":"https:\/\/tribunademinas.audiencelabs.com.br\/#website","url":"https:\/\/tribunademinas.audiencelabs.com.br\/","name":"Tribuna de Minas - Dinheiro e Cidadania","description":"","publisher":{"@id":"https:\/\/tribunademinas.audiencelabs.com.br\/#organization"},"potentialAction":[{"@type":"SearchAction","target":{"@type":"EntryPoint","urlTemplate":"https:\/\/tribunademinas.audiencelabs.com.br\/?s={search_term_string}"},"query-input":{"@type":"PropertyValueSpecification","valueRequired":true,"valueName":"search_term_string"}}],"inLanguage":"pt-BR"},{"@type":"Organization","@id":"https:\/\/tribunademinas.audiencelabs.com.br\/#organization","name":"Tribuna de Minas - Dinheiro e Cidadania","url":"https:\/\/tribunademinas.audiencelabs.com.br\/","logo":{"@type":"ImageObject","inLanguage":"pt-BR","@id":"https:\/\/tribunademinas.audiencelabs.com.br\/#\/schema\/logo\/image\/","url":"https:\/\/tribunademinas.audiencelabs.com.br\/wp-content\/uploads\/2025\/08\/cropped-Tribuna_512x512-96x96-1.png","contentUrl":"https:\/\/tribunademinas.audiencelabs.com.br\/wp-content\/uploads\/2025\/08\/cropped-Tribuna_512x512-96x96-1.png","width":96,"height":96,"caption":"Tribuna de Minas - Dinheiro e Cidadania"},"image":{"@id":"https:\/\/tribunademinas.audiencelabs.com.br\/#\/schema\/logo\/image\/"},"sameAs":["https:\/\/www.facebook.com\/tribunademinas\/","https:\/\/x.com\/tribunademinas","https:\/\/www.instagram.com\/tribunademinas\/","https:\/\/www.youtube.com\/user\/TribunadeMinasJF"]},{"@type":"Person","@id":"https:\/\/tribunademinas.audiencelabs.com.br\/#\/schema\/person\/db18fc40307804bacef94213aa68fd9d","name":"Jeferson Carvalho","image":{"@type":"ImageObject","inLanguage":"pt-BR","@id":"https:\/\/tribunademinas.audiencelabs.com.br\/#\/schema\/person\/image\/","url":"https:\/\/secure.gravatar.com\/avatar\/cd7646e328d9670dad7dea8698522e522745eeffcff5b9d08be858e377ce326b?s=96&d=mm&r=g","contentUrl":"https:\/\/secure.gravatar.com\/avatar\/cd7646e328d9670dad7dea8698522e522745eeffcff5b9d08be858e377ce326b?s=96&d=mm&r=g","caption":"Jeferson Carvalho"},"description":"Jornalista apaixonado pela profiss\u00e3o!","url":"https:\/\/tribunademinas.audiencelabs.com.br\/author\/jeferson\/"}]}},"amp_enabled":true,"_links":{"self":[{"href":"https:\/\/tribunademinas.audiencelabs.com.br\/wp-json\/wp\/v2\/posts\/1842","targetHints":{"allow":["GET"]}}],"collection":[{"href":"https:\/\/tribunademinas.audiencelabs.com.br\/wp-json\/wp\/v2\/posts"}],"about":[{"href":"https:\/\/tribunademinas.audiencelabs.com.br\/wp-json\/wp\/v2\/types\/post"}],"author":[{"embeddable":true,"href":"https:\/\/tribunademinas.audiencelabs.com.br\/wp-json\/wp\/v2\/users\/5"}],"replies":[{"embeddable":true,"href":"https:\/\/tribunademinas.audiencelabs.com.br\/wp-json\/wp\/v2\/comments?post=1842"}],"version-history":[{"count":2,"href":"https:\/\/tribunademinas.audiencelabs.com.br\/wp-json\/wp\/v2\/posts\/1842\/revisions"}],"predecessor-version":[{"id":1873,"href":"https:\/\/tribunademinas.audiencelabs.com.br\/wp-json\/wp\/v2\/posts\/1842\/revisions\/1873"}],"wp:featuredmedia":[{"embeddable":true,"href":"https:\/\/tribunademinas.audiencelabs.com.br\/wp-json\/wp\/v2\/media\/1843"}],"wp:attachment":[{"href":"https:\/\/tribunademinas.audiencelabs.com.br\/wp-json\/wp\/v2\/media?parent=1842"}],"wp:term":[{"taxonomy":"category","embeddable":true,"href":"https:\/\/tribunademinas.audiencelabs.com.br\/wp-json\/wp\/v2\/categories?post=1842"},{"taxonomy":"post_tag","embeddable":true,"href":"https:\/\/tribunademinas.audiencelabs.com.br\/wp-json\/wp\/v2\/tags?post=1842"}],"curies":[{"name":"wp","href":"https:\/\/api.w.org\/{rel}","templated":true}]}}