{"id":1809,"date":"2025-09-27T09:15:00","date_gmt":"2025-09-27T12:15:00","guid":{"rendered":"https:\/\/tribunademinas.audiencelabs.com.br\/?p=1809"},"modified":"2025-09-25T17:18:19","modified_gmt":"2025-09-25T20:18:19","slug":"brasileiros-que-nasceram-em-setembro-recebem-grande-pagamento-do-governo","status":"publish","type":"post","link":"https:\/\/tribunademinas.audiencelabs.com.br\/brasileiros-que-nasceram-em-setembro-recebem-grande-pagamento-do-governo\/","title":{"rendered":"Brasileiros que nasceram em setembro recebem grande pagamento do Governo"},"content":{"rendered":"\n<p>O final do m\u00eas de setembro vem sendo amplamente aguardado por muitos brasileiros, uma vez que marca o in\u00edcio do per\u00edodo de pagamento de diversos benef\u00edcios sociais. E isso tamb\u00e9m inclui o <strong>programa P\u00e9-de-Meia<\/strong>, que favorece estudantes da rede p\u00fablica.<\/p>\n\n\n\n<p>Al\u00e9m de seus recursos adicionais, pagos somente em momentos espec\u00edficos, o benef\u00edcio \u00e9 mais conhecido por conta do <strong>Incentivo-Frequ\u00eancia<\/strong>, que assegura um pagamento mensal de R$ 200 a alunos do Ensino M\u00e9dio regular e os matriculados na Educa\u00e7\u00e3o de Jovens e Adultos (EJA).<\/p>\n\n\n\n<p>Por exigir frequ\u00eancia m\u00ednima de 80% nas aulas para continuar sendo depositado, o valor tem como objetivo central reduzir a evas\u00e3o escolar. E de acordo com o calend\u00e1rio divulgado pelo governo federal, estabelecido com base no m\u00eas de nascimento dos alunos, os pagamentos foram programados para ocorrer nas seguintes datas neste m\u00eas de setembro:<\/p>\n\n\n\n<ul class=\"wp-block-list\">\n<li><strong>Nascidos em janeiro e fevereiro:<\/strong>\u00a029 de setembro<\/li>\n\n\n\n<li><strong>Nascidos em\u00a0mar\u00e7o e abril:<\/strong>\u00a030 de setembro<\/li>\n\n\n\n<li><strong>Nascidos em\u00a0maio e junho:<\/strong>\u00a01\u00ba de outubro<\/li>\n\n\n\n<li><strong>Nascidos em\u00a0julho e agosto:<\/strong>\u00a02 de outubro<\/li>\n\n\n\n<li><strong>Nascidos em\u00a0setembro e outubro:<\/strong>\u00a03 de outubro<\/li>\n\n\n\n<li><strong>Nascidos em\u00a0novembro e dezembro:<\/strong>\u00a06 de outubro<\/li>\n<\/ul>\n\n\n\n<p>Nas datas informadas, os valores ser\u00e3o creditados em uma conta digital aberta pela Caixa Econ\u00f4mica Federal, que pode ser gerida por meio do <strong>aplicativo Caixa Tem<\/strong>.<\/p>\n\n\n\n<h2 class=\"wp-block-heading\">P\u00e9-de-Meia: conhe\u00e7a todos os pagamentos oferecidos pelo programa<\/h2>\n\n\n\n<p>Por mais que o Incentivo-Frequ\u00eancia seja o pagamento mais conhecido do programa, o P\u00e9-de-Meia conta ainda com diversas outras modalidades que complementam o montante recebido. S\u00e3o elas:<\/p>\n\n\n\n<ul class=\"wp-block-list\">\n<li><strong>Incentivo Matr\u00edcula:<\/strong> fornece R$ 200 assim que o estudante se matricula na rede p\u00fablica;<\/li>\n\n\n\n<li><strong>Incentivo Conclus\u00e3o:<\/strong> garante o pagamento de R$ 1 mil a cada etapa conclu\u00edda do Ensino M\u00e9dio;<\/li>\n\n\n\n<li><strong>Incentivo ENEM: <\/strong>paga mais R$ 200 aos estudantes que optarem fazer o Exame Nacional do Ensino M\u00e9dio.<\/li>\n<\/ul>\n\n\n\n<p>Vale lembrar que, al\u00e9m de estar devidamente matriculado, o aluno tamb\u00e9m precisa possuir Cadastro de Pessoa F\u00edsica (CPF)\u202fregular e integrar uma fam\u00edlia inscrita no Cadastro \u00danico para Programas Sociais do Governo Federal (Cad\u00danico) para garantir o benef\u00edcio.<\/p>\n","protected":false},"excerpt":{"rendered":"<p>O final do m\u00eas de setembro vem sendo amplamente aguardado por muitos brasileiros, uma vez que marca o in\u00edcio do per\u00edodo de pagamento de diversos benef\u00edcios sociais. E isso tamb\u00e9m inclui o programa P\u00e9-de-Meia, que favorece estudantes da rede p\u00fablica. Al\u00e9m de seus recursos adicionais, pagos somente em momentos espec\u00edficos, o benef\u00edcio \u00e9 mais conhecido [&hellip;]<\/p>\n","protected":false},"author":3,"featured_media":1811,"comment_status":"open","ping_status":"open","sticky":false,"template":"","format":"standard","meta":{"jnews-multi-image_gallery":[],"jnews_single_post":{"format":"standard"},"jnews_primary_category":[],"jnews_social_meta":[],"jnews_post_split":[],"footnotes":""},"categories":[159],"tags":[],"class_list":["post-1809","post","type-post","status-publish","format-standard","has-post-thumbnail","hentry","category-cidadania"],"yoast_head":"<!-- This site is optimized with the Yoast SEO plugin v25.6 - https:\/\/yoast.com\/wordpress\/plugins\/seo\/ -->\n<title>Brasileiros que nasceram em setembro recebem grande pagamento do Governo<\/title>\n<meta name=\"robots\" content=\"index, follow, max-snippet:-1, max-image-preview:large, max-video-preview:-1\" \/>\n<link rel=\"canonical\" href=\"https:\/\/tribunademinas.audiencelabs.com.br\/brasileiros-que-nasceram-em-setembro-recebem-grande-pagamento-do-governo\/\" \/>\n<meta property=\"og:locale\" content=\"pt_BR\" \/>\n<meta property=\"og:type\" content=\"article\" \/>\n<meta property=\"og:title\" content=\"Brasileiros que nasceram em setembro recebem grande pagamento do Governo\" \/>\n<meta property=\"og:description\" content=\"O final do m\u00eas de setembro vem sendo amplamente aguardado por muitos brasileiros, uma vez que marca o in\u00edcio do per\u00edodo de pagamento de diversos benef\u00edcios sociais. E isso tamb\u00e9m inclui o programa P\u00e9-de-Meia, que favorece estudantes da rede p\u00fablica. Al\u00e9m de seus recursos adicionais, pagos somente em momentos espec\u00edficos, o benef\u00edcio \u00e9 mais conhecido [&hellip;]\" \/>\n<meta property=\"og:url\" content=\"https:\/\/tribunademinas.audiencelabs.com.br\/brasileiros-que-nasceram-em-setembro-recebem-grande-pagamento-do-governo\/\" \/>\n<meta property=\"og:site_name\" content=\"Tribuna de Minas - Dinheiro e Cidadania\" \/>\n<meta property=\"article:publisher\" content=\"https:\/\/www.facebook.com\/tribunademinas\/\" \/>\n<meta property=\"article:published_time\" content=\"2025-09-27T12:15:00+00:00\" \/>\n<meta property=\"og:image\" content=\"https:\/\/tribunademinas.audiencelabs.com.br\/wp-content\/uploads\/2025\/09\/brasileiros-nasceram-setembro-recebem-grande-pagamento-governo-1.webp\" \/>\n\t<meta property=\"og:image:width\" content=\"1280\" \/>\n\t<meta property=\"og:image:height\" content=\"720\" \/>\n\t<meta property=\"og:image:type\" content=\"image\/webp\" \/>\n<meta name=\"author\" content=\"Jo\u00e3o Carlos Gomes\" \/>\n<meta name=\"twitter:card\" content=\"summary_large_image\" \/>\n<meta name=\"twitter:creator\" content=\"@tribunademinas\" \/>\n<meta name=\"twitter:site\" content=\"@tribunademinas\" \/>\n<meta name=\"twitter:label1\" content=\"Escrito por\" \/>\n\t<meta name=\"twitter:data1\" content=\"Jo\u00e3o Carlos Gomes\" \/>\n\t<meta name=\"twitter:label2\" content=\"Est. tempo de leitura\" \/>\n\t<meta name=\"twitter:data2\" content=\"3 minutos\" \/>\n<!-- \/ Yoast SEO plugin. -->","yoast_head_json":{"title":"Brasileiros que nasceram em setembro recebem grande pagamento do Governo","robots":{"index":"index","follow":"follow","max-snippet":"max-snippet:-1","max-image-preview":"max-image-preview:large","max-video-preview":"max-video-preview:-1"},"canonical":"https:\/\/tribunademinas.audiencelabs.com.br\/brasileiros-que-nasceram-em-setembro-recebem-grande-pagamento-do-governo\/","og_locale":"pt_BR","og_type":"article","og_title":"Brasileiros que nasceram em setembro recebem grande pagamento do Governo","og_description":"O final do m\u00eas de setembro vem sendo amplamente aguardado por muitos brasileiros, uma vez que marca o in\u00edcio do per\u00edodo de pagamento de diversos benef\u00edcios sociais. E isso tamb\u00e9m inclui o programa P\u00e9-de-Meia, que favorece estudantes da rede p\u00fablica. Al\u00e9m de seus recursos adicionais, pagos somente em momentos espec\u00edficos, o benef\u00edcio \u00e9 mais conhecido [&hellip;]","og_url":"https:\/\/tribunademinas.audiencelabs.com.br\/brasileiros-que-nasceram-em-setembro-recebem-grande-pagamento-do-governo\/","og_site_name":"Tribuna de Minas - Dinheiro e Cidadania","article_publisher":"https:\/\/www.facebook.com\/tribunademinas\/","article_published_time":"2025-09-27T12:15:00+00:00","og_image":[{"width":1280,"height":720,"url":"https:\/\/tribunademinas.audiencelabs.com.br\/wp-content\/uploads\/2025\/09\/brasileiros-nasceram-setembro-recebem-grande-pagamento-governo-1.webp","type":"image\/webp"}],"author":"Jo\u00e3o Carlos Gomes","twitter_card":"summary_large_image","twitter_creator":"@tribunademinas","twitter_site":"@tribunademinas","twitter_misc":{"Escrito por":"Jo\u00e3o Carlos Gomes","Est. tempo de leitura":"3 minutos"},"schema":{"@context":"https:\/\/schema.org","@graph":[{"@type":"Article","@id":"https:\/\/tribunademinas.audiencelabs.com.br\/brasileiros-que-nasceram-em-setembro-recebem-grande-pagamento-do-governo\/#article","isPartOf":{"@id":"https:\/\/tribunademinas.audiencelabs.com.br\/brasileiros-que-nasceram-em-setembro-recebem-grande-pagamento-do-governo\/"},"author":{"name":"Jo\u00e3o Carlos Gomes","@id":"https:\/\/tribunademinas.audiencelabs.com.br\/#\/schema\/person\/37af466a64a722fadb8ef6841c52114f"},"headline":"Brasileiros que nasceram em setembro recebem grande pagamento do Governo","datePublished":"2025-09-27T12:15:00+00:00","mainEntityOfPage":{"@id":"https:\/\/tribunademinas.audiencelabs.com.br\/brasileiros-que-nasceram-em-setembro-recebem-grande-pagamento-do-governo\/"},"wordCount":368,"commentCount":0,"publisher":{"@id":"https:\/\/tribunademinas.audiencelabs.com.br\/#organization"},"image":{"@id":"https:\/\/tribunademinas.audiencelabs.com.br\/brasileiros-que-nasceram-em-setembro-recebem-grande-pagamento-do-governo\/#primaryimage"},"thumbnailUrl":"https:\/\/tribunademinas.audiencelabs.com.br\/wp-content\/uploads\/2025\/09\/brasileiros-nasceram-setembro-recebem-grande-pagamento-governo-1.webp","articleSection":["Cidadania"],"inLanguage":"pt-BR","potentialAction":[{"@type":"CommentAction","name":"Comment","target":["https:\/\/tribunademinas.audiencelabs.com.br\/brasileiros-que-nasceram-em-setembro-recebem-grande-pagamento-do-governo\/#respond"]}]},{"@type":"WebPage","@id":"https:\/\/tribunademinas.audiencelabs.com.br\/brasileiros-que-nasceram-em-setembro-recebem-grande-pagamento-do-governo\/","url":"https:\/\/tribunademinas.audiencelabs.com.br\/brasileiros-que-nasceram-em-setembro-recebem-grande-pagamento-do-governo\/","name":"Brasileiros que nasceram em setembro recebem grande pagamento do Governo","isPartOf":{"@id":"https:\/\/tribunademinas.audiencelabs.com.br\/#website"},"primaryImageOfPage":{"@id":"https:\/\/tribunademinas.audiencelabs.com.br\/brasileiros-que-nasceram-em-setembro-recebem-grande-pagamento-do-governo\/#primaryimage"},"image":{"@id":"https:\/\/tribunademinas.audiencelabs.com.br\/brasileiros-que-nasceram-em-setembro-recebem-grande-pagamento-do-governo\/#primaryimage"},"thumbnailUrl":"https:\/\/tribunademinas.audiencelabs.com.br\/wp-content\/uploads\/2025\/09\/brasileiros-nasceram-setembro-recebem-grande-pagamento-governo-1.webp","datePublished":"2025-09-27T12:15:00+00:00","breadcrumb":{"@id":"https:\/\/tribunademinas.audiencelabs.com.br\/brasileiros-que-nasceram-em-setembro-recebem-grande-pagamento-do-governo\/#breadcrumb"},"inLanguage":"pt-BR","potentialAction":[{"@type":"ReadAction","target":["https:\/\/tribunademinas.audiencelabs.com.br\/brasileiros-que-nasceram-em-setembro-recebem-grande-pagamento-do-governo\/"]}]},{"@type":"ImageObject","inLanguage":"pt-BR","@id":"https:\/\/tribunademinas.audiencelabs.com.br\/brasileiros-que-nasceram-em-setembro-recebem-grande-pagamento-do-governo\/#primaryimage","url":"https:\/\/tribunademinas.audiencelabs.com.br\/wp-content\/uploads\/2025\/09\/brasileiros-nasceram-setembro-recebem-grande-pagamento-governo-1.webp","contentUrl":"https:\/\/tribunademinas.audiencelabs.com.br\/wp-content\/uploads\/2025\/09\/brasileiros-nasceram-setembro-recebem-grande-pagamento-governo-1.webp","width":1280,"height":720,"caption":"Foto: Jos\u00e9 Cruz\/Ag\u00eancia Brasil"},{"@type":"BreadcrumbList","@id":"https:\/\/tribunademinas.audiencelabs.com.br\/brasileiros-que-nasceram-em-setembro-recebem-grande-pagamento-do-governo\/#breadcrumb","itemListElement":[{"@type":"ListItem","position":1,"name":"In\u00edcio","item":"https:\/\/tribunademinas.audiencelabs.com.br\/"},{"@type":"ListItem","position":2,"name":"Brasileiros que nasceram em setembro recebem grande pagamento do Governo"}]},{"@type":"WebSite","@id":"https:\/\/tribunademinas.audiencelabs.com.br\/#website","url":"https:\/\/tribunademinas.audiencelabs.com.br\/","name":"Tribuna de Minas - Dinheiro e Cidadania","description":"","publisher":{"@id":"https:\/\/tribunademinas.audiencelabs.com.br\/#organization"},"potentialAction":[{"@type":"SearchAction","target":{"@type":"EntryPoint","urlTemplate":"https:\/\/tribunademinas.audiencelabs.com.br\/?s={search_term_string}"},"query-input":{"@type":"PropertyValueSpecification","valueRequired":true,"valueName":"search_term_string"}}],"inLanguage":"pt-BR"},{"@type":"Organization","@id":"https:\/\/tribunademinas.audiencelabs.com.br\/#organization","name":"Tribuna de Minas - Dinheiro e Cidadania","url":"https:\/\/tribunademinas.audiencelabs.com.br\/","logo":{"@type":"ImageObject","inLanguage":"pt-BR","@id":"https:\/\/tribunademinas.audiencelabs.com.br\/#\/schema\/logo\/image\/","url":"https:\/\/tribunademinas.audiencelabs.com.br\/wp-content\/uploads\/2025\/08\/cropped-Tribuna_512x512-96x96-1.png","contentUrl":"https:\/\/tribunademinas.audiencelabs.com.br\/wp-content\/uploads\/2025\/08\/cropped-Tribuna_512x512-96x96-1.png","width":96,"height":96,"caption":"Tribuna de Minas - Dinheiro e Cidadania"},"image":{"@id":"https:\/\/tribunademinas.audiencelabs.com.br\/#\/schema\/logo\/image\/"},"sameAs":["https:\/\/www.facebook.com\/tribunademinas\/","https:\/\/x.com\/tribunademinas","https:\/\/www.instagram.com\/tribunademinas\/","https:\/\/www.youtube.com\/user\/TribunadeMinasJF"]},{"@type":"Person","@id":"https:\/\/tribunademinas.audiencelabs.com.br\/#\/schema\/person\/37af466a64a722fadb8ef6841c52114f","name":"Jo\u00e3o Carlos Gomes","image":{"@type":"ImageObject","inLanguage":"pt-BR","@id":"https:\/\/tribunademinas.audiencelabs.com.br\/#\/schema\/person\/image\/","url":"https:\/\/secure.gravatar.com\/avatar\/4ce4672dbdd694b329cd6fdb51bee7d1409be1f0ff76a537e4c4a737b2c7d1a9?s=96&d=mm&r=g","contentUrl":"https:\/\/secure.gravatar.com\/avatar\/4ce4672dbdd694b329cd6fdb51bee7d1409be1f0ff76a537e4c4a737b2c7d1a9?s=96&d=mm&r=g","caption":"Jo\u00e3o Carlos Gomes"},"description":"Jornalista formado pelo Centro Universit\u00e1rio Carioca, apreciador da Bossa Nova ao Metal Extremo, criador de conte\u00fado e m\u00fasico independente nas horas vagas.","url":"https:\/\/tribunademinas.audiencelabs.com.br\/author\/joaoc-junior\/"}]}},"amp_enabled":true,"_links":{"self":[{"href":"https:\/\/tribunademinas.audiencelabs.com.br\/wp-json\/wp\/v2\/posts\/1809","targetHints":{"allow":["GET"]}}],"collection":[{"href":"https:\/\/tribunademinas.audiencelabs.com.br\/wp-json\/wp\/v2\/posts"}],"about":[{"href":"https:\/\/tribunademinas.audiencelabs.com.br\/wp-json\/wp\/v2\/types\/post"}],"author":[{"embeddable":true,"href":"https:\/\/tribunademinas.audiencelabs.com.br\/wp-json\/wp\/v2\/users\/3"}],"replies":[{"embeddable":true,"href":"https:\/\/tribunademinas.audiencelabs.com.br\/wp-json\/wp\/v2\/comments?post=1809"}],"version-history":[{"count":1,"href":"https:\/\/tribunademinas.audiencelabs.com.br\/wp-json\/wp\/v2\/posts\/1809\/revisions"}],"predecessor-version":[{"id":1812,"href":"https:\/\/tribunademinas.audiencelabs.com.br\/wp-json\/wp\/v2\/posts\/1809\/revisions\/1812"}],"wp:featuredmedia":[{"embeddable":true,"href":"https:\/\/tribunademinas.audiencelabs.com.br\/wp-json\/wp\/v2\/media\/1811"}],"wp:attachment":[{"href":"https:\/\/tribunademinas.audiencelabs.com.br\/wp-json\/wp\/v2\/media?parent=1809"}],"wp:term":[{"taxonomy":"category","embeddable":true,"href":"https:\/\/tribunademinas.audiencelabs.com.br\/wp-json\/wp\/v2\/categories?post=1809"},{"taxonomy":"post_tag","embeddable":true,"href":"https:\/\/tribunademinas.audiencelabs.com.br\/wp-json\/wp\/v2\/tags?post=1809"}],"curies":[{"name":"wp","href":"https:\/\/api.w.org\/{rel}","templated":true}]}}