{"id":1806,"date":"2025-09-26T18:00:00","date_gmt":"2025-09-26T21:00:00","guid":{"rendered":"https:\/\/tribunademinas.audiencelabs.com.br\/?p=1806"},"modified":"2025-09-25T16:45:50","modified_gmt":"2025-09-25T19:45:50","slug":"saque-aniversario-do-fgts-ja-esta-liberado-quem-pode-sacar","status":"publish","type":"post","link":"https:\/\/tribunademinas.audiencelabs.com.br\/saque-aniversario-do-fgts-ja-esta-liberado-quem-pode-sacar\/","title":{"rendered":"Saque-anivers\u00e1rio do FGTS j\u00e1 est\u00e1 liberado: quem pode sacar?"},"content":{"rendered":"\n<p>Ao inv\u00e9s de aguardar o encerramento de um contrato de trabalho ou alguma situa\u00e7\u00e3o extraordin\u00e1ria ocorrer para ter acesso ao <strong>Fundo de Garantia do Tempo de Servi\u00e7o (FGTS)<\/strong>, muitos trabalhadores podem recorrer ao <strong>saque-anivers\u00e1rio<\/strong> para contar com um valor extra anualmente.<\/p>\n\n\n\n<p>Em suma, a modalidade permite que os cidad\u00e3os tenham acesso a uma parte do saldo dispon\u00edvel em suas contas, com base em uma tabela de al\u00edquotas que varia de acordo com o montante acumulado, e oferece retiradas programadas.<\/p>\n\n\n\n<p>Obviamente, o cronograma tem como base <strong>o m\u00eas de anivers\u00e1rio dos trabalhadores<\/strong>, e o saldo \u00e9 liberado a partir do primeiro dia \u00fatil do per\u00edodo. E de acordo com o calend\u00e1rio divulgado pelo governo, o saque j\u00e1 est\u00e1 <strong>dispon\u00edvel para os nascidos em setembro<\/strong>.<\/p>\n\n\n\n<p>Contudo, \u00e9 importante lembrar que o prazo para efetuar o saque-anivers\u00e1rio <strong>se estende por 60 dias<\/strong>, oferecendo n\u00e3o apenas mais tempo para o trabalhador planejar o uso do dinheiro, mas tamb\u00e9m a chance de quem nasceu antes ainda consegue retirar o valor.<\/p>\n\n\n\n<p>Desta forma, os <strong>nascidos em julho<\/strong> t\u00eam at\u00e9 o <strong>dia 30 de setembro <\/strong>para solicitar o saque-anivers\u00e1rio do FGTS, enquanto os <strong>nascidos em agosto<\/strong> podem sacar o valor at\u00e9 o <strong>dia 31 de outubro<\/strong>.<\/p>\n\n\n\n<h2 class=\"wp-block-heading\">Calend\u00e1rio do saque-anivers\u00e1rio do FGTS em 2025: pr\u00f3ximas datas de pagamento<\/h2>\n\n\n\n<p>Conforme mencionado anteriormente, a atual remessa do saque anivers\u00e1rio do FGTS visa contemplar, principalmente, os nascidos em setembro, e se estender\u00e1 at\u00e9 o dia 28 de novembro. J\u00e1 os demais pagamentos foram programados para as seguintes datas:<\/p>\n\n\n\n<ul class=\"wp-block-list\">\n<li><strong>Outubro: <\/strong>de 1\u00ba outubro a 30 de dezembro;<\/li>\n\n\n\n<li><strong>Novembro:<\/strong> de 3 novembro a 30 de janeiro de 2026;<\/li>\n\n\n\n<li><strong>Dezembro:<\/strong> de 1\u00ba dezembro a 27 de fevereiro de 2026.<\/li>\n<\/ul>\n\n\n\n<h2 class=\"wp-block-heading\">Limites do saque-anivers\u00e1rio do FGTS<\/h2>\n\n\n\n<p>O valor do saque-anivers\u00e1rio \u00e9 calculado a partir do saldo do FGTS e de uma tabela de al\u00edquotas que varia de 5% a 50% acrescida de uma parcela fixa, que variam de acordo com a faixa de saldo. Desta forma, os montantes dispon\u00edveis correspondem a:<\/p>\n\n\n\n<ul class=\"wp-block-list\">\n<li><strong>At\u00e9 R$ 500:<\/strong>\u00a050% do saldo\u00a0<\/li>\n\n\n\n<li><strong>De R$ 500,01 a R$ 1.000:<\/strong>\u00a040% do saldo + R$ 50,00\u00a0<\/li>\n\n\n\n<li><strong>De R$ 1.000,01 a R$ 5.000:<\/strong>\u00a030% do saldo + R$ 150,00\u00a0<\/li>\n\n\n\n<li><strong>De R$ 5.000,01 a R$ 10.000:<\/strong>\u00a020% do saldo + R$ 650,00\u00a0<\/li>\n\n\n\n<li><strong>De R$ 10.000,01 a R$ 15.000:<\/strong>\u00a015% do saldo + R$ 1.150,00\u00a0<\/li>\n\n\n\n<li><strong>De R$ 15.000,01 a R$ 20.000:<\/strong>\u00a010% do saldo + R$ 1.900,00\u00a0<\/li>\n\n\n\n<li><strong>Acima de R$ 20.000:<\/strong>\u00a05% do saldo + R$ 2.900,00\u00a0<\/li>\n<\/ul>\n","protected":false},"excerpt":{"rendered":"<p>Ao inv\u00e9s de aguardar o encerramento de um contrato de trabalho ou alguma situa\u00e7\u00e3o extraordin\u00e1ria ocorrer para ter acesso ao Fundo de Garantia do Tempo de Servi\u00e7o (FGTS), muitos trabalhadores podem recorrer ao saque-anivers\u00e1rio para contar com um valor extra anualmente. Em suma, a modalidade permite que os cidad\u00e3os tenham acesso a uma parte do [&hellip;]<\/p>\n","protected":false},"author":3,"featured_media":1807,"comment_status":"open","ping_status":"open","sticky":false,"template":"","format":"standard","meta":{"jnews-multi-image_gallery":[],"jnews_single_post":{"format":"standard"},"jnews_primary_category":[],"jnews_social_meta":[],"jnews_post_split":[],"footnotes":""},"categories":[1],"tags":[],"class_list":["post-1806","post","type-post","status-publish","format-standard","has-post-thumbnail","hentry","category-dinheiro"],"yoast_head":"<!-- This site is optimized with the Yoast SEO plugin v25.6 - https:\/\/yoast.com\/wordpress\/plugins\/seo\/ -->\n<title>Saque-anivers\u00e1rio do FGTS j\u00e1 est\u00e1 liberado: quem pode sacar?<\/title>\n<meta name=\"robots\" content=\"index, follow, max-snippet:-1, max-image-preview:large, max-video-preview:-1\" \/>\n<link rel=\"canonical\" href=\"https:\/\/tribunademinas.audiencelabs.com.br\/saque-aniversario-do-fgts-ja-esta-liberado-quem-pode-sacar\/\" \/>\n<meta property=\"og:locale\" content=\"pt_BR\" \/>\n<meta property=\"og:type\" content=\"article\" \/>\n<meta property=\"og:title\" content=\"Saque-anivers\u00e1rio do FGTS j\u00e1 est\u00e1 liberado: quem pode sacar?\" \/>\n<meta property=\"og:description\" content=\"Ao inv\u00e9s de aguardar o encerramento de um contrato de trabalho ou alguma situa\u00e7\u00e3o extraordin\u00e1ria ocorrer para ter acesso ao Fundo de Garantia do Tempo de Servi\u00e7o (FGTS), muitos trabalhadores podem recorrer ao saque-anivers\u00e1rio para contar com um valor extra anualmente. Em suma, a modalidade permite que os cidad\u00e3os tenham acesso a uma parte do [&hellip;]\" \/>\n<meta property=\"og:url\" content=\"https:\/\/tribunademinas.audiencelabs.com.br\/saque-aniversario-do-fgts-ja-esta-liberado-quem-pode-sacar\/\" \/>\n<meta property=\"og:site_name\" content=\"Tribuna de Minas - Dinheiro e Cidadania\" \/>\n<meta property=\"article:publisher\" content=\"https:\/\/www.facebook.com\/tribunademinas\/\" \/>\n<meta property=\"article:published_time\" content=\"2025-09-26T21:00:00+00:00\" \/>\n<meta property=\"og:image\" content=\"https:\/\/tribunademinas.audiencelabs.com.br\/wp-content\/uploads\/2025\/09\/saque-aniversario-fgts-esta-liberado-quem-pode-sacar.webp\" \/>\n\t<meta property=\"og:image:width\" content=\"1280\" \/>\n\t<meta property=\"og:image:height\" content=\"720\" \/>\n\t<meta property=\"og:image:type\" content=\"image\/webp\" \/>\n<meta name=\"author\" content=\"Jo\u00e3o Carlos Gomes\" \/>\n<meta name=\"twitter:card\" content=\"summary_large_image\" \/>\n<meta name=\"twitter:creator\" content=\"@tribunademinas\" \/>\n<meta name=\"twitter:site\" content=\"@tribunademinas\" \/>\n<meta name=\"twitter:label1\" content=\"Escrito por\" \/>\n\t<meta name=\"twitter:data1\" content=\"Jo\u00e3o Carlos Gomes\" \/>\n\t<meta name=\"twitter:label2\" content=\"Est. tempo de leitura\" \/>\n\t<meta name=\"twitter:data2\" content=\"3 minutos\" \/>\n<!-- \/ Yoast SEO plugin. -->","yoast_head_json":{"title":"Saque-anivers\u00e1rio do FGTS j\u00e1 est\u00e1 liberado: quem pode sacar?","robots":{"index":"index","follow":"follow","max-snippet":"max-snippet:-1","max-image-preview":"max-image-preview:large","max-video-preview":"max-video-preview:-1"},"canonical":"https:\/\/tribunademinas.audiencelabs.com.br\/saque-aniversario-do-fgts-ja-esta-liberado-quem-pode-sacar\/","og_locale":"pt_BR","og_type":"article","og_title":"Saque-anivers\u00e1rio do FGTS j\u00e1 est\u00e1 liberado: quem pode sacar?","og_description":"Ao inv\u00e9s de aguardar o encerramento de um contrato de trabalho ou alguma situa\u00e7\u00e3o extraordin\u00e1ria ocorrer para ter acesso ao Fundo de Garantia do Tempo de Servi\u00e7o (FGTS), muitos trabalhadores podem recorrer ao saque-anivers\u00e1rio para contar com um valor extra anualmente. Em suma, a modalidade permite que os cidad\u00e3os tenham acesso a uma parte do [&hellip;]","og_url":"https:\/\/tribunademinas.audiencelabs.com.br\/saque-aniversario-do-fgts-ja-esta-liberado-quem-pode-sacar\/","og_site_name":"Tribuna de Minas - Dinheiro e Cidadania","article_publisher":"https:\/\/www.facebook.com\/tribunademinas\/","article_published_time":"2025-09-26T21:00:00+00:00","og_image":[{"width":1280,"height":720,"url":"https:\/\/tribunademinas.audiencelabs.com.br\/wp-content\/uploads\/2025\/09\/saque-aniversario-fgts-esta-liberado-quem-pode-sacar.webp","type":"image\/webp"}],"author":"Jo\u00e3o Carlos Gomes","twitter_card":"summary_large_image","twitter_creator":"@tribunademinas","twitter_site":"@tribunademinas","twitter_misc":{"Escrito por":"Jo\u00e3o Carlos Gomes","Est. tempo de leitura":"3 minutos"},"schema":{"@context":"https:\/\/schema.org","@graph":[{"@type":"Article","@id":"https:\/\/tribunademinas.audiencelabs.com.br\/saque-aniversario-do-fgts-ja-esta-liberado-quem-pode-sacar\/#article","isPartOf":{"@id":"https:\/\/tribunademinas.audiencelabs.com.br\/saque-aniversario-do-fgts-ja-esta-liberado-quem-pode-sacar\/"},"author":{"name":"Jo\u00e3o Carlos Gomes","@id":"https:\/\/tribunademinas.audiencelabs.com.br\/#\/schema\/person\/37af466a64a722fadb8ef6841c52114f"},"headline":"Saque-anivers\u00e1rio do FGTS j\u00e1 est\u00e1 liberado: quem pode sacar?","datePublished":"2025-09-26T21:00:00+00:00","mainEntityOfPage":{"@id":"https:\/\/tribunademinas.audiencelabs.com.br\/saque-aniversario-do-fgts-ja-esta-liberado-quem-pode-sacar\/"},"wordCount":388,"commentCount":0,"publisher":{"@id":"https:\/\/tribunademinas.audiencelabs.com.br\/#organization"},"image":{"@id":"https:\/\/tribunademinas.audiencelabs.com.br\/saque-aniversario-do-fgts-ja-esta-liberado-quem-pode-sacar\/#primaryimage"},"thumbnailUrl":"https:\/\/tribunademinas.audiencelabs.com.br\/wp-content\/uploads\/2025\/09\/saque-aniversario-fgts-esta-liberado-quem-pode-sacar.webp","articleSection":["Dinheiro"],"inLanguage":"pt-BR","potentialAction":[{"@type":"CommentAction","name":"Comment","target":["https:\/\/tribunademinas.audiencelabs.com.br\/saque-aniversario-do-fgts-ja-esta-liberado-quem-pode-sacar\/#respond"]}]},{"@type":"WebPage","@id":"https:\/\/tribunademinas.audiencelabs.com.br\/saque-aniversario-do-fgts-ja-esta-liberado-quem-pode-sacar\/","url":"https:\/\/tribunademinas.audiencelabs.com.br\/saque-aniversario-do-fgts-ja-esta-liberado-quem-pode-sacar\/","name":"Saque-anivers\u00e1rio do FGTS j\u00e1 est\u00e1 liberado: quem pode sacar?","isPartOf":{"@id":"https:\/\/tribunademinas.audiencelabs.com.br\/#website"},"primaryImageOfPage":{"@id":"https:\/\/tribunademinas.audiencelabs.com.br\/saque-aniversario-do-fgts-ja-esta-liberado-quem-pode-sacar\/#primaryimage"},"image":{"@id":"https:\/\/tribunademinas.audiencelabs.com.br\/saque-aniversario-do-fgts-ja-esta-liberado-quem-pode-sacar\/#primaryimage"},"thumbnailUrl":"https:\/\/tribunademinas.audiencelabs.com.br\/wp-content\/uploads\/2025\/09\/saque-aniversario-fgts-esta-liberado-quem-pode-sacar.webp","datePublished":"2025-09-26T21:00:00+00:00","breadcrumb":{"@id":"https:\/\/tribunademinas.audiencelabs.com.br\/saque-aniversario-do-fgts-ja-esta-liberado-quem-pode-sacar\/#breadcrumb"},"inLanguage":"pt-BR","potentialAction":[{"@type":"ReadAction","target":["https:\/\/tribunademinas.audiencelabs.com.br\/saque-aniversario-do-fgts-ja-esta-liberado-quem-pode-sacar\/"]}]},{"@type":"ImageObject","inLanguage":"pt-BR","@id":"https:\/\/tribunademinas.audiencelabs.com.br\/saque-aniversario-do-fgts-ja-esta-liberado-quem-pode-sacar\/#primaryimage","url":"https:\/\/tribunademinas.audiencelabs.com.br\/wp-content\/uploads\/2025\/09\/saque-aniversario-fgts-esta-liberado-quem-pode-sacar.webp","contentUrl":"https:\/\/tribunademinas.audiencelabs.com.br\/wp-content\/uploads\/2025\/09\/saque-aniversario-fgts-esta-liberado-quem-pode-sacar.webp","width":1280,"height":720,"caption":"Foto: Jo\u00e9dson Alves\/Ag\u00eancia Brasil"},{"@type":"BreadcrumbList","@id":"https:\/\/tribunademinas.audiencelabs.com.br\/saque-aniversario-do-fgts-ja-esta-liberado-quem-pode-sacar\/#breadcrumb","itemListElement":[{"@type":"ListItem","position":1,"name":"In\u00edcio","item":"https:\/\/tribunademinas.audiencelabs.com.br\/"},{"@type":"ListItem","position":2,"name":"Saque-anivers\u00e1rio do FGTS j\u00e1 est\u00e1 liberado: quem pode sacar?"}]},{"@type":"WebSite","@id":"https:\/\/tribunademinas.audiencelabs.com.br\/#website","url":"https:\/\/tribunademinas.audiencelabs.com.br\/","name":"Tribuna de Minas - Dinheiro e Cidadania","description":"","publisher":{"@id":"https:\/\/tribunademinas.audiencelabs.com.br\/#organization"},"potentialAction":[{"@type":"SearchAction","target":{"@type":"EntryPoint","urlTemplate":"https:\/\/tribunademinas.audiencelabs.com.br\/?s={search_term_string}"},"query-input":{"@type":"PropertyValueSpecification","valueRequired":true,"valueName":"search_term_string"}}],"inLanguage":"pt-BR"},{"@type":"Organization","@id":"https:\/\/tribunademinas.audiencelabs.com.br\/#organization","name":"Tribuna de Minas - Dinheiro e Cidadania","url":"https:\/\/tribunademinas.audiencelabs.com.br\/","logo":{"@type":"ImageObject","inLanguage":"pt-BR","@id":"https:\/\/tribunademinas.audiencelabs.com.br\/#\/schema\/logo\/image\/","url":"https:\/\/tribunademinas.audiencelabs.com.br\/wp-content\/uploads\/2025\/08\/cropped-Tribuna_512x512-96x96-1.png","contentUrl":"https:\/\/tribunademinas.audiencelabs.com.br\/wp-content\/uploads\/2025\/08\/cropped-Tribuna_512x512-96x96-1.png","width":96,"height":96,"caption":"Tribuna de Minas - Dinheiro e Cidadania"},"image":{"@id":"https:\/\/tribunademinas.audiencelabs.com.br\/#\/schema\/logo\/image\/"},"sameAs":["https:\/\/www.facebook.com\/tribunademinas\/","https:\/\/x.com\/tribunademinas","https:\/\/www.instagram.com\/tribunademinas\/","https:\/\/www.youtube.com\/user\/TribunadeMinasJF"]},{"@type":"Person","@id":"https:\/\/tribunademinas.audiencelabs.com.br\/#\/schema\/person\/37af466a64a722fadb8ef6841c52114f","name":"Jo\u00e3o Carlos Gomes","image":{"@type":"ImageObject","inLanguage":"pt-BR","@id":"https:\/\/tribunademinas.audiencelabs.com.br\/#\/schema\/person\/image\/","url":"https:\/\/secure.gravatar.com\/avatar\/4ce4672dbdd694b329cd6fdb51bee7d1409be1f0ff76a537e4c4a737b2c7d1a9?s=96&d=mm&r=g","contentUrl":"https:\/\/secure.gravatar.com\/avatar\/4ce4672dbdd694b329cd6fdb51bee7d1409be1f0ff76a537e4c4a737b2c7d1a9?s=96&d=mm&r=g","caption":"Jo\u00e3o Carlos Gomes"},"description":"Jornalista formado pelo Centro Universit\u00e1rio Carioca, apreciador da Bossa Nova ao Metal Extremo, criador de conte\u00fado e m\u00fasico independente nas horas vagas.","url":"https:\/\/tribunademinas.audiencelabs.com.br\/author\/joaoc-junior\/"}]}},"amp_enabled":true,"_links":{"self":[{"href":"https:\/\/tribunademinas.audiencelabs.com.br\/wp-json\/wp\/v2\/posts\/1806","targetHints":{"allow":["GET"]}}],"collection":[{"href":"https:\/\/tribunademinas.audiencelabs.com.br\/wp-json\/wp\/v2\/posts"}],"about":[{"href":"https:\/\/tribunademinas.audiencelabs.com.br\/wp-json\/wp\/v2\/types\/post"}],"author":[{"embeddable":true,"href":"https:\/\/tribunademinas.audiencelabs.com.br\/wp-json\/wp\/v2\/users\/3"}],"replies":[{"embeddable":true,"href":"https:\/\/tribunademinas.audiencelabs.com.br\/wp-json\/wp\/v2\/comments?post=1806"}],"version-history":[{"count":1,"href":"https:\/\/tribunademinas.audiencelabs.com.br\/wp-json\/wp\/v2\/posts\/1806\/revisions"}],"predecessor-version":[{"id":1808,"href":"https:\/\/tribunademinas.audiencelabs.com.br\/wp-json\/wp\/v2\/posts\/1806\/revisions\/1808"}],"wp:featuredmedia":[{"embeddable":true,"href":"https:\/\/tribunademinas.audiencelabs.com.br\/wp-json\/wp\/v2\/media\/1807"}],"wp:attachment":[{"href":"https:\/\/tribunademinas.audiencelabs.com.br\/wp-json\/wp\/v2\/media?parent=1806"}],"wp:term":[{"taxonomy":"category","embeddable":true,"href":"https:\/\/tribunademinas.audiencelabs.com.br\/wp-json\/wp\/v2\/categories?post=1806"},{"taxonomy":"post_tag","embeddable":true,"href":"https:\/\/tribunademinas.audiencelabs.com.br\/wp-json\/wp\/v2\/tags?post=1806"}],"curies":[{"name":"wp","href":"https:\/\/api.w.org\/{rel}","templated":true}]}}