{"id":1803,"date":"2025-09-26T16:00:00","date_gmt":"2025-09-26T19:00:00","guid":{"rendered":"https:\/\/tribunademinas.audiencelabs.com.br\/?p=1803"},"modified":"2025-09-25T16:11:57","modified_gmt":"2025-09-25T19:11:57","slug":"aumento-inesperado-no-salario-minimo-foi-confirmado","status":"publish","type":"post","link":"https:\/\/tribunademinas.audiencelabs.com.br\/aumento-inesperado-no-salario-minimo-foi-confirmado\/","title":{"rendered":"Aumento inesperado no sal\u00e1rio m\u00ednimo foi confirmado"},"content":{"rendered":"\n<p>Embora ainda seja poss\u00edvel encontrar muitos trabalhadores informais no setor, j\u00e1 faz mais de uma d\u00e9cada que a fun\u00e7\u00e3o de <strong>empregada dom\u00e9stica<\/strong> foi oficialmente formalizada, contando com diversas leis de prote\u00e7\u00e3o \u00e0 categoria.<\/p>\n\n\n\n<p>E vale destacar que uma delas \u00e9 dedicada a assegurar um pagamento justo a trabalhadores da \u00e1rea, com o intuito de evitar poss\u00edveis injusti\u00e7as salariais que, por sua vez, poderiam levar a jornadas excessivas para os empregados.<\/p>\n\n\n\n<p>Mais especificamente, propostas como a\u00a0<strong>Lei Complementar n\u00ba 150\/2015<\/strong> e a <strong>Proposta de Emenda \u00e0 Constitui\u00e7\u00e3o (PEC) n\u00ba 72\/2013<\/strong>, tamb\u00e9m conhecida como PEC das Dom\u00e9sticas, surgiram para equiparar os benef\u00edcios dos empregados dom\u00e9sticos aos dos demais trabalhadores, e isso tamb\u00e9m inclui o <strong>sal\u00e1rio m\u00ednimo<\/strong>.<\/p>\n\n\n\n<p>Em praticamente todos os estados do pa\u00eds, estes funcion\u00e1rios t\u00eam garantido o<strong> pagamento de R$ 1.518 mensais<\/strong>, sempre at\u00e9 o quinto dia \u00fatil, superando massivamente os valores recebidos antes da consolida\u00e7\u00e3o das leis. E vale destacar que, em algumas regi\u00f5es, o montante pode ser ainda maior.<\/p>\n\n\n\n<p>\u00c9 importante lembrar que, segundo dados de 2012, os sal\u00e1rios das trabalhadoras dom\u00e9sticas variavam entre R$ 1.388 com carteira assinada e R$ 852 sem. Portanto, o aumento do sal\u00e1rio m\u00ednimo e a obrigatoriedade de cumprimento das leis trabalhistas foram um verdadeiro benef\u00edcio para a categoria.<\/p>\n\n\n\n<h2 class=\"wp-block-heading\">Al\u00e9m do sal\u00e1rio: benef\u00edcios para trabalhadores dom\u00e9sticos<\/h2>\n\n\n\n<p>Conforme mencionado anteriormente, o acesso ao sal\u00e1rio m\u00ednimo \u00e9 apenas um dos benef\u00edcios garantidos aos trabalhadores dom\u00e9sticos, uma vez que a PEC das Dom\u00e9sticas ampliou os direitos trabalhistas do setor. Desta forma, empregados tamb\u00e9m t\u00eam direito a:<\/p>\n\n\n\n<ul class=\"wp-block-list\">\n<li>Fundo de Garantia do Tempo de Servi\u00e7o (FGTS);<\/li>\n\n\n\n<li>Horas extras;<\/li>\n\n\n\n<li>Adicional noturno;<\/li>\n\n\n\n<li>Seguro-desemprego;<\/li>\n\n\n\n<li>Indeniza\u00e7\u00e3o por demiss\u00e3o sem justa causa;<\/li>\n\n\n\n<li>Sal\u00e1rio-fam\u00edlia;<\/li>\n\n\n\n<li>Aux\u00edlio-creche ou pr\u00e9-escola;<\/li>\n\n\n\n<li>Licen\u00e7a-maternidade;<\/li>\n\n\n\n<li>Vale-transporte;<\/li>\n\n\n\n<li>13\u00ba sal\u00e1rio;<\/li>\n\n\n\n<li>F\u00e9rias;<\/li>\n\n\n\n<li>Aposentadoria.<\/li>\n<\/ul>\n\n\n\n<p>Todavia, para assegurar todos os direitos citados, \u00e9 imprescind\u00edvel que a rela\u00e7\u00e3o de trabalho seja formalizada com o registro em carteira, sendo crucial exigir a assinatura do documento.<\/p>\n","protected":false},"excerpt":{"rendered":"<p>Embora ainda seja poss\u00edvel encontrar muitos trabalhadores informais no setor, j\u00e1 faz mais de uma d\u00e9cada que a fun\u00e7\u00e3o de empregada dom\u00e9stica foi oficialmente formalizada, contando com diversas leis de prote\u00e7\u00e3o \u00e0 categoria. E vale destacar que uma delas \u00e9 dedicada a assegurar um pagamento justo a trabalhadores da \u00e1rea, com o intuito de evitar [&hellip;]<\/p>\n","protected":false},"author":3,"featured_media":1804,"comment_status":"open","ping_status":"open","sticky":false,"template":"","format":"standard","meta":{"jnews-multi-image_gallery":[],"jnews_single_post":{"format":"standard"},"jnews_primary_category":[],"jnews_social_meta":[],"jnews_post_split":[],"footnotes":""},"categories":[1],"tags":[],"class_list":["post-1803","post","type-post","status-publish","format-standard","has-post-thumbnail","hentry","category-dinheiro"],"yoast_head":"<!-- This site is optimized with the Yoast SEO plugin v25.6 - https:\/\/yoast.com\/wordpress\/plugins\/seo\/ -->\n<title>Aumento inesperado no sal\u00e1rio m\u00ednimo foi confirmado<\/title>\n<meta name=\"robots\" content=\"index, follow, max-snippet:-1, max-image-preview:large, max-video-preview:-1\" \/>\n<link rel=\"canonical\" href=\"https:\/\/tribunademinas.audiencelabs.com.br\/aumento-inesperado-no-salario-minimo-foi-confirmado\/\" \/>\n<meta property=\"og:locale\" content=\"pt_BR\" \/>\n<meta property=\"og:type\" content=\"article\" \/>\n<meta property=\"og:title\" content=\"Aumento inesperado no sal\u00e1rio m\u00ednimo foi confirmado\" \/>\n<meta property=\"og:description\" content=\"Embora ainda seja poss\u00edvel encontrar muitos trabalhadores informais no setor, j\u00e1 faz mais de uma d\u00e9cada que a fun\u00e7\u00e3o de empregada dom\u00e9stica foi oficialmente formalizada, contando com diversas leis de prote\u00e7\u00e3o \u00e0 categoria. E vale destacar que uma delas \u00e9 dedicada a assegurar um pagamento justo a trabalhadores da \u00e1rea, com o intuito de evitar [&hellip;]\" \/>\n<meta property=\"og:url\" content=\"https:\/\/tribunademinas.audiencelabs.com.br\/aumento-inesperado-no-salario-minimo-foi-confirmado\/\" \/>\n<meta property=\"og:site_name\" content=\"Tribuna de Minas - Dinheiro e Cidadania\" \/>\n<meta property=\"article:publisher\" content=\"https:\/\/www.facebook.com\/tribunademinas\/\" \/>\n<meta property=\"article:published_time\" content=\"2025-09-26T19:00:00+00:00\" \/>\n<meta property=\"og:image\" content=\"https:\/\/tribunademinas.audiencelabs.com.br\/wp-content\/uploads\/2025\/09\/aumento-inesperado-salario-minimo-confirmado.webp\" \/>\n\t<meta property=\"og:image:width\" content=\"1280\" \/>\n\t<meta property=\"og:image:height\" content=\"720\" \/>\n\t<meta property=\"og:image:type\" content=\"image\/webp\" \/>\n<meta name=\"author\" content=\"Jo\u00e3o Carlos Gomes\" \/>\n<meta name=\"twitter:card\" content=\"summary_large_image\" \/>\n<meta name=\"twitter:creator\" content=\"@tribunademinas\" \/>\n<meta name=\"twitter:site\" content=\"@tribunademinas\" \/>\n<meta name=\"twitter:label1\" content=\"Escrito por\" \/>\n\t<meta name=\"twitter:data1\" content=\"Jo\u00e3o Carlos Gomes\" \/>\n\t<meta name=\"twitter:label2\" content=\"Est. tempo de leitura\" \/>\n\t<meta name=\"twitter:data2\" content=\"2 minutos\" \/>\n<!-- \/ Yoast SEO plugin. -->","yoast_head_json":{"title":"Aumento inesperado no sal\u00e1rio m\u00ednimo foi confirmado","robots":{"index":"index","follow":"follow","max-snippet":"max-snippet:-1","max-image-preview":"max-image-preview:large","max-video-preview":"max-video-preview:-1"},"canonical":"https:\/\/tribunademinas.audiencelabs.com.br\/aumento-inesperado-no-salario-minimo-foi-confirmado\/","og_locale":"pt_BR","og_type":"article","og_title":"Aumento inesperado no sal\u00e1rio m\u00ednimo foi confirmado","og_description":"Embora ainda seja poss\u00edvel encontrar muitos trabalhadores informais no setor, j\u00e1 faz mais de uma d\u00e9cada que a fun\u00e7\u00e3o de empregada dom\u00e9stica foi oficialmente formalizada, contando com diversas leis de prote\u00e7\u00e3o \u00e0 categoria. E vale destacar que uma delas \u00e9 dedicada a assegurar um pagamento justo a trabalhadores da \u00e1rea, com o intuito de evitar [&hellip;]","og_url":"https:\/\/tribunademinas.audiencelabs.com.br\/aumento-inesperado-no-salario-minimo-foi-confirmado\/","og_site_name":"Tribuna de Minas - Dinheiro e Cidadania","article_publisher":"https:\/\/www.facebook.com\/tribunademinas\/","article_published_time":"2025-09-26T19:00:00+00:00","og_image":[{"width":1280,"height":720,"url":"https:\/\/tribunademinas.audiencelabs.com.br\/wp-content\/uploads\/2025\/09\/aumento-inesperado-salario-minimo-confirmado.webp","type":"image\/webp"}],"author":"Jo\u00e3o Carlos Gomes","twitter_card":"summary_large_image","twitter_creator":"@tribunademinas","twitter_site":"@tribunademinas","twitter_misc":{"Escrito por":"Jo\u00e3o Carlos Gomes","Est. tempo de leitura":"2 minutos"},"schema":{"@context":"https:\/\/schema.org","@graph":[{"@type":"Article","@id":"https:\/\/tribunademinas.audiencelabs.com.br\/aumento-inesperado-no-salario-minimo-foi-confirmado\/#article","isPartOf":{"@id":"https:\/\/tribunademinas.audiencelabs.com.br\/aumento-inesperado-no-salario-minimo-foi-confirmado\/"},"author":{"name":"Jo\u00e3o Carlos Gomes","@id":"https:\/\/tribunademinas.audiencelabs.com.br\/#\/schema\/person\/37af466a64a722fadb8ef6841c52114f"},"headline":"Aumento inesperado no sal\u00e1rio m\u00ednimo foi confirmado","datePublished":"2025-09-26T19:00:00+00:00","mainEntityOfPage":{"@id":"https:\/\/tribunademinas.audiencelabs.com.br\/aumento-inesperado-no-salario-minimo-foi-confirmado\/"},"wordCount":350,"commentCount":0,"publisher":{"@id":"https:\/\/tribunademinas.audiencelabs.com.br\/#organization"},"image":{"@id":"https:\/\/tribunademinas.audiencelabs.com.br\/aumento-inesperado-no-salario-minimo-foi-confirmado\/#primaryimage"},"thumbnailUrl":"https:\/\/tribunademinas.audiencelabs.com.br\/wp-content\/uploads\/2025\/09\/aumento-inesperado-salario-minimo-confirmado.webp","articleSection":["Dinheiro"],"inLanguage":"pt-BR","potentialAction":[{"@type":"CommentAction","name":"Comment","target":["https:\/\/tribunademinas.audiencelabs.com.br\/aumento-inesperado-no-salario-minimo-foi-confirmado\/#respond"]}]},{"@type":"WebPage","@id":"https:\/\/tribunademinas.audiencelabs.com.br\/aumento-inesperado-no-salario-minimo-foi-confirmado\/","url":"https:\/\/tribunademinas.audiencelabs.com.br\/aumento-inesperado-no-salario-minimo-foi-confirmado\/","name":"Aumento inesperado no sal\u00e1rio m\u00ednimo foi confirmado","isPartOf":{"@id":"https:\/\/tribunademinas.audiencelabs.com.br\/#website"},"primaryImageOfPage":{"@id":"https:\/\/tribunademinas.audiencelabs.com.br\/aumento-inesperado-no-salario-minimo-foi-confirmado\/#primaryimage"},"image":{"@id":"https:\/\/tribunademinas.audiencelabs.com.br\/aumento-inesperado-no-salario-minimo-foi-confirmado\/#primaryimage"},"thumbnailUrl":"https:\/\/tribunademinas.audiencelabs.com.br\/wp-content\/uploads\/2025\/09\/aumento-inesperado-salario-minimo-confirmado.webp","datePublished":"2025-09-26T19:00:00+00:00","breadcrumb":{"@id":"https:\/\/tribunademinas.audiencelabs.com.br\/aumento-inesperado-no-salario-minimo-foi-confirmado\/#breadcrumb"},"inLanguage":"pt-BR","potentialAction":[{"@type":"ReadAction","target":["https:\/\/tribunademinas.audiencelabs.com.br\/aumento-inesperado-no-salario-minimo-foi-confirmado\/"]}]},{"@type":"ImageObject","inLanguage":"pt-BR","@id":"https:\/\/tribunademinas.audiencelabs.com.br\/aumento-inesperado-no-salario-minimo-foi-confirmado\/#primaryimage","url":"https:\/\/tribunademinas.audiencelabs.com.br\/wp-content\/uploads\/2025\/09\/aumento-inesperado-salario-minimo-confirmado.webp","contentUrl":"https:\/\/tribunademinas.audiencelabs.com.br\/wp-content\/uploads\/2025\/09\/aumento-inesperado-salario-minimo-confirmado.webp","width":1280,"height":720,"caption":"Foto: Marcello Casal Jr\/Ag\u00eancia Brasil"},{"@type":"BreadcrumbList","@id":"https:\/\/tribunademinas.audiencelabs.com.br\/aumento-inesperado-no-salario-minimo-foi-confirmado\/#breadcrumb","itemListElement":[{"@type":"ListItem","position":1,"name":"In\u00edcio","item":"https:\/\/tribunademinas.audiencelabs.com.br\/"},{"@type":"ListItem","position":2,"name":"Aumento inesperado no sal\u00e1rio m\u00ednimo foi confirmado"}]},{"@type":"WebSite","@id":"https:\/\/tribunademinas.audiencelabs.com.br\/#website","url":"https:\/\/tribunademinas.audiencelabs.com.br\/","name":"Tribuna de Minas - Dinheiro e Cidadania","description":"","publisher":{"@id":"https:\/\/tribunademinas.audiencelabs.com.br\/#organization"},"potentialAction":[{"@type":"SearchAction","target":{"@type":"EntryPoint","urlTemplate":"https:\/\/tribunademinas.audiencelabs.com.br\/?s={search_term_string}"},"query-input":{"@type":"PropertyValueSpecification","valueRequired":true,"valueName":"search_term_string"}}],"inLanguage":"pt-BR"},{"@type":"Organization","@id":"https:\/\/tribunademinas.audiencelabs.com.br\/#organization","name":"Tribuna de Minas - Dinheiro e Cidadania","url":"https:\/\/tribunademinas.audiencelabs.com.br\/","logo":{"@type":"ImageObject","inLanguage":"pt-BR","@id":"https:\/\/tribunademinas.audiencelabs.com.br\/#\/schema\/logo\/image\/","url":"https:\/\/tribunademinas.audiencelabs.com.br\/wp-content\/uploads\/2025\/08\/cropped-Tribuna_512x512-96x96-1.png","contentUrl":"https:\/\/tribunademinas.audiencelabs.com.br\/wp-content\/uploads\/2025\/08\/cropped-Tribuna_512x512-96x96-1.png","width":96,"height":96,"caption":"Tribuna de Minas - Dinheiro e Cidadania"},"image":{"@id":"https:\/\/tribunademinas.audiencelabs.com.br\/#\/schema\/logo\/image\/"},"sameAs":["https:\/\/www.facebook.com\/tribunademinas\/","https:\/\/x.com\/tribunademinas","https:\/\/www.instagram.com\/tribunademinas\/","https:\/\/www.youtube.com\/user\/TribunadeMinasJF"]},{"@type":"Person","@id":"https:\/\/tribunademinas.audiencelabs.com.br\/#\/schema\/person\/37af466a64a722fadb8ef6841c52114f","name":"Jo\u00e3o Carlos Gomes","image":{"@type":"ImageObject","inLanguage":"pt-BR","@id":"https:\/\/tribunademinas.audiencelabs.com.br\/#\/schema\/person\/image\/","url":"https:\/\/secure.gravatar.com\/avatar\/4ce4672dbdd694b329cd6fdb51bee7d1409be1f0ff76a537e4c4a737b2c7d1a9?s=96&d=mm&r=g","contentUrl":"https:\/\/secure.gravatar.com\/avatar\/4ce4672dbdd694b329cd6fdb51bee7d1409be1f0ff76a537e4c4a737b2c7d1a9?s=96&d=mm&r=g","caption":"Jo\u00e3o Carlos Gomes"},"description":"Jornalista formado pelo Centro Universit\u00e1rio Carioca, apreciador da Bossa Nova ao Metal Extremo, criador de conte\u00fado e m\u00fasico independente nas horas vagas.","url":"https:\/\/tribunademinas.audiencelabs.com.br\/author\/joaoc-junior\/"}]}},"amp_enabled":true,"_links":{"self":[{"href":"https:\/\/tribunademinas.audiencelabs.com.br\/wp-json\/wp\/v2\/posts\/1803","targetHints":{"allow":["GET"]}}],"collection":[{"href":"https:\/\/tribunademinas.audiencelabs.com.br\/wp-json\/wp\/v2\/posts"}],"about":[{"href":"https:\/\/tribunademinas.audiencelabs.com.br\/wp-json\/wp\/v2\/types\/post"}],"author":[{"embeddable":true,"href":"https:\/\/tribunademinas.audiencelabs.com.br\/wp-json\/wp\/v2\/users\/3"}],"replies":[{"embeddable":true,"href":"https:\/\/tribunademinas.audiencelabs.com.br\/wp-json\/wp\/v2\/comments?post=1803"}],"version-history":[{"count":1,"href":"https:\/\/tribunademinas.audiencelabs.com.br\/wp-json\/wp\/v2\/posts\/1803\/revisions"}],"predecessor-version":[{"id":1805,"href":"https:\/\/tribunademinas.audiencelabs.com.br\/wp-json\/wp\/v2\/posts\/1803\/revisions\/1805"}],"wp:featuredmedia":[{"embeddable":true,"href":"https:\/\/tribunademinas.audiencelabs.com.br\/wp-json\/wp\/v2\/media\/1804"}],"wp:attachment":[{"href":"https:\/\/tribunademinas.audiencelabs.com.br\/wp-json\/wp\/v2\/media?parent=1803"}],"wp:term":[{"taxonomy":"category","embeddable":true,"href":"https:\/\/tribunademinas.audiencelabs.com.br\/wp-json\/wp\/v2\/categories?post=1803"},{"taxonomy":"post_tag","embeddable":true,"href":"https:\/\/tribunademinas.audiencelabs.com.br\/wp-json\/wp\/v2\/tags?post=1803"}],"curies":[{"name":"wp","href":"https:\/\/api.w.org\/{rel}","templated":true}]}}