{"id":1800,"date":"2025-09-26T14:00:00","date_gmt":"2025-09-26T17:00:00","guid":{"rendered":"https:\/\/tribunademinas.audiencelabs.com.br\/?p=1800"},"modified":"2025-09-25T14:36:11","modified_gmt":"2025-09-25T17:36:11","slug":"salario-minimo-de-r-690-foi-confirmado-por-lei-no-brasil","status":"publish","type":"post","link":"https:\/\/tribunademinas.audiencelabs.com.br\/salario-minimo-de-r-690-foi-confirmado-por-lei-no-brasil\/","title":{"rendered":"Sal\u00e1rio m\u00ednimo de R$ 6,90 foi confirmado por lei no Brasil"},"content":{"rendered":"\n<p>Durante muitos anos, o trabalho de <strong>empregada dom\u00e9stica<\/strong> teve uma forte liga\u00e7\u00e3o com a informalidade. Contudo, em meados de 2015, o governo decidiu agir contra o sucateamento da fun\u00e7\u00e3o.<\/p>\n\n\n\n<p>Isso porque, na \u00e9poca foi aprovada a <strong>Lei Complementar n\u00ba 150\/2015<\/strong>, que complementa a Proposta de Emenda \u00e0 Constitui\u00e7\u00e3o (PEC) n\u00ba 72\/2013, tamb\u00e9m conhecida como PEC das Dom\u00e9sticas, equiparando o direito dos empregados aos dos demais trabalhadores.<\/p>\n\n\n\n<p>Um dos principais inclui o <strong>direito ao sal\u00e1rio m\u00ednimo<\/strong>, que atualmente, equivale a R$ 1.518 mensais. Com isso, empregados dom\u00e9sticos passaram a receber cerca de <strong>R$ 6,90<\/strong> por hora trabalhada com prote\u00e7\u00e3o legal.<\/p>\n\n\n\n<p>E vale destacar que, por se tratar de uma altera\u00e7\u00e3o constitucional, a decis\u00e3o tem validade em todo o territ\u00f3rio nacional. Por isso, a grande maioria dos estados adota o valor como piso para a categoria.<\/p>\n\n\n\n<p>Entretanto, em certos locais, o pagamento mensal pode <strong>ultrapassar o piso<\/strong>, considerando que o valor pago por hora \u00e9 ainda maior. De acordo com o portal <em>Di\u00e1rio do Com\u00e9rcio<\/em>, s\u00e3o eles:<\/p>\n\n\n\n<ul class=\"wp-block-list\">\n<li><strong>Paran\u00e1: <\/strong>R$ 2.057,59 \u2013 R$ 9,35 por hora;<\/li>\n\n\n\n<li><strong>Rio Grande do Sul: <\/strong>R$ 1.789,04 \u2013 R$ 8,13 por hora;<\/li>\n\n\n\n<li><strong>Santa Catarina: <\/strong>R$ 1.730 \u2013 R$ 7,86 por hora;<\/li>\n\n\n\n<li><strong>S\u00e3o Paulo: <\/strong>R$ 1.804 \u2013 R$ 8,20 por hora.<\/li>\n<\/ul>\n\n\n\n<h2 class=\"wp-block-heading\">13\u00ba sal\u00e1rio: empregados tamb\u00e9m t\u00eam direito<\/h2>\n\n\n\n<p>Al\u00e9m da remunera\u00e7\u00e3o mensal equiparada ao piso nacional, o <strong>13\u00ba sal\u00e1rio<\/strong>, que \u00e9 pago aos trabalhadores nos \u00faltimos meses do ano, tamb\u00e9m se tornou um direito dos empregados dom\u00e9sticos ap\u00f3s a aprova\u00e7\u00e3o da complementa\u00e7\u00e3o da PEC das Dom\u00e9sticas em 2015.<\/p>\n\n\n\n<p>O valor \u00e9\u00a0calculado de forma proporcional ao n\u00famero de meses trabalhados no ano, sendo 1\/12 do sal\u00e1rio para cada m\u00eas, e \u00e9 dividido em duas parcelas, que s\u00e3o depositadas entre novembro e dezembro.<\/p>\n\n\n\n<p>A primeira parcela \u00e9 equivalente a metade do sal\u00e1rio bruto do empregado, enquanto a segunda parcela \u00e9 o restante, com os descontos legais de impostos e INSS, seguindo o modelo estabelecido pela CLT.<\/p>\n","protected":false},"excerpt":{"rendered":"<p>Durante muitos anos, o trabalho de empregada dom\u00e9stica teve uma forte liga\u00e7\u00e3o com a informalidade. Contudo, em meados de 2015, o governo decidiu agir contra o sucateamento da fun\u00e7\u00e3o. Isso porque, na \u00e9poca foi aprovada a Lei Complementar n\u00ba 150\/2015, que complementa a Proposta de Emenda \u00e0 Constitui\u00e7\u00e3o (PEC) n\u00ba 72\/2013, tamb\u00e9m conhecida como PEC [&hellip;]<\/p>\n","protected":false},"author":3,"featured_media":1801,"comment_status":"open","ping_status":"open","sticky":false,"template":"","format":"standard","meta":{"jnews-multi-image_gallery":[],"jnews_single_post":{"format":"standard"},"jnews_primary_category":[],"jnews_social_meta":[],"jnews_post_split":[],"footnotes":""},"categories":[1],"tags":[],"class_list":["post-1800","post","type-post","status-publish","format-standard","has-post-thumbnail","hentry","category-dinheiro"],"yoast_head":"<!-- This site is optimized with the Yoast SEO plugin v25.6 - https:\/\/yoast.com\/wordpress\/plugins\/seo\/ -->\n<title>Sal\u00e1rio m\u00ednimo de R$ 6,90 foi confirmado por lei no Brasil<\/title>\n<meta name=\"robots\" content=\"index, follow, max-snippet:-1, max-image-preview:large, max-video-preview:-1\" \/>\n<link rel=\"canonical\" href=\"https:\/\/tribunademinas.audiencelabs.com.br\/salario-minimo-de-r-690-foi-confirmado-por-lei-no-brasil\/\" \/>\n<meta property=\"og:locale\" content=\"pt_BR\" \/>\n<meta property=\"og:type\" content=\"article\" \/>\n<meta property=\"og:title\" content=\"Sal\u00e1rio m\u00ednimo de R$ 6,90 foi confirmado por lei no Brasil\" \/>\n<meta property=\"og:description\" content=\"Durante muitos anos, o trabalho de empregada dom\u00e9stica teve uma forte liga\u00e7\u00e3o com a informalidade. Contudo, em meados de 2015, o governo decidiu agir contra o sucateamento da fun\u00e7\u00e3o. Isso porque, na \u00e9poca foi aprovada a Lei Complementar n\u00ba 150\/2015, que complementa a Proposta de Emenda \u00e0 Constitui\u00e7\u00e3o (PEC) n\u00ba 72\/2013, tamb\u00e9m conhecida como PEC [&hellip;]\" \/>\n<meta property=\"og:url\" content=\"https:\/\/tribunademinas.audiencelabs.com.br\/salario-minimo-de-r-690-foi-confirmado-por-lei-no-brasil\/\" \/>\n<meta property=\"og:site_name\" content=\"Tribuna de Minas - Dinheiro e Cidadania\" \/>\n<meta property=\"article:publisher\" content=\"https:\/\/www.facebook.com\/tribunademinas\/\" \/>\n<meta property=\"article:published_time\" content=\"2025-09-26T17:00:00+00:00\" \/>\n<meta property=\"og:image\" content=\"https:\/\/tribunademinas.audiencelabs.com.br\/wp-content\/uploads\/2025\/09\/salario-minimo-6-90-confirmado-lei-brasil.webp\" \/>\n\t<meta property=\"og:image:width\" content=\"1280\" \/>\n\t<meta property=\"og:image:height\" content=\"720\" \/>\n\t<meta property=\"og:image:type\" content=\"image\/webp\" \/>\n<meta name=\"author\" content=\"Jo\u00e3o Carlos Gomes\" \/>\n<meta name=\"twitter:card\" content=\"summary_large_image\" \/>\n<meta name=\"twitter:creator\" content=\"@tribunademinas\" \/>\n<meta name=\"twitter:site\" content=\"@tribunademinas\" \/>\n<meta name=\"twitter:label1\" content=\"Escrito por\" \/>\n\t<meta name=\"twitter:data1\" content=\"Jo\u00e3o Carlos Gomes\" \/>\n\t<meta name=\"twitter:label2\" content=\"Est. tempo de leitura\" \/>\n\t<meta name=\"twitter:data2\" content=\"2 minutos\" \/>\n<!-- \/ Yoast SEO plugin. -->","yoast_head_json":{"title":"Sal\u00e1rio m\u00ednimo de R$ 6,90 foi confirmado por lei no Brasil","robots":{"index":"index","follow":"follow","max-snippet":"max-snippet:-1","max-image-preview":"max-image-preview:large","max-video-preview":"max-video-preview:-1"},"canonical":"https:\/\/tribunademinas.audiencelabs.com.br\/salario-minimo-de-r-690-foi-confirmado-por-lei-no-brasil\/","og_locale":"pt_BR","og_type":"article","og_title":"Sal\u00e1rio m\u00ednimo de R$ 6,90 foi confirmado por lei no Brasil","og_description":"Durante muitos anos, o trabalho de empregada dom\u00e9stica teve uma forte liga\u00e7\u00e3o com a informalidade. Contudo, em meados de 2015, o governo decidiu agir contra o sucateamento da fun\u00e7\u00e3o. Isso porque, na \u00e9poca foi aprovada a Lei Complementar n\u00ba 150\/2015, que complementa a Proposta de Emenda \u00e0 Constitui\u00e7\u00e3o (PEC) n\u00ba 72\/2013, tamb\u00e9m conhecida como PEC [&hellip;]","og_url":"https:\/\/tribunademinas.audiencelabs.com.br\/salario-minimo-de-r-690-foi-confirmado-por-lei-no-brasil\/","og_site_name":"Tribuna de Minas - Dinheiro e Cidadania","article_publisher":"https:\/\/www.facebook.com\/tribunademinas\/","article_published_time":"2025-09-26T17:00:00+00:00","og_image":[{"width":1280,"height":720,"url":"https:\/\/tribunademinas.audiencelabs.com.br\/wp-content\/uploads\/2025\/09\/salario-minimo-6-90-confirmado-lei-brasil.webp","type":"image\/webp"}],"author":"Jo\u00e3o Carlos Gomes","twitter_card":"summary_large_image","twitter_creator":"@tribunademinas","twitter_site":"@tribunademinas","twitter_misc":{"Escrito por":"Jo\u00e3o Carlos Gomes","Est. tempo de leitura":"2 minutos"},"schema":{"@context":"https:\/\/schema.org","@graph":[{"@type":"Article","@id":"https:\/\/tribunademinas.audiencelabs.com.br\/salario-minimo-de-r-690-foi-confirmado-por-lei-no-brasil\/#article","isPartOf":{"@id":"https:\/\/tribunademinas.audiencelabs.com.br\/salario-minimo-de-r-690-foi-confirmado-por-lei-no-brasil\/"},"author":{"name":"Jo\u00e3o Carlos Gomes","@id":"https:\/\/tribunademinas.audiencelabs.com.br\/#\/schema\/person\/37af466a64a722fadb8ef6841c52114f"},"headline":"Sal\u00e1rio m\u00ednimo de R$ 6,90 foi confirmado por lei no Brasil","datePublished":"2025-09-26T17:00:00+00:00","mainEntityOfPage":{"@id":"https:\/\/tribunademinas.audiencelabs.com.br\/salario-minimo-de-r-690-foi-confirmado-por-lei-no-brasil\/"},"wordCount":333,"commentCount":0,"publisher":{"@id":"https:\/\/tribunademinas.audiencelabs.com.br\/#organization"},"image":{"@id":"https:\/\/tribunademinas.audiencelabs.com.br\/salario-minimo-de-r-690-foi-confirmado-por-lei-no-brasil\/#primaryimage"},"thumbnailUrl":"https:\/\/tribunademinas.audiencelabs.com.br\/wp-content\/uploads\/2025\/09\/salario-minimo-6-90-confirmado-lei-brasil.webp","articleSection":["Dinheiro"],"inLanguage":"pt-BR","potentialAction":[{"@type":"CommentAction","name":"Comment","target":["https:\/\/tribunademinas.audiencelabs.com.br\/salario-minimo-de-r-690-foi-confirmado-por-lei-no-brasil\/#respond"]}]},{"@type":"WebPage","@id":"https:\/\/tribunademinas.audiencelabs.com.br\/salario-minimo-de-r-690-foi-confirmado-por-lei-no-brasil\/","url":"https:\/\/tribunademinas.audiencelabs.com.br\/salario-minimo-de-r-690-foi-confirmado-por-lei-no-brasil\/","name":"Sal\u00e1rio m\u00ednimo de R$ 6,90 foi confirmado por lei no Brasil","isPartOf":{"@id":"https:\/\/tribunademinas.audiencelabs.com.br\/#website"},"primaryImageOfPage":{"@id":"https:\/\/tribunademinas.audiencelabs.com.br\/salario-minimo-de-r-690-foi-confirmado-por-lei-no-brasil\/#primaryimage"},"image":{"@id":"https:\/\/tribunademinas.audiencelabs.com.br\/salario-minimo-de-r-690-foi-confirmado-por-lei-no-brasil\/#primaryimage"},"thumbnailUrl":"https:\/\/tribunademinas.audiencelabs.com.br\/wp-content\/uploads\/2025\/09\/salario-minimo-6-90-confirmado-lei-brasil.webp","datePublished":"2025-09-26T17:00:00+00:00","breadcrumb":{"@id":"https:\/\/tribunademinas.audiencelabs.com.br\/salario-minimo-de-r-690-foi-confirmado-por-lei-no-brasil\/#breadcrumb"},"inLanguage":"pt-BR","potentialAction":[{"@type":"ReadAction","target":["https:\/\/tribunademinas.audiencelabs.com.br\/salario-minimo-de-r-690-foi-confirmado-por-lei-no-brasil\/"]}]},{"@type":"ImageObject","inLanguage":"pt-BR","@id":"https:\/\/tribunademinas.audiencelabs.com.br\/salario-minimo-de-r-690-foi-confirmado-por-lei-no-brasil\/#primaryimage","url":"https:\/\/tribunademinas.audiencelabs.com.br\/wp-content\/uploads\/2025\/09\/salario-minimo-6-90-confirmado-lei-brasil.webp","contentUrl":"https:\/\/tribunademinas.audiencelabs.com.br\/wp-content\/uploads\/2025\/09\/salario-minimo-6-90-confirmado-lei-brasil.webp","width":1280,"height":720,"caption":"Foto: Marcello Casal Jr\/Ag\u00eancia Brasil"},{"@type":"BreadcrumbList","@id":"https:\/\/tribunademinas.audiencelabs.com.br\/salario-minimo-de-r-690-foi-confirmado-por-lei-no-brasil\/#breadcrumb","itemListElement":[{"@type":"ListItem","position":1,"name":"In\u00edcio","item":"https:\/\/tribunademinas.audiencelabs.com.br\/"},{"@type":"ListItem","position":2,"name":"Sal\u00e1rio m\u00ednimo de R$ 6,90 foi confirmado por lei no Brasil"}]},{"@type":"WebSite","@id":"https:\/\/tribunademinas.audiencelabs.com.br\/#website","url":"https:\/\/tribunademinas.audiencelabs.com.br\/","name":"Tribuna de Minas - Dinheiro e Cidadania","description":"","publisher":{"@id":"https:\/\/tribunademinas.audiencelabs.com.br\/#organization"},"potentialAction":[{"@type":"SearchAction","target":{"@type":"EntryPoint","urlTemplate":"https:\/\/tribunademinas.audiencelabs.com.br\/?s={search_term_string}"},"query-input":{"@type":"PropertyValueSpecification","valueRequired":true,"valueName":"search_term_string"}}],"inLanguage":"pt-BR"},{"@type":"Organization","@id":"https:\/\/tribunademinas.audiencelabs.com.br\/#organization","name":"Tribuna de Minas - Dinheiro e Cidadania","url":"https:\/\/tribunademinas.audiencelabs.com.br\/","logo":{"@type":"ImageObject","inLanguage":"pt-BR","@id":"https:\/\/tribunademinas.audiencelabs.com.br\/#\/schema\/logo\/image\/","url":"https:\/\/tribunademinas.audiencelabs.com.br\/wp-content\/uploads\/2025\/08\/cropped-Tribuna_512x512-96x96-1.png","contentUrl":"https:\/\/tribunademinas.audiencelabs.com.br\/wp-content\/uploads\/2025\/08\/cropped-Tribuna_512x512-96x96-1.png","width":96,"height":96,"caption":"Tribuna de Minas - Dinheiro e Cidadania"},"image":{"@id":"https:\/\/tribunademinas.audiencelabs.com.br\/#\/schema\/logo\/image\/"},"sameAs":["https:\/\/www.facebook.com\/tribunademinas\/","https:\/\/x.com\/tribunademinas","https:\/\/www.instagram.com\/tribunademinas\/","https:\/\/www.youtube.com\/user\/TribunadeMinasJF"]},{"@type":"Person","@id":"https:\/\/tribunademinas.audiencelabs.com.br\/#\/schema\/person\/37af466a64a722fadb8ef6841c52114f","name":"Jo\u00e3o Carlos Gomes","image":{"@type":"ImageObject","inLanguage":"pt-BR","@id":"https:\/\/tribunademinas.audiencelabs.com.br\/#\/schema\/person\/image\/","url":"https:\/\/secure.gravatar.com\/avatar\/4ce4672dbdd694b329cd6fdb51bee7d1409be1f0ff76a537e4c4a737b2c7d1a9?s=96&d=mm&r=g","contentUrl":"https:\/\/secure.gravatar.com\/avatar\/4ce4672dbdd694b329cd6fdb51bee7d1409be1f0ff76a537e4c4a737b2c7d1a9?s=96&d=mm&r=g","caption":"Jo\u00e3o Carlos Gomes"},"description":"Jornalista formado pelo Centro Universit\u00e1rio Carioca, apreciador da Bossa Nova ao Metal Extremo, criador de conte\u00fado e m\u00fasico independente nas horas vagas.","url":"https:\/\/tribunademinas.audiencelabs.com.br\/author\/joaoc-junior\/"}]}},"amp_enabled":true,"_links":{"self":[{"href":"https:\/\/tribunademinas.audiencelabs.com.br\/wp-json\/wp\/v2\/posts\/1800","targetHints":{"allow":["GET"]}}],"collection":[{"href":"https:\/\/tribunademinas.audiencelabs.com.br\/wp-json\/wp\/v2\/posts"}],"about":[{"href":"https:\/\/tribunademinas.audiencelabs.com.br\/wp-json\/wp\/v2\/types\/post"}],"author":[{"embeddable":true,"href":"https:\/\/tribunademinas.audiencelabs.com.br\/wp-json\/wp\/v2\/users\/3"}],"replies":[{"embeddable":true,"href":"https:\/\/tribunademinas.audiencelabs.com.br\/wp-json\/wp\/v2\/comments?post=1800"}],"version-history":[{"count":1,"href":"https:\/\/tribunademinas.audiencelabs.com.br\/wp-json\/wp\/v2\/posts\/1800\/revisions"}],"predecessor-version":[{"id":1802,"href":"https:\/\/tribunademinas.audiencelabs.com.br\/wp-json\/wp\/v2\/posts\/1800\/revisions\/1802"}],"wp:featuredmedia":[{"embeddable":true,"href":"https:\/\/tribunademinas.audiencelabs.com.br\/wp-json\/wp\/v2\/media\/1801"}],"wp:attachment":[{"href":"https:\/\/tribunademinas.audiencelabs.com.br\/wp-json\/wp\/v2\/media?parent=1800"}],"wp:term":[{"taxonomy":"category","embeddable":true,"href":"https:\/\/tribunademinas.audiencelabs.com.br\/wp-json\/wp\/v2\/categories?post=1800"},{"taxonomy":"post_tag","embeddable":true,"href":"https:\/\/tribunademinas.audiencelabs.com.br\/wp-json\/wp\/v2\/tags?post=1800"}],"curies":[{"name":"wp","href":"https:\/\/api.w.org\/{rel}","templated":true}]}}