{"id":1781,"date":"2025-09-25T16:00:00","date_gmt":"2025-09-25T19:00:00","guid":{"rendered":"https:\/\/tribunademinas.audiencelabs.com.br\/?p=1781"},"modified":"2025-09-24T16:46:08","modified_gmt":"2025-09-24T19:46:08","slug":"diminuicao-no-salario-foi-confirmado-se-voce-fizer-esta-ferrado","status":"publish","type":"post","link":"https:\/\/tribunademinas.audiencelabs.com.br\/diminuicao-no-salario-foi-confirmado-se-voce-fizer-esta-ferrado\/","title":{"rendered":"Diminui\u00e7\u00e3o no sal\u00e1rio foi confirmado: se voc\u00ea fizer, est\u00e1 ferrado"},"content":{"rendered":"\n<p>\u00c9 de conhecimento geral que a <strong>Consolida\u00e7\u00e3o das Leis do Trabalho (CLT)<\/strong> tem como objetivo central regulamentar as rela\u00e7\u00f5es individuais e coletivas do trabalho, visando garantir direitos que defendem tanto os empregados quanto os empregadores.<\/p>\n\n\n\n<p>Consequentemente, a legisla\u00e7\u00e3o tamb\u00e9m define os deveres de ambas as partes. E entre eles, a necessidade de o funcion\u00e1rio <strong>fornecer justificativa sempre que ocorrer uma aus\u00eancia<\/strong> acaba sendo frequentemente negligenciado.<\/p>\n\n\n\n<p>O Artigo 473 da CLT garante ao trabalhador o direito de se ausentar do trabalho sem sofrer descontos na folha de pagamento, desde que seja apresentada uma justificativa. Caso contr\u00e1rio, um dos primeiros impactos a ser sentido \u00e9 a <strong>diminui\u00e7\u00e3o do sal\u00e1rio<\/strong>.<\/p>\n\n\n\n<p>E vale destacar que, nestes casos, o preju\u00edzo pode ser maior do que o imaginado, pois al\u00e9m de descontar o sal\u00e1rio do dia n\u00e3o trabalhado, a empresa tamb\u00e9m tem o direito de cobrar o <strong>descanso semanal remunerado (DSR)<\/strong>, uma vez que a carga hor\u00e1ria semanal n\u00e3o foi cumprida.<\/p>\n\n\n\n<p>Portanto, o funcion\u00e1rio s\u00f3 deve se ausentar em situa\u00e7\u00f5es de real necessidade, j\u00e1 que a redu\u00e7\u00e3o salarial causada por uma falta injustificata pode impactar significativamente o or\u00e7amento mensal, representando um valor bem consider\u00e1vel.<\/p>\n\n\n\n<h2 class=\"wp-block-heading\">Al\u00e9m da diminui\u00e7\u00e3o no sal\u00e1rio: outros riscos das faltas injustificadas<\/h2>\n\n\n\n<p>Por mais que descontos no sal\u00e1rio j\u00e1 sejam uma consequ\u00eancia grave para muitos trabalhadores, a repeti\u00e7\u00e3o de faltas injustificadas pode gerar problemas ainda maiores, podendo comprometer at\u00e9 mesmo o per\u00edodo de f\u00e9rias.<\/p>\n\n\n\n<p>Isso porque o ac\u00famulo de faltas injustificadas pode reduzir o per\u00edodo de f\u00e9rias do trabalhador. Al\u00e9m disso, se o trabalhador ultrapassar 32 aus\u00eancias no per\u00edodo aquisitivo de 12 meses, ele ainda pode perder o direito ao descanso.<\/p>\n\n\n\n<p>Empregadores tamb\u00e9m podem aplicar advert\u00eancias e suspens\u00f5es em casos de faltas injustificadas. Quando acumuladas, essas faltas configuram des\u00eddia, demonstrando desleixo do empregado com o cargo, e podendo resultar em demiss\u00e3o por justa causa.<\/p>\n\n\n\n<p>Vale destacar ainda que a aus\u00eancia n\u00e3o justificada por mais de 30 dias seguidos \u00e9 considerada abandono de emprego, e por conta disso, tamb\u00e9m permite a rescis\u00e3o do contrato por justa causa.<\/p>\n","protected":false},"excerpt":{"rendered":"<p>\u00c9 de conhecimento geral que a Consolida\u00e7\u00e3o das Leis do Trabalho (CLT) tem como objetivo central regulamentar as rela\u00e7\u00f5es individuais e coletivas do trabalho, visando garantir direitos que defendem tanto os empregados quanto os empregadores. Consequentemente, a legisla\u00e7\u00e3o tamb\u00e9m define os deveres de ambas as partes. E entre eles, a necessidade de o funcion\u00e1rio fornecer [&hellip;]<\/p>\n","protected":false},"author":3,"featured_media":1782,"comment_status":"open","ping_status":"open","sticky":false,"template":"","format":"standard","meta":{"jnews-multi-image_gallery":[],"jnews_single_post":{"format":"standard"},"jnews_primary_category":[],"jnews_social_meta":[],"jnews_post_split":[],"footnotes":""},"categories":[1],"tags":[],"class_list":["post-1781","post","type-post","status-publish","format-standard","has-post-thumbnail","hentry","category-dinheiro"],"yoast_head":"<!-- This site is optimized with the Yoast SEO plugin v25.6 - https:\/\/yoast.com\/wordpress\/plugins\/seo\/ -->\n<title>Diminui\u00e7\u00e3o no sal\u00e1rio foi confirmado: se voc\u00ea fizer, est\u00e1 ferrado<\/title>\n<meta name=\"robots\" content=\"index, follow, max-snippet:-1, max-image-preview:large, max-video-preview:-1\" \/>\n<link rel=\"canonical\" href=\"https:\/\/tribunademinas.audiencelabs.com.br\/diminuicao-no-salario-foi-confirmado-se-voce-fizer-esta-ferrado\/\" \/>\n<meta property=\"og:locale\" content=\"pt_BR\" \/>\n<meta property=\"og:type\" content=\"article\" \/>\n<meta property=\"og:title\" content=\"Diminui\u00e7\u00e3o no sal\u00e1rio foi confirmado: se voc\u00ea fizer, est\u00e1 ferrado\" \/>\n<meta property=\"og:description\" content=\"\u00c9 de conhecimento geral que a Consolida\u00e7\u00e3o das Leis do Trabalho (CLT) tem como objetivo central regulamentar as rela\u00e7\u00f5es individuais e coletivas do trabalho, visando garantir direitos que defendem tanto os empregados quanto os empregadores. Consequentemente, a legisla\u00e7\u00e3o tamb\u00e9m define os deveres de ambas as partes. E entre eles, a necessidade de o funcion\u00e1rio fornecer [&hellip;]\" \/>\n<meta property=\"og:url\" content=\"https:\/\/tribunademinas.audiencelabs.com.br\/diminuicao-no-salario-foi-confirmado-se-voce-fizer-esta-ferrado\/\" \/>\n<meta property=\"og:site_name\" content=\"Tribuna de Minas - Dinheiro e Cidadania\" \/>\n<meta property=\"article:publisher\" content=\"https:\/\/www.facebook.com\/tribunademinas\/\" \/>\n<meta property=\"article:published_time\" content=\"2025-09-25T19:00:00+00:00\" \/>\n<meta property=\"og:image\" content=\"https:\/\/tribunademinas.audiencelabs.com.br\/wp-content\/uploads\/2025\/09\/diminuicao-salario-confirmado.jpg\" \/>\n\t<meta property=\"og:image:width\" content=\"2000\" \/>\n\t<meta property=\"og:image:height\" content=\"1125\" \/>\n\t<meta property=\"og:image:type\" content=\"image\/jpeg\" \/>\n<meta name=\"author\" content=\"Jo\u00e3o Carlos Gomes\" \/>\n<meta name=\"twitter:card\" content=\"summary_large_image\" \/>\n<meta name=\"twitter:creator\" content=\"@tribunademinas\" \/>\n<meta name=\"twitter:site\" content=\"@tribunademinas\" \/>\n<meta name=\"twitter:label1\" content=\"Escrito por\" \/>\n\t<meta name=\"twitter:data1\" content=\"Jo\u00e3o Carlos Gomes\" \/>\n\t<meta name=\"twitter:label2\" content=\"Est. tempo de leitura\" \/>\n\t<meta name=\"twitter:data2\" content=\"3 minutos\" \/>\n<!-- \/ Yoast SEO plugin. -->","yoast_head_json":{"title":"Diminui\u00e7\u00e3o no sal\u00e1rio foi confirmado: se voc\u00ea fizer, est\u00e1 ferrado","robots":{"index":"index","follow":"follow","max-snippet":"max-snippet:-1","max-image-preview":"max-image-preview:large","max-video-preview":"max-video-preview:-1"},"canonical":"https:\/\/tribunademinas.audiencelabs.com.br\/diminuicao-no-salario-foi-confirmado-se-voce-fizer-esta-ferrado\/","og_locale":"pt_BR","og_type":"article","og_title":"Diminui\u00e7\u00e3o no sal\u00e1rio foi confirmado: se voc\u00ea fizer, est\u00e1 ferrado","og_description":"\u00c9 de conhecimento geral que a Consolida\u00e7\u00e3o das Leis do Trabalho (CLT) tem como objetivo central regulamentar as rela\u00e7\u00f5es individuais e coletivas do trabalho, visando garantir direitos que defendem tanto os empregados quanto os empregadores. Consequentemente, a legisla\u00e7\u00e3o tamb\u00e9m define os deveres de ambas as partes. E entre eles, a necessidade de o funcion\u00e1rio fornecer [&hellip;]","og_url":"https:\/\/tribunademinas.audiencelabs.com.br\/diminuicao-no-salario-foi-confirmado-se-voce-fizer-esta-ferrado\/","og_site_name":"Tribuna de Minas - Dinheiro e Cidadania","article_publisher":"https:\/\/www.facebook.com\/tribunademinas\/","article_published_time":"2025-09-25T19:00:00+00:00","og_image":[{"width":2000,"height":1125,"url":"https:\/\/tribunademinas.audiencelabs.com.br\/wp-content\/uploads\/2025\/09\/diminuicao-salario-confirmado.jpg","type":"image\/jpeg"}],"author":"Jo\u00e3o Carlos Gomes","twitter_card":"summary_large_image","twitter_creator":"@tribunademinas","twitter_site":"@tribunademinas","twitter_misc":{"Escrito por":"Jo\u00e3o Carlos Gomes","Est. tempo de leitura":"3 minutos"},"schema":{"@context":"https:\/\/schema.org","@graph":[{"@type":"Article","@id":"https:\/\/tribunademinas.audiencelabs.com.br\/diminuicao-no-salario-foi-confirmado-se-voce-fizer-esta-ferrado\/#article","isPartOf":{"@id":"https:\/\/tribunademinas.audiencelabs.com.br\/diminuicao-no-salario-foi-confirmado-se-voce-fizer-esta-ferrado\/"},"author":{"name":"Jo\u00e3o Carlos Gomes","@id":"https:\/\/tribunademinas.audiencelabs.com.br\/#\/schema\/person\/37af466a64a722fadb8ef6841c52114f"},"headline":"Diminui\u00e7\u00e3o no sal\u00e1rio foi confirmado: se voc\u00ea fizer, est\u00e1 ferrado","datePublished":"2025-09-25T19:00:00+00:00","mainEntityOfPage":{"@id":"https:\/\/tribunademinas.audiencelabs.com.br\/diminuicao-no-salario-foi-confirmado-se-voce-fizer-esta-ferrado\/"},"wordCount":381,"commentCount":0,"publisher":{"@id":"https:\/\/tribunademinas.audiencelabs.com.br\/#organization"},"image":{"@id":"https:\/\/tribunademinas.audiencelabs.com.br\/diminuicao-no-salario-foi-confirmado-se-voce-fizer-esta-ferrado\/#primaryimage"},"thumbnailUrl":"https:\/\/tribunademinas.audiencelabs.com.br\/wp-content\/uploads\/2025\/09\/diminuicao-salario-confirmado.jpg","articleSection":["Dinheiro"],"inLanguage":"pt-BR","potentialAction":[{"@type":"CommentAction","name":"Comment","target":["https:\/\/tribunademinas.audiencelabs.com.br\/diminuicao-no-salario-foi-confirmado-se-voce-fizer-esta-ferrado\/#respond"]}]},{"@type":"WebPage","@id":"https:\/\/tribunademinas.audiencelabs.com.br\/diminuicao-no-salario-foi-confirmado-se-voce-fizer-esta-ferrado\/","url":"https:\/\/tribunademinas.audiencelabs.com.br\/diminuicao-no-salario-foi-confirmado-se-voce-fizer-esta-ferrado\/","name":"Diminui\u00e7\u00e3o no sal\u00e1rio foi confirmado: se voc\u00ea fizer, est\u00e1 ferrado","isPartOf":{"@id":"https:\/\/tribunademinas.audiencelabs.com.br\/#website"},"primaryImageOfPage":{"@id":"https:\/\/tribunademinas.audiencelabs.com.br\/diminuicao-no-salario-foi-confirmado-se-voce-fizer-esta-ferrado\/#primaryimage"},"image":{"@id":"https:\/\/tribunademinas.audiencelabs.com.br\/diminuicao-no-salario-foi-confirmado-se-voce-fizer-esta-ferrado\/#primaryimage"},"thumbnailUrl":"https:\/\/tribunademinas.audiencelabs.com.br\/wp-content\/uploads\/2025\/09\/diminuicao-salario-confirmado.jpg","datePublished":"2025-09-25T19:00:00+00:00","breadcrumb":{"@id":"https:\/\/tribunademinas.audiencelabs.com.br\/diminuicao-no-salario-foi-confirmado-se-voce-fizer-esta-ferrado\/#breadcrumb"},"inLanguage":"pt-BR","potentialAction":[{"@type":"ReadAction","target":["https:\/\/tribunademinas.audiencelabs.com.br\/diminuicao-no-salario-foi-confirmado-se-voce-fizer-esta-ferrado\/"]}]},{"@type":"ImageObject","inLanguage":"pt-BR","@id":"https:\/\/tribunademinas.audiencelabs.com.br\/diminuicao-no-salario-foi-confirmado-se-voce-fizer-esta-ferrado\/#primaryimage","url":"https:\/\/tribunademinas.audiencelabs.com.br\/wp-content\/uploads\/2025\/09\/diminuicao-salario-confirmado.jpg","contentUrl":"https:\/\/tribunademinas.audiencelabs.com.br\/wp-content\/uploads\/2025\/09\/diminuicao-salario-confirmado.jpg","width":2000,"height":1125,"caption":"Foto: Freepik"},{"@type":"BreadcrumbList","@id":"https:\/\/tribunademinas.audiencelabs.com.br\/diminuicao-no-salario-foi-confirmado-se-voce-fizer-esta-ferrado\/#breadcrumb","itemListElement":[{"@type":"ListItem","position":1,"name":"In\u00edcio","item":"https:\/\/tribunademinas.audiencelabs.com.br\/"},{"@type":"ListItem","position":2,"name":"Diminui\u00e7\u00e3o no sal\u00e1rio foi confirmado: se voc\u00ea fizer, est\u00e1 ferrado"}]},{"@type":"WebSite","@id":"https:\/\/tribunademinas.audiencelabs.com.br\/#website","url":"https:\/\/tribunademinas.audiencelabs.com.br\/","name":"Tribuna de Minas - Dinheiro e Cidadania","description":"","publisher":{"@id":"https:\/\/tribunademinas.audiencelabs.com.br\/#organization"},"potentialAction":[{"@type":"SearchAction","target":{"@type":"EntryPoint","urlTemplate":"https:\/\/tribunademinas.audiencelabs.com.br\/?s={search_term_string}"},"query-input":{"@type":"PropertyValueSpecification","valueRequired":true,"valueName":"search_term_string"}}],"inLanguage":"pt-BR"},{"@type":"Organization","@id":"https:\/\/tribunademinas.audiencelabs.com.br\/#organization","name":"Tribuna de Minas - Dinheiro e Cidadania","url":"https:\/\/tribunademinas.audiencelabs.com.br\/","logo":{"@type":"ImageObject","inLanguage":"pt-BR","@id":"https:\/\/tribunademinas.audiencelabs.com.br\/#\/schema\/logo\/image\/","url":"https:\/\/tribunademinas.audiencelabs.com.br\/wp-content\/uploads\/2025\/08\/cropped-Tribuna_512x512-96x96-1.png","contentUrl":"https:\/\/tribunademinas.audiencelabs.com.br\/wp-content\/uploads\/2025\/08\/cropped-Tribuna_512x512-96x96-1.png","width":96,"height":96,"caption":"Tribuna de Minas - Dinheiro e Cidadania"},"image":{"@id":"https:\/\/tribunademinas.audiencelabs.com.br\/#\/schema\/logo\/image\/"},"sameAs":["https:\/\/www.facebook.com\/tribunademinas\/","https:\/\/x.com\/tribunademinas","https:\/\/www.instagram.com\/tribunademinas\/","https:\/\/www.youtube.com\/user\/TribunadeMinasJF"]},{"@type":"Person","@id":"https:\/\/tribunademinas.audiencelabs.com.br\/#\/schema\/person\/37af466a64a722fadb8ef6841c52114f","name":"Jo\u00e3o Carlos Gomes","image":{"@type":"ImageObject","inLanguage":"pt-BR","@id":"https:\/\/tribunademinas.audiencelabs.com.br\/#\/schema\/person\/image\/","url":"https:\/\/secure.gravatar.com\/avatar\/4ce4672dbdd694b329cd6fdb51bee7d1409be1f0ff76a537e4c4a737b2c7d1a9?s=96&d=mm&r=g","contentUrl":"https:\/\/secure.gravatar.com\/avatar\/4ce4672dbdd694b329cd6fdb51bee7d1409be1f0ff76a537e4c4a737b2c7d1a9?s=96&d=mm&r=g","caption":"Jo\u00e3o Carlos Gomes"},"description":"Jornalista formado pelo Centro Universit\u00e1rio Carioca, apreciador da Bossa Nova ao Metal Extremo, criador de conte\u00fado e m\u00fasico independente nas horas vagas.","url":"https:\/\/tribunademinas.audiencelabs.com.br\/author\/joaoc-junior\/"}]}},"amp_enabled":true,"_links":{"self":[{"href":"https:\/\/tribunademinas.audiencelabs.com.br\/wp-json\/wp\/v2\/posts\/1781","targetHints":{"allow":["GET"]}}],"collection":[{"href":"https:\/\/tribunademinas.audiencelabs.com.br\/wp-json\/wp\/v2\/posts"}],"about":[{"href":"https:\/\/tribunademinas.audiencelabs.com.br\/wp-json\/wp\/v2\/types\/post"}],"author":[{"embeddable":true,"href":"https:\/\/tribunademinas.audiencelabs.com.br\/wp-json\/wp\/v2\/users\/3"}],"replies":[{"embeddable":true,"href":"https:\/\/tribunademinas.audiencelabs.com.br\/wp-json\/wp\/v2\/comments?post=1781"}],"version-history":[{"count":1,"href":"https:\/\/tribunademinas.audiencelabs.com.br\/wp-json\/wp\/v2\/posts\/1781\/revisions"}],"predecessor-version":[{"id":1783,"href":"https:\/\/tribunademinas.audiencelabs.com.br\/wp-json\/wp\/v2\/posts\/1781\/revisions\/1783"}],"wp:featuredmedia":[{"embeddable":true,"href":"https:\/\/tribunademinas.audiencelabs.com.br\/wp-json\/wp\/v2\/media\/1782"}],"wp:attachment":[{"href":"https:\/\/tribunademinas.audiencelabs.com.br\/wp-json\/wp\/v2\/media?parent=1781"}],"wp:term":[{"taxonomy":"category","embeddable":true,"href":"https:\/\/tribunademinas.audiencelabs.com.br\/wp-json\/wp\/v2\/categories?post=1781"},{"taxonomy":"post_tag","embeddable":true,"href":"https:\/\/tribunademinas.audiencelabs.com.br\/wp-json\/wp\/v2\/tags?post=1781"}],"curies":[{"name":"wp","href":"https:\/\/api.w.org\/{rel}","templated":true}]}}