{"id":1772,"date":"2025-09-25T10:00:00","date_gmt":"2025-09-25T13:00:00","guid":{"rendered":"https:\/\/tribunademinas.audiencelabs.com.br\/?p=1772"},"modified":"2025-09-24T14:10:49","modified_gmt":"2025-09-24T17:10:49","slug":"fim-do-beneficio-que-paga-r-6-mil-aos-brasileiros-foi-confirmado","status":"publish","type":"post","link":"https:\/\/tribunademinas.audiencelabs.com.br\/fim-do-beneficio-que-paga-r-6-mil-aos-brasileiros-foi-confirmado\/","title":{"rendered":"Fim do benef\u00edcio que paga R$ 6 mil aos brasileiros foi confirmado"},"content":{"rendered":"\n<p>Destinado a auxiliar fam\u00edlias atingidas por enchentes e outras emerg\u00eancias validadas pela Defesa Civil, o <strong>saque calamidade <\/strong>conta com prazos que variam de acordo com a regi\u00e3o e o momento em que os recursos s\u00e3o liberados.<\/p>\n\n\n\n<p>E esta ter\u00e7a-feira (23) foi a data limite para que moradores de cidades das <strong>regi\u00f5es Sul, Norte e Nordeste<\/strong> tivessem acesso ao valor, que \u00e9 disponibilizado pela Caixa Econ\u00f4mica Federal e pode garantir um aux\u00edlio de at\u00e9 R$ 6.220.<\/p>\n\n\n\n<p>De acordo com o portal <em>Di\u00e1rio do Com\u00e9rcio<\/em>, o benef\u00edcio havia sido disponibilizado para cidad\u00e3os de munic\u00edpios como Soledade, Itaqui, Ma\u00e7ambar\u00e1, Mostardas, Quevedos, S\u00e3o Francisco de Assis, Toropi e S\u00e3o Francisco de Paula, no Rio Grande do Sul, al\u00e9m de munic\u00edpios em estados como Alagoas, Amazonas, Maranh\u00e3o, Par\u00e1 e Pernambuco.<\/p>\n\n\n\n<p>Com o t\u00e9rmino do prazo, o valor n\u00e3o poder\u00e1 mais ser sacado, pois considera-se que a urg\u00eancia cessou. Desta forma, novos saques s\u00f3 poder\u00e3o ser realizado no caso de surgimento uma nova situa\u00e7\u00e3o de emerg\u00eancia.<\/p>\n\n\n\n<h2 class=\"wp-block-heading\">Solicitando o saque calamidade: como garantir o benef\u00edcio?<\/h2>\n\n\n\n<p>Ap\u00f3s confirmar que o benef\u00edcio est\u00e1 dispon\u00edvel na cidade devido a situa\u00e7\u00f5es de calamidade p\u00fablica, os moradores devem utilizar o <strong>aplicativo do FGTS<\/strong> para solicitar o saque, seguindo o passo a passo abaixo<\/p>\n\n\n\n<ul class=\"wp-block-list\">\n<li>Acessar o app do FGTS, utilizando CPF e senha cadastrados;<\/li>\n\n\n\n<li>Selecionar a op\u00e7\u00e3o \u201cSaques\u201d e, posteriormente, \u201cSolicitar saque\u201d, indicando a situa\u00e7\u00e3o de calamidade p\u00fablica;<\/li>\n\n\n\n<li>Informar o nome do munic\u00edpio e endere\u00e7o;<\/li>\n\n\n\n<li>Encaminhar a documenta\u00e7\u00e3o necess\u00e1ria (documento de identifica\u00e7\u00e3o com foto, comprovante de resid\u00eancia e uma selfie com o documento em m\u00e3os);<\/li>\n\n\n\n<li>Selecionar a forma de recebimento, indicando uma conta da Caixa ou de outro banco;<\/li>\n\n\n\n<li>Enviar o pedido e aguardar a an\u00e1lise. A resposta ser\u00e1 encaminhada pelo app.<\/li>\n<\/ul>\n\n\n\n<p>Em caso de problemas durante a solicita\u00e7\u00e3o, o benefici\u00e1rio tamb\u00e9m pode realizar o saque presencialmente em uma ag\u00eancia da Caixa, desde que leve toda a documenta\u00e7\u00e3o necess\u00e1ria.<\/p>\n\n\n\n<p>Por\u00e9m, \u00e9 importante lembrar que, embora o teto do benef\u00edcio seja de R$ 6.220, o valor a ser sacado depende do saldo dispon\u00edvel no FGTS. Portanto, n\u00e3o \u00e9 poss\u00edvel retirar quantias superiores caso n\u00e3o haja saldo o suficiente na conta.<\/p>\n","protected":false},"excerpt":{"rendered":"<p>Destinado a auxiliar fam\u00edlias atingidas por enchentes e outras emerg\u00eancias validadas pela Defesa Civil, o saque calamidade conta com prazos que variam de acordo com a regi\u00e3o e o momento em que os recursos s\u00e3o liberados. E esta ter\u00e7a-feira (23) foi a data limite para que moradores de cidades das regi\u00f5es Sul, Norte e Nordeste [&hellip;]<\/p>\n","protected":false},"author":3,"featured_media":1773,"comment_status":"open","ping_status":"open","sticky":false,"template":"","format":"standard","meta":{"jnews-multi-image_gallery":[],"jnews_single_post":{"format":"standard"},"jnews_primary_category":[],"jnews_social_meta":[],"jnews_post_split":[],"footnotes":""},"categories":[159],"tags":[],"class_list":["post-1772","post","type-post","status-publish","format-standard","has-post-thumbnail","hentry","category-cidadania"],"yoast_head":"<!-- This site is optimized with the Yoast SEO plugin v25.6 - https:\/\/yoast.com\/wordpress\/plugins\/seo\/ -->\n<title>Fim do benef\u00edcio que paga R$ 6 mil aos brasileiros foi confirmado<\/title>\n<meta name=\"robots\" content=\"index, follow, max-snippet:-1, max-image-preview:large, max-video-preview:-1\" \/>\n<link rel=\"canonical\" href=\"https:\/\/tribunademinas.audiencelabs.com.br\/fim-do-beneficio-que-paga-r-6-mil-aos-brasileiros-foi-confirmado\/\" \/>\n<meta property=\"og:locale\" content=\"pt_BR\" \/>\n<meta property=\"og:type\" content=\"article\" \/>\n<meta property=\"og:title\" content=\"Fim do benef\u00edcio que paga R$ 6 mil aos brasileiros foi confirmado\" \/>\n<meta property=\"og:description\" content=\"Destinado a auxiliar fam\u00edlias atingidas por enchentes e outras emerg\u00eancias validadas pela Defesa Civil, o saque calamidade conta com prazos que variam de acordo com a regi\u00e3o e o momento em que os recursos s\u00e3o liberados. E esta ter\u00e7a-feira (23) foi a data limite para que moradores de cidades das regi\u00f5es Sul, Norte e Nordeste [&hellip;]\" \/>\n<meta property=\"og:url\" content=\"https:\/\/tribunademinas.audiencelabs.com.br\/fim-do-beneficio-que-paga-r-6-mil-aos-brasileiros-foi-confirmado\/\" \/>\n<meta property=\"og:site_name\" content=\"Tribuna de Minas - Dinheiro e Cidadania\" \/>\n<meta property=\"article:publisher\" content=\"https:\/\/www.facebook.com\/tribunademinas\/\" \/>\n<meta property=\"article:published_time\" content=\"2025-09-25T13:00:00+00:00\" \/>\n<meta property=\"og:image\" content=\"https:\/\/tribunademinas.audiencelabs.com.br\/wp-content\/uploads\/2025\/09\/fim-beneficio-paga-6-mil-confirmado.webp\" \/>\n\t<meta property=\"og:image:width\" content=\"1280\" \/>\n\t<meta property=\"og:image:height\" content=\"720\" \/>\n\t<meta property=\"og:image:type\" content=\"image\/webp\" \/>\n<meta name=\"author\" content=\"Jo\u00e3o Carlos Gomes\" \/>\n<meta name=\"twitter:card\" content=\"summary_large_image\" \/>\n<meta name=\"twitter:creator\" content=\"@tribunademinas\" \/>\n<meta name=\"twitter:site\" content=\"@tribunademinas\" \/>\n<meta name=\"twitter:label1\" content=\"Escrito por\" \/>\n\t<meta name=\"twitter:data1\" content=\"Jo\u00e3o Carlos Gomes\" \/>\n\t<meta name=\"twitter:label2\" content=\"Est. tempo de leitura\" \/>\n\t<meta name=\"twitter:data2\" content=\"3 minutos\" \/>\n<!-- \/ Yoast SEO plugin. -->","yoast_head_json":{"title":"Fim do benef\u00edcio que paga R$ 6 mil aos brasileiros foi confirmado","robots":{"index":"index","follow":"follow","max-snippet":"max-snippet:-1","max-image-preview":"max-image-preview:large","max-video-preview":"max-video-preview:-1"},"canonical":"https:\/\/tribunademinas.audiencelabs.com.br\/fim-do-beneficio-que-paga-r-6-mil-aos-brasileiros-foi-confirmado\/","og_locale":"pt_BR","og_type":"article","og_title":"Fim do benef\u00edcio que paga R$ 6 mil aos brasileiros foi confirmado","og_description":"Destinado a auxiliar fam\u00edlias atingidas por enchentes e outras emerg\u00eancias validadas pela Defesa Civil, o saque calamidade conta com prazos que variam de acordo com a regi\u00e3o e o momento em que os recursos s\u00e3o liberados. E esta ter\u00e7a-feira (23) foi a data limite para que moradores de cidades das regi\u00f5es Sul, Norte e Nordeste [&hellip;]","og_url":"https:\/\/tribunademinas.audiencelabs.com.br\/fim-do-beneficio-que-paga-r-6-mil-aos-brasileiros-foi-confirmado\/","og_site_name":"Tribuna de Minas - Dinheiro e Cidadania","article_publisher":"https:\/\/www.facebook.com\/tribunademinas\/","article_published_time":"2025-09-25T13:00:00+00:00","og_image":[{"width":1280,"height":720,"url":"https:\/\/tribunademinas.audiencelabs.com.br\/wp-content\/uploads\/2025\/09\/fim-beneficio-paga-6-mil-confirmado.webp","type":"image\/webp"}],"author":"Jo\u00e3o Carlos Gomes","twitter_card":"summary_large_image","twitter_creator":"@tribunademinas","twitter_site":"@tribunademinas","twitter_misc":{"Escrito por":"Jo\u00e3o Carlos Gomes","Est. tempo de leitura":"3 minutos"},"schema":{"@context":"https:\/\/schema.org","@graph":[{"@type":"Article","@id":"https:\/\/tribunademinas.audiencelabs.com.br\/fim-do-beneficio-que-paga-r-6-mil-aos-brasileiros-foi-confirmado\/#article","isPartOf":{"@id":"https:\/\/tribunademinas.audiencelabs.com.br\/fim-do-beneficio-que-paga-r-6-mil-aos-brasileiros-foi-confirmado\/"},"author":{"name":"Jo\u00e3o Carlos Gomes","@id":"https:\/\/tribunademinas.audiencelabs.com.br\/#\/schema\/person\/37af466a64a722fadb8ef6841c52114f"},"headline":"Fim do benef\u00edcio que paga R$ 6 mil aos brasileiros foi confirmado","datePublished":"2025-09-25T13:00:00+00:00","mainEntityOfPage":{"@id":"https:\/\/tribunademinas.audiencelabs.com.br\/fim-do-beneficio-que-paga-r-6-mil-aos-brasileiros-foi-confirmado\/"},"wordCount":406,"commentCount":0,"publisher":{"@id":"https:\/\/tribunademinas.audiencelabs.com.br\/#organization"},"image":{"@id":"https:\/\/tribunademinas.audiencelabs.com.br\/fim-do-beneficio-que-paga-r-6-mil-aos-brasileiros-foi-confirmado\/#primaryimage"},"thumbnailUrl":"https:\/\/tribunademinas.audiencelabs.com.br\/wp-content\/uploads\/2025\/09\/fim-beneficio-paga-6-mil-confirmado.webp","articleSection":["Cidadania"],"inLanguage":"pt-BR","potentialAction":[{"@type":"CommentAction","name":"Comment","target":["https:\/\/tribunademinas.audiencelabs.com.br\/fim-do-beneficio-que-paga-r-6-mil-aos-brasileiros-foi-confirmado\/#respond"]}]},{"@type":"WebPage","@id":"https:\/\/tribunademinas.audiencelabs.com.br\/fim-do-beneficio-que-paga-r-6-mil-aos-brasileiros-foi-confirmado\/","url":"https:\/\/tribunademinas.audiencelabs.com.br\/fim-do-beneficio-que-paga-r-6-mil-aos-brasileiros-foi-confirmado\/","name":"Fim do benef\u00edcio que paga R$ 6 mil aos brasileiros foi confirmado","isPartOf":{"@id":"https:\/\/tribunademinas.audiencelabs.com.br\/#website"},"primaryImageOfPage":{"@id":"https:\/\/tribunademinas.audiencelabs.com.br\/fim-do-beneficio-que-paga-r-6-mil-aos-brasileiros-foi-confirmado\/#primaryimage"},"image":{"@id":"https:\/\/tribunademinas.audiencelabs.com.br\/fim-do-beneficio-que-paga-r-6-mil-aos-brasileiros-foi-confirmado\/#primaryimage"},"thumbnailUrl":"https:\/\/tribunademinas.audiencelabs.com.br\/wp-content\/uploads\/2025\/09\/fim-beneficio-paga-6-mil-confirmado.webp","datePublished":"2025-09-25T13:00:00+00:00","breadcrumb":{"@id":"https:\/\/tribunademinas.audiencelabs.com.br\/fim-do-beneficio-que-paga-r-6-mil-aos-brasileiros-foi-confirmado\/#breadcrumb"},"inLanguage":"pt-BR","potentialAction":[{"@type":"ReadAction","target":["https:\/\/tribunademinas.audiencelabs.com.br\/fim-do-beneficio-que-paga-r-6-mil-aos-brasileiros-foi-confirmado\/"]}]},{"@type":"ImageObject","inLanguage":"pt-BR","@id":"https:\/\/tribunademinas.audiencelabs.com.br\/fim-do-beneficio-que-paga-r-6-mil-aos-brasileiros-foi-confirmado\/#primaryimage","url":"https:\/\/tribunademinas.audiencelabs.com.br\/wp-content\/uploads\/2025\/09\/fim-beneficio-paga-6-mil-confirmado.webp","contentUrl":"https:\/\/tribunademinas.audiencelabs.com.br\/wp-content\/uploads\/2025\/09\/fim-beneficio-paga-6-mil-confirmado.webp","width":1280,"height":720,"caption":"Foto: Marcello Casal Jr\/Ag\u00eancia Brasil"},{"@type":"BreadcrumbList","@id":"https:\/\/tribunademinas.audiencelabs.com.br\/fim-do-beneficio-que-paga-r-6-mil-aos-brasileiros-foi-confirmado\/#breadcrumb","itemListElement":[{"@type":"ListItem","position":1,"name":"In\u00edcio","item":"https:\/\/tribunademinas.audiencelabs.com.br\/"},{"@type":"ListItem","position":2,"name":"Fim do benef\u00edcio que paga R$ 6 mil aos brasileiros foi confirmado"}]},{"@type":"WebSite","@id":"https:\/\/tribunademinas.audiencelabs.com.br\/#website","url":"https:\/\/tribunademinas.audiencelabs.com.br\/","name":"Tribuna de Minas - Dinheiro e Cidadania","description":"","publisher":{"@id":"https:\/\/tribunademinas.audiencelabs.com.br\/#organization"},"potentialAction":[{"@type":"SearchAction","target":{"@type":"EntryPoint","urlTemplate":"https:\/\/tribunademinas.audiencelabs.com.br\/?s={search_term_string}"},"query-input":{"@type":"PropertyValueSpecification","valueRequired":true,"valueName":"search_term_string"}}],"inLanguage":"pt-BR"},{"@type":"Organization","@id":"https:\/\/tribunademinas.audiencelabs.com.br\/#organization","name":"Tribuna de Minas - Dinheiro e Cidadania","url":"https:\/\/tribunademinas.audiencelabs.com.br\/","logo":{"@type":"ImageObject","inLanguage":"pt-BR","@id":"https:\/\/tribunademinas.audiencelabs.com.br\/#\/schema\/logo\/image\/","url":"https:\/\/tribunademinas.audiencelabs.com.br\/wp-content\/uploads\/2025\/08\/cropped-Tribuna_512x512-96x96-1.png","contentUrl":"https:\/\/tribunademinas.audiencelabs.com.br\/wp-content\/uploads\/2025\/08\/cropped-Tribuna_512x512-96x96-1.png","width":96,"height":96,"caption":"Tribuna de Minas - Dinheiro e Cidadania"},"image":{"@id":"https:\/\/tribunademinas.audiencelabs.com.br\/#\/schema\/logo\/image\/"},"sameAs":["https:\/\/www.facebook.com\/tribunademinas\/","https:\/\/x.com\/tribunademinas","https:\/\/www.instagram.com\/tribunademinas\/","https:\/\/www.youtube.com\/user\/TribunadeMinasJF"]},{"@type":"Person","@id":"https:\/\/tribunademinas.audiencelabs.com.br\/#\/schema\/person\/37af466a64a722fadb8ef6841c52114f","name":"Jo\u00e3o Carlos Gomes","image":{"@type":"ImageObject","inLanguage":"pt-BR","@id":"https:\/\/tribunademinas.audiencelabs.com.br\/#\/schema\/person\/image\/","url":"https:\/\/secure.gravatar.com\/avatar\/4ce4672dbdd694b329cd6fdb51bee7d1409be1f0ff76a537e4c4a737b2c7d1a9?s=96&d=mm&r=g","contentUrl":"https:\/\/secure.gravatar.com\/avatar\/4ce4672dbdd694b329cd6fdb51bee7d1409be1f0ff76a537e4c4a737b2c7d1a9?s=96&d=mm&r=g","caption":"Jo\u00e3o Carlos Gomes"},"description":"Jornalista formado pelo Centro Universit\u00e1rio Carioca, apreciador da Bossa Nova ao Metal Extremo, criador de conte\u00fado e m\u00fasico independente nas horas vagas.","url":"https:\/\/tribunademinas.audiencelabs.com.br\/author\/joaoc-junior\/"}]}},"amp_enabled":true,"_links":{"self":[{"href":"https:\/\/tribunademinas.audiencelabs.com.br\/wp-json\/wp\/v2\/posts\/1772","targetHints":{"allow":["GET"]}}],"collection":[{"href":"https:\/\/tribunademinas.audiencelabs.com.br\/wp-json\/wp\/v2\/posts"}],"about":[{"href":"https:\/\/tribunademinas.audiencelabs.com.br\/wp-json\/wp\/v2\/types\/post"}],"author":[{"embeddable":true,"href":"https:\/\/tribunademinas.audiencelabs.com.br\/wp-json\/wp\/v2\/users\/3"}],"replies":[{"embeddable":true,"href":"https:\/\/tribunademinas.audiencelabs.com.br\/wp-json\/wp\/v2\/comments?post=1772"}],"version-history":[{"count":1,"href":"https:\/\/tribunademinas.audiencelabs.com.br\/wp-json\/wp\/v2\/posts\/1772\/revisions"}],"predecessor-version":[{"id":1774,"href":"https:\/\/tribunademinas.audiencelabs.com.br\/wp-json\/wp\/v2\/posts\/1772\/revisions\/1774"}],"wp:featuredmedia":[{"embeddable":true,"href":"https:\/\/tribunademinas.audiencelabs.com.br\/wp-json\/wp\/v2\/media\/1773"}],"wp:attachment":[{"href":"https:\/\/tribunademinas.audiencelabs.com.br\/wp-json\/wp\/v2\/media?parent=1772"}],"wp:term":[{"taxonomy":"category","embeddable":true,"href":"https:\/\/tribunademinas.audiencelabs.com.br\/wp-json\/wp\/v2\/categories?post=1772"},{"taxonomy":"post_tag","embeddable":true,"href":"https:\/\/tribunademinas.audiencelabs.com.br\/wp-json\/wp\/v2\/tags?post=1772"}],"curies":[{"name":"wp","href":"https:\/\/api.w.org\/{rel}","templated":true}]}}