{"id":1769,"date":"2025-09-25T08:00:00","date_gmt":"2025-09-25T11:00:00","guid":{"rendered":"https:\/\/tribunademinas.audiencelabs.com.br\/?p=1769"},"modified":"2025-09-24T13:43:09","modified_gmt":"2025-09-24T16:43:09","slug":"novo-programa-para-quitar-dividas-foi-criado-pelo-governo","status":"publish","type":"post","link":"https:\/\/tribunademinas.audiencelabs.com.br\/novo-programa-para-quitar-dividas-foi-criado-pelo-governo\/","title":{"rendered":"Novo programa para quitar d\u00edvidas foi criado pelo Governo"},"content":{"rendered":"\n<p>Mesmo tendo alcan\u00e7ado grande \u00eaxito, o programa Desenrola Brasil, que ofereceu condi\u00e7\u00f5es facilitadas para a quita\u00e7\u00e3o de d\u00edvidas, chegou ao fim no ano passado ap\u00f3s permitir que grande parte da popula\u00e7\u00e3o recuperasse o equil\u00edbrio financeiro.<\/p>\n\n\n\n<p>E apesar de n\u00e3o haver previs\u00e3o de retorno da iniciativa para 2025, a prefeitura de <strong>Londrina<\/strong>, no Paran\u00e1, decidiu implementar um programa semelhante, que visa auxiliar cidad\u00e3os na regulariza\u00e7\u00e3o de d\u00e9bitos municipais.<\/p>\n\n\n\n<p>Batizada de <strong>Regulariza Londrina<\/strong>, a medida entrou em vigor nesta segunda-feira (22) e oferece condi\u00e7\u00f5es diferenciadas para assegurar o pagamento de impostos e taxas devidas ao governo, com possibilidade de redu\u00e7\u00e3o total de multas e juros.<\/p>\n\n\n\n<p>De acordo com a Secretaria Municipal de Fazenda, o munic\u00edpio possui R$ 2,3 bilh\u00f5es em d\u00edvida ativa. Contudo, com o novo programa em a\u00e7\u00e3o, a expectativa \u00e9 reduzir parte desse montante com R$ 160 milh\u00f5es em negocia\u00e7\u00f5es imediatas e R$ 230 milh\u00f5es em planos de parcelamento prolongados.<\/p>\n\n\n\n<p>O per\u00edodo para ades\u00e3o ao programa varia entre 30 de novembro e 22 de dezembro, conforme a modalidade selecionada. E vale destacar que, segundo o secret\u00e1rio de Fazenda, \u00c9der Pires, trata-se de uma oportunidade \u00fanica. <strong>&#8220;A partir do ano que vem, quem tiver d\u00e9bitos n\u00e3o contar\u00e1 mais com isen\u00e7\u00e3o de juros e multas&#8221;<\/strong>, alertou (via <em>Di\u00e1rio do Com\u00e9rcio<\/em>).<\/p>\n\n\n\n<h2 class=\"wp-block-heading\">Regulariza Londrina: como garantir os descontos do programa?<\/h2>\n\n\n\n<p>Para garantir os descontos oferecidos pelo programa, \u00e9 preciso aderir ao Regulariza Londrina atrav\u00e9s do <a href=\"https:\/\/portal.londrina.pr.gov.br\/\" target=\"_blank\" rel=\"noreferrer noopener\">site oficial da prefeitura <\/a>ou presencialmente na Pra\u00e7a de Atendimento, mediante agendamento pr\u00e9vio.<\/p>\n\n\n\n<p>Com isso, basta selecionar os d\u00e9bitos a serem quitados, considerando que as regras e condi\u00e7\u00f5es podem variar conforme a modalidade escolhida. As principais incluem:<\/p>\n\n\n\n<ul class=\"wp-block-list\">\n<li><strong>Parcelamento em at\u00e9 3 vezes<\/strong>: mant\u00e9m isen\u00e7\u00e3o total de multas e juros;<\/li>\n\n\n\n<li><strong>Parcelamentos de longo prazo<\/strong>: at\u00e9 120 vezes, com descontos de 70% a 40% em juros e multas.<\/li>\n<\/ul>\n\n\n\n<p>Vale ressaltar que o valor m\u00ednimo das parcelas chega a R$ 100 para pessoa f\u00edsica e R$ 500 para pessoa jur\u00eddica. Al\u00e9m disso, o programa ainda oferece 5% de desconto no valor principal e 100% de desconto em multas e juros para pagamentos \u00e0 vista de cobran\u00e7as como o IPTU e taxa de lixo.<\/p>\n","protected":false},"excerpt":{"rendered":"<p>Mesmo tendo alcan\u00e7ado grande \u00eaxito, o programa Desenrola Brasil, que ofereceu condi\u00e7\u00f5es facilitadas para a quita\u00e7\u00e3o de d\u00edvidas, chegou ao fim no ano passado ap\u00f3s permitir que grande parte da popula\u00e7\u00e3o recuperasse o equil\u00edbrio financeiro. E apesar de n\u00e3o haver previs\u00e3o de retorno da iniciativa para 2025, a prefeitura de Londrina, no Paran\u00e1, decidiu implementar [&hellip;]<\/p>\n","protected":false},"author":3,"featured_media":1770,"comment_status":"open","ping_status":"open","sticky":false,"template":"","format":"standard","meta":{"jnews-multi-image_gallery":[],"jnews_single_post":{"format":"standard"},"jnews_primary_category":[],"jnews_social_meta":[],"jnews_post_split":[],"footnotes":""},"categories":[159],"tags":[],"class_list":["post-1769","post","type-post","status-publish","format-standard","has-post-thumbnail","hentry","category-cidadania"],"yoast_head":"<!-- This site is optimized with the Yoast SEO plugin v25.6 - https:\/\/yoast.com\/wordpress\/plugins\/seo\/ -->\n<title>Novo programa para quitar d\u00edvidas foi criado pelo Governo<\/title>\n<meta name=\"robots\" content=\"index, follow, max-snippet:-1, max-image-preview:large, max-video-preview:-1\" \/>\n<link rel=\"canonical\" href=\"https:\/\/tribunademinas.audiencelabs.com.br\/novo-programa-para-quitar-dividas-foi-criado-pelo-governo\/\" \/>\n<meta property=\"og:locale\" content=\"pt_BR\" \/>\n<meta property=\"og:type\" content=\"article\" \/>\n<meta property=\"og:title\" content=\"Novo programa para quitar d\u00edvidas foi criado pelo Governo\" \/>\n<meta property=\"og:description\" content=\"Mesmo tendo alcan\u00e7ado grande \u00eaxito, o programa Desenrola Brasil, que ofereceu condi\u00e7\u00f5es facilitadas para a quita\u00e7\u00e3o de d\u00edvidas, chegou ao fim no ano passado ap\u00f3s permitir que grande parte da popula\u00e7\u00e3o recuperasse o equil\u00edbrio financeiro. E apesar de n\u00e3o haver previs\u00e3o de retorno da iniciativa para 2025, a prefeitura de Londrina, no Paran\u00e1, decidiu implementar [&hellip;]\" \/>\n<meta property=\"og:url\" content=\"https:\/\/tribunademinas.audiencelabs.com.br\/novo-programa-para-quitar-dividas-foi-criado-pelo-governo\/\" \/>\n<meta property=\"og:site_name\" content=\"Tribuna de Minas - Dinheiro e Cidadania\" \/>\n<meta property=\"article:publisher\" content=\"https:\/\/www.facebook.com\/tribunademinas\/\" \/>\n<meta property=\"article:published_time\" content=\"2025-09-25T11:00:00+00:00\" \/>\n<meta property=\"og:image\" content=\"https:\/\/tribunademinas.audiencelabs.com.br\/wp-content\/uploads\/2025\/09\/novo-programa-quitar-dividas-criado-governo.jpg\" \/>\n\t<meta property=\"og:image:width\" content=\"1920\" \/>\n\t<meta property=\"og:image:height\" content=\"1080\" \/>\n\t<meta property=\"og:image:type\" content=\"image\/jpeg\" \/>\n<meta name=\"author\" content=\"Jo\u00e3o Carlos Gomes\" \/>\n<meta name=\"twitter:card\" content=\"summary_large_image\" \/>\n<meta name=\"twitter:creator\" content=\"@tribunademinas\" \/>\n<meta name=\"twitter:site\" content=\"@tribunademinas\" \/>\n<meta name=\"twitter:label1\" content=\"Escrito por\" \/>\n\t<meta name=\"twitter:data1\" content=\"Jo\u00e3o Carlos Gomes\" \/>\n\t<meta name=\"twitter:label2\" content=\"Est. tempo de leitura\" \/>\n\t<meta name=\"twitter:data2\" content=\"3 minutos\" \/>\n<!-- \/ Yoast SEO plugin. -->","yoast_head_json":{"title":"Novo programa para quitar d\u00edvidas foi criado pelo Governo","robots":{"index":"index","follow":"follow","max-snippet":"max-snippet:-1","max-image-preview":"max-image-preview:large","max-video-preview":"max-video-preview:-1"},"canonical":"https:\/\/tribunademinas.audiencelabs.com.br\/novo-programa-para-quitar-dividas-foi-criado-pelo-governo\/","og_locale":"pt_BR","og_type":"article","og_title":"Novo programa para quitar d\u00edvidas foi criado pelo Governo","og_description":"Mesmo tendo alcan\u00e7ado grande \u00eaxito, o programa Desenrola Brasil, que ofereceu condi\u00e7\u00f5es facilitadas para a quita\u00e7\u00e3o de d\u00edvidas, chegou ao fim no ano passado ap\u00f3s permitir que grande parte da popula\u00e7\u00e3o recuperasse o equil\u00edbrio financeiro. E apesar de n\u00e3o haver previs\u00e3o de retorno da iniciativa para 2025, a prefeitura de Londrina, no Paran\u00e1, decidiu implementar [&hellip;]","og_url":"https:\/\/tribunademinas.audiencelabs.com.br\/novo-programa-para-quitar-dividas-foi-criado-pelo-governo\/","og_site_name":"Tribuna de Minas - Dinheiro e Cidadania","article_publisher":"https:\/\/www.facebook.com\/tribunademinas\/","article_published_time":"2025-09-25T11:00:00+00:00","og_image":[{"width":1920,"height":1080,"url":"https:\/\/tribunademinas.audiencelabs.com.br\/wp-content\/uploads\/2025\/09\/novo-programa-quitar-dividas-criado-governo.jpg","type":"image\/jpeg"}],"author":"Jo\u00e3o Carlos Gomes","twitter_card":"summary_large_image","twitter_creator":"@tribunademinas","twitter_site":"@tribunademinas","twitter_misc":{"Escrito por":"Jo\u00e3o Carlos Gomes","Est. tempo de leitura":"3 minutos"},"schema":{"@context":"https:\/\/schema.org","@graph":[{"@type":"Article","@id":"https:\/\/tribunademinas.audiencelabs.com.br\/novo-programa-para-quitar-dividas-foi-criado-pelo-governo\/#article","isPartOf":{"@id":"https:\/\/tribunademinas.audiencelabs.com.br\/novo-programa-para-quitar-dividas-foi-criado-pelo-governo\/"},"author":{"name":"Jo\u00e3o Carlos Gomes","@id":"https:\/\/tribunademinas.audiencelabs.com.br\/#\/schema\/person\/37af466a64a722fadb8ef6841c52114f"},"headline":"Novo programa para quitar d\u00edvidas foi criado pelo Governo","datePublished":"2025-09-25T11:00:00+00:00","mainEntityOfPage":{"@id":"https:\/\/tribunademinas.audiencelabs.com.br\/novo-programa-para-quitar-dividas-foi-criado-pelo-governo\/"},"wordCount":384,"commentCount":0,"publisher":{"@id":"https:\/\/tribunademinas.audiencelabs.com.br\/#organization"},"image":{"@id":"https:\/\/tribunademinas.audiencelabs.com.br\/novo-programa-para-quitar-dividas-foi-criado-pelo-governo\/#primaryimage"},"thumbnailUrl":"https:\/\/tribunademinas.audiencelabs.com.br\/wp-content\/uploads\/2025\/09\/novo-programa-quitar-dividas-criado-governo.jpg","articleSection":["Cidadania"],"inLanguage":"pt-BR","potentialAction":[{"@type":"CommentAction","name":"Comment","target":["https:\/\/tribunademinas.audiencelabs.com.br\/novo-programa-para-quitar-dividas-foi-criado-pelo-governo\/#respond"]}]},{"@type":"WebPage","@id":"https:\/\/tribunademinas.audiencelabs.com.br\/novo-programa-para-quitar-dividas-foi-criado-pelo-governo\/","url":"https:\/\/tribunademinas.audiencelabs.com.br\/novo-programa-para-quitar-dividas-foi-criado-pelo-governo\/","name":"Novo programa para quitar d\u00edvidas foi criado pelo Governo","isPartOf":{"@id":"https:\/\/tribunademinas.audiencelabs.com.br\/#website"},"primaryImageOfPage":{"@id":"https:\/\/tribunademinas.audiencelabs.com.br\/novo-programa-para-quitar-dividas-foi-criado-pelo-governo\/#primaryimage"},"image":{"@id":"https:\/\/tribunademinas.audiencelabs.com.br\/novo-programa-para-quitar-dividas-foi-criado-pelo-governo\/#primaryimage"},"thumbnailUrl":"https:\/\/tribunademinas.audiencelabs.com.br\/wp-content\/uploads\/2025\/09\/novo-programa-quitar-dividas-criado-governo.jpg","datePublished":"2025-09-25T11:00:00+00:00","breadcrumb":{"@id":"https:\/\/tribunademinas.audiencelabs.com.br\/novo-programa-para-quitar-dividas-foi-criado-pelo-governo\/#breadcrumb"},"inLanguage":"pt-BR","potentialAction":[{"@type":"ReadAction","target":["https:\/\/tribunademinas.audiencelabs.com.br\/novo-programa-para-quitar-dividas-foi-criado-pelo-governo\/"]}]},{"@type":"ImageObject","inLanguage":"pt-BR","@id":"https:\/\/tribunademinas.audiencelabs.com.br\/novo-programa-para-quitar-dividas-foi-criado-pelo-governo\/#primaryimage","url":"https:\/\/tribunademinas.audiencelabs.com.br\/wp-content\/uploads\/2025\/09\/novo-programa-quitar-dividas-criado-governo.jpg","contentUrl":"https:\/\/tribunademinas.audiencelabs.com.br\/wp-content\/uploads\/2025\/09\/novo-programa-quitar-dividas-criado-governo.jpg","width":1920,"height":1080,"caption":"Foto: Vitaly Gariev\/Unsplash"},{"@type":"BreadcrumbList","@id":"https:\/\/tribunademinas.audiencelabs.com.br\/novo-programa-para-quitar-dividas-foi-criado-pelo-governo\/#breadcrumb","itemListElement":[{"@type":"ListItem","position":1,"name":"In\u00edcio","item":"https:\/\/tribunademinas.audiencelabs.com.br\/"},{"@type":"ListItem","position":2,"name":"Novo programa para quitar d\u00edvidas foi criado pelo Governo"}]},{"@type":"WebSite","@id":"https:\/\/tribunademinas.audiencelabs.com.br\/#website","url":"https:\/\/tribunademinas.audiencelabs.com.br\/","name":"Tribuna de Minas - Dinheiro e Cidadania","description":"","publisher":{"@id":"https:\/\/tribunademinas.audiencelabs.com.br\/#organization"},"potentialAction":[{"@type":"SearchAction","target":{"@type":"EntryPoint","urlTemplate":"https:\/\/tribunademinas.audiencelabs.com.br\/?s={search_term_string}"},"query-input":{"@type":"PropertyValueSpecification","valueRequired":true,"valueName":"search_term_string"}}],"inLanguage":"pt-BR"},{"@type":"Organization","@id":"https:\/\/tribunademinas.audiencelabs.com.br\/#organization","name":"Tribuna de Minas - Dinheiro e Cidadania","url":"https:\/\/tribunademinas.audiencelabs.com.br\/","logo":{"@type":"ImageObject","inLanguage":"pt-BR","@id":"https:\/\/tribunademinas.audiencelabs.com.br\/#\/schema\/logo\/image\/","url":"https:\/\/tribunademinas.audiencelabs.com.br\/wp-content\/uploads\/2025\/08\/cropped-Tribuna_512x512-96x96-1.png","contentUrl":"https:\/\/tribunademinas.audiencelabs.com.br\/wp-content\/uploads\/2025\/08\/cropped-Tribuna_512x512-96x96-1.png","width":96,"height":96,"caption":"Tribuna de Minas - Dinheiro e Cidadania"},"image":{"@id":"https:\/\/tribunademinas.audiencelabs.com.br\/#\/schema\/logo\/image\/"},"sameAs":["https:\/\/www.facebook.com\/tribunademinas\/","https:\/\/x.com\/tribunademinas","https:\/\/www.instagram.com\/tribunademinas\/","https:\/\/www.youtube.com\/user\/TribunadeMinasJF"]},{"@type":"Person","@id":"https:\/\/tribunademinas.audiencelabs.com.br\/#\/schema\/person\/37af466a64a722fadb8ef6841c52114f","name":"Jo\u00e3o Carlos Gomes","image":{"@type":"ImageObject","inLanguage":"pt-BR","@id":"https:\/\/tribunademinas.audiencelabs.com.br\/#\/schema\/person\/image\/","url":"https:\/\/secure.gravatar.com\/avatar\/4ce4672dbdd694b329cd6fdb51bee7d1409be1f0ff76a537e4c4a737b2c7d1a9?s=96&d=mm&r=g","contentUrl":"https:\/\/secure.gravatar.com\/avatar\/4ce4672dbdd694b329cd6fdb51bee7d1409be1f0ff76a537e4c4a737b2c7d1a9?s=96&d=mm&r=g","caption":"Jo\u00e3o Carlos Gomes"},"description":"Jornalista formado pelo Centro Universit\u00e1rio Carioca, apreciador da Bossa Nova ao Metal Extremo, criador de conte\u00fado e m\u00fasico independente nas horas vagas.","url":"https:\/\/tribunademinas.audiencelabs.com.br\/author\/joaoc-junior\/"}]}},"amp_enabled":true,"_links":{"self":[{"href":"https:\/\/tribunademinas.audiencelabs.com.br\/wp-json\/wp\/v2\/posts\/1769","targetHints":{"allow":["GET"]}}],"collection":[{"href":"https:\/\/tribunademinas.audiencelabs.com.br\/wp-json\/wp\/v2\/posts"}],"about":[{"href":"https:\/\/tribunademinas.audiencelabs.com.br\/wp-json\/wp\/v2\/types\/post"}],"author":[{"embeddable":true,"href":"https:\/\/tribunademinas.audiencelabs.com.br\/wp-json\/wp\/v2\/users\/3"}],"replies":[{"embeddable":true,"href":"https:\/\/tribunademinas.audiencelabs.com.br\/wp-json\/wp\/v2\/comments?post=1769"}],"version-history":[{"count":1,"href":"https:\/\/tribunademinas.audiencelabs.com.br\/wp-json\/wp\/v2\/posts\/1769\/revisions"}],"predecessor-version":[{"id":1771,"href":"https:\/\/tribunademinas.audiencelabs.com.br\/wp-json\/wp\/v2\/posts\/1769\/revisions\/1771"}],"wp:featuredmedia":[{"embeddable":true,"href":"https:\/\/tribunademinas.audiencelabs.com.br\/wp-json\/wp\/v2\/media\/1770"}],"wp:attachment":[{"href":"https:\/\/tribunademinas.audiencelabs.com.br\/wp-json\/wp\/v2\/media?parent=1769"}],"wp:term":[{"taxonomy":"category","embeddable":true,"href":"https:\/\/tribunademinas.audiencelabs.com.br\/wp-json\/wp\/v2\/categories?post=1769"},{"taxonomy":"post_tag","embeddable":true,"href":"https:\/\/tribunademinas.audiencelabs.com.br\/wp-json\/wp\/v2\/tags?post=1769"}],"curies":[{"name":"wp","href":"https:\/\/api.w.org\/{rel}","templated":true}]}}