{"id":1759,"date":"2025-09-27T05:10:00","date_gmt":"2025-09-27T08:10:00","guid":{"rendered":"https:\/\/tribunademinas.audiencelabs.com.br\/?p=1759"},"modified":"2025-09-23T20:38:51","modified_gmt":"2025-09-23T23:38:51","slug":"qual-o-valor-para-construir-uma-casa-de-85m2-em-setembro-de-2025","status":"publish","type":"post","link":"https:\/\/tribunademinas.audiencelabs.com.br\/qual-o-valor-para-construir-uma-casa-de-85m2-em-setembro-de-2025\/","title":{"rendered":"Qual o valor para construir uma casa de 85m2, em setembro de 2025?"},"content":{"rendered":"\n<p>Construir a casa pr\u00f3pria continua sendo um dos maiores desejos dos brasileiros. No entanto, o alto custo da constru\u00e7\u00e3o civil ainda \u00e9 uma barreira para muitas fam\u00edlias. <\/p>\n\n\n\n<p>Mesmo assim, quem sonha em sair do aluguel ou conquistar um espa\u00e7o pr\u00f3prio segue buscando alternativas vi\u00e1veis. <\/p>\n\n\n\n<p>\u00c9 comum que, nesse processo de planejamento, surja uma d\u00favida recorrente: afinal, quanto custa construir uma casa de 85 metros quadrados, um tamanho considerado m\u00e9dio e suficiente para atender \u00e0s necessidades de muitos lares?<\/p>\n\n\n\n<h2 class=\"wp-block-heading\">Qual o valor para construir uma casa de 85m2, em setembro de 2025?<\/h2>\n\n\n\n<p>Em setembro de 2025, os custos de constru\u00e7\u00e3o seguem variando bastante, influenciados por fatores como o padr\u00e3o de acabamento, os materiais utilizados, a regi\u00e3o onde a obra ser\u00e1 realizada e os valores cobrados por m\u00e3o de obra. <\/p>\n\n\n\n<p>De acordo com o \u00cdndice Nacional de Custo da Constru\u00e7\u00e3o (<a href=\"https:\/\/portal.fgv.br\/noticias\/incc-m-2025\"><strong>INCC<\/strong><\/a>), o pre\u00e7o m\u00e9dio do metro quadrado gira entre R$ 1.500 e R$ 4.000. <\/p>\n\n\n\n<p>Isso significa que, para uma casa de 85m\u00b2, o investimento pode partir de cerca de R$ 127.500 e ultrapassar R$ 340.000, a depender do n\u00edvel de sofistica\u00e7\u00e3o e qualidade escolhidos.<\/p>\n\n\n\n<p>Projetos com acabamento mais simples, com foco em funcionalidade e economia, costumam ficar entre R$ 127 mil e R$ 150 mil. J\u00e1 constru\u00e7\u00f5es de padr\u00e3o m\u00e9dio, que equilibram custo e conforto, t\u00eam or\u00e7amento estimado a partir de R$ 153 mil. <\/p>\n\n\n\n<p>Por outro lado, quem busca um padr\u00e3o mais elevado, com materiais nobres e solu\u00e7\u00f5es modernas, deve preparar o bolso para valores acima dos R$ 200 mil, podendo alcan\u00e7ar R$ 340 mil ou mais.<\/p>\n\n\n\n<p>Al\u00e9m dos custos diretos com materiais e servi\u00e7os, \u00e9 fundamental considerar o valor do terreno, taxas com regulariza\u00e7\u00e3o da obra, documenta\u00e7\u00e3o e eventuais exig\u00eancias da prefeitura local. <\/p>\n\n\n\n<p>Em grandes centros urbanos, esses encargos costumam ser mais altos, encarecendo o projeto como um todo.<\/p>\n\n\n\n<h3 class=\"wp-block-heading\">Planejamento ajuda a realizar o sonho da casa pr\u00f3pria<\/h3>\n\n\n\n<p>Para quem ainda est\u00e1 longe de come\u00e7ar a <a href=\"https:\/\/tribunademinas.com.br\/colunas\/dinheiroecidadania\/quanto-custa-para-construir-uma-casa-em-2025-comecando-do-zero\/\"><strong>construir<\/strong><\/a>, o ideal \u00e9 iniciar um planejamento financeiro o quanto antes. <\/p>\n\n\n\n<p>Criar uma reserva espec\u00edfica, cortar gastos desnecess\u00e1rios e acompanhar o comportamento dos \u00edndices de infla\u00e7\u00e3o do setor s\u00e3o atitudes que ajudam a tornar o sonho mais pr\u00f3ximo. <\/p>\n\n\n\n<p>Buscar orienta\u00e7\u00e3o com arquitetos e engenheiros desde o in\u00edcio tamb\u00e9m evita surpresas e amplia as chances de uma obra bem-sucedida.<\/p>\n\n\n\n<p>Mesmo com os desafios, construir ainda \u00e9 poss\u00edvel e, com organiza\u00e7\u00e3o e informa\u00e7\u00e3o, o sonho da casa pr\u00f3pria pode, sim, se concretizar.<\/p>\n\n\n\n<p><\/p>\n","protected":false},"excerpt":{"rendered":"<p>Construir a casa pr\u00f3pria continua sendo um dos maiores desejos dos brasileiros. No entanto, o alto custo da constru\u00e7\u00e3o civil ainda \u00e9 uma barreira para muitas fam\u00edlias. Mesmo assim, quem sonha em sair do aluguel ou conquistar um espa\u00e7o pr\u00f3prio segue buscando alternativas vi\u00e1veis. \u00c9 comum que, nesse processo de planejamento, surja uma d\u00favida recorrente: [&hellip;]<\/p>\n","protected":false},"author":5,"featured_media":1760,"comment_status":"open","ping_status":"open","sticky":false,"template":"","format":"standard","meta":{"jnews-multi-image_gallery":[],"jnews_single_post":{"format":"standard"},"jnews_primary_category":[],"jnews_social_meta":[],"jnews_post_split":[],"footnotes":""},"categories":[1],"tags":[],"class_list":["post-1759","post","type-post","status-publish","format-standard","has-post-thumbnail","hentry","category-dinheiro"],"yoast_head":"<!-- This site is optimized with the Yoast SEO plugin v25.6 - https:\/\/yoast.com\/wordpress\/plugins\/seo\/ -->\n<title>Qual o valor para construir uma casa de 85m2, em setembro de 2025?<\/title>\n<meta name=\"description\" content=\"Construir a casa pr\u00f3pria continua sendo um dos maiores desejos dos brasileiros. No entanto, o alto custo ainda \u00e9 uma barreira para muitos.\" \/>\n<meta name=\"robots\" content=\"index, follow, max-snippet:-1, max-image-preview:large, max-video-preview:-1\" \/>\n<link rel=\"canonical\" href=\"https:\/\/tribunademinas.audiencelabs.com.br\/qual-o-valor-para-construir-uma-casa-de-85m2-em-setembro-de-2025\/\" \/>\n<meta property=\"og:locale\" content=\"pt_BR\" \/>\n<meta property=\"og:type\" content=\"article\" \/>\n<meta property=\"og:title\" content=\"Qual o valor para construir uma casa de 85m2, em setembro de 2025?\" \/>\n<meta property=\"og:description\" content=\"Construir a casa pr\u00f3pria continua sendo um dos maiores desejos dos brasileiros. No entanto, o alto custo ainda \u00e9 uma barreira para muitos.\" \/>\n<meta property=\"og:url\" content=\"https:\/\/tribunademinas.audiencelabs.com.br\/qual-o-valor-para-construir-uma-casa-de-85m2-em-setembro-de-2025\/\" \/>\n<meta property=\"og:site_name\" content=\"Tribuna de Minas - Dinheiro e Cidadania\" \/>\n<meta property=\"article:publisher\" content=\"https:\/\/www.facebook.com\/tribunademinas\/\" \/>\n<meta property=\"article:published_time\" content=\"2025-09-27T08:10:00+00:00\" \/>\n<meta property=\"og:image\" content=\"https:\/\/tribunademinas.audiencelabs.com.br\/wp-content\/uploads\/2025\/09\/casa.jpg\" \/>\n\t<meta property=\"og:image:width\" content=\"1280\" \/>\n\t<meta property=\"og:image:height\" content=\"853\" \/>\n\t<meta property=\"og:image:type\" content=\"image\/jpeg\" \/>\n<meta name=\"author\" content=\"Jeferson Carvalho\" \/>\n<meta name=\"twitter:card\" content=\"summary_large_image\" \/>\n<meta name=\"twitter:creator\" content=\"@tribunademinas\" \/>\n<meta name=\"twitter:site\" content=\"@tribunademinas\" \/>\n<meta name=\"twitter:label1\" content=\"Escrito por\" \/>\n\t<meta name=\"twitter:data1\" content=\"Jeferson Carvalho\" \/>\n\t<meta name=\"twitter:label2\" content=\"Est. tempo de leitura\" \/>\n\t<meta name=\"twitter:data2\" content=\"3 minutos\" \/>\n<!-- \/ Yoast SEO plugin. -->","yoast_head_json":{"title":"Qual o valor para construir uma casa de 85m2, em setembro de 2025?","description":"Construir a casa pr\u00f3pria continua sendo um dos maiores desejos dos brasileiros. No entanto, o alto custo ainda \u00e9 uma barreira para muitos.","robots":{"index":"index","follow":"follow","max-snippet":"max-snippet:-1","max-image-preview":"max-image-preview:large","max-video-preview":"max-video-preview:-1"},"canonical":"https:\/\/tribunademinas.audiencelabs.com.br\/qual-o-valor-para-construir-uma-casa-de-85m2-em-setembro-de-2025\/","og_locale":"pt_BR","og_type":"article","og_title":"Qual o valor para construir uma casa de 85m2, em setembro de 2025?","og_description":"Construir a casa pr\u00f3pria continua sendo um dos maiores desejos dos brasileiros. No entanto, o alto custo ainda \u00e9 uma barreira para muitos.","og_url":"https:\/\/tribunademinas.audiencelabs.com.br\/qual-o-valor-para-construir-uma-casa-de-85m2-em-setembro-de-2025\/","og_site_name":"Tribuna de Minas - Dinheiro e Cidadania","article_publisher":"https:\/\/www.facebook.com\/tribunademinas\/","article_published_time":"2025-09-27T08:10:00+00:00","og_image":[{"width":1280,"height":853,"url":"https:\/\/tribunademinas.audiencelabs.com.br\/wp-content\/uploads\/2025\/09\/casa.jpg","type":"image\/jpeg"}],"author":"Jeferson Carvalho","twitter_card":"summary_large_image","twitter_creator":"@tribunademinas","twitter_site":"@tribunademinas","twitter_misc":{"Escrito por":"Jeferson Carvalho","Est. tempo de leitura":"3 minutos"},"schema":{"@context":"https:\/\/schema.org","@graph":[{"@type":"Article","@id":"https:\/\/tribunademinas.audiencelabs.com.br\/qual-o-valor-para-construir-uma-casa-de-85m2-em-setembro-de-2025\/#article","isPartOf":{"@id":"https:\/\/tribunademinas.audiencelabs.com.br\/qual-o-valor-para-construir-uma-casa-de-85m2-em-setembro-de-2025\/"},"author":{"name":"Jeferson Carvalho","@id":"https:\/\/tribunademinas.audiencelabs.com.br\/#\/schema\/person\/db18fc40307804bacef94213aa68fd9d"},"headline":"Qual o valor para construir uma casa de 85m2, em setembro de 2025?","datePublished":"2025-09-27T08:10:00+00:00","mainEntityOfPage":{"@id":"https:\/\/tribunademinas.audiencelabs.com.br\/qual-o-valor-para-construir-uma-casa-de-85m2-em-setembro-de-2025\/"},"wordCount":434,"commentCount":0,"publisher":{"@id":"https:\/\/tribunademinas.audiencelabs.com.br\/#organization"},"image":{"@id":"https:\/\/tribunademinas.audiencelabs.com.br\/qual-o-valor-para-construir-uma-casa-de-85m2-em-setembro-de-2025\/#primaryimage"},"thumbnailUrl":"https:\/\/tribunademinas.audiencelabs.com.br\/wp-content\/uploads\/2025\/09\/casa.jpg","articleSection":["Dinheiro"],"inLanguage":"pt-BR","potentialAction":[{"@type":"CommentAction","name":"Comment","target":["https:\/\/tribunademinas.audiencelabs.com.br\/qual-o-valor-para-construir-uma-casa-de-85m2-em-setembro-de-2025\/#respond"]}]},{"@type":"WebPage","@id":"https:\/\/tribunademinas.audiencelabs.com.br\/qual-o-valor-para-construir-uma-casa-de-85m2-em-setembro-de-2025\/","url":"https:\/\/tribunademinas.audiencelabs.com.br\/qual-o-valor-para-construir-uma-casa-de-85m2-em-setembro-de-2025\/","name":"Qual o valor para construir uma casa de 85m2, em setembro de 2025?","isPartOf":{"@id":"https:\/\/tribunademinas.audiencelabs.com.br\/#website"},"primaryImageOfPage":{"@id":"https:\/\/tribunademinas.audiencelabs.com.br\/qual-o-valor-para-construir-uma-casa-de-85m2-em-setembro-de-2025\/#primaryimage"},"image":{"@id":"https:\/\/tribunademinas.audiencelabs.com.br\/qual-o-valor-para-construir-uma-casa-de-85m2-em-setembro-de-2025\/#primaryimage"},"thumbnailUrl":"https:\/\/tribunademinas.audiencelabs.com.br\/wp-content\/uploads\/2025\/09\/casa.jpg","datePublished":"2025-09-27T08:10:00+00:00","description":"Construir a casa pr\u00f3pria continua sendo um dos maiores desejos dos brasileiros. No entanto, o alto custo ainda \u00e9 uma barreira para muitos.","breadcrumb":{"@id":"https:\/\/tribunademinas.audiencelabs.com.br\/qual-o-valor-para-construir-uma-casa-de-85m2-em-setembro-de-2025\/#breadcrumb"},"inLanguage":"pt-BR","potentialAction":[{"@type":"ReadAction","target":["https:\/\/tribunademinas.audiencelabs.com.br\/qual-o-valor-para-construir-uma-casa-de-85m2-em-setembro-de-2025\/"]}]},{"@type":"ImageObject","inLanguage":"pt-BR","@id":"https:\/\/tribunademinas.audiencelabs.com.br\/qual-o-valor-para-construir-uma-casa-de-85m2-em-setembro-de-2025\/#primaryimage","url":"https:\/\/tribunademinas.audiencelabs.com.br\/wp-content\/uploads\/2025\/09\/casa.jpg","contentUrl":"https:\/\/tribunademinas.audiencelabs.com.br\/wp-content\/uploads\/2025\/09\/casa.jpg","width":1280,"height":853,"caption":"Qual o valor para construir uma casa de 85m2, em setembro de 2025? - Imagem: Pixabay"},{"@type":"BreadcrumbList","@id":"https:\/\/tribunademinas.audiencelabs.com.br\/qual-o-valor-para-construir-uma-casa-de-85m2-em-setembro-de-2025\/#breadcrumb","itemListElement":[{"@type":"ListItem","position":1,"name":"In\u00edcio","item":"https:\/\/tribunademinas.audiencelabs.com.br\/"},{"@type":"ListItem","position":2,"name":"Qual o valor para construir uma casa de 85m2, em setembro de 2025?"}]},{"@type":"WebSite","@id":"https:\/\/tribunademinas.audiencelabs.com.br\/#website","url":"https:\/\/tribunademinas.audiencelabs.com.br\/","name":"Tribuna de Minas - Dinheiro e Cidadania","description":"","publisher":{"@id":"https:\/\/tribunademinas.audiencelabs.com.br\/#organization"},"potentialAction":[{"@type":"SearchAction","target":{"@type":"EntryPoint","urlTemplate":"https:\/\/tribunademinas.audiencelabs.com.br\/?s={search_term_string}"},"query-input":{"@type":"PropertyValueSpecification","valueRequired":true,"valueName":"search_term_string"}}],"inLanguage":"pt-BR"},{"@type":"Organization","@id":"https:\/\/tribunademinas.audiencelabs.com.br\/#organization","name":"Tribuna de Minas - Dinheiro e Cidadania","url":"https:\/\/tribunademinas.audiencelabs.com.br\/","logo":{"@type":"ImageObject","inLanguage":"pt-BR","@id":"https:\/\/tribunademinas.audiencelabs.com.br\/#\/schema\/logo\/image\/","url":"https:\/\/tribunademinas.audiencelabs.com.br\/wp-content\/uploads\/2025\/08\/cropped-Tribuna_512x512-96x96-1.png","contentUrl":"https:\/\/tribunademinas.audiencelabs.com.br\/wp-content\/uploads\/2025\/08\/cropped-Tribuna_512x512-96x96-1.png","width":96,"height":96,"caption":"Tribuna de Minas - Dinheiro e Cidadania"},"image":{"@id":"https:\/\/tribunademinas.audiencelabs.com.br\/#\/schema\/logo\/image\/"},"sameAs":["https:\/\/www.facebook.com\/tribunademinas\/","https:\/\/x.com\/tribunademinas","https:\/\/www.instagram.com\/tribunademinas\/","https:\/\/www.youtube.com\/user\/TribunadeMinasJF"]},{"@type":"Person","@id":"https:\/\/tribunademinas.audiencelabs.com.br\/#\/schema\/person\/db18fc40307804bacef94213aa68fd9d","name":"Jeferson Carvalho","image":{"@type":"ImageObject","inLanguage":"pt-BR","@id":"https:\/\/tribunademinas.audiencelabs.com.br\/#\/schema\/person\/image\/","url":"https:\/\/secure.gravatar.com\/avatar\/cd7646e328d9670dad7dea8698522e522745eeffcff5b9d08be858e377ce326b?s=96&d=mm&r=g","contentUrl":"https:\/\/secure.gravatar.com\/avatar\/cd7646e328d9670dad7dea8698522e522745eeffcff5b9d08be858e377ce326b?s=96&d=mm&r=g","caption":"Jeferson Carvalho"},"description":"Jornalista apaixonado pela profiss\u00e3o!","url":"https:\/\/tribunademinas.audiencelabs.com.br\/author\/jeferson\/"}]}},"amp_enabled":true,"_links":{"self":[{"href":"https:\/\/tribunademinas.audiencelabs.com.br\/wp-json\/wp\/v2\/posts\/1759","targetHints":{"allow":["GET"]}}],"collection":[{"href":"https:\/\/tribunademinas.audiencelabs.com.br\/wp-json\/wp\/v2\/posts"}],"about":[{"href":"https:\/\/tribunademinas.audiencelabs.com.br\/wp-json\/wp\/v2\/types\/post"}],"author":[{"embeddable":true,"href":"https:\/\/tribunademinas.audiencelabs.com.br\/wp-json\/wp\/v2\/users\/5"}],"replies":[{"embeddable":true,"href":"https:\/\/tribunademinas.audiencelabs.com.br\/wp-json\/wp\/v2\/comments?post=1759"}],"version-history":[{"count":1,"href":"https:\/\/tribunademinas.audiencelabs.com.br\/wp-json\/wp\/v2\/posts\/1759\/revisions"}],"predecessor-version":[{"id":1761,"href":"https:\/\/tribunademinas.audiencelabs.com.br\/wp-json\/wp\/v2\/posts\/1759\/revisions\/1761"}],"wp:featuredmedia":[{"embeddable":true,"href":"https:\/\/tribunademinas.audiencelabs.com.br\/wp-json\/wp\/v2\/media\/1760"}],"wp:attachment":[{"href":"https:\/\/tribunademinas.audiencelabs.com.br\/wp-json\/wp\/v2\/media?parent=1759"}],"wp:term":[{"taxonomy":"category","embeddable":true,"href":"https:\/\/tribunademinas.audiencelabs.com.br\/wp-json\/wp\/v2\/categories?post=1759"},{"taxonomy":"post_tag","embeddable":true,"href":"https:\/\/tribunademinas.audiencelabs.com.br\/wp-json\/wp\/v2\/tags?post=1759"}],"curies":[{"name":"wp","href":"https:\/\/api.w.org\/{rel}","templated":true}]}}