{"id":1756,"date":"2025-09-24T09:45:00","date_gmt":"2025-09-24T12:45:00","guid":{"rendered":"https:\/\/tribunademinas.audiencelabs.com.br\/?p=1756"},"modified":"2025-09-23T20:27:34","modified_gmt":"2025-09-23T23:27:34","slug":"concurso-publico-oferece-vagas-com-salarios-de-r-34-mil","status":"publish","type":"post","link":"https:\/\/tribunademinas.audiencelabs.com.br\/concurso-publico-oferece-vagas-com-salarios-de-r-34-mil\/","title":{"rendered":"Concurso p\u00fablico oferece vagas com sal\u00e1rios de R$ 34 mil"},"content":{"rendered":"\n<p>Teve in\u00edcio no \u00faltimo dia 16 de setembro o per\u00edodo de inscri\u00e7\u00f5es para um concurso p\u00fablico que promete atrair candidatos de todo o pa\u00eds: a sele\u00e7\u00e3o oferece remunera\u00e7\u00e3o mensal superior a R$ 34 mil. <\/p>\n\n\n\n<p>O processo seletivo \u00e9 voltado para profissionais da \u00e1rea jur\u00eddica e permanecer\u00e1 com inscri\u00e7\u00f5es abertas at\u00e9 meados de outubro. No entanto, o certame exige aten\u00e7\u00e3o redobrada dos interessados, j\u00e1 que o caminho at\u00e9 a aprova\u00e7\u00e3o inclui diversas etapas rigorosas.<\/p>\n\n\n\n<h2 class=\"wp-block-heading\">Concurso p\u00fablico oferece vagas com sal\u00e1rios de R$ 34 mil<\/h2>\n\n\n\n<p>A oportunidade em quest\u00e3o \u00e9 promovida pelo Minist\u00e9rio P\u00fablico do Estado do <a href=\"https:\/\/tribunademinas.com.br\/colunas\/maistendencias\/cidade-do-parana-sofre-tremor-de-terra-pela-2a-vez-em-2-meses\/\"><strong>Paran\u00e1<\/strong><\/a> (MP-PR) e visa preencher vagas no cargo de Promotor de Justi\u00e7a Substituto. <\/p>\n\n\n\n<p>A carreira, uma das mais almejadas do setor jur\u00eddico, exige forma\u00e7\u00e3o em Direito e, no m\u00ednimo, tr\u00eas anos de pr\u00e1tica jur\u00eddica comprovada. <\/p>\n\n\n\n<p>O edital prev\u00ea inicialmente a oferta de dez vagas, mas h\u00e1 possibilidade de convoca\u00e7\u00f5es adicionais durante a validade do concurso. <\/p>\n\n\n\n<p>Tamb\u00e9m h\u00e1 previs\u00e3o de cotas para pessoas com defici\u00eancia, candidatos negros, ind\u00edgenas, quilombolas e pardos, em conformidade com as legisla\u00e7\u00f5es vigentes.<\/p>\n\n\n\n<p>As inscri\u00e7\u00f5es devem ser realizadas exclusivamente pelo <a href=\"https:\/\/mppr.mp.br\/\"><strong>site oficial do Minist\u00e9rio P\u00fablico do Paran\u00e1<\/strong><\/a>. Para confirmar a participa\u00e7\u00e3o, o candidato precisa preencher o formul\u00e1rio eletr\u00f4nico e pagar a taxa de R$ 340,00. <\/p>\n\n\n\n<p>Al\u00e9m disso, ser\u00e1 necess\u00e1rio apresentar documenta\u00e7\u00e3o que comprove os requisitos exigidos, incluindo a experi\u00eancia profissional m\u00ednima na \u00e1rea jur\u00eddica, regularidade com as obriga\u00e7\u00f5es eleitorais e militares, idoneidade moral e inexist\u00eancia de antecedentes criminais.<\/p>\n\n\n\n<h3 class=\"wp-block-heading\">Processo seletivo do concurso p\u00fablico para Promotor de Justi\u00e7a Substituto do Paran\u00e1<\/h3>\n\n\n\n<p>O processo de sele\u00e7\u00e3o \u00e9 dividido em v\u00e1rias fases, come\u00e7ando com uma prova objetiva prevista para 14 de dezembro de 2025. A partir da\u00ed, os aprovados seguem para provas escritas, marcadas para acontecer entre os dias 2 e 6 de mar\u00e7o de 2026. <\/p>\n\n\n\n<p>Essas avalia\u00e7\u00f5es demandam conhecimento t\u00e9cnico e capacidade de argumenta\u00e7\u00e3o jur\u00eddica. Quem avan\u00e7ar ainda enfrentar\u00e1 exames de sa\u00fade f\u00edsica e mental, sindic\u00e2ncia da vida pregressa, prova oral e an\u00e1lise de t\u00edtulos.<\/p>\n\n\n\n<p>Os conte\u00fados cobrados nas provas abrangem diversas \u00e1reas do Direito, incluindo Constitucional, Penal, Civil, Administrativo, Tribut\u00e1rio, Empresarial e Direitos Coletivos. <\/p>\n\n\n\n<p>A organiza\u00e7\u00e3o do concurso ressalta a import\u00e2ncia de que os candidatos acompanhem atentamente o site oficial do MP-PR, onde todas as atualiza\u00e7\u00f5es ser\u00e3o publicadas. <\/p>\n\n\n\n<p>O resultado final ser\u00e1 divulgado ap\u00f3s a conclus\u00e3o de todas as etapas, em data ainda a ser definida.<\/p>\n\n\n\n<p><\/p>\n","protected":false},"excerpt":{"rendered":"<p>Teve in\u00edcio no \u00faltimo dia 16 de setembro o per\u00edodo de inscri\u00e7\u00f5es para um concurso p\u00fablico que promete atrair candidatos de todo o pa\u00eds: a sele\u00e7\u00e3o oferece remunera\u00e7\u00e3o mensal superior a R$ 34 mil. O processo seletivo \u00e9 voltado para profissionais da \u00e1rea jur\u00eddica e permanecer\u00e1 com inscri\u00e7\u00f5es abertas at\u00e9 meados de outubro. No entanto, [&hellip;]<\/p>\n","protected":false},"author":5,"featured_media":1757,"comment_status":"open","ping_status":"open","sticky":false,"template":"","format":"standard","meta":{"jnews-multi-image_gallery":[],"jnews_single_post":{"format":"standard"},"jnews_primary_category":[],"jnews_social_meta":[],"jnews_post_split":[],"footnotes":""},"categories":[159],"tags":[],"class_list":["post-1756","post","type-post","status-publish","format-standard","has-post-thumbnail","hentry","category-cidadania"],"yoast_head":"<!-- This site is optimized with the Yoast SEO plugin v25.6 - https:\/\/yoast.com\/wordpress\/plugins\/seo\/ -->\n<title>Concurso p\u00fablico oferece vagas com sal\u00e1rios de R$ 34 mil<\/title>\n<meta name=\"description\" content=\"Teve in\u00edcio no \u00faltimo dia 16 de setembro o per\u00edodo de inscri\u00e7\u00f5es para um concurso p\u00fablico que promete atrair candidatos de todo o pa\u00eds.\" \/>\n<meta name=\"robots\" content=\"index, follow, max-snippet:-1, max-image-preview:large, max-video-preview:-1\" \/>\n<link rel=\"canonical\" href=\"https:\/\/tribunademinas.audiencelabs.com.br\/concurso-publico-oferece-vagas-com-salarios-de-r-34-mil\/\" \/>\n<meta property=\"og:locale\" content=\"pt_BR\" \/>\n<meta property=\"og:type\" content=\"article\" \/>\n<meta property=\"og:title\" content=\"Concurso p\u00fablico oferece vagas com sal\u00e1rios de R$ 34 mil\" \/>\n<meta property=\"og:description\" content=\"Teve in\u00edcio no \u00faltimo dia 16 de setembro o per\u00edodo de inscri\u00e7\u00f5es para um concurso p\u00fablico que promete atrair candidatos de todo o pa\u00eds.\" \/>\n<meta property=\"og:url\" content=\"https:\/\/tribunademinas.audiencelabs.com.br\/concurso-publico-oferece-vagas-com-salarios-de-r-34-mil\/\" \/>\n<meta property=\"og:site_name\" content=\"Tribuna de Minas - Dinheiro e Cidadania\" \/>\n<meta property=\"article:publisher\" content=\"https:\/\/www.facebook.com\/tribunademinas\/\" \/>\n<meta property=\"article:published_time\" content=\"2025-09-24T12:45:00+00:00\" \/>\n<meta property=\"og:image\" content=\"https:\/\/tribunademinas.audiencelabs.com.br\/wp-content\/uploads\/2025\/09\/concurso.webp\" \/>\n\t<meta property=\"og:image:width\" content=\"1170\" \/>\n\t<meta property=\"og:image:height\" content=\"700\" \/>\n\t<meta property=\"og:image:type\" content=\"image\/webp\" \/>\n<meta name=\"author\" content=\"Jeferson Carvalho\" \/>\n<meta name=\"twitter:card\" content=\"summary_large_image\" \/>\n<meta name=\"twitter:creator\" content=\"@tribunademinas\" \/>\n<meta name=\"twitter:site\" content=\"@tribunademinas\" \/>\n<meta name=\"twitter:label1\" content=\"Escrito por\" \/>\n\t<meta name=\"twitter:data1\" content=\"Jeferson Carvalho\" \/>\n\t<meta name=\"twitter:label2\" content=\"Est. tempo de leitura\" \/>\n\t<meta name=\"twitter:data2\" content=\"3 minutos\" \/>\n<!-- \/ Yoast SEO plugin. -->","yoast_head_json":{"title":"Concurso p\u00fablico oferece vagas com sal\u00e1rios de R$ 34 mil","description":"Teve in\u00edcio no \u00faltimo dia 16 de setembro o per\u00edodo de inscri\u00e7\u00f5es para um concurso p\u00fablico que promete atrair candidatos de todo o pa\u00eds.","robots":{"index":"index","follow":"follow","max-snippet":"max-snippet:-1","max-image-preview":"max-image-preview:large","max-video-preview":"max-video-preview:-1"},"canonical":"https:\/\/tribunademinas.audiencelabs.com.br\/concurso-publico-oferece-vagas-com-salarios-de-r-34-mil\/","og_locale":"pt_BR","og_type":"article","og_title":"Concurso p\u00fablico oferece vagas com sal\u00e1rios de R$ 34 mil","og_description":"Teve in\u00edcio no \u00faltimo dia 16 de setembro o per\u00edodo de inscri\u00e7\u00f5es para um concurso p\u00fablico que promete atrair candidatos de todo o pa\u00eds.","og_url":"https:\/\/tribunademinas.audiencelabs.com.br\/concurso-publico-oferece-vagas-com-salarios-de-r-34-mil\/","og_site_name":"Tribuna de Minas - Dinheiro e Cidadania","article_publisher":"https:\/\/www.facebook.com\/tribunademinas\/","article_published_time":"2025-09-24T12:45:00+00:00","og_image":[{"width":1170,"height":700,"url":"https:\/\/tribunademinas.audiencelabs.com.br\/wp-content\/uploads\/2025\/09\/concurso.webp","type":"image\/webp"}],"author":"Jeferson Carvalho","twitter_card":"summary_large_image","twitter_creator":"@tribunademinas","twitter_site":"@tribunademinas","twitter_misc":{"Escrito por":"Jeferson Carvalho","Est. tempo de leitura":"3 minutos"},"schema":{"@context":"https:\/\/schema.org","@graph":[{"@type":"Article","@id":"https:\/\/tribunademinas.audiencelabs.com.br\/concurso-publico-oferece-vagas-com-salarios-de-r-34-mil\/#article","isPartOf":{"@id":"https:\/\/tribunademinas.audiencelabs.com.br\/concurso-publico-oferece-vagas-com-salarios-de-r-34-mil\/"},"author":{"name":"Jeferson Carvalho","@id":"https:\/\/tribunademinas.audiencelabs.com.br\/#\/schema\/person\/db18fc40307804bacef94213aa68fd9d"},"headline":"Concurso p\u00fablico oferece vagas com sal\u00e1rios de R$ 34 mil","datePublished":"2025-09-24T12:45:00+00:00","mainEntityOfPage":{"@id":"https:\/\/tribunademinas.audiencelabs.com.br\/concurso-publico-oferece-vagas-com-salarios-de-r-34-mil\/"},"wordCount":449,"commentCount":0,"publisher":{"@id":"https:\/\/tribunademinas.audiencelabs.com.br\/#organization"},"image":{"@id":"https:\/\/tribunademinas.audiencelabs.com.br\/concurso-publico-oferece-vagas-com-salarios-de-r-34-mil\/#primaryimage"},"thumbnailUrl":"https:\/\/tribunademinas.audiencelabs.com.br\/wp-content\/uploads\/2025\/09\/concurso.webp","articleSection":["Cidadania"],"inLanguage":"pt-BR","potentialAction":[{"@type":"CommentAction","name":"Comment","target":["https:\/\/tribunademinas.audiencelabs.com.br\/concurso-publico-oferece-vagas-com-salarios-de-r-34-mil\/#respond"]}]},{"@type":"WebPage","@id":"https:\/\/tribunademinas.audiencelabs.com.br\/concurso-publico-oferece-vagas-com-salarios-de-r-34-mil\/","url":"https:\/\/tribunademinas.audiencelabs.com.br\/concurso-publico-oferece-vagas-com-salarios-de-r-34-mil\/","name":"Concurso p\u00fablico oferece vagas com sal\u00e1rios de R$ 34 mil","isPartOf":{"@id":"https:\/\/tribunademinas.audiencelabs.com.br\/#website"},"primaryImageOfPage":{"@id":"https:\/\/tribunademinas.audiencelabs.com.br\/concurso-publico-oferece-vagas-com-salarios-de-r-34-mil\/#primaryimage"},"image":{"@id":"https:\/\/tribunademinas.audiencelabs.com.br\/concurso-publico-oferece-vagas-com-salarios-de-r-34-mil\/#primaryimage"},"thumbnailUrl":"https:\/\/tribunademinas.audiencelabs.com.br\/wp-content\/uploads\/2025\/09\/concurso.webp","datePublished":"2025-09-24T12:45:00+00:00","description":"Teve in\u00edcio no \u00faltimo dia 16 de setembro o per\u00edodo de inscri\u00e7\u00f5es para um concurso p\u00fablico que promete atrair candidatos de todo o pa\u00eds.","breadcrumb":{"@id":"https:\/\/tribunademinas.audiencelabs.com.br\/concurso-publico-oferece-vagas-com-salarios-de-r-34-mil\/#breadcrumb"},"inLanguage":"pt-BR","potentialAction":[{"@type":"ReadAction","target":["https:\/\/tribunademinas.audiencelabs.com.br\/concurso-publico-oferece-vagas-com-salarios-de-r-34-mil\/"]}]},{"@type":"ImageObject","inLanguage":"pt-BR","@id":"https:\/\/tribunademinas.audiencelabs.com.br\/concurso-publico-oferece-vagas-com-salarios-de-r-34-mil\/#primaryimage","url":"https:\/\/tribunademinas.audiencelabs.com.br\/wp-content\/uploads\/2025\/09\/concurso.webp","contentUrl":"https:\/\/tribunademinas.audiencelabs.com.br\/wp-content\/uploads\/2025\/09\/concurso.webp","width":1170,"height":700,"caption":"Concurso p\u00fablico oferece vagas com sal\u00e1rios de R$ 34 mil - Imagem: Ag\u00eancia Brasil"},{"@type":"BreadcrumbList","@id":"https:\/\/tribunademinas.audiencelabs.com.br\/concurso-publico-oferece-vagas-com-salarios-de-r-34-mil\/#breadcrumb","itemListElement":[{"@type":"ListItem","position":1,"name":"In\u00edcio","item":"https:\/\/tribunademinas.audiencelabs.com.br\/"},{"@type":"ListItem","position":2,"name":"Concurso p\u00fablico oferece vagas com sal\u00e1rios de R$ 34 mil"}]},{"@type":"WebSite","@id":"https:\/\/tribunademinas.audiencelabs.com.br\/#website","url":"https:\/\/tribunademinas.audiencelabs.com.br\/","name":"Tribuna de Minas - Dinheiro e Cidadania","description":"","publisher":{"@id":"https:\/\/tribunademinas.audiencelabs.com.br\/#organization"},"potentialAction":[{"@type":"SearchAction","target":{"@type":"EntryPoint","urlTemplate":"https:\/\/tribunademinas.audiencelabs.com.br\/?s={search_term_string}"},"query-input":{"@type":"PropertyValueSpecification","valueRequired":true,"valueName":"search_term_string"}}],"inLanguage":"pt-BR"},{"@type":"Organization","@id":"https:\/\/tribunademinas.audiencelabs.com.br\/#organization","name":"Tribuna de Minas - Dinheiro e Cidadania","url":"https:\/\/tribunademinas.audiencelabs.com.br\/","logo":{"@type":"ImageObject","inLanguage":"pt-BR","@id":"https:\/\/tribunademinas.audiencelabs.com.br\/#\/schema\/logo\/image\/","url":"https:\/\/tribunademinas.audiencelabs.com.br\/wp-content\/uploads\/2025\/08\/cropped-Tribuna_512x512-96x96-1.png","contentUrl":"https:\/\/tribunademinas.audiencelabs.com.br\/wp-content\/uploads\/2025\/08\/cropped-Tribuna_512x512-96x96-1.png","width":96,"height":96,"caption":"Tribuna de Minas - Dinheiro e Cidadania"},"image":{"@id":"https:\/\/tribunademinas.audiencelabs.com.br\/#\/schema\/logo\/image\/"},"sameAs":["https:\/\/www.facebook.com\/tribunademinas\/","https:\/\/x.com\/tribunademinas","https:\/\/www.instagram.com\/tribunademinas\/","https:\/\/www.youtube.com\/user\/TribunadeMinasJF"]},{"@type":"Person","@id":"https:\/\/tribunademinas.audiencelabs.com.br\/#\/schema\/person\/db18fc40307804bacef94213aa68fd9d","name":"Jeferson Carvalho","image":{"@type":"ImageObject","inLanguage":"pt-BR","@id":"https:\/\/tribunademinas.audiencelabs.com.br\/#\/schema\/person\/image\/","url":"https:\/\/secure.gravatar.com\/avatar\/cd7646e328d9670dad7dea8698522e522745eeffcff5b9d08be858e377ce326b?s=96&d=mm&r=g","contentUrl":"https:\/\/secure.gravatar.com\/avatar\/cd7646e328d9670dad7dea8698522e522745eeffcff5b9d08be858e377ce326b?s=96&d=mm&r=g","caption":"Jeferson Carvalho"},"description":"Jornalista apaixonado pela profiss\u00e3o!","url":"https:\/\/tribunademinas.audiencelabs.com.br\/author\/jeferson\/"}]}},"amp_enabled":true,"_links":{"self":[{"href":"https:\/\/tribunademinas.audiencelabs.com.br\/wp-json\/wp\/v2\/posts\/1756","targetHints":{"allow":["GET"]}}],"collection":[{"href":"https:\/\/tribunademinas.audiencelabs.com.br\/wp-json\/wp\/v2\/posts"}],"about":[{"href":"https:\/\/tribunademinas.audiencelabs.com.br\/wp-json\/wp\/v2\/types\/post"}],"author":[{"embeddable":true,"href":"https:\/\/tribunademinas.audiencelabs.com.br\/wp-json\/wp\/v2\/users\/5"}],"replies":[{"embeddable":true,"href":"https:\/\/tribunademinas.audiencelabs.com.br\/wp-json\/wp\/v2\/comments?post=1756"}],"version-history":[{"count":1,"href":"https:\/\/tribunademinas.audiencelabs.com.br\/wp-json\/wp\/v2\/posts\/1756\/revisions"}],"predecessor-version":[{"id":1758,"href":"https:\/\/tribunademinas.audiencelabs.com.br\/wp-json\/wp\/v2\/posts\/1756\/revisions\/1758"}],"wp:featuredmedia":[{"embeddable":true,"href":"https:\/\/tribunademinas.audiencelabs.com.br\/wp-json\/wp\/v2\/media\/1757"}],"wp:attachment":[{"href":"https:\/\/tribunademinas.audiencelabs.com.br\/wp-json\/wp\/v2\/media?parent=1756"}],"wp:term":[{"taxonomy":"category","embeddable":true,"href":"https:\/\/tribunademinas.audiencelabs.com.br\/wp-json\/wp\/v2\/categories?post=1756"},{"taxonomy":"post_tag","embeddable":true,"href":"https:\/\/tribunademinas.audiencelabs.com.br\/wp-json\/wp\/v2\/tags?post=1756"}],"curies":[{"name":"wp","href":"https:\/\/api.w.org\/{rel}","templated":true}]}}