{"id":1750,"date":"2025-09-24T07:45:00","date_gmt":"2025-09-24T10:45:00","guid":{"rendered":"https:\/\/tribunademinas.audiencelabs.com.br\/?p=1750"},"modified":"2025-09-23T19:55:46","modified_gmt":"2025-09-23T22:55:46","slug":"bolsa-familia-cancelado-milhares-de-brasileiros-perdem-beneficio","status":"publish","type":"post","link":"https:\/\/tribunademinas.audiencelabs.com.br\/bolsa-familia-cancelado-milhares-de-brasileiros-perdem-beneficio\/","title":{"rendered":"Bolsa Fam\u00edlia cancelado: milhares de brasileiros perdem benef\u00edcio"},"content":{"rendered":"\n<p>Os pagamentos do Bolsa Fam\u00edlia deste m\u00eas de setembro de 2025 j\u00e1 come\u00e7aram a ser feitos pelo Governo Federal, por meio do Minist\u00e9rio do Desenvolvimento Social (<a href=\"https:\/\/www.gov.br\/mds\/pt-br\"><strong>MDS<\/strong><\/a>) e da Caixa Econ\u00f4mica Federal. <\/p>\n\n\n\n<p>No entanto, ao acessarem o aplicativo para consultar o valor e a data de libera\u00e7\u00e3o do <a href=\"https:\/\/tribunademinas.com.br\/colunas\/dinheiroecidadania\/brasileiros-recebem-melhor-noticia-do-ano-sobre-bolsa-familia\/\"><strong>benef\u00edcio<\/strong><\/a>, muitas fam\u00edlias se depararam com uma not\u00edcia inesperada: o cancelamento do repasse. <\/p>\n\n\n\n<p>O corte atingiu milhares de pessoas e faz parte de um processo de revis\u00e3o mais rigoroso adotado pelas autoridades federais.<\/p>\n\n\n\n<h2 class=\"wp-block-heading\">Bolsa Fam\u00edlia cancelado: milhares de brasileiros perdem benef\u00edcio<\/h2>\n\n\n\n<p>Segundo os dados mais recentes divulgados pelo governo, 122 mil pessoas deixaram de receber o Bolsa Fam\u00edlia apenas neste m\u00eas. Desde o in\u00edcio do ano, cerca de 1,4 milh\u00e3o de fam\u00edlias foram exclu\u00eddas do programa. <\/p>\n\n\n\n<p>Atualmente, pouco mais de 19 milh\u00f5es continuam recebendo os repasses mensais. O principal objetivo desse pente-fino, segundo o MDS, \u00e9 garantir que os recursos cheguem somente \u00e0s fam\u00edlias que realmente se enquadram nos crit\u00e9rios do programa.<\/p>\n\n\n\n<p>A an\u00e1lise que levou aos cancelamentos envolveu o cruzamento de informa\u00e7\u00f5es do Cadastro \u00danico com bases de dados de outros \u00f3rg\u00e3os p\u00fablicos. <\/p>\n\n\n\n<p>As principais causas para o desligamento incluem aumento da renda familiar acima do limite permitido, falta de atualiza\u00e7\u00e3o dos dados cadastrais, suspeitas de fraudes documentais e mudan\u00e7as na composi\u00e7\u00e3o familiar que n\u00e3o foram informadas \u00e0s autoridades. <\/p>\n\n\n\n<p>O governo tem refor\u00e7ado que manter o cadastro atualizado e dentro das regras \u00e9 essencial para continuar recebendo o benef\u00edcio.<\/p>\n\n\n\n<h3 class=\"wp-block-heading\">Bolsa Fam\u00edlia setembro paga valor m\u00e9dio de R$ 682,22: veja datas<\/h3>\n\n\n\n<p>Apesar da redu\u00e7\u00e3o no n\u00famero de benefici\u00e1rios, o valor m\u00e9dio pago em setembro aumentou. Ao todo, ser\u00e3o investidos R$ 12,96 bilh\u00f5es neste m\u00eas. O valor m\u00e9dio nacional subiu para R$ 682,22 por fam\u00edlia, o maior do ano. <\/p>\n\n\n\n<p>Fam\u00edlias que se enquadram em determinados perfis ainda podem receber adicionais, como R$ 150 por crian\u00e7a de at\u00e9 6 anos, R$ 50 por adolescente entre 7 e 18 anos, R$ 50 para gestantes e mais R$ 50 para beb\u00eas de at\u00e9 seis meses de idade.<\/p>\n\n\n\n<p>Os pagamentos seguem o calend\u00e1rio conforme o n\u00famero final do NIS (N\u00famero de Identifica\u00e7\u00e3o Social), como mostra a tabela abaixo:<\/p>\n\n\n\n<figure class=\"wp-block-table is-style-stripes\"><table class=\"has-fixed-layout\"><thead><tr><th>Final do NIS<\/th><th>Data do Pagamento<\/th><\/tr><\/thead><tbody><tr><td>1<\/td><td>17 de setembro<\/td><\/tr><tr><td>2<\/td><td>18 de setembro<\/td><\/tr><tr><td>3<\/td><td>19 de setembro<\/td><\/tr><tr><td>4<\/td><td>22 de setembro<\/td><\/tr><tr><td>5<\/td><td>23 de setembro<\/td><\/tr><tr><td>6<\/td><td>24 de setembro<\/td><\/tr><tr><td>7<\/td><td>25 de setembro<\/td><\/tr><tr><td>8<\/td><td>26 de setembro<\/td><\/tr><tr><td>9<\/td><td>29 de setembro<\/td><\/tr><tr><td>0<\/td><td>30 de setembro<\/td><\/tr><\/tbody><\/table><\/figure>\n\n\n\n<p>A orienta\u00e7\u00e3o para quem teve o benef\u00edcio cortado \u00e9 procurar o CRAS mais pr\u00f3ximo para esclarecimentos e, se for o caso, regularizar a situa\u00e7\u00e3o.<\/p>\n\n\n\n<p><\/p>\n","protected":false},"excerpt":{"rendered":"<p>Os pagamentos do Bolsa Fam\u00edlia deste m\u00eas de setembro de 2025 j\u00e1 come\u00e7aram a ser feitos pelo Governo Federal, por meio do Minist\u00e9rio do Desenvolvimento Social (MDS) e da Caixa Econ\u00f4mica Federal. No entanto, ao acessarem o aplicativo para consultar o valor e a data de libera\u00e7\u00e3o do benef\u00edcio, muitas fam\u00edlias se depararam com uma [&hellip;]<\/p>\n","protected":false},"author":5,"featured_media":1751,"comment_status":"open","ping_status":"open","sticky":false,"template":"","format":"standard","meta":{"jnews-multi-image_gallery":[],"jnews_single_post":{"format":"standard"},"jnews_primary_category":[],"jnews_social_meta":[],"jnews_post_split":[],"footnotes":""},"categories":[159],"tags":[],"class_list":["post-1750","post","type-post","status-publish","format-standard","has-post-thumbnail","hentry","category-cidadania"],"yoast_head":"<!-- This site is optimized with the Yoast SEO plugin v25.6 - https:\/\/yoast.com\/wordpress\/plugins\/seo\/ -->\n<title>Bolsa Fam\u00edlia cancelado: milhares de brasileiros perdem benef\u00edcio<\/title>\n<meta name=\"description\" content=\"Os pagamentos do Bolsa Fam\u00edlia deste m\u00eas de setembro de 2025 j\u00e1 come\u00e7aram a ser feitos pelo Governo Federal.\" \/>\n<meta name=\"robots\" content=\"index, follow, max-snippet:-1, max-image-preview:large, max-video-preview:-1\" \/>\n<link rel=\"canonical\" href=\"https:\/\/tribunademinas.audiencelabs.com.br\/bolsa-familia-cancelado-milhares-de-brasileiros-perdem-beneficio\/\" \/>\n<meta property=\"og:locale\" content=\"pt_BR\" \/>\n<meta property=\"og:type\" content=\"article\" \/>\n<meta property=\"og:title\" content=\"Bolsa Fam\u00edlia cancelado: milhares de brasileiros perdem benef\u00edcio\" \/>\n<meta property=\"og:description\" content=\"Os pagamentos do Bolsa Fam\u00edlia deste m\u00eas de setembro de 2025 j\u00e1 come\u00e7aram a ser feitos pelo Governo Federal.\" \/>\n<meta property=\"og:url\" content=\"https:\/\/tribunademinas.audiencelabs.com.br\/bolsa-familia-cancelado-milhares-de-brasileiros-perdem-beneficio\/\" \/>\n<meta property=\"og:site_name\" content=\"Tribuna de Minas - Dinheiro e Cidadania\" \/>\n<meta property=\"article:publisher\" content=\"https:\/\/www.facebook.com\/tribunademinas\/\" \/>\n<meta property=\"article:published_time\" content=\"2025-09-24T10:45:00+00:00\" \/>\n<meta property=\"og:image\" content=\"https:\/\/tribunademinas.audiencelabs.com.br\/wp-content\/uploads\/2025\/09\/Bolsa-Familia-5.webp\" \/>\n\t<meta property=\"og:image:width\" content=\"1170\" \/>\n\t<meta property=\"og:image:height\" content=\"700\" \/>\n\t<meta property=\"og:image:type\" content=\"image\/webp\" \/>\n<meta name=\"author\" content=\"Jeferson Carvalho\" \/>\n<meta name=\"twitter:card\" content=\"summary_large_image\" \/>\n<meta name=\"twitter:creator\" content=\"@tribunademinas\" \/>\n<meta name=\"twitter:site\" content=\"@tribunademinas\" \/>\n<meta name=\"twitter:label1\" content=\"Escrito por\" \/>\n\t<meta name=\"twitter:data1\" content=\"Jeferson Carvalho\" \/>\n\t<meta name=\"twitter:label2\" content=\"Est. tempo de leitura\" \/>\n\t<meta name=\"twitter:data2\" content=\"3 minutos\" \/>\n<!-- \/ Yoast SEO plugin. -->","yoast_head_json":{"title":"Bolsa Fam\u00edlia cancelado: milhares de brasileiros perdem benef\u00edcio","description":"Os pagamentos do Bolsa Fam\u00edlia deste m\u00eas de setembro de 2025 j\u00e1 come\u00e7aram a ser feitos pelo Governo Federal.","robots":{"index":"index","follow":"follow","max-snippet":"max-snippet:-1","max-image-preview":"max-image-preview:large","max-video-preview":"max-video-preview:-1"},"canonical":"https:\/\/tribunademinas.audiencelabs.com.br\/bolsa-familia-cancelado-milhares-de-brasileiros-perdem-beneficio\/","og_locale":"pt_BR","og_type":"article","og_title":"Bolsa Fam\u00edlia cancelado: milhares de brasileiros perdem benef\u00edcio","og_description":"Os pagamentos do Bolsa Fam\u00edlia deste m\u00eas de setembro de 2025 j\u00e1 come\u00e7aram a ser feitos pelo Governo Federal.","og_url":"https:\/\/tribunademinas.audiencelabs.com.br\/bolsa-familia-cancelado-milhares-de-brasileiros-perdem-beneficio\/","og_site_name":"Tribuna de Minas - Dinheiro e Cidadania","article_publisher":"https:\/\/www.facebook.com\/tribunademinas\/","article_published_time":"2025-09-24T10:45:00+00:00","og_image":[{"width":1170,"height":700,"url":"https:\/\/tribunademinas.audiencelabs.com.br\/wp-content\/uploads\/2025\/09\/Bolsa-Familia-5.webp","type":"image\/webp"}],"author":"Jeferson Carvalho","twitter_card":"summary_large_image","twitter_creator":"@tribunademinas","twitter_site":"@tribunademinas","twitter_misc":{"Escrito por":"Jeferson Carvalho","Est. tempo de leitura":"3 minutos"},"schema":{"@context":"https:\/\/schema.org","@graph":[{"@type":"Article","@id":"https:\/\/tribunademinas.audiencelabs.com.br\/bolsa-familia-cancelado-milhares-de-brasileiros-perdem-beneficio\/#article","isPartOf":{"@id":"https:\/\/tribunademinas.audiencelabs.com.br\/bolsa-familia-cancelado-milhares-de-brasileiros-perdem-beneficio\/"},"author":{"name":"Jeferson Carvalho","@id":"https:\/\/tribunademinas.audiencelabs.com.br\/#\/schema\/person\/db18fc40307804bacef94213aa68fd9d"},"headline":"Bolsa Fam\u00edlia cancelado: milhares de brasileiros perdem benef\u00edcio","datePublished":"2025-09-24T10:45:00+00:00","mainEntityOfPage":{"@id":"https:\/\/tribunademinas.audiencelabs.com.br\/bolsa-familia-cancelado-milhares-de-brasileiros-perdem-beneficio\/"},"wordCount":447,"commentCount":0,"publisher":{"@id":"https:\/\/tribunademinas.audiencelabs.com.br\/#organization"},"image":{"@id":"https:\/\/tribunademinas.audiencelabs.com.br\/bolsa-familia-cancelado-milhares-de-brasileiros-perdem-beneficio\/#primaryimage"},"thumbnailUrl":"https:\/\/tribunademinas.audiencelabs.com.br\/wp-content\/uploads\/2025\/09\/Bolsa-Familia-5.webp","articleSection":["Cidadania"],"inLanguage":"pt-BR","potentialAction":[{"@type":"CommentAction","name":"Comment","target":["https:\/\/tribunademinas.audiencelabs.com.br\/bolsa-familia-cancelado-milhares-de-brasileiros-perdem-beneficio\/#respond"]}]},{"@type":"WebPage","@id":"https:\/\/tribunademinas.audiencelabs.com.br\/bolsa-familia-cancelado-milhares-de-brasileiros-perdem-beneficio\/","url":"https:\/\/tribunademinas.audiencelabs.com.br\/bolsa-familia-cancelado-milhares-de-brasileiros-perdem-beneficio\/","name":"Bolsa Fam\u00edlia cancelado: milhares de brasileiros perdem benef\u00edcio","isPartOf":{"@id":"https:\/\/tribunademinas.audiencelabs.com.br\/#website"},"primaryImageOfPage":{"@id":"https:\/\/tribunademinas.audiencelabs.com.br\/bolsa-familia-cancelado-milhares-de-brasileiros-perdem-beneficio\/#primaryimage"},"image":{"@id":"https:\/\/tribunademinas.audiencelabs.com.br\/bolsa-familia-cancelado-milhares-de-brasileiros-perdem-beneficio\/#primaryimage"},"thumbnailUrl":"https:\/\/tribunademinas.audiencelabs.com.br\/wp-content\/uploads\/2025\/09\/Bolsa-Familia-5.webp","datePublished":"2025-09-24T10:45:00+00:00","description":"Os pagamentos do Bolsa Fam\u00edlia deste m\u00eas de setembro de 2025 j\u00e1 come\u00e7aram a ser feitos pelo Governo Federal.","breadcrumb":{"@id":"https:\/\/tribunademinas.audiencelabs.com.br\/bolsa-familia-cancelado-milhares-de-brasileiros-perdem-beneficio\/#breadcrumb"},"inLanguage":"pt-BR","potentialAction":[{"@type":"ReadAction","target":["https:\/\/tribunademinas.audiencelabs.com.br\/bolsa-familia-cancelado-milhares-de-brasileiros-perdem-beneficio\/"]}]},{"@type":"ImageObject","inLanguage":"pt-BR","@id":"https:\/\/tribunademinas.audiencelabs.com.br\/bolsa-familia-cancelado-milhares-de-brasileiros-perdem-beneficio\/#primaryimage","url":"https:\/\/tribunademinas.audiencelabs.com.br\/wp-content\/uploads\/2025\/09\/Bolsa-Familia-5.webp","contentUrl":"https:\/\/tribunademinas.audiencelabs.com.br\/wp-content\/uploads\/2025\/09\/Bolsa-Familia-5.webp","width":1170,"height":700,"caption":"Bolsa Fam\u00edlia cancelado: milhares de brasileiros perdem benef\u00edcio - Imagem: Divulga\u00e7\u00e3o\/MDS"},{"@type":"BreadcrumbList","@id":"https:\/\/tribunademinas.audiencelabs.com.br\/bolsa-familia-cancelado-milhares-de-brasileiros-perdem-beneficio\/#breadcrumb","itemListElement":[{"@type":"ListItem","position":1,"name":"In\u00edcio","item":"https:\/\/tribunademinas.audiencelabs.com.br\/"},{"@type":"ListItem","position":2,"name":"Bolsa Fam\u00edlia cancelado: milhares de brasileiros perdem benef\u00edcio"}]},{"@type":"WebSite","@id":"https:\/\/tribunademinas.audiencelabs.com.br\/#website","url":"https:\/\/tribunademinas.audiencelabs.com.br\/","name":"Tribuna de Minas - Dinheiro e Cidadania","description":"","publisher":{"@id":"https:\/\/tribunademinas.audiencelabs.com.br\/#organization"},"potentialAction":[{"@type":"SearchAction","target":{"@type":"EntryPoint","urlTemplate":"https:\/\/tribunademinas.audiencelabs.com.br\/?s={search_term_string}"},"query-input":{"@type":"PropertyValueSpecification","valueRequired":true,"valueName":"search_term_string"}}],"inLanguage":"pt-BR"},{"@type":"Organization","@id":"https:\/\/tribunademinas.audiencelabs.com.br\/#organization","name":"Tribuna de Minas - Dinheiro e Cidadania","url":"https:\/\/tribunademinas.audiencelabs.com.br\/","logo":{"@type":"ImageObject","inLanguage":"pt-BR","@id":"https:\/\/tribunademinas.audiencelabs.com.br\/#\/schema\/logo\/image\/","url":"https:\/\/tribunademinas.audiencelabs.com.br\/wp-content\/uploads\/2025\/08\/cropped-Tribuna_512x512-96x96-1.png","contentUrl":"https:\/\/tribunademinas.audiencelabs.com.br\/wp-content\/uploads\/2025\/08\/cropped-Tribuna_512x512-96x96-1.png","width":96,"height":96,"caption":"Tribuna de Minas - Dinheiro e Cidadania"},"image":{"@id":"https:\/\/tribunademinas.audiencelabs.com.br\/#\/schema\/logo\/image\/"},"sameAs":["https:\/\/www.facebook.com\/tribunademinas\/","https:\/\/x.com\/tribunademinas","https:\/\/www.instagram.com\/tribunademinas\/","https:\/\/www.youtube.com\/user\/TribunadeMinasJF"]},{"@type":"Person","@id":"https:\/\/tribunademinas.audiencelabs.com.br\/#\/schema\/person\/db18fc40307804bacef94213aa68fd9d","name":"Jeferson Carvalho","image":{"@type":"ImageObject","inLanguage":"pt-BR","@id":"https:\/\/tribunademinas.audiencelabs.com.br\/#\/schema\/person\/image\/","url":"https:\/\/secure.gravatar.com\/avatar\/cd7646e328d9670dad7dea8698522e522745eeffcff5b9d08be858e377ce326b?s=96&d=mm&r=g","contentUrl":"https:\/\/secure.gravatar.com\/avatar\/cd7646e328d9670dad7dea8698522e522745eeffcff5b9d08be858e377ce326b?s=96&d=mm&r=g","caption":"Jeferson Carvalho"},"description":"Jornalista apaixonado pela profiss\u00e3o!","url":"https:\/\/tribunademinas.audiencelabs.com.br\/author\/jeferson\/"}]}},"amp_enabled":true,"_links":{"self":[{"href":"https:\/\/tribunademinas.audiencelabs.com.br\/wp-json\/wp\/v2\/posts\/1750","targetHints":{"allow":["GET"]}}],"collection":[{"href":"https:\/\/tribunademinas.audiencelabs.com.br\/wp-json\/wp\/v2\/posts"}],"about":[{"href":"https:\/\/tribunademinas.audiencelabs.com.br\/wp-json\/wp\/v2\/types\/post"}],"author":[{"embeddable":true,"href":"https:\/\/tribunademinas.audiencelabs.com.br\/wp-json\/wp\/v2\/users\/5"}],"replies":[{"embeddable":true,"href":"https:\/\/tribunademinas.audiencelabs.com.br\/wp-json\/wp\/v2\/comments?post=1750"}],"version-history":[{"count":1,"href":"https:\/\/tribunademinas.audiencelabs.com.br\/wp-json\/wp\/v2\/posts\/1750\/revisions"}],"predecessor-version":[{"id":1752,"href":"https:\/\/tribunademinas.audiencelabs.com.br\/wp-json\/wp\/v2\/posts\/1750\/revisions\/1752"}],"wp:featuredmedia":[{"embeddable":true,"href":"https:\/\/tribunademinas.audiencelabs.com.br\/wp-json\/wp\/v2\/media\/1751"}],"wp:attachment":[{"href":"https:\/\/tribunademinas.audiencelabs.com.br\/wp-json\/wp\/v2\/media?parent=1750"}],"wp:term":[{"taxonomy":"category","embeddable":true,"href":"https:\/\/tribunademinas.audiencelabs.com.br\/wp-json\/wp\/v2\/categories?post=1750"},{"taxonomy":"post_tag","embeddable":true,"href":"https:\/\/tribunademinas.audiencelabs.com.br\/wp-json\/wp\/v2\/tags?post=1750"}],"curies":[{"name":"wp","href":"https:\/\/api.w.org\/{rel}","templated":true}]}}