{"id":1746,"date":"2025-09-24T06:45:00","date_gmt":"2025-09-24T09:45:00","guid":{"rendered":"https:\/\/tribunademinas.audiencelabs.com.br\/?p=1746"},"modified":"2025-09-23T19:41:27","modified_gmt":"2025-09-23T22:41:27","slug":"nova-escala-de-trabalho-4x3-foi-realmente-aprovada","status":"publish","type":"post","link":"https:\/\/tribunademinas.audiencelabs.com.br\/nova-escala-de-trabalho-4x3-foi-realmente-aprovada\/","title":{"rendered":"Nova escala de trabalho 4&#215;3: foi realmente aprovada?"},"content":{"rendered":"\n<p>A jornada de trabalho no modelo 4&#215;3, que \u00e9 aquela de quatro dias de expediente e tr\u00eas de folga, tem sido tema frequente nas rodas de discuss\u00e3o sobre o futuro do trabalho, tanto no Brasil quanto em outros pa\u00edses. <\/p>\n\n\n\n<p>Nos \u00faltimos meses, not\u00edcias e estudos internacionais reacenderam o debate, especialmente ap\u00f3s os resultados positivos observados em testes realizados por empresas em diferentes partes do mundo. <\/p>\n\n\n\n<p>Com isso, surgiu a d\u00favida: afinal, esse novo formato de escala j\u00e1 foi aprovado e est\u00e1 valendo no Brasil?<\/p>\n\n\n\n<h2 class=\"wp-block-heading\">Nova escala de trabalho 4&#215;3: foi realmente aprovada?<\/h2>\n\n\n\n<p>A resposta, por enquanto, \u00e9 n\u00e3o. A chamada &#8220;aprova\u00e7\u00e3o&#8221; da jornada 4&#215;3 tem rela\u00e7\u00e3o direta com experi\u00eancias pontuais conduzidas por empresas que decidiram testar o modelo. <\/p>\n\n\n\n<p>Em muitos desses casos, os resultados foram considerados positivos o suficiente para que essas empresas mantivessem a nova escala permanentemente. <\/p>\n\n\n\n<p>Al\u00e9m disso, alguns pa\u00edses, como o Reino Unido e a Nova Zel\u00e2ndia, j\u00e1 permitem a ado\u00e7\u00e3o dessa jornada em determinados contextos, dependendo da pol\u00edtica interna de cada organiza\u00e7\u00e3o e da legisla\u00e7\u00e3o vigente.<\/p>\n\n\n\n<p>No Brasil, a situa\u00e7\u00e3o ainda \u00e9 de avalia\u00e7\u00e3o e debate. Algumas empresas <a href=\"https:\/\/tribunademinas.com.br\/colunas\/maistendencias\/aprovacao-de-escala-de-trabalho-4x3-deixa-todos-em-festa\/\"><strong>v\u00eam experimentando o modelo <\/strong><\/a>de forma isolada, adaptando rotinas e fluxos de trabalho para analisar os impactos. <\/p>\n\n\n\n<p>Paralelamente, tramita no Congresso Nacional uma <a href=\"https:\/\/www.camara.leg.br\/noticias\/1136400-pec-que-acaba-com-a-escala-de-trabalho-6x1-e-protocolada-na-camara\/\"><strong>proposta de emenda constitucional<\/strong><\/a> que prev\u00ea a possibilidade de flexibilizar a jornada de trabalho, o que abriria espa\u00e7o legal para escalas como a 4&#215;3.<\/p>\n\n\n\n<p> No entanto, at\u00e9 o momento, n\u00e3o houve aprova\u00e7\u00e3o legislativa. Ou seja, n\u00e3o existe uma regra nacional que permita ou obrigue a ado\u00e7\u00e3o desse formato, e sua implementa\u00e7\u00e3o segue restrita a iniciativas privadas e experimentais.<\/p>\n\n\n\n<h3 class=\"wp-block-heading\">Escala de trabalho 4&#215;3 j\u00e1 apresenta bons resultados em alguns pa\u00edses<\/h3>\n\n\n\n<p>Nos pa\u00edses que j\u00e1 abra\u00e7aram o modelo de quatro dias \u00fateis por semana, os resultados t\u00eam sido animadores. <\/p>\n\n\n\n<p>O Reino Unido, por exemplo, realizou um estudo com dezenas de empresas entre 2022 e 2023, e os dados apontaram melhorias significativas na sa\u00fade mental dos funcion\u00e1rios, redu\u00e7\u00e3o de estresse, maior engajamento no trabalho e at\u00e9 ganhos financeiros para algumas companhias. <\/p>\n\n\n\n<p>A Nova Zel\u00e2ndia tamb\u00e9m experimentou mudan\u00e7as positivas, incluindo queda nos \u00edndices de absente\u00edsmo e aumento na reten\u00e7\u00e3o de talentos.<\/p>\n\n\n\n<p>Com base nesses dados, cresce o interesse de empresas e governos em discutir modelos de trabalho mais flex\u00edveis. No entanto, no Brasil, a mudan\u00e7a ainda est\u00e1 longe de ser oficial. <\/p>\n\n\n\n<p>A jornada 4&#215;3 pode at\u00e9 ser o futuro, mas, por enquanto, segue como possibilidade em fase de testes e debates.<\/p>\n\n\n\n<p><\/p>\n","protected":false},"excerpt":{"rendered":"<p>A jornada de trabalho no modelo 4&#215;3, que \u00e9 aquela de quatro dias de expediente e tr\u00eas de folga, tem sido tema frequente nas rodas de discuss\u00e3o sobre o futuro do trabalho, tanto no Brasil quanto em outros pa\u00edses. Nos \u00faltimos meses, not\u00edcias e estudos internacionais reacenderam o debate, especialmente ap\u00f3s os resultados positivos observados [&hellip;]<\/p>\n","protected":false},"author":5,"featured_media":1748,"comment_status":"open","ping_status":"open","sticky":false,"template":"","format":"standard","meta":{"jnews-multi-image_gallery":[],"jnews_single_post":{"format":"standard"},"jnews_primary_category":[],"jnews_social_meta":[],"jnews_post_split":[],"footnotes":""},"categories":[159],"tags":[],"class_list":["post-1746","post","type-post","status-publish","format-standard","has-post-thumbnail","hentry","category-cidadania"],"yoast_head":"<!-- This site is optimized with the Yoast SEO plugin v25.6 - https:\/\/yoast.com\/wordpress\/plugins\/seo\/ -->\n<title>Nova escala de trabalho 4x3: foi realmente aprovada?<\/title>\n<meta name=\"description\" content=\"A jornada de trabalho no modelo 4x3, que \u00e9 aquela de quatro dias de expediente e tr\u00eas de folga, tem sido tema frequente de discuss\u00e3o.\" \/>\n<meta name=\"robots\" content=\"index, follow, max-snippet:-1, max-image-preview:large, max-video-preview:-1\" \/>\n<link rel=\"canonical\" href=\"https:\/\/tribunademinas.audiencelabs.com.br\/nova-escala-de-trabalho-4x3-foi-realmente-aprovada\/\" \/>\n<meta property=\"og:locale\" content=\"pt_BR\" \/>\n<meta property=\"og:type\" content=\"article\" \/>\n<meta property=\"og:title\" content=\"Nova escala de trabalho 4x3: foi realmente aprovada?\" \/>\n<meta property=\"og:description\" content=\"A jornada de trabalho no modelo 4x3, que \u00e9 aquela de quatro dias de expediente e tr\u00eas de folga, tem sido tema frequente de discuss\u00e3o.\" \/>\n<meta property=\"og:url\" content=\"https:\/\/tribunademinas.audiencelabs.com.br\/nova-escala-de-trabalho-4x3-foi-realmente-aprovada\/\" \/>\n<meta property=\"og:site_name\" content=\"Tribuna de Minas - Dinheiro e Cidadania\" \/>\n<meta property=\"article:publisher\" content=\"https:\/\/www.facebook.com\/tribunademinas\/\" \/>\n<meta property=\"article:published_time\" content=\"2025-09-24T09:45:00+00:00\" \/>\n<meta property=\"og:image\" content=\"https:\/\/tribunademinas.audiencelabs.com.br\/wp-content\/uploads\/2025\/09\/trabalho-3.webp\" \/>\n\t<meta property=\"og:image:width\" content=\"770\" \/>\n\t<meta property=\"og:image:height\" content=\"513\" \/>\n\t<meta property=\"og:image:type\" content=\"image\/webp\" \/>\n<meta name=\"author\" content=\"Jeferson Carvalho\" \/>\n<meta name=\"twitter:card\" content=\"summary_large_image\" \/>\n<meta name=\"twitter:creator\" content=\"@tribunademinas\" \/>\n<meta name=\"twitter:site\" content=\"@tribunademinas\" \/>\n<meta name=\"twitter:label1\" content=\"Escrito por\" \/>\n\t<meta name=\"twitter:data1\" content=\"Jeferson Carvalho\" \/>\n\t<meta name=\"twitter:label2\" content=\"Est. tempo de leitura\" \/>\n\t<meta name=\"twitter:data2\" content=\"3 minutos\" \/>\n<!-- \/ Yoast SEO plugin. -->","yoast_head_json":{"title":"Nova escala de trabalho 4x3: foi realmente aprovada?","description":"A jornada de trabalho no modelo 4x3, que \u00e9 aquela de quatro dias de expediente e tr\u00eas de folga, tem sido tema frequente de discuss\u00e3o.","robots":{"index":"index","follow":"follow","max-snippet":"max-snippet:-1","max-image-preview":"max-image-preview:large","max-video-preview":"max-video-preview:-1"},"canonical":"https:\/\/tribunademinas.audiencelabs.com.br\/nova-escala-de-trabalho-4x3-foi-realmente-aprovada\/","og_locale":"pt_BR","og_type":"article","og_title":"Nova escala de trabalho 4x3: foi realmente aprovada?","og_description":"A jornada de trabalho no modelo 4x3, que \u00e9 aquela de quatro dias de expediente e tr\u00eas de folga, tem sido tema frequente de discuss\u00e3o.","og_url":"https:\/\/tribunademinas.audiencelabs.com.br\/nova-escala-de-trabalho-4x3-foi-realmente-aprovada\/","og_site_name":"Tribuna de Minas - Dinheiro e Cidadania","article_publisher":"https:\/\/www.facebook.com\/tribunademinas\/","article_published_time":"2025-09-24T09:45:00+00:00","og_image":[{"width":770,"height":513,"url":"https:\/\/tribunademinas.audiencelabs.com.br\/wp-content\/uploads\/2025\/09\/trabalho-3.webp","type":"image\/webp"}],"author":"Jeferson Carvalho","twitter_card":"summary_large_image","twitter_creator":"@tribunademinas","twitter_site":"@tribunademinas","twitter_misc":{"Escrito por":"Jeferson Carvalho","Est. tempo de leitura":"3 minutos"},"schema":{"@context":"https:\/\/schema.org","@graph":[{"@type":"Article","@id":"https:\/\/tribunademinas.audiencelabs.com.br\/nova-escala-de-trabalho-4x3-foi-realmente-aprovada\/#article","isPartOf":{"@id":"https:\/\/tribunademinas.audiencelabs.com.br\/nova-escala-de-trabalho-4x3-foi-realmente-aprovada\/"},"author":{"name":"Jeferson Carvalho","@id":"https:\/\/tribunademinas.audiencelabs.com.br\/#\/schema\/person\/db18fc40307804bacef94213aa68fd9d"},"headline":"Nova escala de trabalho 4&#215;3: foi realmente aprovada?","datePublished":"2025-09-24T09:45:00+00:00","mainEntityOfPage":{"@id":"https:\/\/tribunademinas.audiencelabs.com.br\/nova-escala-de-trabalho-4x3-foi-realmente-aprovada\/"},"wordCount":445,"commentCount":0,"publisher":{"@id":"https:\/\/tribunademinas.audiencelabs.com.br\/#organization"},"image":{"@id":"https:\/\/tribunademinas.audiencelabs.com.br\/nova-escala-de-trabalho-4x3-foi-realmente-aprovada\/#primaryimage"},"thumbnailUrl":"https:\/\/tribunademinas.audiencelabs.com.br\/wp-content\/uploads\/2025\/09\/trabalho-3.webp","articleSection":["Cidadania"],"inLanguage":"pt-BR","potentialAction":[{"@type":"CommentAction","name":"Comment","target":["https:\/\/tribunademinas.audiencelabs.com.br\/nova-escala-de-trabalho-4x3-foi-realmente-aprovada\/#respond"]}]},{"@type":"WebPage","@id":"https:\/\/tribunademinas.audiencelabs.com.br\/nova-escala-de-trabalho-4x3-foi-realmente-aprovada\/","url":"https:\/\/tribunademinas.audiencelabs.com.br\/nova-escala-de-trabalho-4x3-foi-realmente-aprovada\/","name":"Nova escala de trabalho 4x3: foi realmente aprovada?","isPartOf":{"@id":"https:\/\/tribunademinas.audiencelabs.com.br\/#website"},"primaryImageOfPage":{"@id":"https:\/\/tribunademinas.audiencelabs.com.br\/nova-escala-de-trabalho-4x3-foi-realmente-aprovada\/#primaryimage"},"image":{"@id":"https:\/\/tribunademinas.audiencelabs.com.br\/nova-escala-de-trabalho-4x3-foi-realmente-aprovada\/#primaryimage"},"thumbnailUrl":"https:\/\/tribunademinas.audiencelabs.com.br\/wp-content\/uploads\/2025\/09\/trabalho-3.webp","datePublished":"2025-09-24T09:45:00+00:00","description":"A jornada de trabalho no modelo 4x3, que \u00e9 aquela de quatro dias de expediente e tr\u00eas de folga, tem sido tema frequente de discuss\u00e3o.","breadcrumb":{"@id":"https:\/\/tribunademinas.audiencelabs.com.br\/nova-escala-de-trabalho-4x3-foi-realmente-aprovada\/#breadcrumb"},"inLanguage":"pt-BR","potentialAction":[{"@type":"ReadAction","target":["https:\/\/tribunademinas.audiencelabs.com.br\/nova-escala-de-trabalho-4x3-foi-realmente-aprovada\/"]}]},{"@type":"ImageObject","inLanguage":"pt-BR","@id":"https:\/\/tribunademinas.audiencelabs.com.br\/nova-escala-de-trabalho-4x3-foi-realmente-aprovada\/#primaryimage","url":"https:\/\/tribunademinas.audiencelabs.com.br\/wp-content\/uploads\/2025\/09\/trabalho-3.webp","contentUrl":"https:\/\/tribunademinas.audiencelabs.com.br\/wp-content\/uploads\/2025\/09\/trabalho-3.webp","width":770,"height":513,"caption":"Nova escala de trabalho 4x3: foi realmente aprovada? - Imagem: Bruno Peres\/Ag\u00eancia Brasil"},{"@type":"BreadcrumbList","@id":"https:\/\/tribunademinas.audiencelabs.com.br\/nova-escala-de-trabalho-4x3-foi-realmente-aprovada\/#breadcrumb","itemListElement":[{"@type":"ListItem","position":1,"name":"In\u00edcio","item":"https:\/\/tribunademinas.audiencelabs.com.br\/"},{"@type":"ListItem","position":2,"name":"Nova escala de trabalho 4&#215;3: foi realmente aprovada?"}]},{"@type":"WebSite","@id":"https:\/\/tribunademinas.audiencelabs.com.br\/#website","url":"https:\/\/tribunademinas.audiencelabs.com.br\/","name":"Tribuna de Minas - Dinheiro e Cidadania","description":"","publisher":{"@id":"https:\/\/tribunademinas.audiencelabs.com.br\/#organization"},"potentialAction":[{"@type":"SearchAction","target":{"@type":"EntryPoint","urlTemplate":"https:\/\/tribunademinas.audiencelabs.com.br\/?s={search_term_string}"},"query-input":{"@type":"PropertyValueSpecification","valueRequired":true,"valueName":"search_term_string"}}],"inLanguage":"pt-BR"},{"@type":"Organization","@id":"https:\/\/tribunademinas.audiencelabs.com.br\/#organization","name":"Tribuna de Minas - Dinheiro e Cidadania","url":"https:\/\/tribunademinas.audiencelabs.com.br\/","logo":{"@type":"ImageObject","inLanguage":"pt-BR","@id":"https:\/\/tribunademinas.audiencelabs.com.br\/#\/schema\/logo\/image\/","url":"https:\/\/tribunademinas.audiencelabs.com.br\/wp-content\/uploads\/2025\/08\/cropped-Tribuna_512x512-96x96-1.png","contentUrl":"https:\/\/tribunademinas.audiencelabs.com.br\/wp-content\/uploads\/2025\/08\/cropped-Tribuna_512x512-96x96-1.png","width":96,"height":96,"caption":"Tribuna de Minas - Dinheiro e Cidadania"},"image":{"@id":"https:\/\/tribunademinas.audiencelabs.com.br\/#\/schema\/logo\/image\/"},"sameAs":["https:\/\/www.facebook.com\/tribunademinas\/","https:\/\/x.com\/tribunademinas","https:\/\/www.instagram.com\/tribunademinas\/","https:\/\/www.youtube.com\/user\/TribunadeMinasJF"]},{"@type":"Person","@id":"https:\/\/tribunademinas.audiencelabs.com.br\/#\/schema\/person\/db18fc40307804bacef94213aa68fd9d","name":"Jeferson Carvalho","image":{"@type":"ImageObject","inLanguage":"pt-BR","@id":"https:\/\/tribunademinas.audiencelabs.com.br\/#\/schema\/person\/image\/","url":"https:\/\/secure.gravatar.com\/avatar\/cd7646e328d9670dad7dea8698522e522745eeffcff5b9d08be858e377ce326b?s=96&d=mm&r=g","contentUrl":"https:\/\/secure.gravatar.com\/avatar\/cd7646e328d9670dad7dea8698522e522745eeffcff5b9d08be858e377ce326b?s=96&d=mm&r=g","caption":"Jeferson Carvalho"},"description":"Jornalista apaixonado pela profiss\u00e3o!","url":"https:\/\/tribunademinas.audiencelabs.com.br\/author\/jeferson\/"}]}},"amp_enabled":true,"_links":{"self":[{"href":"https:\/\/tribunademinas.audiencelabs.com.br\/wp-json\/wp\/v2\/posts\/1746","targetHints":{"allow":["GET"]}}],"collection":[{"href":"https:\/\/tribunademinas.audiencelabs.com.br\/wp-json\/wp\/v2\/posts"}],"about":[{"href":"https:\/\/tribunademinas.audiencelabs.com.br\/wp-json\/wp\/v2\/types\/post"}],"author":[{"embeddable":true,"href":"https:\/\/tribunademinas.audiencelabs.com.br\/wp-json\/wp\/v2\/users\/5"}],"replies":[{"embeddable":true,"href":"https:\/\/tribunademinas.audiencelabs.com.br\/wp-json\/wp\/v2\/comments?post=1746"}],"version-history":[{"count":1,"href":"https:\/\/tribunademinas.audiencelabs.com.br\/wp-json\/wp\/v2\/posts\/1746\/revisions"}],"predecessor-version":[{"id":1749,"href":"https:\/\/tribunademinas.audiencelabs.com.br\/wp-json\/wp\/v2\/posts\/1746\/revisions\/1749"}],"wp:featuredmedia":[{"embeddable":true,"href":"https:\/\/tribunademinas.audiencelabs.com.br\/wp-json\/wp\/v2\/media\/1748"}],"wp:attachment":[{"href":"https:\/\/tribunademinas.audiencelabs.com.br\/wp-json\/wp\/v2\/media?parent=1746"}],"wp:term":[{"taxonomy":"category","embeddable":true,"href":"https:\/\/tribunademinas.audiencelabs.com.br\/wp-json\/wp\/v2\/categories?post=1746"},{"taxonomy":"post_tag","embeddable":true,"href":"https:\/\/tribunademinas.audiencelabs.com.br\/wp-json\/wp\/v2\/tags?post=1746"}],"curies":[{"name":"wp","href":"https:\/\/api.w.org\/{rel}","templated":true}]}}