{"id":1728,"date":"2025-09-23T17:47:56","date_gmt":"2025-09-23T20:47:56","guid":{"rendered":"https:\/\/tribunademinas.audiencelabs.com.br\/?p=1728"},"modified":"2025-09-23T17:47:59","modified_gmt":"2025-09-23T20:47:59","slug":"inss-vai-surpreender-e-cancelar-beneficios-nos-proximos-15-dias","status":"publish","type":"post","link":"https:\/\/tribunademinas.audiencelabs.com.br\/inss-vai-surpreender-e-cancelar-beneficios-nos-proximos-15-dias\/","title":{"rendered":"INSS vai surpreender e cancelar benef\u00edcios nos pr\u00f3ximos 15 dias"},"content":{"rendered":"\n<p>O Supremo Tribunal Federal (<a href=\"https:\/\/portal.stf.jus.br\/\"><strong>STF<\/strong><\/a>) confirmou a legalidade de uma regra que pode pegar muitos benefici\u00e1rios de surpresa: a possibilidade de o <a href=\"https:\/\/tribunademinas.com.br\/colunas\/dinheiroecidadania\/aposentados-do-inss-precisam-ler-essa-noticia-ainda-hoje\/\"><strong>Instituto Nacional do Seguro Social<\/strong><\/a> (INSS) encerrar automaticamente, ap\u00f3s 120 dias, o pagamento do aux\u00edlio-doen\u00e7a, sem necessidade de nova per\u00edcia m\u00e9dica. <\/p>\n\n\n\n<p>A decis\u00e3o, tomada por unanimidade no plen\u00e1rio da Corte, d\u00e1 respaldo definitivo a um modelo de concess\u00e3o que j\u00e1 vinha sendo aplicado, mas que ainda era alvo de disputas judiciais em todo o pa\u00eds.<\/p>\n\n\n\n<h3 class=\"wp-block-heading\">INSS vai surpreender e cancelar benef\u00edcios nos pr\u00f3ximos 15 dias<\/h3>\n\n\n\n<p>Na pr\u00e1tica, isso significa que o aux\u00edlio-doen\u00e7a passa a ter prazo determinado para acabar, a menos que o pr\u00f3prio segurado pe\u00e7a a prorroga\u00e7\u00e3o antes do fim do benef\u00edcio. <\/p>\n\n\n\n<p>O STF tamb\u00e9m autorizou que, no momento da concess\u00e3o ou reativa\u00e7\u00e3o do aux\u00edlio, o INSS ou o Judici\u00e1rio j\u00e1 definam uma data final anterior aos 120 dias, conhecida como Data de Cessa\u00e7\u00e3o do Benef\u00edcio (DCB). <\/p>\n\n\n\n<p>Essa medida, segundo os ministros, n\u00e3o fere a Constitui\u00e7\u00e3o, desde que o segurado tenha o direito de solicitar a continuidade do pagamento mediante novo pedido com documenta\u00e7\u00e3o m\u00e9dica.<\/p>\n\n\n\n<p>A decis\u00e3o tem efeito vinculante, ou seja, passa a ser refer\u00eancia obrigat\u00f3ria para todos os processos semelhantes em tramita\u00e7\u00e3o na Justi\u00e7a brasileira. <\/p>\n\n\n\n<p>Ela refor\u00e7a uma pol\u00edtica iniciada em 2017, quando medidas provis\u00f3rias transformadas em lei estabeleceram a possibilidade da chamada \u201calta programada\u201d. <\/p>\n\n\n\n<p>At\u00e9 ent\u00e3o, muitos segurados contavam com o benef\u00edcio at\u00e9 nova per\u00edcia ou decis\u00e3o judicial, o que gerava incerteza e, em muitos casos, judicializa\u00e7\u00e3o excessiva.<\/p>\n\n\n\n<h3 class=\"wp-block-heading\">O que muda para benefici\u00e1rios do aux\u00edlio-doen\u00e7a do INSS?<\/h3>\n\n\n\n<p>Para os trabalhadores afastados por motivos de sa\u00fade, a mudan\u00e7a representa uma exig\u00eancia maior de aten\u00e7\u00e3o e organiza\u00e7\u00e3o. Quem n\u00e3o se atentar ao prazo pode ter o benef\u00edcio encerrado mesmo ainda estando incapacitado.<\/p>\n\n\n\n<p>Por isso, \u00e9 essencial acompanhar a data de cessa\u00e7\u00e3o do benef\u00edcio informada na carta de concess\u00e3o e, caso n\u00e3o haja uma data exata, contar os 120 dias a partir do in\u00edcio do pagamento.<\/p>\n\n\n\n<p>O pedido de prorroga\u00e7\u00e3o deve ser feito antes do t\u00e9rmino do benef\u00edcio e precisa ser acompanhado de relat\u00f3rios m\u00e9dicos atualizados. Se o segurado perder esse prazo, corre o risco de ficar sem renda durante um per\u00edodo cr\u00edtico. <\/p>\n\n\n\n<p>A decis\u00e3o do STF, embora aumente a previsibilidade para o INSS, exige mais preparo por parte do cidad\u00e3o. Informa\u00e7\u00e3o, vigil\u00e2ncia sobre os prazos e documenta\u00e7\u00e3o em dia passam a ser os principais aliados para n\u00e3o ser pego de surpresa pelo fim autom\u00e1tico do aux\u00edlio.<\/p>\n\n\n\n<p><\/p>\n","protected":false},"excerpt":{"rendered":"<p>O Supremo Tribunal Federal (STF) confirmou a legalidade de uma regra que pode pegar muitos benefici\u00e1rios de surpresa: a possibilidade de o Instituto Nacional do Seguro Social (INSS) encerrar automaticamente, ap\u00f3s 120 dias, o pagamento do aux\u00edlio-doen\u00e7a, sem necessidade de nova per\u00edcia m\u00e9dica. A decis\u00e3o, tomada por unanimidade no plen\u00e1rio da Corte, d\u00e1 respaldo definitivo [&hellip;]<\/p>\n","protected":false},"author":5,"featured_media":1735,"comment_status":"open","ping_status":"open","sticky":false,"template":"","format":"standard","meta":{"jnews-multi-image_gallery":[],"jnews_single_post":{"format":"standard"},"jnews_primary_category":[],"jnews_social_meta":[],"jnews_post_split":[],"footnotes":""},"categories":[159],"tags":[],"class_list":["post-1728","post","type-post","status-publish","format-standard","has-post-thumbnail","hentry","category-cidadania"],"yoast_head":"<!-- This site is optimized with the Yoast SEO plugin v25.6 - https:\/\/yoast.com\/wordpress\/plugins\/seo\/ -->\n<title>INSS vai surpreender e cancelar benef\u00edcios nos pr\u00f3ximos 15 dias<\/title>\n<meta name=\"description\" content=\"O INSS agora pode encerrar automaticamente, ap\u00f3s 120 dias, o pagamento do aux\u00edlio-doen\u00e7a, sem necessidade de nova per\u00edcia m\u00e9dica.\" \/>\n<meta name=\"robots\" content=\"index, follow, max-snippet:-1, max-image-preview:large, max-video-preview:-1\" \/>\n<link rel=\"canonical\" href=\"https:\/\/tribunademinas.audiencelabs.com.br\/inss-vai-surpreender-e-cancelar-beneficios-nos-proximos-15-dias\/\" \/>\n<meta property=\"og:locale\" content=\"pt_BR\" \/>\n<meta property=\"og:type\" content=\"article\" \/>\n<meta property=\"og:title\" content=\"INSS vai surpreender e cancelar benef\u00edcios nos pr\u00f3ximos 15 dias\" \/>\n<meta property=\"og:description\" content=\"O INSS agora pode encerrar automaticamente, ap\u00f3s 120 dias, o pagamento do aux\u00edlio-doen\u00e7a, sem necessidade de nova per\u00edcia m\u00e9dica.\" \/>\n<meta property=\"og:url\" content=\"https:\/\/tribunademinas.audiencelabs.com.br\/inss-vai-surpreender-e-cancelar-beneficios-nos-proximos-15-dias\/\" \/>\n<meta property=\"og:site_name\" content=\"Tribuna de Minas - Dinheiro e Cidadania\" \/>\n<meta property=\"article:publisher\" content=\"https:\/\/www.facebook.com\/tribunademinas\/\" \/>\n<meta property=\"article:published_time\" content=\"2025-09-23T20:47:56+00:00\" \/>\n<meta property=\"article:modified_time\" content=\"2025-09-23T20:47:59+00:00\" \/>\n<meta property=\"og:image\" content=\"https:\/\/tribunademinas.audiencelabs.com.br\/wp-content\/uploads\/2025\/09\/INSS-8.webp\" \/>\n\t<meta property=\"og:image:width\" content=\"1170\" \/>\n\t<meta property=\"og:image:height\" content=\"700\" \/>\n\t<meta property=\"og:image:type\" content=\"image\/webp\" \/>\n<meta name=\"author\" content=\"Jeferson Carvalho\" \/>\n<meta name=\"twitter:card\" content=\"summary_large_image\" \/>\n<meta name=\"twitter:creator\" content=\"@tribunademinas\" \/>\n<meta name=\"twitter:site\" content=\"@tribunademinas\" \/>\n<meta name=\"twitter:label1\" content=\"Escrito por\" \/>\n\t<meta name=\"twitter:data1\" content=\"Jeferson Carvalho\" \/>\n\t<meta name=\"twitter:label2\" content=\"Est. tempo de leitura\" \/>\n\t<meta name=\"twitter:data2\" content=\"3 minutos\" \/>\n<!-- \/ Yoast SEO plugin. -->","yoast_head_json":{"title":"INSS vai surpreender e cancelar benef\u00edcios nos pr\u00f3ximos 15 dias","description":"O INSS agora pode encerrar automaticamente, ap\u00f3s 120 dias, o pagamento do aux\u00edlio-doen\u00e7a, sem necessidade de nova per\u00edcia m\u00e9dica.","robots":{"index":"index","follow":"follow","max-snippet":"max-snippet:-1","max-image-preview":"max-image-preview:large","max-video-preview":"max-video-preview:-1"},"canonical":"https:\/\/tribunademinas.audiencelabs.com.br\/inss-vai-surpreender-e-cancelar-beneficios-nos-proximos-15-dias\/","og_locale":"pt_BR","og_type":"article","og_title":"INSS vai surpreender e cancelar benef\u00edcios nos pr\u00f3ximos 15 dias","og_description":"O INSS agora pode encerrar automaticamente, ap\u00f3s 120 dias, o pagamento do aux\u00edlio-doen\u00e7a, sem necessidade de nova per\u00edcia m\u00e9dica.","og_url":"https:\/\/tribunademinas.audiencelabs.com.br\/inss-vai-surpreender-e-cancelar-beneficios-nos-proximos-15-dias\/","og_site_name":"Tribuna de Minas - Dinheiro e Cidadania","article_publisher":"https:\/\/www.facebook.com\/tribunademinas\/","article_published_time":"2025-09-23T20:47:56+00:00","article_modified_time":"2025-09-23T20:47:59+00:00","og_image":[{"width":1170,"height":700,"url":"https:\/\/tribunademinas.audiencelabs.com.br\/wp-content\/uploads\/2025\/09\/INSS-8.webp","type":"image\/webp"}],"author":"Jeferson Carvalho","twitter_card":"summary_large_image","twitter_creator":"@tribunademinas","twitter_site":"@tribunademinas","twitter_misc":{"Escrito por":"Jeferson Carvalho","Est. tempo de leitura":"3 minutos"},"schema":{"@context":"https:\/\/schema.org","@graph":[{"@type":"Article","@id":"https:\/\/tribunademinas.audiencelabs.com.br\/inss-vai-surpreender-e-cancelar-beneficios-nos-proximos-15-dias\/#article","isPartOf":{"@id":"https:\/\/tribunademinas.audiencelabs.com.br\/inss-vai-surpreender-e-cancelar-beneficios-nos-proximos-15-dias\/"},"author":{"name":"Jeferson Carvalho","@id":"https:\/\/tribunademinas.audiencelabs.com.br\/#\/schema\/person\/db18fc40307804bacef94213aa68fd9d"},"headline":"INSS vai surpreender e cancelar benef\u00edcios nos pr\u00f3ximos 15 dias","datePublished":"2025-09-23T20:47:56+00:00","dateModified":"2025-09-23T20:47:59+00:00","mainEntityOfPage":{"@id":"https:\/\/tribunademinas.audiencelabs.com.br\/inss-vai-surpreender-e-cancelar-beneficios-nos-proximos-15-dias\/"},"wordCount":478,"commentCount":0,"publisher":{"@id":"https:\/\/tribunademinas.audiencelabs.com.br\/#organization"},"image":{"@id":"https:\/\/tribunademinas.audiencelabs.com.br\/inss-vai-surpreender-e-cancelar-beneficios-nos-proximos-15-dias\/#primaryimage"},"thumbnailUrl":"https:\/\/tribunademinas.audiencelabs.com.br\/wp-content\/uploads\/2025\/09\/INSS-8.webp","articleSection":["Cidadania"],"inLanguage":"pt-BR","potentialAction":[{"@type":"CommentAction","name":"Comment","target":["https:\/\/tribunademinas.audiencelabs.com.br\/inss-vai-surpreender-e-cancelar-beneficios-nos-proximos-15-dias\/#respond"]}]},{"@type":"WebPage","@id":"https:\/\/tribunademinas.audiencelabs.com.br\/inss-vai-surpreender-e-cancelar-beneficios-nos-proximos-15-dias\/","url":"https:\/\/tribunademinas.audiencelabs.com.br\/inss-vai-surpreender-e-cancelar-beneficios-nos-proximos-15-dias\/","name":"INSS vai surpreender e cancelar benef\u00edcios nos pr\u00f3ximos 15 dias","isPartOf":{"@id":"https:\/\/tribunademinas.audiencelabs.com.br\/#website"},"primaryImageOfPage":{"@id":"https:\/\/tribunademinas.audiencelabs.com.br\/inss-vai-surpreender-e-cancelar-beneficios-nos-proximos-15-dias\/#primaryimage"},"image":{"@id":"https:\/\/tribunademinas.audiencelabs.com.br\/inss-vai-surpreender-e-cancelar-beneficios-nos-proximos-15-dias\/#primaryimage"},"thumbnailUrl":"https:\/\/tribunademinas.audiencelabs.com.br\/wp-content\/uploads\/2025\/09\/INSS-8.webp","datePublished":"2025-09-23T20:47:56+00:00","dateModified":"2025-09-23T20:47:59+00:00","description":"O INSS agora pode encerrar automaticamente, ap\u00f3s 120 dias, o pagamento do aux\u00edlio-doen\u00e7a, sem necessidade de nova per\u00edcia m\u00e9dica.","breadcrumb":{"@id":"https:\/\/tribunademinas.audiencelabs.com.br\/inss-vai-surpreender-e-cancelar-beneficios-nos-proximos-15-dias\/#breadcrumb"},"inLanguage":"pt-BR","potentialAction":[{"@type":"ReadAction","target":["https:\/\/tribunademinas.audiencelabs.com.br\/inss-vai-surpreender-e-cancelar-beneficios-nos-proximos-15-dias\/"]}]},{"@type":"ImageObject","inLanguage":"pt-BR","@id":"https:\/\/tribunademinas.audiencelabs.com.br\/inss-vai-surpreender-e-cancelar-beneficios-nos-proximos-15-dias\/#primaryimage","url":"https:\/\/tribunademinas.audiencelabs.com.br\/wp-content\/uploads\/2025\/09\/INSS-8.webp","contentUrl":"https:\/\/tribunademinas.audiencelabs.com.br\/wp-content\/uploads\/2025\/09\/INSS-8.webp","width":1170,"height":700,"caption":"INSS vai surpreender e cancelar benef\u00edcios nos pr\u00f3ximos 15 dias - Imagem: Rafa Neddermeyer\/Ag\u00eancia Brasil"},{"@type":"BreadcrumbList","@id":"https:\/\/tribunademinas.audiencelabs.com.br\/inss-vai-surpreender-e-cancelar-beneficios-nos-proximos-15-dias\/#breadcrumb","itemListElement":[{"@type":"ListItem","position":1,"name":"In\u00edcio","item":"https:\/\/tribunademinas.audiencelabs.com.br\/"},{"@type":"ListItem","position":2,"name":"INSS vai surpreender e cancelar benef\u00edcios nos pr\u00f3ximos 15 dias"}]},{"@type":"WebSite","@id":"https:\/\/tribunademinas.audiencelabs.com.br\/#website","url":"https:\/\/tribunademinas.audiencelabs.com.br\/","name":"Tribuna de Minas - Dinheiro e Cidadania","description":"","publisher":{"@id":"https:\/\/tribunademinas.audiencelabs.com.br\/#organization"},"potentialAction":[{"@type":"SearchAction","target":{"@type":"EntryPoint","urlTemplate":"https:\/\/tribunademinas.audiencelabs.com.br\/?s={search_term_string}"},"query-input":{"@type":"PropertyValueSpecification","valueRequired":true,"valueName":"search_term_string"}}],"inLanguage":"pt-BR"},{"@type":"Organization","@id":"https:\/\/tribunademinas.audiencelabs.com.br\/#organization","name":"Tribuna de Minas - Dinheiro e Cidadania","url":"https:\/\/tribunademinas.audiencelabs.com.br\/","logo":{"@type":"ImageObject","inLanguage":"pt-BR","@id":"https:\/\/tribunademinas.audiencelabs.com.br\/#\/schema\/logo\/image\/","url":"https:\/\/tribunademinas.audiencelabs.com.br\/wp-content\/uploads\/2025\/08\/cropped-Tribuna_512x512-96x96-1.png","contentUrl":"https:\/\/tribunademinas.audiencelabs.com.br\/wp-content\/uploads\/2025\/08\/cropped-Tribuna_512x512-96x96-1.png","width":96,"height":96,"caption":"Tribuna de Minas - Dinheiro e Cidadania"},"image":{"@id":"https:\/\/tribunademinas.audiencelabs.com.br\/#\/schema\/logo\/image\/"},"sameAs":["https:\/\/www.facebook.com\/tribunademinas\/","https:\/\/x.com\/tribunademinas","https:\/\/www.instagram.com\/tribunademinas\/","https:\/\/www.youtube.com\/user\/TribunadeMinasJF"]},{"@type":"Person","@id":"https:\/\/tribunademinas.audiencelabs.com.br\/#\/schema\/person\/db18fc40307804bacef94213aa68fd9d","name":"Jeferson Carvalho","image":{"@type":"ImageObject","inLanguage":"pt-BR","@id":"https:\/\/tribunademinas.audiencelabs.com.br\/#\/schema\/person\/image\/","url":"https:\/\/secure.gravatar.com\/avatar\/cd7646e328d9670dad7dea8698522e522745eeffcff5b9d08be858e377ce326b?s=96&d=mm&r=g","contentUrl":"https:\/\/secure.gravatar.com\/avatar\/cd7646e328d9670dad7dea8698522e522745eeffcff5b9d08be858e377ce326b?s=96&d=mm&r=g","caption":"Jeferson Carvalho"},"description":"Jornalista apaixonado pela profiss\u00e3o!","url":"https:\/\/tribunademinas.audiencelabs.com.br\/author\/jeferson\/"}]}},"amp_enabled":true,"_links":{"self":[{"href":"https:\/\/tribunademinas.audiencelabs.com.br\/wp-json\/wp\/v2\/posts\/1728","targetHints":{"allow":["GET"]}}],"collection":[{"href":"https:\/\/tribunademinas.audiencelabs.com.br\/wp-json\/wp\/v2\/posts"}],"about":[{"href":"https:\/\/tribunademinas.audiencelabs.com.br\/wp-json\/wp\/v2\/types\/post"}],"author":[{"embeddable":true,"href":"https:\/\/tribunademinas.audiencelabs.com.br\/wp-json\/wp\/v2\/users\/5"}],"replies":[{"embeddable":true,"href":"https:\/\/tribunademinas.audiencelabs.com.br\/wp-json\/wp\/v2\/comments?post=1728"}],"version-history":[{"count":1,"href":"https:\/\/tribunademinas.audiencelabs.com.br\/wp-json\/wp\/v2\/posts\/1728\/revisions"}],"predecessor-version":[{"id":1737,"href":"https:\/\/tribunademinas.audiencelabs.com.br\/wp-json\/wp\/v2\/posts\/1728\/revisions\/1737"}],"wp:featuredmedia":[{"embeddable":true,"href":"https:\/\/tribunademinas.audiencelabs.com.br\/wp-json\/wp\/v2\/media\/1735"}],"wp:attachment":[{"href":"https:\/\/tribunademinas.audiencelabs.com.br\/wp-json\/wp\/v2\/media?parent=1728"}],"wp:term":[{"taxonomy":"category","embeddable":true,"href":"https:\/\/tribunademinas.audiencelabs.com.br\/wp-json\/wp\/v2\/categories?post=1728"},{"taxonomy":"post_tag","embeddable":true,"href":"https:\/\/tribunademinas.audiencelabs.com.br\/wp-json\/wp\/v2\/tags?post=1728"}],"curies":[{"name":"wp","href":"https:\/\/api.w.org\/{rel}","templated":true}]}}