{"id":1711,"date":"2025-09-22T19:55:54","date_gmt":"2025-09-22T22:55:54","guid":{"rendered":"https:\/\/tribunademinas.audiencelabs.com.br\/?p=1711"},"modified":"2025-09-22T19:55:59","modified_gmt":"2025-09-22T22:55:59","slug":"greve-dos-controladores-de-voos-nao-vai-mais-acontecer","status":"publish","type":"post","link":"https:\/\/tribunademinas.audiencelabs.com.br\/greve-dos-controladores-de-voos-nao-vai-mais-acontecer\/","title":{"rendered":"Greve dos controladores de voos n\u00e3o vai mais acontecer"},"content":{"rendered":"\n<p>A greve dos profissionais civis respons\u00e1veis pelo controle do tr\u00e1fego a\u00e9reo no Brasil, que estava prevista para come\u00e7ar na pr\u00f3xima quarta-feira, 24 de setembro, foi suspensa. <\/p>\n\n\n\n<p>A informa\u00e7\u00e3o foi confirmada pelo Sindicato Nacional dos Trabalhadores na Prote\u00e7\u00e3o ao Voo (SNTPV) nas <a href=\"https:\/\/www.instagram.com\/sntpvenav\/\"><strong>redes sociais<\/strong><\/a>, ap\u00f3s o resultado de uma nova vota\u00e7\u00e3o entre os membros da categoria.<\/p>\n\n\n\n<h2 class=\"wp-block-heading\">Greve dos controladores de voos n\u00e3o vai mais acontecer<\/h2>\n\n\n\n<p>A decis\u00e3o pela suspens\u00e3o da <a href=\"https:\/\/tribunademinas.com.br\/colunas\/maistendencias\/correios-vao-entrar-em-greve-em-agosto-de-2025-decisao-foi-tomada\/\"><strong>greve<\/strong><\/a> veio ap\u00f3s uma assembleia realizada nesta segunda-feira, 22 de setembro. <\/p>\n\n\n\n<p>De acordo com o sindicato, a vota\u00e7\u00e3o foi reaberta na \u00faltima sexta-feira, dia 19, depois que a NAV Brasil, que \u00e9 a empresa p\u00fablica que emprega a maior parte dos trabalhadores civis do setor, enviou um of\u00edcio com atualiza\u00e7\u00f5es importantes. <\/p>\n\n\n\n<p>O documento trazia o Plano de Cargos e Sal\u00e1rios aprovado pela Secretaria de Coordena\u00e7\u00e3o e Governan\u00e7a das Empresas Estatais (SEST), al\u00e9m de uma proposta de aditivo ao Acordo Coletivo de Trabalho 2023\/2025, tratando especificamente do aux\u00edlio sa\u00fade.<\/p>\n\n\n\n<p>Esses novos elementos mudaram o cen\u00e1rio da mobiliza\u00e7\u00e3o. Antes disso, a categoria havia aprovado a greve por considerar insuficientes as respostas da NAV Brasil \u00e0s suas reivindica\u00e7\u00f5es, que incluem melhorias nas condi\u00e7\u00f5es de trabalho, valoriza\u00e7\u00e3o salarial e benef\u00edcios. <\/p>\n\n\n\n<p>Com o recebimento do of\u00edcio, no entanto, o SNTPV considerou necess\u00e1rio reavaliar os rumos do movimento e abriu a nova vota\u00e7\u00e3o. Participaram 810 trabalhadores da assembleia virtual convocada pelo sindicato. <\/p>\n\n\n\n<p>A maioria, 530 votos, foi favor\u00e1vel \u00e0 suspens\u00e3o da paralisa\u00e7\u00e3o. Outros 253 votaram contra e 27 optaram por se abster. Embora a greve tenha sido cancelada, o sindicato afirma que a mobiliza\u00e7\u00e3o continua, agora com foco nas negocia\u00e7\u00f5es.<\/p>\n\n\n\n<h3 class=\"wp-block-heading\">SNTPV anunciou suspens\u00e3o da greve dos controladores de voo<\/h3>\n\n\n\n<p>\u201c<em>A suspens\u00e3o significa uma mudan\u00e7a de estrat\u00e9gia, e n\u00e3o uma rendi\u00e7\u00e3o<\/em>\u201d, afirmou o SNTPV em comunicado nas redes sociais. Segundo a entidade, os trabalhadores seguem firmes na cobran\u00e7a por avan\u00e7os concretos. <\/p>\n\n\n\n<p>\u201cC<em>ontinuaremos com total for\u00e7a e determina\u00e7\u00e3o as negocia\u00e7\u00f5es com a NAV Brasil, pressionando pela pauta de reivindica\u00e7\u00f5es, que \u00e9 leg\u00edtima e necess\u00e1ria para toda a categoria.<\/em>\u201d<\/p>\n\n\n\n<p>O setor de prote\u00e7\u00e3o ao voo envolve n\u00e3o apenas os controladores de tr\u00e1fego a\u00e9reo civis, mas tamb\u00e9m meteorologistas, t\u00e9cnicos de eletr\u00f4nica e profissionais respons\u00e1veis por garantir a opera\u00e7\u00e3o segura do espa\u00e7o a\u00e9reo. <\/p>\n\n\n\n<p>Parte dos servi\u00e7os tamb\u00e9m \u00e9 realizada por militares ligados ao Departamento de Controle do Espa\u00e7o A\u00e9reo.<\/p>\n\n\n\n<p><\/p>\n","protected":false},"excerpt":{"rendered":"<p>A greve dos profissionais civis respons\u00e1veis pelo controle do tr\u00e1fego a\u00e9reo no Brasil, que estava prevista para come\u00e7ar na pr\u00f3xima quarta-feira, 24 de setembro, foi suspensa. A informa\u00e7\u00e3o foi confirmada pelo Sindicato Nacional dos Trabalhadores na Prote\u00e7\u00e3o ao Voo (SNTPV) nas redes sociais, ap\u00f3s o resultado de uma nova vota\u00e7\u00e3o entre os membros da categoria. [&hellip;]<\/p>\n","protected":false},"author":5,"featured_media":1712,"comment_status":"open","ping_status":"open","sticky":false,"template":"","format":"standard","meta":{"jnews-multi-image_gallery":[],"jnews_single_post":{"format":"standard"},"jnews_primary_category":[],"jnews_social_meta":[],"jnews_post_split":[],"footnotes":""},"categories":[159],"tags":[],"class_list":["post-1711","post","type-post","status-publish","format-standard","has-post-thumbnail","hentry","category-cidadania"],"yoast_head":"<!-- This site is optimized with the Yoast SEO plugin v25.6 - https:\/\/yoast.com\/wordpress\/plugins\/seo\/ -->\n<title>Greve dos controladores de voos n\u00e3o vai mais acontecer<\/title>\n<meta name=\"description\" content=\"A greve dos profissionais civis respons\u00e1veis pelo controle do tr\u00e1fego a\u00e9reo no Brasil, que estava prevista para 24 de setembro, foi suspensa.\" \/>\n<meta name=\"robots\" content=\"index, follow, max-snippet:-1, max-image-preview:large, max-video-preview:-1\" \/>\n<link rel=\"canonical\" href=\"https:\/\/tribunademinas.audiencelabs.com.br\/greve-dos-controladores-de-voos-nao-vai-mais-acontecer\/\" \/>\n<meta property=\"og:locale\" content=\"pt_BR\" \/>\n<meta property=\"og:type\" content=\"article\" \/>\n<meta property=\"og:title\" content=\"Greve dos controladores de voos n\u00e3o vai mais acontecer\" \/>\n<meta property=\"og:description\" content=\"A greve dos profissionais civis respons\u00e1veis pelo controle do tr\u00e1fego a\u00e9reo no Brasil, que estava prevista para 24 de setembro, foi suspensa.\" \/>\n<meta property=\"og:url\" content=\"https:\/\/tribunademinas.audiencelabs.com.br\/greve-dos-controladores-de-voos-nao-vai-mais-acontecer\/\" \/>\n<meta property=\"og:site_name\" content=\"Tribuna de Minas - Dinheiro e Cidadania\" \/>\n<meta property=\"article:publisher\" content=\"https:\/\/www.facebook.com\/tribunademinas\/\" \/>\n<meta property=\"article:published_time\" content=\"2025-09-22T22:55:54+00:00\" \/>\n<meta property=\"article:modified_time\" content=\"2025-09-22T22:55:59+00:00\" \/>\n<meta property=\"og:image\" content=\"https:\/\/tribunademinas.audiencelabs.com.br\/wp-content\/uploads\/2025\/09\/greve.webp\" \/>\n\t<meta property=\"og:image:width\" content=\"1170\" \/>\n\t<meta property=\"og:image:height\" content=\"700\" \/>\n\t<meta property=\"og:image:type\" content=\"image\/webp\" \/>\n<meta name=\"author\" content=\"Jeferson Carvalho\" \/>\n<meta name=\"twitter:card\" content=\"summary_large_image\" \/>\n<meta name=\"twitter:creator\" content=\"@tribunademinas\" \/>\n<meta name=\"twitter:site\" content=\"@tribunademinas\" \/>\n<meta name=\"twitter:label1\" content=\"Escrito por\" \/>\n\t<meta name=\"twitter:data1\" content=\"Jeferson Carvalho\" \/>\n\t<meta name=\"twitter:label2\" content=\"Est. tempo de leitura\" \/>\n\t<meta name=\"twitter:data2\" content=\"3 minutos\" \/>\n<!-- \/ Yoast SEO plugin. -->","yoast_head_json":{"title":"Greve dos controladores de voos n\u00e3o vai mais acontecer","description":"A greve dos profissionais civis respons\u00e1veis pelo controle do tr\u00e1fego a\u00e9reo no Brasil, que estava prevista para 24 de setembro, foi suspensa.","robots":{"index":"index","follow":"follow","max-snippet":"max-snippet:-1","max-image-preview":"max-image-preview:large","max-video-preview":"max-video-preview:-1"},"canonical":"https:\/\/tribunademinas.audiencelabs.com.br\/greve-dos-controladores-de-voos-nao-vai-mais-acontecer\/","og_locale":"pt_BR","og_type":"article","og_title":"Greve dos controladores de voos n\u00e3o vai mais acontecer","og_description":"A greve dos profissionais civis respons\u00e1veis pelo controle do tr\u00e1fego a\u00e9reo no Brasil, que estava prevista para 24 de setembro, foi suspensa.","og_url":"https:\/\/tribunademinas.audiencelabs.com.br\/greve-dos-controladores-de-voos-nao-vai-mais-acontecer\/","og_site_name":"Tribuna de Minas - Dinheiro e Cidadania","article_publisher":"https:\/\/www.facebook.com\/tribunademinas\/","article_published_time":"2025-09-22T22:55:54+00:00","article_modified_time":"2025-09-22T22:55:59+00:00","og_image":[{"width":1170,"height":700,"url":"https:\/\/tribunademinas.audiencelabs.com.br\/wp-content\/uploads\/2025\/09\/greve.webp","type":"image\/webp"}],"author":"Jeferson Carvalho","twitter_card":"summary_large_image","twitter_creator":"@tribunademinas","twitter_site":"@tribunademinas","twitter_misc":{"Escrito por":"Jeferson Carvalho","Est. tempo de leitura":"3 minutos"},"schema":{"@context":"https:\/\/schema.org","@graph":[{"@type":"Article","@id":"https:\/\/tribunademinas.audiencelabs.com.br\/greve-dos-controladores-de-voos-nao-vai-mais-acontecer\/#article","isPartOf":{"@id":"https:\/\/tribunademinas.audiencelabs.com.br\/greve-dos-controladores-de-voos-nao-vai-mais-acontecer\/"},"author":{"name":"Jeferson Carvalho","@id":"https:\/\/tribunademinas.audiencelabs.com.br\/#\/schema\/person\/db18fc40307804bacef94213aa68fd9d"},"headline":"Greve dos controladores de voos n\u00e3o vai mais acontecer","datePublished":"2025-09-22T22:55:54+00:00","dateModified":"2025-09-22T22:55:59+00:00","mainEntityOfPage":{"@id":"https:\/\/tribunademinas.audiencelabs.com.br\/greve-dos-controladores-de-voos-nao-vai-mais-acontecer\/"},"wordCount":441,"commentCount":0,"publisher":{"@id":"https:\/\/tribunademinas.audiencelabs.com.br\/#organization"},"image":{"@id":"https:\/\/tribunademinas.audiencelabs.com.br\/greve-dos-controladores-de-voos-nao-vai-mais-acontecer\/#primaryimage"},"thumbnailUrl":"https:\/\/tribunademinas.audiencelabs.com.br\/wp-content\/uploads\/2025\/09\/greve.webp","articleSection":["Cidadania"],"inLanguage":"pt-BR","potentialAction":[{"@type":"CommentAction","name":"Comment","target":["https:\/\/tribunademinas.audiencelabs.com.br\/greve-dos-controladores-de-voos-nao-vai-mais-acontecer\/#respond"]}]},{"@type":"WebPage","@id":"https:\/\/tribunademinas.audiencelabs.com.br\/greve-dos-controladores-de-voos-nao-vai-mais-acontecer\/","url":"https:\/\/tribunademinas.audiencelabs.com.br\/greve-dos-controladores-de-voos-nao-vai-mais-acontecer\/","name":"Greve dos controladores de voos n\u00e3o vai mais acontecer","isPartOf":{"@id":"https:\/\/tribunademinas.audiencelabs.com.br\/#website"},"primaryImageOfPage":{"@id":"https:\/\/tribunademinas.audiencelabs.com.br\/greve-dos-controladores-de-voos-nao-vai-mais-acontecer\/#primaryimage"},"image":{"@id":"https:\/\/tribunademinas.audiencelabs.com.br\/greve-dos-controladores-de-voos-nao-vai-mais-acontecer\/#primaryimage"},"thumbnailUrl":"https:\/\/tribunademinas.audiencelabs.com.br\/wp-content\/uploads\/2025\/09\/greve.webp","datePublished":"2025-09-22T22:55:54+00:00","dateModified":"2025-09-22T22:55:59+00:00","description":"A greve dos profissionais civis respons\u00e1veis pelo controle do tr\u00e1fego a\u00e9reo no Brasil, que estava prevista para 24 de setembro, foi suspensa.","breadcrumb":{"@id":"https:\/\/tribunademinas.audiencelabs.com.br\/greve-dos-controladores-de-voos-nao-vai-mais-acontecer\/#breadcrumb"},"inLanguage":"pt-BR","potentialAction":[{"@type":"ReadAction","target":["https:\/\/tribunademinas.audiencelabs.com.br\/greve-dos-controladores-de-voos-nao-vai-mais-acontecer\/"]}]},{"@type":"ImageObject","inLanguage":"pt-BR","@id":"https:\/\/tribunademinas.audiencelabs.com.br\/greve-dos-controladores-de-voos-nao-vai-mais-acontecer\/#primaryimage","url":"https:\/\/tribunademinas.audiencelabs.com.br\/wp-content\/uploads\/2025\/09\/greve.webp","contentUrl":"https:\/\/tribunademinas.audiencelabs.com.br\/wp-content\/uploads\/2025\/09\/greve.webp","width":1170,"height":700,"caption":"Greve dos controladores de voos n\u00e3o vai mais acontecer - Imagem: Marcelo Camargo\/Ag\u00eancia Brasil"},{"@type":"BreadcrumbList","@id":"https:\/\/tribunademinas.audiencelabs.com.br\/greve-dos-controladores-de-voos-nao-vai-mais-acontecer\/#breadcrumb","itemListElement":[{"@type":"ListItem","position":1,"name":"In\u00edcio","item":"https:\/\/tribunademinas.audiencelabs.com.br\/"},{"@type":"ListItem","position":2,"name":"Greve dos controladores de voos n\u00e3o vai mais acontecer"}]},{"@type":"WebSite","@id":"https:\/\/tribunademinas.audiencelabs.com.br\/#website","url":"https:\/\/tribunademinas.audiencelabs.com.br\/","name":"Tribuna de Minas - Dinheiro e Cidadania","description":"","publisher":{"@id":"https:\/\/tribunademinas.audiencelabs.com.br\/#organization"},"potentialAction":[{"@type":"SearchAction","target":{"@type":"EntryPoint","urlTemplate":"https:\/\/tribunademinas.audiencelabs.com.br\/?s={search_term_string}"},"query-input":{"@type":"PropertyValueSpecification","valueRequired":true,"valueName":"search_term_string"}}],"inLanguage":"pt-BR"},{"@type":"Organization","@id":"https:\/\/tribunademinas.audiencelabs.com.br\/#organization","name":"Tribuna de Minas - Dinheiro e Cidadania","url":"https:\/\/tribunademinas.audiencelabs.com.br\/","logo":{"@type":"ImageObject","inLanguage":"pt-BR","@id":"https:\/\/tribunademinas.audiencelabs.com.br\/#\/schema\/logo\/image\/","url":"https:\/\/tribunademinas.audiencelabs.com.br\/wp-content\/uploads\/2025\/08\/cropped-Tribuna_512x512-96x96-1.png","contentUrl":"https:\/\/tribunademinas.audiencelabs.com.br\/wp-content\/uploads\/2025\/08\/cropped-Tribuna_512x512-96x96-1.png","width":96,"height":96,"caption":"Tribuna de Minas - Dinheiro e Cidadania"},"image":{"@id":"https:\/\/tribunademinas.audiencelabs.com.br\/#\/schema\/logo\/image\/"},"sameAs":["https:\/\/www.facebook.com\/tribunademinas\/","https:\/\/x.com\/tribunademinas","https:\/\/www.instagram.com\/tribunademinas\/","https:\/\/www.youtube.com\/user\/TribunadeMinasJF"]},{"@type":"Person","@id":"https:\/\/tribunademinas.audiencelabs.com.br\/#\/schema\/person\/db18fc40307804bacef94213aa68fd9d","name":"Jeferson Carvalho","image":{"@type":"ImageObject","inLanguage":"pt-BR","@id":"https:\/\/tribunademinas.audiencelabs.com.br\/#\/schema\/person\/image\/","url":"https:\/\/secure.gravatar.com\/avatar\/cd7646e328d9670dad7dea8698522e522745eeffcff5b9d08be858e377ce326b?s=96&d=mm&r=g","contentUrl":"https:\/\/secure.gravatar.com\/avatar\/cd7646e328d9670dad7dea8698522e522745eeffcff5b9d08be858e377ce326b?s=96&d=mm&r=g","caption":"Jeferson Carvalho"},"description":"Jornalista apaixonado pela profiss\u00e3o!","url":"https:\/\/tribunademinas.audiencelabs.com.br\/author\/jeferson\/"}]}},"amp_enabled":true,"_links":{"self":[{"href":"https:\/\/tribunademinas.audiencelabs.com.br\/wp-json\/wp\/v2\/posts\/1711","targetHints":{"allow":["GET"]}}],"collection":[{"href":"https:\/\/tribunademinas.audiencelabs.com.br\/wp-json\/wp\/v2\/posts"}],"about":[{"href":"https:\/\/tribunademinas.audiencelabs.com.br\/wp-json\/wp\/v2\/types\/post"}],"author":[{"embeddable":true,"href":"https:\/\/tribunademinas.audiencelabs.com.br\/wp-json\/wp\/v2\/users\/5"}],"replies":[{"embeddable":true,"href":"https:\/\/tribunademinas.audiencelabs.com.br\/wp-json\/wp\/v2\/comments?post=1711"}],"version-history":[{"count":1,"href":"https:\/\/tribunademinas.audiencelabs.com.br\/wp-json\/wp\/v2\/posts\/1711\/revisions"}],"predecessor-version":[{"id":1713,"href":"https:\/\/tribunademinas.audiencelabs.com.br\/wp-json\/wp\/v2\/posts\/1711\/revisions\/1713"}],"wp:featuredmedia":[{"embeddable":true,"href":"https:\/\/tribunademinas.audiencelabs.com.br\/wp-json\/wp\/v2\/media\/1712"}],"wp:attachment":[{"href":"https:\/\/tribunademinas.audiencelabs.com.br\/wp-json\/wp\/v2\/media?parent=1711"}],"wp:term":[{"taxonomy":"category","embeddable":true,"href":"https:\/\/tribunademinas.audiencelabs.com.br\/wp-json\/wp\/v2\/categories?post=1711"},{"taxonomy":"post_tag","embeddable":true,"href":"https:\/\/tribunademinas.audiencelabs.com.br\/wp-json\/wp\/v2\/tags?post=1711"}],"curies":[{"name":"wp","href":"https:\/\/api.w.org\/{rel}","templated":true}]}}