{"id":1708,"date":"2025-09-27T08:31:00","date_gmt":"2025-09-27T11:31:00","guid":{"rendered":"https:\/\/tribunademinas.audiencelabs.com.br\/?p=1708"},"modified":"2025-09-22T19:42:17","modified_gmt":"2025-09-22T22:42:17","slug":"brasileiros-que-tem-dificuldades-na-vida-vao-receber-dinheiro-no-final-de-setembro","status":"publish","type":"post","link":"https:\/\/tribunademinas.audiencelabs.com.br\/brasileiros-que-tem-dificuldades-na-vida-vao-receber-dinheiro-no-final-de-setembro\/","title":{"rendered":"Brasileiros que tem dificuldades na vida v\u00e3o receber dinheiro no final de setembro"},"content":{"rendered":"\n<p>O governo federal iniciou, na quarta-feira, 24 de setembro, o repasse dos valores referentes aos benef\u00edcios do <a href=\"https:\/\/tribunademinas.com.br\/colunas\/dinheiroecidadania\/aposentados-do-inss-precisam-ler-essa-noticia-ainda-hoje\/\"><strong>INSS <\/strong><\/a>(Instituto Nacional do Seguro Social) para milh\u00f5es de brasileiros. <\/p>\n\n\n\n<p>Os dep\u00f3sitos s\u00e3o relativos \u00e0 compet\u00eancia de setembro e seguem um calend\u00e1rio escalonado que leva em considera\u00e7\u00e3o o valor recebido e o n\u00famero final do benef\u00edcio. <\/p>\n\n\n\n<p>O cronograma tradicional foi mantido, com pagamentos organizados conforme a renda do segurado e o d\u00edgito identificador do benef\u00edcio.<\/p>\n\n\n\n<h2 class=\"wp-block-heading\">Brasileiros que tem dificuldades na vida v\u00e3o receber dinheiro no final de setembro<\/h2>\n\n\n\n<p>Quem recebe at\u00e9 um sal\u00e1rio m\u00ednimo come\u00e7a a receber nos \u00faltimos dias \u00fateis de setembro, com os pagamentos se estendendo at\u00e9 meados da primeira quinzena de outubro. <\/p>\n\n\n\n<p>J\u00e1 os segurados que t\u00eam direito a valores acima do piso nacional entram na segunda etapa do calend\u00e1rio, com dep\u00f3sitos concentrados exclusivamente nos primeiros dias \u00fateis de outubro.<\/p>\n\n\n\n<p>Para saber a data exata do pagamento, o benefici\u00e1rio precisa observar o pen\u00faltimo d\u00edgito do n\u00famero do seu benef\u00edcio, que \u00e9 aquele que aparece antes do tra\u00e7o final. <\/p>\n\n\n\n<p>Por exemplo, no n\u00famero 987654321-0, considera-se o 1. Esse n\u00famero \u00e9 usado para organizar a fila de pagamentos, garantindo uma distribui\u00e7\u00e3o ordenada dos recursos.<\/p>\n\n\n\n<p>O cronograma detalhado mostra que quem tem benef\u00edcio com final 1 recebeu no pr\u00f3prio dia 24 de setembro. Os finais 2 e 3 seguem nos dias 25 e 26, respectivamente. As datas continuam at\u00e9 o dia 7 de outubro, quando ocorre o pagamento para quem possui final 0. <\/p>\n\n\n\n<figure class=\"wp-block-table is-style-stripes\"><table class=\"has-fixed-layout\"><thead><tr><th>Final do Benef\u00edcio<\/th><th>Data de Pagamento<\/th><\/tr><\/thead><tbody><tr><td>1<\/td><td>24 de setembro<\/td><\/tr><tr><td>2<\/td><td>25 de setembro<\/td><\/tr><tr><td>3<\/td><td>26 de setembro<\/td><\/tr><tr><td>4<\/td><td>29 de setembro<\/td><\/tr><tr><td>5<\/td><td>30 de setembro<\/td><\/tr><tr><td>6<\/td><td>1\u00ba de outubro<\/td><\/tr><tr><td>7<\/td><td>2 de outubro<\/td><\/tr><tr><td>8<\/td><td>3 de outubro<\/td><\/tr><tr><td>9<\/td><td>4 de outubro<\/td><\/tr><tr><td>0<\/td><td>7 de outubro<\/td><\/tr><\/tbody><\/table><\/figure>\n\n\n\n<p>Para aqueles que ganham acima de um sal\u00e1rio m\u00ednimo, o calend\u00e1rio come\u00e7a no dia 1\u00ba de outubro, contemplando os finais 1 e 6. Em seguida, nos dias subsequentes, os demais grupos s\u00e3o atendidos at\u00e9 o dia 5 de outubro.<\/p>\n\n\n\n<figure class=\"wp-block-table is-style-stripes\"><table class=\"has-fixed-layout\"><thead><tr><th>Final do Benef\u00edcio<\/th><th>Data de Pagamento<\/th><\/tr><\/thead><tbody><tr><td>1 e 6<\/td><td>1\u00ba de outubro<\/td><\/tr><tr><td>2 e 7<\/td><td>2 de outubro<\/td><\/tr><tr><td>3 e 8<\/td><td>3 de outubro<\/td><\/tr><tr><td>4 e 9<\/td><td>4 de outubro<\/td><\/tr><tr><td>5 e 0<\/td><td>5 de outubro<\/td><\/tr><\/tbody><\/table><\/figure>\n\n\n\n<h3 class=\"wp-block-heading\">Pagamentos do INSS para brasileiros<\/h3>\n\n\n\n<p>Os valores s\u00e3o creditados diretamente na conta banc\u00e1ria informada pelo benefici\u00e1rio no momento da concess\u00e3o do benef\u00edcio. <\/p>\n\n\n\n<p>Caso n\u00e3o possua conta ativa, o cidad\u00e3o pode receber por meio de uma conta simplificada aberta em bancos p\u00fablicos, como a Caixa Econ\u00f4mica Federal ou o Banco do Brasil.<\/p>\n\n\n\n<p>Al\u00e9m de aposentadorias, o calend\u00e1rio tamb\u00e9m contempla pens\u00f5es por morte, aux\u00edlios (doen\u00e7a, acidente), sal\u00e1rio-maternidade e outros benef\u00edcios ativos. A consulta pode ser feita pelo aplicativo Meu INSS, pelo <a href=\"https:\/\/meu.inss.gov.br\/\"><strong>site oficial <\/strong><\/a>ou pela Central de Atendimento 135.<\/p>\n\n\n\n<p>Os pagamentos representam uma inje\u00e7\u00e3o significativa de recursos na economia, especialmente em cidades menores, onde os benef\u00edcios do INSS s\u00e3o a principal fonte de renda de muitas fam\u00edlias.<\/p>\n\n\n\n<p><\/p>\n","protected":false},"excerpt":{"rendered":"<p>O governo federal iniciou, na quarta-feira, 24 de setembro, o repasse dos valores referentes aos benef\u00edcios do INSS (Instituto Nacional do Seguro Social) para milh\u00f5es de brasileiros. Os dep\u00f3sitos s\u00e3o relativos \u00e0 compet\u00eancia de setembro e seguem um calend\u00e1rio escalonado que leva em considera\u00e7\u00e3o o valor recebido e o n\u00famero final do benef\u00edcio. O cronograma [&hellip;]<\/p>\n","protected":false},"author":5,"featured_media":1709,"comment_status":"open","ping_status":"open","sticky":false,"template":"","format":"standard","meta":{"jnews-multi-image_gallery":[],"jnews_single_post":{"format":"standard"},"jnews_primary_category":[],"jnews_social_meta":[],"jnews_post_split":[],"footnotes":""},"categories":[1],"tags":[],"class_list":["post-1708","post","type-post","status-publish","format-standard","has-post-thumbnail","hentry","category-dinheiro"],"yoast_head":"<!-- This site is optimized with the Yoast SEO plugin v25.6 - https:\/\/yoast.com\/wordpress\/plugins\/seo\/ -->\n<title>Brasileiros que tem dificuldades na vida v\u00e3o receber dinheiro no final de setembro<\/title>\n<meta name=\"description\" content=\"O governo federal iniciou, na quarta-feira, 24 de setembro, o repasse dos valores para milh\u00f5es de brasileiros.\" \/>\n<meta name=\"robots\" content=\"index, follow, max-snippet:-1, max-image-preview:large, max-video-preview:-1\" \/>\n<link rel=\"canonical\" href=\"https:\/\/tribunademinas.audiencelabs.com.br\/brasileiros-que-tem-dificuldades-na-vida-vao-receber-dinheiro-no-final-de-setembro\/\" \/>\n<meta property=\"og:locale\" content=\"pt_BR\" \/>\n<meta property=\"og:type\" content=\"article\" \/>\n<meta property=\"og:title\" content=\"Brasileiros que tem dificuldades na vida v\u00e3o receber dinheiro no final de setembro\" \/>\n<meta property=\"og:description\" content=\"O governo federal iniciou, na quarta-feira, 24 de setembro, o repasse dos valores para milh\u00f5es de brasileiros.\" \/>\n<meta property=\"og:url\" content=\"https:\/\/tribunademinas.audiencelabs.com.br\/brasileiros-que-tem-dificuldades-na-vida-vao-receber-dinheiro-no-final-de-setembro\/\" \/>\n<meta property=\"og:site_name\" content=\"Tribuna de Minas - Dinheiro e Cidadania\" \/>\n<meta property=\"article:publisher\" content=\"https:\/\/www.facebook.com\/tribunademinas\/\" \/>\n<meta property=\"article:published_time\" content=\"2025-09-27T11:31:00+00:00\" \/>\n<meta property=\"og:image\" content=\"https:\/\/tribunademinas.audiencelabs.com.br\/wp-content\/uploads\/2025\/09\/dinheiro-1.webp\" \/>\n\t<meta property=\"og:image:width\" content=\"1600\" \/>\n\t<meta property=\"og:image:height\" content=\"800\" \/>\n\t<meta property=\"og:image:type\" content=\"image\/webp\" \/>\n<meta name=\"author\" content=\"Jeferson Carvalho\" \/>\n<meta name=\"twitter:card\" content=\"summary_large_image\" \/>\n<meta name=\"twitter:creator\" content=\"@tribunademinas\" \/>\n<meta name=\"twitter:site\" content=\"@tribunademinas\" \/>\n<meta name=\"twitter:label1\" content=\"Escrito por\" \/>\n\t<meta name=\"twitter:data1\" content=\"Jeferson Carvalho\" \/>\n\t<meta name=\"twitter:label2\" content=\"Est. tempo de leitura\" \/>\n\t<meta name=\"twitter:data2\" content=\"3 minutos\" \/>\n<!-- \/ Yoast SEO plugin. -->","yoast_head_json":{"title":"Brasileiros que tem dificuldades na vida v\u00e3o receber dinheiro no final de setembro","description":"O governo federal iniciou, na quarta-feira, 24 de setembro, o repasse dos valores para milh\u00f5es de brasileiros.","robots":{"index":"index","follow":"follow","max-snippet":"max-snippet:-1","max-image-preview":"max-image-preview:large","max-video-preview":"max-video-preview:-1"},"canonical":"https:\/\/tribunademinas.audiencelabs.com.br\/brasileiros-que-tem-dificuldades-na-vida-vao-receber-dinheiro-no-final-de-setembro\/","og_locale":"pt_BR","og_type":"article","og_title":"Brasileiros que tem dificuldades na vida v\u00e3o receber dinheiro no final de setembro","og_description":"O governo federal iniciou, na quarta-feira, 24 de setembro, o repasse dos valores para milh\u00f5es de brasileiros.","og_url":"https:\/\/tribunademinas.audiencelabs.com.br\/brasileiros-que-tem-dificuldades-na-vida-vao-receber-dinheiro-no-final-de-setembro\/","og_site_name":"Tribuna de Minas - Dinheiro e Cidadania","article_publisher":"https:\/\/www.facebook.com\/tribunademinas\/","article_published_time":"2025-09-27T11:31:00+00:00","og_image":[{"width":1600,"height":800,"url":"https:\/\/tribunademinas.audiencelabs.com.br\/wp-content\/uploads\/2025\/09\/dinheiro-1.webp","type":"image\/webp"}],"author":"Jeferson Carvalho","twitter_card":"summary_large_image","twitter_creator":"@tribunademinas","twitter_site":"@tribunademinas","twitter_misc":{"Escrito por":"Jeferson Carvalho","Est. tempo de leitura":"3 minutos"},"schema":{"@context":"https:\/\/schema.org","@graph":[{"@type":"Article","@id":"https:\/\/tribunademinas.audiencelabs.com.br\/brasileiros-que-tem-dificuldades-na-vida-vao-receber-dinheiro-no-final-de-setembro\/#article","isPartOf":{"@id":"https:\/\/tribunademinas.audiencelabs.com.br\/brasileiros-que-tem-dificuldades-na-vida-vao-receber-dinheiro-no-final-de-setembro\/"},"author":{"name":"Jeferson Carvalho","@id":"https:\/\/tribunademinas.audiencelabs.com.br\/#\/schema\/person\/db18fc40307804bacef94213aa68fd9d"},"headline":"Brasileiros que tem dificuldades na vida v\u00e3o receber dinheiro no final de setembro","datePublished":"2025-09-27T11:31:00+00:00","mainEntityOfPage":{"@id":"https:\/\/tribunademinas.audiencelabs.com.br\/brasileiros-que-tem-dificuldades-na-vida-vao-receber-dinheiro-no-final-de-setembro\/"},"wordCount":494,"commentCount":0,"publisher":{"@id":"https:\/\/tribunademinas.audiencelabs.com.br\/#organization"},"image":{"@id":"https:\/\/tribunademinas.audiencelabs.com.br\/brasileiros-que-tem-dificuldades-na-vida-vao-receber-dinheiro-no-final-de-setembro\/#primaryimage"},"thumbnailUrl":"https:\/\/tribunademinas.audiencelabs.com.br\/wp-content\/uploads\/2025\/09\/dinheiro-1.webp","articleSection":["Dinheiro"],"inLanguage":"pt-BR","potentialAction":[{"@type":"CommentAction","name":"Comment","target":["https:\/\/tribunademinas.audiencelabs.com.br\/brasileiros-que-tem-dificuldades-na-vida-vao-receber-dinheiro-no-final-de-setembro\/#respond"]}]},{"@type":"WebPage","@id":"https:\/\/tribunademinas.audiencelabs.com.br\/brasileiros-que-tem-dificuldades-na-vida-vao-receber-dinheiro-no-final-de-setembro\/","url":"https:\/\/tribunademinas.audiencelabs.com.br\/brasileiros-que-tem-dificuldades-na-vida-vao-receber-dinheiro-no-final-de-setembro\/","name":"Brasileiros que tem dificuldades na vida v\u00e3o receber dinheiro no final de setembro","isPartOf":{"@id":"https:\/\/tribunademinas.audiencelabs.com.br\/#website"},"primaryImageOfPage":{"@id":"https:\/\/tribunademinas.audiencelabs.com.br\/brasileiros-que-tem-dificuldades-na-vida-vao-receber-dinheiro-no-final-de-setembro\/#primaryimage"},"image":{"@id":"https:\/\/tribunademinas.audiencelabs.com.br\/brasileiros-que-tem-dificuldades-na-vida-vao-receber-dinheiro-no-final-de-setembro\/#primaryimage"},"thumbnailUrl":"https:\/\/tribunademinas.audiencelabs.com.br\/wp-content\/uploads\/2025\/09\/dinheiro-1.webp","datePublished":"2025-09-27T11:31:00+00:00","description":"O governo federal iniciou, na quarta-feira, 24 de setembro, o repasse dos valores para milh\u00f5es de brasileiros.","breadcrumb":{"@id":"https:\/\/tribunademinas.audiencelabs.com.br\/brasileiros-que-tem-dificuldades-na-vida-vao-receber-dinheiro-no-final-de-setembro\/#breadcrumb"},"inLanguage":"pt-BR","potentialAction":[{"@type":"ReadAction","target":["https:\/\/tribunademinas.audiencelabs.com.br\/brasileiros-que-tem-dificuldades-na-vida-vao-receber-dinheiro-no-final-de-setembro\/"]}]},{"@type":"ImageObject","inLanguage":"pt-BR","@id":"https:\/\/tribunademinas.audiencelabs.com.br\/brasileiros-que-tem-dificuldades-na-vida-vao-receber-dinheiro-no-final-de-setembro\/#primaryimage","url":"https:\/\/tribunademinas.audiencelabs.com.br\/wp-content\/uploads\/2025\/09\/dinheiro-1.webp","contentUrl":"https:\/\/tribunademinas.audiencelabs.com.br\/wp-content\/uploads\/2025\/09\/dinheiro-1.webp","width":1600,"height":800,"caption":"Brasileiros que tem dificuldades na vida v\u00e3o receber dinheiro no final de setembro - Imagem: Marcello Casal jr\/Ag\u00eancia Brasil"},{"@type":"BreadcrumbList","@id":"https:\/\/tribunademinas.audiencelabs.com.br\/brasileiros-que-tem-dificuldades-na-vida-vao-receber-dinheiro-no-final-de-setembro\/#breadcrumb","itemListElement":[{"@type":"ListItem","position":1,"name":"In\u00edcio","item":"https:\/\/tribunademinas.audiencelabs.com.br\/"},{"@type":"ListItem","position":2,"name":"Brasileiros que tem dificuldades na vida v\u00e3o receber dinheiro no final de setembro"}]},{"@type":"WebSite","@id":"https:\/\/tribunademinas.audiencelabs.com.br\/#website","url":"https:\/\/tribunademinas.audiencelabs.com.br\/","name":"Tribuna de Minas - Dinheiro e Cidadania","description":"","publisher":{"@id":"https:\/\/tribunademinas.audiencelabs.com.br\/#organization"},"potentialAction":[{"@type":"SearchAction","target":{"@type":"EntryPoint","urlTemplate":"https:\/\/tribunademinas.audiencelabs.com.br\/?s={search_term_string}"},"query-input":{"@type":"PropertyValueSpecification","valueRequired":true,"valueName":"search_term_string"}}],"inLanguage":"pt-BR"},{"@type":"Organization","@id":"https:\/\/tribunademinas.audiencelabs.com.br\/#organization","name":"Tribuna de Minas - Dinheiro e Cidadania","url":"https:\/\/tribunademinas.audiencelabs.com.br\/","logo":{"@type":"ImageObject","inLanguage":"pt-BR","@id":"https:\/\/tribunademinas.audiencelabs.com.br\/#\/schema\/logo\/image\/","url":"https:\/\/tribunademinas.audiencelabs.com.br\/wp-content\/uploads\/2025\/08\/cropped-Tribuna_512x512-96x96-1.png","contentUrl":"https:\/\/tribunademinas.audiencelabs.com.br\/wp-content\/uploads\/2025\/08\/cropped-Tribuna_512x512-96x96-1.png","width":96,"height":96,"caption":"Tribuna de Minas - Dinheiro e Cidadania"},"image":{"@id":"https:\/\/tribunademinas.audiencelabs.com.br\/#\/schema\/logo\/image\/"},"sameAs":["https:\/\/www.facebook.com\/tribunademinas\/","https:\/\/x.com\/tribunademinas","https:\/\/www.instagram.com\/tribunademinas\/","https:\/\/www.youtube.com\/user\/TribunadeMinasJF"]},{"@type":"Person","@id":"https:\/\/tribunademinas.audiencelabs.com.br\/#\/schema\/person\/db18fc40307804bacef94213aa68fd9d","name":"Jeferson Carvalho","image":{"@type":"ImageObject","inLanguage":"pt-BR","@id":"https:\/\/tribunademinas.audiencelabs.com.br\/#\/schema\/person\/image\/","url":"https:\/\/secure.gravatar.com\/avatar\/cd7646e328d9670dad7dea8698522e522745eeffcff5b9d08be858e377ce326b?s=96&d=mm&r=g","contentUrl":"https:\/\/secure.gravatar.com\/avatar\/cd7646e328d9670dad7dea8698522e522745eeffcff5b9d08be858e377ce326b?s=96&d=mm&r=g","caption":"Jeferson Carvalho"},"description":"Jornalista apaixonado pela profiss\u00e3o!","url":"https:\/\/tribunademinas.audiencelabs.com.br\/author\/jeferson\/"}]}},"amp_enabled":true,"_links":{"self":[{"href":"https:\/\/tribunademinas.audiencelabs.com.br\/wp-json\/wp\/v2\/posts\/1708","targetHints":{"allow":["GET"]}}],"collection":[{"href":"https:\/\/tribunademinas.audiencelabs.com.br\/wp-json\/wp\/v2\/posts"}],"about":[{"href":"https:\/\/tribunademinas.audiencelabs.com.br\/wp-json\/wp\/v2\/types\/post"}],"author":[{"embeddable":true,"href":"https:\/\/tribunademinas.audiencelabs.com.br\/wp-json\/wp\/v2\/users\/5"}],"replies":[{"embeddable":true,"href":"https:\/\/tribunademinas.audiencelabs.com.br\/wp-json\/wp\/v2\/comments?post=1708"}],"version-history":[{"count":1,"href":"https:\/\/tribunademinas.audiencelabs.com.br\/wp-json\/wp\/v2\/posts\/1708\/revisions"}],"predecessor-version":[{"id":1710,"href":"https:\/\/tribunademinas.audiencelabs.com.br\/wp-json\/wp\/v2\/posts\/1708\/revisions\/1710"}],"wp:featuredmedia":[{"embeddable":true,"href":"https:\/\/tribunademinas.audiencelabs.com.br\/wp-json\/wp\/v2\/media\/1709"}],"wp:attachment":[{"href":"https:\/\/tribunademinas.audiencelabs.com.br\/wp-json\/wp\/v2\/media?parent=1708"}],"wp:term":[{"taxonomy":"category","embeddable":true,"href":"https:\/\/tribunademinas.audiencelabs.com.br\/wp-json\/wp\/v2\/categories?post=1708"},{"taxonomy":"post_tag","embeddable":true,"href":"https:\/\/tribunademinas.audiencelabs.com.br\/wp-json\/wp\/v2\/tags?post=1708"}],"curies":[{"name":"wp","href":"https:\/\/api.w.org\/{rel}","templated":true}]}}