{"id":1692,"date":"2025-09-23T06:45:00","date_gmt":"2025-09-23T09:45:00","guid":{"rendered":"https:\/\/tribunademinas.audiencelabs.com.br\/?p=1692"},"modified":"2025-09-22T18:17:53","modified_gmt":"2025-09-22T21:17:53","slug":"urgente-mei-anuncia-exclusao-de-profissionais-brasileiros","status":"publish","type":"post","link":"https:\/\/tribunademinas.audiencelabs.com.br\/urgente-mei-anuncia-exclusao-de-profissionais-brasileiros\/","title":{"rendered":"Urgente: MEI anuncia exclus\u00e3o de profissionais brasileiros"},"content":{"rendered":"\n<p>Criado para simplificar a vida de pequenos empreendedores e estimular a formaliza\u00e7\u00e3o no Brasil, o regime do Microempreendedor Individual (MEI) se tornou uma ferramenta essencial para quem deseja iniciar um neg\u00f3cio com menos burocracia e tributos reduzidos. <\/p>\n\n\n\n<p>No entanto, neste ano de 2025, o governo federal, por meio da <a href=\"https:\/\/www.gov.br\/receitafederal\/pt-br\"><strong>Receita Federal<\/strong><\/a> e do Comit\u00ea Gestor do Simples Nacional, anunciou mudan\u00e7as importantes. <\/p>\n\n\n\n<p>Uma nova atualiza\u00e7\u00e3o das regras j\u00e1 impede que diversos profissionais ingressem ou permane\u00e7am no MEI a partir deste ano \u2014 e, a partir de 2026, essas atividades ser\u00e3o totalmente incompat\u00edveis com o regime.<\/p>\n\n\n\n<h2 class=\"wp-block-heading\">Urgente: MEI anuncia exclus\u00e3o de profissionais brasileiros<\/h2>\n\n\n\n<p>A medida, segundo o governo, visa preservar o prop\u00f3sito original do MEI: atender neg\u00f3cios de pequeno porte, com estrutura simples e baixo risco operacional. <\/p>\n\n\n\n<p><a href=\"https:\/\/tribunademinas.com.br\/colunas\/dinheiroecidadania\/10-profissoes-que-nao-podem-adotar-o-mei\/\"><strong>Profiss\u00f5es <\/strong><\/a>que exigem regulamenta\u00e7\u00f5es t\u00e9cnicas, forma\u00e7\u00e3o especializada ou que envolvem manipula\u00e7\u00e3o de produtos controlados foram consideradas inadequadas para permanecer nesse modelo tribut\u00e1rio. <\/p>\n\n\n\n<p>A decis\u00e3o segue crit\u00e9rios que avaliam o grau de complexidade das atividades, o n\u00edvel de responsabilidade t\u00e9cnica exigido e a necessidade de fiscaliza\u00e7\u00e3o por \u00f3rg\u00e3os reguladores.<\/p>\n\n\n\n<p>Entre as ocupa\u00e7\u00f5es exclu\u00eddas est\u00e3o contadores e t\u00e9cnicos em contabilidade, devido \u00e0 exig\u00eancia de registro em conselho profissional e responsabilidade t\u00e9cnica sobre informa\u00e7\u00f5es fiscais sens\u00edveis. <\/p>\n\n\n\n<p>Tamb\u00e9m est\u00e3o fora do regime os aplicadores agr\u00edcolas, alinhadores e balanceadores de pneus, que desempenham fun\u00e7\u00f5es t\u00e9cnicas consideradas incompat\u00edveis com o car\u00e1ter simplificado do MEI. <\/p>\n\n\n\n<p>Profissionais que trabalham com produtos perigosos ou sujeitos a regulamenta\u00e7\u00e3o sanit\u00e1ria, como dedetizadores, comerciantes de g\u00e1s liquefeito (GLP), vendedores de medicamentos veterin\u00e1rios e fabricantes de produtos de limpeza, tamb\u00e9m foram retirados da lista. <\/p>\n\n\n\n<p>At\u00e9 mesmo atividades ligadas \u00e0 produ\u00e7\u00e3o, como confeccionadores de fraldas descart\u00e1veis, e aquelas com caracter\u00edsticas comerciais espec\u00edficas, como operadores de marketing direto, perderam o enquadramento.<\/p>\n\n\n\n<h3 class=\"wp-block-heading\">Quem \u00e9 MEI nestas profiss\u00f5es deve se preparar para o desenquadramento<\/h3>\n\n\n\n<p>Para quem atuava dentro dessas \u00e1reas como MEI, a recomenda\u00e7\u00e3o \u00e9 se organizar o quanto antes para migrar para outros formatos jur\u00eddicos, como microempresa (ME) ou empresa de pequeno porte (EPP). <\/p>\n\n\n\n<p>Essas categorias oferecem novas possibilidades, como maior faturamento e mais op\u00e7\u00f5es de contrata\u00e7\u00e3o, mas tamb\u00e9m trazem aumento na carga tribut\u00e1ria e obriga\u00e7\u00f5es cont\u00e1beis mais r\u00edgidas. <\/p>\n\n\n\n<p>Especialistas alertam para a import\u00e2ncia de buscar orienta\u00e7\u00e3o profissional, atualizar o cadastro empresarial e avaliar com cuidado o novo regime mais adequado para cada realidade. <\/p>\n\n\n\n<p>O objetivo \u00e9 garantir a continuidade da atividade de forma legal e estruturada, diante das novas exig\u00eancias.<\/p>\n\n\n\n<p><\/p>\n","protected":false},"excerpt":{"rendered":"<p>Criado para simplificar a vida de pequenos empreendedores e estimular a formaliza\u00e7\u00e3o no Brasil, o regime do Microempreendedor Individual (MEI) se tornou uma ferramenta essencial para quem deseja iniciar um neg\u00f3cio com menos burocracia e tributos reduzidos. No entanto, neste ano de 2025, o governo federal, por meio da Receita Federal e do Comit\u00ea Gestor [&hellip;]<\/p>\n","protected":false},"author":5,"featured_media":1693,"comment_status":"open","ping_status":"open","sticky":false,"template":"","format":"standard","meta":{"jnews-multi-image_gallery":[],"jnews_single_post":{"format":"standard"},"jnews_primary_category":[],"jnews_social_meta":[],"jnews_post_split":[],"footnotes":""},"categories":[159],"tags":[],"class_list":["post-1692","post","type-post","status-publish","format-standard","has-post-thumbnail","hentry","category-cidadania"],"yoast_head":"<!-- This site is optimized with the Yoast SEO plugin v25.6 - https:\/\/yoast.com\/wordpress\/plugins\/seo\/ -->\n<title>Urgente: MEI anuncia exclus\u00e3o de profissionais brasileiros<\/title>\n<meta name=\"description\" content=\"Criado para simplificar a vida de pequenos empreendedores e estimular a formaliza\u00e7\u00e3o, o regime MEI se tornou uma ferramenta essencial.\" \/>\n<meta name=\"robots\" content=\"index, follow, max-snippet:-1, max-image-preview:large, max-video-preview:-1\" \/>\n<link rel=\"canonical\" href=\"https:\/\/tribunademinas.audiencelabs.com.br\/urgente-mei-anuncia-exclusao-de-profissionais-brasileiros\/\" \/>\n<meta property=\"og:locale\" content=\"pt_BR\" \/>\n<meta property=\"og:type\" content=\"article\" \/>\n<meta property=\"og:title\" content=\"Urgente: MEI anuncia exclus\u00e3o de profissionais brasileiros\" \/>\n<meta property=\"og:description\" content=\"Criado para simplificar a vida de pequenos empreendedores e estimular a formaliza\u00e7\u00e3o, o regime MEI se tornou uma ferramenta essencial.\" \/>\n<meta property=\"og:url\" content=\"https:\/\/tribunademinas.audiencelabs.com.br\/urgente-mei-anuncia-exclusao-de-profissionais-brasileiros\/\" \/>\n<meta property=\"og:site_name\" content=\"Tribuna de Minas - Dinheiro e Cidadania\" \/>\n<meta property=\"article:publisher\" content=\"https:\/\/www.facebook.com\/tribunademinas\/\" \/>\n<meta property=\"article:published_time\" content=\"2025-09-23T09:45:00+00:00\" \/>\n<meta property=\"og:image\" content=\"https:\/\/tribunademinas.audiencelabs.com.br\/wp-content\/uploads\/2025\/09\/MEI-2.webp\" \/>\n\t<meta property=\"og:image:width\" content=\"1170\" \/>\n\t<meta property=\"og:image:height\" content=\"700\" \/>\n\t<meta property=\"og:image:type\" content=\"image\/webp\" \/>\n<meta name=\"author\" content=\"Jeferson Carvalho\" \/>\n<meta name=\"twitter:card\" content=\"summary_large_image\" \/>\n<meta name=\"twitter:creator\" content=\"@tribunademinas\" \/>\n<meta name=\"twitter:site\" content=\"@tribunademinas\" \/>\n<meta name=\"twitter:label1\" content=\"Escrito por\" \/>\n\t<meta name=\"twitter:data1\" content=\"Jeferson Carvalho\" \/>\n\t<meta name=\"twitter:label2\" content=\"Est. tempo de leitura\" \/>\n\t<meta name=\"twitter:data2\" content=\"3 minutos\" \/>\n<!-- \/ Yoast SEO plugin. -->","yoast_head_json":{"title":"Urgente: MEI anuncia exclus\u00e3o de profissionais brasileiros","description":"Criado para simplificar a vida de pequenos empreendedores e estimular a formaliza\u00e7\u00e3o, o regime MEI se tornou uma ferramenta essencial.","robots":{"index":"index","follow":"follow","max-snippet":"max-snippet:-1","max-image-preview":"max-image-preview:large","max-video-preview":"max-video-preview:-1"},"canonical":"https:\/\/tribunademinas.audiencelabs.com.br\/urgente-mei-anuncia-exclusao-de-profissionais-brasileiros\/","og_locale":"pt_BR","og_type":"article","og_title":"Urgente: MEI anuncia exclus\u00e3o de profissionais brasileiros","og_description":"Criado para simplificar a vida de pequenos empreendedores e estimular a formaliza\u00e7\u00e3o, o regime MEI se tornou uma ferramenta essencial.","og_url":"https:\/\/tribunademinas.audiencelabs.com.br\/urgente-mei-anuncia-exclusao-de-profissionais-brasileiros\/","og_site_name":"Tribuna de Minas - Dinheiro e Cidadania","article_publisher":"https:\/\/www.facebook.com\/tribunademinas\/","article_published_time":"2025-09-23T09:45:00+00:00","og_image":[{"width":1170,"height":700,"url":"https:\/\/tribunademinas.audiencelabs.com.br\/wp-content\/uploads\/2025\/09\/MEI-2.webp","type":"image\/webp"}],"author":"Jeferson Carvalho","twitter_card":"summary_large_image","twitter_creator":"@tribunademinas","twitter_site":"@tribunademinas","twitter_misc":{"Escrito por":"Jeferson Carvalho","Est. tempo de leitura":"3 minutos"},"schema":{"@context":"https:\/\/schema.org","@graph":[{"@type":"Article","@id":"https:\/\/tribunademinas.audiencelabs.com.br\/urgente-mei-anuncia-exclusao-de-profissionais-brasileiros\/#article","isPartOf":{"@id":"https:\/\/tribunademinas.audiencelabs.com.br\/urgente-mei-anuncia-exclusao-de-profissionais-brasileiros\/"},"author":{"name":"Jeferson Carvalho","@id":"https:\/\/tribunademinas.audiencelabs.com.br\/#\/schema\/person\/db18fc40307804bacef94213aa68fd9d"},"headline":"Urgente: MEI anuncia exclus\u00e3o de profissionais brasileiros","datePublished":"2025-09-23T09:45:00+00:00","mainEntityOfPage":{"@id":"https:\/\/tribunademinas.audiencelabs.com.br\/urgente-mei-anuncia-exclusao-de-profissionais-brasileiros\/"},"wordCount":449,"commentCount":0,"publisher":{"@id":"https:\/\/tribunademinas.audiencelabs.com.br\/#organization"},"image":{"@id":"https:\/\/tribunademinas.audiencelabs.com.br\/urgente-mei-anuncia-exclusao-de-profissionais-brasileiros\/#primaryimage"},"thumbnailUrl":"https:\/\/tribunademinas.audiencelabs.com.br\/wp-content\/uploads\/2025\/09\/MEI-2.webp","articleSection":["Cidadania"],"inLanguage":"pt-BR","potentialAction":[{"@type":"CommentAction","name":"Comment","target":["https:\/\/tribunademinas.audiencelabs.com.br\/urgente-mei-anuncia-exclusao-de-profissionais-brasileiros\/#respond"]}]},{"@type":"WebPage","@id":"https:\/\/tribunademinas.audiencelabs.com.br\/urgente-mei-anuncia-exclusao-de-profissionais-brasileiros\/","url":"https:\/\/tribunademinas.audiencelabs.com.br\/urgente-mei-anuncia-exclusao-de-profissionais-brasileiros\/","name":"Urgente: MEI anuncia exclus\u00e3o de profissionais brasileiros","isPartOf":{"@id":"https:\/\/tribunademinas.audiencelabs.com.br\/#website"},"primaryImageOfPage":{"@id":"https:\/\/tribunademinas.audiencelabs.com.br\/urgente-mei-anuncia-exclusao-de-profissionais-brasileiros\/#primaryimage"},"image":{"@id":"https:\/\/tribunademinas.audiencelabs.com.br\/urgente-mei-anuncia-exclusao-de-profissionais-brasileiros\/#primaryimage"},"thumbnailUrl":"https:\/\/tribunademinas.audiencelabs.com.br\/wp-content\/uploads\/2025\/09\/MEI-2.webp","datePublished":"2025-09-23T09:45:00+00:00","description":"Criado para simplificar a vida de pequenos empreendedores e estimular a formaliza\u00e7\u00e3o, o regime MEI se tornou uma ferramenta essencial.","breadcrumb":{"@id":"https:\/\/tribunademinas.audiencelabs.com.br\/urgente-mei-anuncia-exclusao-de-profissionais-brasileiros\/#breadcrumb"},"inLanguage":"pt-BR","potentialAction":[{"@type":"ReadAction","target":["https:\/\/tribunademinas.audiencelabs.com.br\/urgente-mei-anuncia-exclusao-de-profissionais-brasileiros\/"]}]},{"@type":"ImageObject","inLanguage":"pt-BR","@id":"https:\/\/tribunademinas.audiencelabs.com.br\/urgente-mei-anuncia-exclusao-de-profissionais-brasileiros\/#primaryimage","url":"https:\/\/tribunademinas.audiencelabs.com.br\/wp-content\/uploads\/2025\/09\/MEI-2.webp","contentUrl":"https:\/\/tribunademinas.audiencelabs.com.br\/wp-content\/uploads\/2025\/09\/MEI-2.webp","width":1170,"height":700,"caption":"Urgente: MEI anuncia exclus\u00e3o de profissionais brasileiros - Imagem: Marcello Casal Jr\/Ag\u00eancia Brasil"},{"@type":"BreadcrumbList","@id":"https:\/\/tribunademinas.audiencelabs.com.br\/urgente-mei-anuncia-exclusao-de-profissionais-brasileiros\/#breadcrumb","itemListElement":[{"@type":"ListItem","position":1,"name":"In\u00edcio","item":"https:\/\/tribunademinas.audiencelabs.com.br\/"},{"@type":"ListItem","position":2,"name":"Urgente: MEI anuncia exclus\u00e3o de profissionais brasileiros"}]},{"@type":"WebSite","@id":"https:\/\/tribunademinas.audiencelabs.com.br\/#website","url":"https:\/\/tribunademinas.audiencelabs.com.br\/","name":"Tribuna de Minas - Dinheiro e Cidadania","description":"","publisher":{"@id":"https:\/\/tribunademinas.audiencelabs.com.br\/#organization"},"potentialAction":[{"@type":"SearchAction","target":{"@type":"EntryPoint","urlTemplate":"https:\/\/tribunademinas.audiencelabs.com.br\/?s={search_term_string}"},"query-input":{"@type":"PropertyValueSpecification","valueRequired":true,"valueName":"search_term_string"}}],"inLanguage":"pt-BR"},{"@type":"Organization","@id":"https:\/\/tribunademinas.audiencelabs.com.br\/#organization","name":"Tribuna de Minas - Dinheiro e Cidadania","url":"https:\/\/tribunademinas.audiencelabs.com.br\/","logo":{"@type":"ImageObject","inLanguage":"pt-BR","@id":"https:\/\/tribunademinas.audiencelabs.com.br\/#\/schema\/logo\/image\/","url":"https:\/\/tribunademinas.audiencelabs.com.br\/wp-content\/uploads\/2025\/08\/cropped-Tribuna_512x512-96x96-1.png","contentUrl":"https:\/\/tribunademinas.audiencelabs.com.br\/wp-content\/uploads\/2025\/08\/cropped-Tribuna_512x512-96x96-1.png","width":96,"height":96,"caption":"Tribuna de Minas - Dinheiro e Cidadania"},"image":{"@id":"https:\/\/tribunademinas.audiencelabs.com.br\/#\/schema\/logo\/image\/"},"sameAs":["https:\/\/www.facebook.com\/tribunademinas\/","https:\/\/x.com\/tribunademinas","https:\/\/www.instagram.com\/tribunademinas\/","https:\/\/www.youtube.com\/user\/TribunadeMinasJF"]},{"@type":"Person","@id":"https:\/\/tribunademinas.audiencelabs.com.br\/#\/schema\/person\/db18fc40307804bacef94213aa68fd9d","name":"Jeferson Carvalho","image":{"@type":"ImageObject","inLanguage":"pt-BR","@id":"https:\/\/tribunademinas.audiencelabs.com.br\/#\/schema\/person\/image\/","url":"https:\/\/secure.gravatar.com\/avatar\/cd7646e328d9670dad7dea8698522e522745eeffcff5b9d08be858e377ce326b?s=96&d=mm&r=g","contentUrl":"https:\/\/secure.gravatar.com\/avatar\/cd7646e328d9670dad7dea8698522e522745eeffcff5b9d08be858e377ce326b?s=96&d=mm&r=g","caption":"Jeferson Carvalho"},"description":"Jornalista apaixonado pela profiss\u00e3o!","url":"https:\/\/tribunademinas.audiencelabs.com.br\/author\/jeferson\/"}]}},"amp_enabled":true,"_links":{"self":[{"href":"https:\/\/tribunademinas.audiencelabs.com.br\/wp-json\/wp\/v2\/posts\/1692","targetHints":{"allow":["GET"]}}],"collection":[{"href":"https:\/\/tribunademinas.audiencelabs.com.br\/wp-json\/wp\/v2\/posts"}],"about":[{"href":"https:\/\/tribunademinas.audiencelabs.com.br\/wp-json\/wp\/v2\/types\/post"}],"author":[{"embeddable":true,"href":"https:\/\/tribunademinas.audiencelabs.com.br\/wp-json\/wp\/v2\/users\/5"}],"replies":[{"embeddable":true,"href":"https:\/\/tribunademinas.audiencelabs.com.br\/wp-json\/wp\/v2\/comments?post=1692"}],"version-history":[{"count":1,"href":"https:\/\/tribunademinas.audiencelabs.com.br\/wp-json\/wp\/v2\/posts\/1692\/revisions"}],"predecessor-version":[{"id":1695,"href":"https:\/\/tribunademinas.audiencelabs.com.br\/wp-json\/wp\/v2\/posts\/1692\/revisions\/1695"}],"wp:featuredmedia":[{"embeddable":true,"href":"https:\/\/tribunademinas.audiencelabs.com.br\/wp-json\/wp\/v2\/media\/1693"}],"wp:attachment":[{"href":"https:\/\/tribunademinas.audiencelabs.com.br\/wp-json\/wp\/v2\/media?parent=1692"}],"wp:term":[{"taxonomy":"category","embeddable":true,"href":"https:\/\/tribunademinas.audiencelabs.com.br\/wp-json\/wp\/v2\/categories?post=1692"},{"taxonomy":"post_tag","embeddable":true,"href":"https:\/\/tribunademinas.audiencelabs.com.br\/wp-json\/wp\/v2\/tags?post=1692"}],"curies":[{"name":"wp","href":"https:\/\/api.w.org\/{rel}","templated":true}]}}