{"id":1664,"date":"2025-09-22T14:12:29","date_gmt":"2025-09-22T17:12:29","guid":{"rendered":"https:\/\/tribunademinas.audiencelabs.com.br\/?p=1664"},"modified":"2025-09-22T14:12:34","modified_gmt":"2025-09-22T17:12:34","slug":"oficial-lei-garante-ferias-acima-dos-30-dias-aos-trabalhadores","status":"publish","type":"post","link":"https:\/\/tribunademinas.audiencelabs.com.br\/oficial-lei-garante-ferias-acima-dos-30-dias-aos-trabalhadores\/","title":{"rendered":"Oficial: lei garante f\u00e9rias acima dos 30 dias aos trabalhadores"},"content":{"rendered":"\n<p>O descanso \u00e9 t\u00e3o importante quanto o pr\u00f3prio trabalho, uma vez que assegura a plena recupera\u00e7\u00e3o f\u00edsica do trabalhador. Por conta disso, al\u00e9m das folgas semanais, a Consolida\u00e7\u00e3o das Leis do Trabalho (CLT) garante que todo empregado tenha <strong>f\u00e9rias de pelo menos 30 dias<\/strong>.<\/p>\n\n\n\n<p>No entanto, h\u00e1 um grupo espec\u00edfico que tem direito a per\u00edodos de descanso maiores, tanto por determina\u00e7\u00e3o legal quanto como forma de valorizar a profiss\u00e3o, que \u00e9 considerada essencial para a sociedade.<\/p>\n\n\n\n<p>Trata-se dos <strong>professores efetivos<\/strong>, e mais especificamente os que atuam diretamente em atividades de doc\u00eancia. Seja a n\u00edvel estadual ou municipal, a medida contempla todos os servidores da rede p\u00fablica de ensino.<\/p>\n\n\n\n<p>Vale destacar que a legisla\u00e7\u00e3o espec\u00edfica diferencia o per\u00edodo de f\u00e9rias do docente do recesso escolar, potencialmente mais longo, assegurando ao profissional tempo suficiente para recompor devidamente suas energias.<\/p>\n\n\n\n<p>Al\u00e9m disso, o direito ao adicional de um ter\u00e7o sobre a totalidade do per\u00edodo de f\u00e9rias \u00e9 garantido pela Constitui\u00e7\u00e3o Federal e respaldado pela jurisprud\u00eancia. Logo, o c\u00e1lculo incide sobre os 45 dias, e n\u00e3o apenas 30.<\/p>\n\n\n\n<h2 class=\"wp-block-heading\">F\u00e9rias frustradas: o que fazer caso o direito seja negado?<\/h2>\n\n\n\n<p>Embora seja poss\u00edvel negociar detalhes, o direito \u00e0s f\u00e9rias n\u00e3o pode ser negado ao trabalhador, inclusive aos professores. Desta forma, a empresa n\u00e3o pode impedir que os funcion\u00e1rios usufruam integralmente do per\u00edodo previsto em lei, garantindo sua plena prote\u00e7\u00e3o e descanso.<\/p>\n\n\n\n<p>Al\u00e9m disso, conforme mencionado anteriormente, o recebimento do ter\u00e7o constitucional sobre os 45 dias de f\u00e9rias \u00e9 um direito assegurado aos professores, sendo inalien\u00e1vel e n\u00e3o podendo, sob nenhuma circunst\u00e2ncia, ser negado.<\/p>\n\n\n\n<p>Sendo assim, caso qualquer uma das situa\u00e7\u00f5es citadas ocorra, \u00e9 recomend\u00e1vel buscar apoio do sindicato para assegurar o cumprimento da lei. E caso necess\u00e1rio, a\u00e7\u00f5es judiciais tamb\u00e9m podem fortalecer a solu\u00e7\u00e3o, mesmo que a negativa tenha partido de representantes do estado ou munic\u00edpio.<\/p>\n","protected":false},"excerpt":{"rendered":"<p>O descanso \u00e9 t\u00e3o importante quanto o pr\u00f3prio trabalho, uma vez que assegura a plena recupera\u00e7\u00e3o f\u00edsica do trabalhador. Por conta disso, al\u00e9m das folgas semanais, a Consolida\u00e7\u00e3o das Leis do Trabalho (CLT) garante que todo empregado tenha f\u00e9rias de pelo menos 30 dias. No entanto, h\u00e1 um grupo espec\u00edfico que tem direito a per\u00edodos [&hellip;]<\/p>\n","protected":false},"author":3,"featured_media":1665,"comment_status":"open","ping_status":"open","sticky":false,"template":"","format":"standard","meta":{"jnews-multi-image_gallery":[],"jnews_single_post":{"format":"standard"},"jnews_primary_category":[],"jnews_social_meta":[],"jnews_post_split":[],"footnotes":""},"categories":[159],"tags":[],"class_list":["post-1664","post","type-post","status-publish","format-standard","has-post-thumbnail","hentry","category-cidadania"],"yoast_head":"<!-- This site is optimized with the Yoast SEO plugin v25.6 - https:\/\/yoast.com\/wordpress\/plugins\/seo\/ -->\n<title>Oficial: lei garante f\u00e9rias acima dos 30 dias aos trabalhadores<\/title>\n<meta name=\"robots\" content=\"index, follow, max-snippet:-1, max-image-preview:large, max-video-preview:-1\" \/>\n<link rel=\"canonical\" href=\"https:\/\/tribunademinas.audiencelabs.com.br\/oficial-lei-garante-ferias-acima-dos-30-dias-aos-trabalhadores\/\" \/>\n<meta property=\"og:locale\" content=\"pt_BR\" \/>\n<meta property=\"og:type\" content=\"article\" \/>\n<meta property=\"og:title\" content=\"Oficial: lei garante f\u00e9rias acima dos 30 dias aos trabalhadores\" \/>\n<meta property=\"og:description\" content=\"O descanso \u00e9 t\u00e3o importante quanto o pr\u00f3prio trabalho, uma vez que assegura a plena recupera\u00e7\u00e3o f\u00edsica do trabalhador. Por conta disso, al\u00e9m das folgas semanais, a Consolida\u00e7\u00e3o das Leis do Trabalho (CLT) garante que todo empregado tenha f\u00e9rias de pelo menos 30 dias. No entanto, h\u00e1 um grupo espec\u00edfico que tem direito a per\u00edodos [&hellip;]\" \/>\n<meta property=\"og:url\" content=\"https:\/\/tribunademinas.audiencelabs.com.br\/oficial-lei-garante-ferias-acima-dos-30-dias-aos-trabalhadores\/\" \/>\n<meta property=\"og:site_name\" content=\"Tribuna de Minas - Dinheiro e Cidadania\" \/>\n<meta property=\"article:publisher\" content=\"https:\/\/www.facebook.com\/tribunademinas\/\" \/>\n<meta property=\"article:published_time\" content=\"2025-09-22T17:12:29+00:00\" \/>\n<meta property=\"article:modified_time\" content=\"2025-09-22T17:12:34+00:00\" \/>\n<meta property=\"og:image\" content=\"https:\/\/tribunademinas.audiencelabs.com.br\/wp-content\/uploads\/2025\/09\/lei-garante-ferias-acima-30-dias-trabalhadores.jpg\" \/>\n\t<meta property=\"og:image:width\" content=\"2000\" \/>\n\t<meta property=\"og:image:height\" content=\"1125\" \/>\n\t<meta property=\"og:image:type\" content=\"image\/jpeg\" \/>\n<meta name=\"author\" content=\"Jo\u00e3o Carlos Gomes\" \/>\n<meta name=\"twitter:card\" content=\"summary_large_image\" \/>\n<meta name=\"twitter:creator\" content=\"@tribunademinas\" \/>\n<meta name=\"twitter:site\" content=\"@tribunademinas\" \/>\n<meta name=\"twitter:label1\" content=\"Escrito por\" \/>\n\t<meta name=\"twitter:data1\" content=\"Jo\u00e3o Carlos Gomes\" \/>\n\t<meta name=\"twitter:label2\" content=\"Est. tempo de leitura\" \/>\n\t<meta name=\"twitter:data2\" content=\"2 minutos\" \/>\n<!-- \/ Yoast SEO plugin. -->","yoast_head_json":{"title":"Oficial: lei garante f\u00e9rias acima dos 30 dias aos trabalhadores","robots":{"index":"index","follow":"follow","max-snippet":"max-snippet:-1","max-image-preview":"max-image-preview:large","max-video-preview":"max-video-preview:-1"},"canonical":"https:\/\/tribunademinas.audiencelabs.com.br\/oficial-lei-garante-ferias-acima-dos-30-dias-aos-trabalhadores\/","og_locale":"pt_BR","og_type":"article","og_title":"Oficial: lei garante f\u00e9rias acima dos 30 dias aos trabalhadores","og_description":"O descanso \u00e9 t\u00e3o importante quanto o pr\u00f3prio trabalho, uma vez que assegura a plena recupera\u00e7\u00e3o f\u00edsica do trabalhador. Por conta disso, al\u00e9m das folgas semanais, a Consolida\u00e7\u00e3o das Leis do Trabalho (CLT) garante que todo empregado tenha f\u00e9rias de pelo menos 30 dias. No entanto, h\u00e1 um grupo espec\u00edfico que tem direito a per\u00edodos [&hellip;]","og_url":"https:\/\/tribunademinas.audiencelabs.com.br\/oficial-lei-garante-ferias-acima-dos-30-dias-aos-trabalhadores\/","og_site_name":"Tribuna de Minas - Dinheiro e Cidadania","article_publisher":"https:\/\/www.facebook.com\/tribunademinas\/","article_published_time":"2025-09-22T17:12:29+00:00","article_modified_time":"2025-09-22T17:12:34+00:00","og_image":[{"width":2000,"height":1125,"url":"https:\/\/tribunademinas.audiencelabs.com.br\/wp-content\/uploads\/2025\/09\/lei-garante-ferias-acima-30-dias-trabalhadores.jpg","type":"image\/jpeg"}],"author":"Jo\u00e3o Carlos Gomes","twitter_card":"summary_large_image","twitter_creator":"@tribunademinas","twitter_site":"@tribunademinas","twitter_misc":{"Escrito por":"Jo\u00e3o Carlos Gomes","Est. tempo de leitura":"2 minutos"},"schema":{"@context":"https:\/\/schema.org","@graph":[{"@type":"Article","@id":"https:\/\/tribunademinas.audiencelabs.com.br\/oficial-lei-garante-ferias-acima-dos-30-dias-aos-trabalhadores\/#article","isPartOf":{"@id":"https:\/\/tribunademinas.audiencelabs.com.br\/oficial-lei-garante-ferias-acima-dos-30-dias-aos-trabalhadores\/"},"author":{"name":"Jo\u00e3o Carlos Gomes","@id":"https:\/\/tribunademinas.audiencelabs.com.br\/#\/schema\/person\/37af466a64a722fadb8ef6841c52114f"},"headline":"Oficial: lei garante f\u00e9rias acima dos 30 dias aos trabalhadores","datePublished":"2025-09-22T17:12:29+00:00","dateModified":"2025-09-22T17:12:34+00:00","mainEntityOfPage":{"@id":"https:\/\/tribunademinas.audiencelabs.com.br\/oficial-lei-garante-ferias-acima-dos-30-dias-aos-trabalhadores\/"},"wordCount":348,"commentCount":0,"publisher":{"@id":"https:\/\/tribunademinas.audiencelabs.com.br\/#organization"},"image":{"@id":"https:\/\/tribunademinas.audiencelabs.com.br\/oficial-lei-garante-ferias-acima-dos-30-dias-aos-trabalhadores\/#primaryimage"},"thumbnailUrl":"https:\/\/tribunademinas.audiencelabs.com.br\/wp-content\/uploads\/2025\/09\/lei-garante-ferias-acima-30-dias-trabalhadores.jpg","articleSection":["Cidadania"],"inLanguage":"pt-BR","potentialAction":[{"@type":"CommentAction","name":"Comment","target":["https:\/\/tribunademinas.audiencelabs.com.br\/oficial-lei-garante-ferias-acima-dos-30-dias-aos-trabalhadores\/#respond"]}]},{"@type":"WebPage","@id":"https:\/\/tribunademinas.audiencelabs.com.br\/oficial-lei-garante-ferias-acima-dos-30-dias-aos-trabalhadores\/","url":"https:\/\/tribunademinas.audiencelabs.com.br\/oficial-lei-garante-ferias-acima-dos-30-dias-aos-trabalhadores\/","name":"Oficial: lei garante f\u00e9rias acima dos 30 dias aos trabalhadores","isPartOf":{"@id":"https:\/\/tribunademinas.audiencelabs.com.br\/#website"},"primaryImageOfPage":{"@id":"https:\/\/tribunademinas.audiencelabs.com.br\/oficial-lei-garante-ferias-acima-dos-30-dias-aos-trabalhadores\/#primaryimage"},"image":{"@id":"https:\/\/tribunademinas.audiencelabs.com.br\/oficial-lei-garante-ferias-acima-dos-30-dias-aos-trabalhadores\/#primaryimage"},"thumbnailUrl":"https:\/\/tribunademinas.audiencelabs.com.br\/wp-content\/uploads\/2025\/09\/lei-garante-ferias-acima-30-dias-trabalhadores.jpg","datePublished":"2025-09-22T17:12:29+00:00","dateModified":"2025-09-22T17:12:34+00:00","breadcrumb":{"@id":"https:\/\/tribunademinas.audiencelabs.com.br\/oficial-lei-garante-ferias-acima-dos-30-dias-aos-trabalhadores\/#breadcrumb"},"inLanguage":"pt-BR","potentialAction":[{"@type":"ReadAction","target":["https:\/\/tribunademinas.audiencelabs.com.br\/oficial-lei-garante-ferias-acima-dos-30-dias-aos-trabalhadores\/"]}]},{"@type":"ImageObject","inLanguage":"pt-BR","@id":"https:\/\/tribunademinas.audiencelabs.com.br\/oficial-lei-garante-ferias-acima-dos-30-dias-aos-trabalhadores\/#primaryimage","url":"https:\/\/tribunademinas.audiencelabs.com.br\/wp-content\/uploads\/2025\/09\/lei-garante-ferias-acima-30-dias-trabalhadores.jpg","contentUrl":"https:\/\/tribunademinas.audiencelabs.com.br\/wp-content\/uploads\/2025\/09\/lei-garante-ferias-acima-30-dias-trabalhadores.jpg","width":2000,"height":1125,"caption":"Foto: Freepik"},{"@type":"BreadcrumbList","@id":"https:\/\/tribunademinas.audiencelabs.com.br\/oficial-lei-garante-ferias-acima-dos-30-dias-aos-trabalhadores\/#breadcrumb","itemListElement":[{"@type":"ListItem","position":1,"name":"In\u00edcio","item":"https:\/\/tribunademinas.audiencelabs.com.br\/"},{"@type":"ListItem","position":2,"name":"Oficial: lei garante f\u00e9rias acima dos 30 dias aos trabalhadores"}]},{"@type":"WebSite","@id":"https:\/\/tribunademinas.audiencelabs.com.br\/#website","url":"https:\/\/tribunademinas.audiencelabs.com.br\/","name":"Tribuna de Minas - Dinheiro e Cidadania","description":"","publisher":{"@id":"https:\/\/tribunademinas.audiencelabs.com.br\/#organization"},"potentialAction":[{"@type":"SearchAction","target":{"@type":"EntryPoint","urlTemplate":"https:\/\/tribunademinas.audiencelabs.com.br\/?s={search_term_string}"},"query-input":{"@type":"PropertyValueSpecification","valueRequired":true,"valueName":"search_term_string"}}],"inLanguage":"pt-BR"},{"@type":"Organization","@id":"https:\/\/tribunademinas.audiencelabs.com.br\/#organization","name":"Tribuna de Minas - Dinheiro e Cidadania","url":"https:\/\/tribunademinas.audiencelabs.com.br\/","logo":{"@type":"ImageObject","inLanguage":"pt-BR","@id":"https:\/\/tribunademinas.audiencelabs.com.br\/#\/schema\/logo\/image\/","url":"https:\/\/tribunademinas.audiencelabs.com.br\/wp-content\/uploads\/2025\/08\/cropped-Tribuna_512x512-96x96-1.png","contentUrl":"https:\/\/tribunademinas.audiencelabs.com.br\/wp-content\/uploads\/2025\/08\/cropped-Tribuna_512x512-96x96-1.png","width":96,"height":96,"caption":"Tribuna de Minas - Dinheiro e Cidadania"},"image":{"@id":"https:\/\/tribunademinas.audiencelabs.com.br\/#\/schema\/logo\/image\/"},"sameAs":["https:\/\/www.facebook.com\/tribunademinas\/","https:\/\/x.com\/tribunademinas","https:\/\/www.instagram.com\/tribunademinas\/","https:\/\/www.youtube.com\/user\/TribunadeMinasJF"]},{"@type":"Person","@id":"https:\/\/tribunademinas.audiencelabs.com.br\/#\/schema\/person\/37af466a64a722fadb8ef6841c52114f","name":"Jo\u00e3o Carlos Gomes","image":{"@type":"ImageObject","inLanguage":"pt-BR","@id":"https:\/\/tribunademinas.audiencelabs.com.br\/#\/schema\/person\/image\/","url":"https:\/\/secure.gravatar.com\/avatar\/4ce4672dbdd694b329cd6fdb51bee7d1409be1f0ff76a537e4c4a737b2c7d1a9?s=96&d=mm&r=g","contentUrl":"https:\/\/secure.gravatar.com\/avatar\/4ce4672dbdd694b329cd6fdb51bee7d1409be1f0ff76a537e4c4a737b2c7d1a9?s=96&d=mm&r=g","caption":"Jo\u00e3o Carlos Gomes"},"description":"Jornalista formado pelo Centro Universit\u00e1rio Carioca, apreciador da Bossa Nova ao Metal Extremo, criador de conte\u00fado e m\u00fasico independente nas horas vagas.","url":"https:\/\/tribunademinas.audiencelabs.com.br\/author\/joaoc-junior\/"}]}},"amp_enabled":true,"_links":{"self":[{"href":"https:\/\/tribunademinas.audiencelabs.com.br\/wp-json\/wp\/v2\/posts\/1664","targetHints":{"allow":["GET"]}}],"collection":[{"href":"https:\/\/tribunademinas.audiencelabs.com.br\/wp-json\/wp\/v2\/posts"}],"about":[{"href":"https:\/\/tribunademinas.audiencelabs.com.br\/wp-json\/wp\/v2\/types\/post"}],"author":[{"embeddable":true,"href":"https:\/\/tribunademinas.audiencelabs.com.br\/wp-json\/wp\/v2\/users\/3"}],"replies":[{"embeddable":true,"href":"https:\/\/tribunademinas.audiencelabs.com.br\/wp-json\/wp\/v2\/comments?post=1664"}],"version-history":[{"count":1,"href":"https:\/\/tribunademinas.audiencelabs.com.br\/wp-json\/wp\/v2\/posts\/1664\/revisions"}],"predecessor-version":[{"id":1666,"href":"https:\/\/tribunademinas.audiencelabs.com.br\/wp-json\/wp\/v2\/posts\/1664\/revisions\/1666"}],"wp:featuredmedia":[{"embeddable":true,"href":"https:\/\/tribunademinas.audiencelabs.com.br\/wp-json\/wp\/v2\/media\/1665"}],"wp:attachment":[{"href":"https:\/\/tribunademinas.audiencelabs.com.br\/wp-json\/wp\/v2\/media?parent=1664"}],"wp:term":[{"taxonomy":"category","embeddable":true,"href":"https:\/\/tribunademinas.audiencelabs.com.br\/wp-json\/wp\/v2\/categories?post=1664"},{"taxonomy":"post_tag","embeddable":true,"href":"https:\/\/tribunademinas.audiencelabs.com.br\/wp-json\/wp\/v2\/tags?post=1664"}],"curies":[{"name":"wp","href":"https:\/\/api.w.org\/{rel}","templated":true}]}}