{"id":1654,"date":"2025-09-20T07:58:00","date_gmt":"2025-09-20T10:58:00","guid":{"rendered":"https:\/\/tribunademinas.audiencelabs.com.br\/?p=1654"},"modified":"2025-09-19T20:19:28","modified_gmt":"2025-09-19T23:19:28","slug":"brasileiros-nao-precisam-mais-pagar-conta-da-agua-entenda","status":"publish","type":"post","link":"https:\/\/tribunademinas.audiencelabs.com.br\/brasileiros-nao-precisam-mais-pagar-conta-da-agua-entenda\/","title":{"rendered":"Brasileiros n\u00e3o precisam mais pagar conta da \u00e1gua? Entenda"},"content":{"rendered":"\n<p>Uma proposta apresentada na C\u00e2mara dos Deputados nesta semana trouxe esperan\u00e7a para milh\u00f5es de brasileiros que pagam caro na conta de \u00e1gua e vivem em situa\u00e7\u00e3o de vulnerabilidade social. <\/p>\n\n\n\n<p>O deputado federal Arthur Lira (PP-AL) protocolou um projeto de lei que prev\u00ea isen\u00e7\u00e3o total ou parcial da cobran\u00e7a da conta de \u00e1gua para fam\u00edlias de baixa renda. A medida tamb\u00e9m pode beneficiar pequenos agricultores inseridos em projetos p\u00fablicos de irriga\u00e7\u00e3o. <\/p>\n\n\n\n<p>Em um pa\u00eds onde o custo da conta de \u00e1gua pesa no or\u00e7amento das fam\u00edlias mais pobres, a proposta \u00e9 vista como um avan\u00e7o na busca por justi\u00e7a social. N\u00e3o \u00e0 toa, muitos j\u00e1 querem saber como solicitar o benef\u00edcio.<\/p>\n\n\n\n<h2 class=\"wp-block-heading\">Brasileiros n\u00e3o precisam mais pagar conta da \u00e1gua? Entenda<\/h2>\n\n\n\n<p>Mas \u00e9 importante deixar claro: <strong>o benef\u00edcio ainda n\u00e3o est\u00e1 dispon\u00edvel<\/strong>. Por enquanto, trata-se apenas de uma proposta legislativa, ou seja, uma ideia formalizada em projeto de lei que ainda precisa ser debatida e aprovada pelo Congresso Nacional. <\/p>\n\n\n\n<p>At\u00e9 l\u00e1, nenhum cidad\u00e3o poder\u00e1 requisitar o desconto ou a gratuidade. O caminho legislativo exige que o texto seja analisado e aprovado primeiro pela <a href=\"https:\/\/tribunademinas.com.br\/colunas\/dinheiroecidadania\/esquerda-organiza-atos-contra-anistia-apos-veredito-final\/\"><strong>C\u00e2mara dos Deputados<\/strong><\/a>, depois pelo Senado Federal. <\/p>\n\n\n\n<p>Se passar pelas duas Casas, ainda depender\u00e1 da san\u00e7\u00e3o presidencial para se tornar lei. Depois que isso tudo acontecer, ser\u00e3o divulgadas as regras do programa social e como participar.<\/p>\n\n\n\n<p>A proposta apresentada por Lira altera a <a href=\"https:\/\/www.planalto.gov.br\/ccivil_03\/leis\/l9433.htm\"><strong>Lei n\u00ba 9.433, de 1997<\/strong><\/a>, que institui a Pol\u00edtica Nacional de Recursos H\u00eddricos. O novo texto prop\u00f5e a cria\u00e7\u00e3o de uma categoria social espec\u00edfica para o uso da \u00e1gua. <\/p>\n\n\n\n<p>Com isso, fam\u00edlias consideradas de baixa renda e agricultores familiares vinculados a projetos p\u00fablicos de irriga\u00e7\u00e3o poderiam ser contemplados com crit\u00e9rios diferenciados de cobran\u00e7a, o que abre margem para isen\u00e7\u00e3o total ou descontos significativos.<\/p>\n\n\n\n<h3 class=\"wp-block-heading\">Isen\u00e7\u00e3o na cobran\u00e7a da \u00e1gua pode reduzir desigualdades<\/h3>\n\n\n\n<p>Segundo o deputado, a ideia central da proposta \u00e9 evitar que a cobran\u00e7a pelo uso da \u00e1gua aprofunde desigualdades e exclua os mais vulner\u00e1veis do acesso a esse recurso essencial. <\/p>\n\n\n\n<p>Al\u00e9m disso, Lira destaca que o projeto fortalece a agricultura familiar ao reduzir custos para produtores de pequeno porte que dependem da irriga\u00e7\u00e3o para garantir sua subsist\u00eancia.<\/p>\n\n\n\n<p>A proposta recebeu apoio de outros parlamentares, como o l\u00edder do Progressistas, deputado Doutor Luizinho (RJ), que solicitou regime de urg\u00eancia para acelerar a tramita\u00e7\u00e3o. <\/p>\n\n\n\n<p>Ainda assim, o texto precisa vencer todas as etapas legislativas antes que qualquer brasileiro possa se beneficiar da medida. At\u00e9 l\u00e1, a conta de \u00e1gua continua sendo uma despesa mensal obrigat\u00f3ria para todos.<\/p>\n","protected":false},"excerpt":{"rendered":"<p>Uma proposta apresentada na C\u00e2mara dos Deputados nesta semana trouxe esperan\u00e7a para milh\u00f5es de brasileiros que pagam caro na conta de \u00e1gua e vivem em situa\u00e7\u00e3o de vulnerabilidade social. O deputado federal Arthur Lira (PP-AL) protocolou um projeto de lei que prev\u00ea isen\u00e7\u00e3o total ou parcial da cobran\u00e7a da conta de \u00e1gua para fam\u00edlias de [&hellip;]<\/p>\n","protected":false},"author":5,"featured_media":1655,"comment_status":"open","ping_status":"open","sticky":false,"template":"","format":"standard","meta":{"jnews-multi-image_gallery":[],"jnews_single_post":{"format":"standard"},"jnews_primary_category":[],"jnews_social_meta":[],"jnews_post_split":[],"footnotes":""},"categories":[1],"tags":[],"class_list":["post-1654","post","type-post","status-publish","format-standard","has-post-thumbnail","hentry","category-dinheiro"],"yoast_head":"<!-- This site is optimized with the Yoast SEO plugin v25.6 - https:\/\/yoast.com\/wordpress\/plugins\/seo\/ -->\n<title>Brasileiros n\u00e3o precisam mais pagar conta da \u00e1gua? Entenda<\/title>\n<meta name=\"description\" content=\"Uma proposta trouxe esperan\u00e7a para milh\u00f5es de brasileiros que pagam caro na conta de \u00e1gua e vivem em situa\u00e7\u00e3o de vulnerabilidade social.\" \/>\n<meta name=\"robots\" content=\"index, follow, max-snippet:-1, max-image-preview:large, max-video-preview:-1\" \/>\n<link rel=\"canonical\" href=\"https:\/\/tribunademinas.audiencelabs.com.br\/brasileiros-nao-precisam-mais-pagar-conta-da-agua-entenda\/\" \/>\n<meta property=\"og:locale\" content=\"pt_BR\" \/>\n<meta property=\"og:type\" content=\"article\" \/>\n<meta property=\"og:title\" content=\"Brasileiros n\u00e3o precisam mais pagar conta da \u00e1gua? Entenda\" \/>\n<meta property=\"og:description\" content=\"Uma proposta trouxe esperan\u00e7a para milh\u00f5es de brasileiros que pagam caro na conta de \u00e1gua e vivem em situa\u00e7\u00e3o de vulnerabilidade social.\" \/>\n<meta property=\"og:url\" content=\"https:\/\/tribunademinas.audiencelabs.com.br\/brasileiros-nao-precisam-mais-pagar-conta-da-agua-entenda\/\" \/>\n<meta property=\"og:site_name\" content=\"Tribuna de Minas - Dinheiro e Cidadania\" \/>\n<meta property=\"article:publisher\" content=\"https:\/\/www.facebook.com\/tribunademinas\/\" \/>\n<meta property=\"article:published_time\" content=\"2025-09-20T10:58:00+00:00\" \/>\n<meta property=\"og:image\" content=\"https:\/\/tribunademinas.audiencelabs.com.br\/wp-content\/uploads\/2025\/09\/agua.webp\" \/>\n\t<meta property=\"og:image:width\" content=\"1170\" \/>\n\t<meta property=\"og:image:height\" content=\"700\" \/>\n\t<meta property=\"og:image:type\" content=\"image\/webp\" \/>\n<meta name=\"author\" content=\"Jeferson Carvalho\" \/>\n<meta name=\"twitter:card\" content=\"summary_large_image\" \/>\n<meta name=\"twitter:creator\" content=\"@tribunademinas\" \/>\n<meta name=\"twitter:site\" content=\"@tribunademinas\" \/>\n<meta name=\"twitter:label1\" content=\"Escrito por\" \/>\n\t<meta name=\"twitter:data1\" content=\"Jeferson Carvalho\" \/>\n\t<meta name=\"twitter:label2\" content=\"Est. tempo de leitura\" \/>\n\t<meta name=\"twitter:data2\" content=\"3 minutos\" \/>\n<!-- \/ Yoast SEO plugin. -->","yoast_head_json":{"title":"Brasileiros n\u00e3o precisam mais pagar conta da \u00e1gua? Entenda","description":"Uma proposta trouxe esperan\u00e7a para milh\u00f5es de brasileiros que pagam caro na conta de \u00e1gua e vivem em situa\u00e7\u00e3o de vulnerabilidade social.","robots":{"index":"index","follow":"follow","max-snippet":"max-snippet:-1","max-image-preview":"max-image-preview:large","max-video-preview":"max-video-preview:-1"},"canonical":"https:\/\/tribunademinas.audiencelabs.com.br\/brasileiros-nao-precisam-mais-pagar-conta-da-agua-entenda\/","og_locale":"pt_BR","og_type":"article","og_title":"Brasileiros n\u00e3o precisam mais pagar conta da \u00e1gua? Entenda","og_description":"Uma proposta trouxe esperan\u00e7a para milh\u00f5es de brasileiros que pagam caro na conta de \u00e1gua e vivem em situa\u00e7\u00e3o de vulnerabilidade social.","og_url":"https:\/\/tribunademinas.audiencelabs.com.br\/brasileiros-nao-precisam-mais-pagar-conta-da-agua-entenda\/","og_site_name":"Tribuna de Minas - Dinheiro e Cidadania","article_publisher":"https:\/\/www.facebook.com\/tribunademinas\/","article_published_time":"2025-09-20T10:58:00+00:00","og_image":[{"width":1170,"height":700,"url":"https:\/\/tribunademinas.audiencelabs.com.br\/wp-content\/uploads\/2025\/09\/agua.webp","type":"image\/webp"}],"author":"Jeferson Carvalho","twitter_card":"summary_large_image","twitter_creator":"@tribunademinas","twitter_site":"@tribunademinas","twitter_misc":{"Escrito por":"Jeferson Carvalho","Est. tempo de leitura":"3 minutos"},"schema":{"@context":"https:\/\/schema.org","@graph":[{"@type":"Article","@id":"https:\/\/tribunademinas.audiencelabs.com.br\/brasileiros-nao-precisam-mais-pagar-conta-da-agua-entenda\/#article","isPartOf":{"@id":"https:\/\/tribunademinas.audiencelabs.com.br\/brasileiros-nao-precisam-mais-pagar-conta-da-agua-entenda\/"},"author":{"name":"Jeferson Carvalho","@id":"https:\/\/tribunademinas.audiencelabs.com.br\/#\/schema\/person\/db18fc40307804bacef94213aa68fd9d"},"headline":"Brasileiros n\u00e3o precisam mais pagar conta da \u00e1gua? Entenda","datePublished":"2025-09-20T10:58:00+00:00","mainEntityOfPage":{"@id":"https:\/\/tribunademinas.audiencelabs.com.br\/brasileiros-nao-precisam-mais-pagar-conta-da-agua-entenda\/"},"wordCount":461,"commentCount":0,"publisher":{"@id":"https:\/\/tribunademinas.audiencelabs.com.br\/#organization"},"image":{"@id":"https:\/\/tribunademinas.audiencelabs.com.br\/brasileiros-nao-precisam-mais-pagar-conta-da-agua-entenda\/#primaryimage"},"thumbnailUrl":"https:\/\/tribunademinas.audiencelabs.com.br\/wp-content\/uploads\/2025\/09\/agua.webp","articleSection":["Dinheiro"],"inLanguage":"pt-BR","potentialAction":[{"@type":"CommentAction","name":"Comment","target":["https:\/\/tribunademinas.audiencelabs.com.br\/brasileiros-nao-precisam-mais-pagar-conta-da-agua-entenda\/#respond"]}]},{"@type":"WebPage","@id":"https:\/\/tribunademinas.audiencelabs.com.br\/brasileiros-nao-precisam-mais-pagar-conta-da-agua-entenda\/","url":"https:\/\/tribunademinas.audiencelabs.com.br\/brasileiros-nao-precisam-mais-pagar-conta-da-agua-entenda\/","name":"Brasileiros n\u00e3o precisam mais pagar conta da \u00e1gua? Entenda","isPartOf":{"@id":"https:\/\/tribunademinas.audiencelabs.com.br\/#website"},"primaryImageOfPage":{"@id":"https:\/\/tribunademinas.audiencelabs.com.br\/brasileiros-nao-precisam-mais-pagar-conta-da-agua-entenda\/#primaryimage"},"image":{"@id":"https:\/\/tribunademinas.audiencelabs.com.br\/brasileiros-nao-precisam-mais-pagar-conta-da-agua-entenda\/#primaryimage"},"thumbnailUrl":"https:\/\/tribunademinas.audiencelabs.com.br\/wp-content\/uploads\/2025\/09\/agua.webp","datePublished":"2025-09-20T10:58:00+00:00","description":"Uma proposta trouxe esperan\u00e7a para milh\u00f5es de brasileiros que pagam caro na conta de \u00e1gua e vivem em situa\u00e7\u00e3o de vulnerabilidade social.","breadcrumb":{"@id":"https:\/\/tribunademinas.audiencelabs.com.br\/brasileiros-nao-precisam-mais-pagar-conta-da-agua-entenda\/#breadcrumb"},"inLanguage":"pt-BR","potentialAction":[{"@type":"ReadAction","target":["https:\/\/tribunademinas.audiencelabs.com.br\/brasileiros-nao-precisam-mais-pagar-conta-da-agua-entenda\/"]}]},{"@type":"ImageObject","inLanguage":"pt-BR","@id":"https:\/\/tribunademinas.audiencelabs.com.br\/brasileiros-nao-precisam-mais-pagar-conta-da-agua-entenda\/#primaryimage","url":"https:\/\/tribunademinas.audiencelabs.com.br\/wp-content\/uploads\/2025\/09\/agua.webp","contentUrl":"https:\/\/tribunademinas.audiencelabs.com.br\/wp-content\/uploads\/2025\/09\/agua.webp","width":1170,"height":700,"caption":"Brasileiros n\u00e3o precisam mais pagar conta da \u00e1gua? Entenda - Imagem: Ricardo Stuckert\/Presid\u00eancia da Rep\u00fablica"},{"@type":"BreadcrumbList","@id":"https:\/\/tribunademinas.audiencelabs.com.br\/brasileiros-nao-precisam-mais-pagar-conta-da-agua-entenda\/#breadcrumb","itemListElement":[{"@type":"ListItem","position":1,"name":"In\u00edcio","item":"https:\/\/tribunademinas.audiencelabs.com.br\/"},{"@type":"ListItem","position":2,"name":"Brasileiros n\u00e3o precisam mais pagar conta da \u00e1gua? Entenda"}]},{"@type":"WebSite","@id":"https:\/\/tribunademinas.audiencelabs.com.br\/#website","url":"https:\/\/tribunademinas.audiencelabs.com.br\/","name":"Tribuna de Minas - Dinheiro e Cidadania","description":"","publisher":{"@id":"https:\/\/tribunademinas.audiencelabs.com.br\/#organization"},"potentialAction":[{"@type":"SearchAction","target":{"@type":"EntryPoint","urlTemplate":"https:\/\/tribunademinas.audiencelabs.com.br\/?s={search_term_string}"},"query-input":{"@type":"PropertyValueSpecification","valueRequired":true,"valueName":"search_term_string"}}],"inLanguage":"pt-BR"},{"@type":"Organization","@id":"https:\/\/tribunademinas.audiencelabs.com.br\/#organization","name":"Tribuna de Minas - Dinheiro e Cidadania","url":"https:\/\/tribunademinas.audiencelabs.com.br\/","logo":{"@type":"ImageObject","inLanguage":"pt-BR","@id":"https:\/\/tribunademinas.audiencelabs.com.br\/#\/schema\/logo\/image\/","url":"https:\/\/tribunademinas.audiencelabs.com.br\/wp-content\/uploads\/2025\/08\/cropped-Tribuna_512x512-96x96-1.png","contentUrl":"https:\/\/tribunademinas.audiencelabs.com.br\/wp-content\/uploads\/2025\/08\/cropped-Tribuna_512x512-96x96-1.png","width":96,"height":96,"caption":"Tribuna de Minas - Dinheiro e Cidadania"},"image":{"@id":"https:\/\/tribunademinas.audiencelabs.com.br\/#\/schema\/logo\/image\/"},"sameAs":["https:\/\/www.facebook.com\/tribunademinas\/","https:\/\/x.com\/tribunademinas","https:\/\/www.instagram.com\/tribunademinas\/","https:\/\/www.youtube.com\/user\/TribunadeMinasJF"]},{"@type":"Person","@id":"https:\/\/tribunademinas.audiencelabs.com.br\/#\/schema\/person\/db18fc40307804bacef94213aa68fd9d","name":"Jeferson Carvalho","image":{"@type":"ImageObject","inLanguage":"pt-BR","@id":"https:\/\/tribunademinas.audiencelabs.com.br\/#\/schema\/person\/image\/","url":"https:\/\/secure.gravatar.com\/avatar\/cd7646e328d9670dad7dea8698522e522745eeffcff5b9d08be858e377ce326b?s=96&d=mm&r=g","contentUrl":"https:\/\/secure.gravatar.com\/avatar\/cd7646e328d9670dad7dea8698522e522745eeffcff5b9d08be858e377ce326b?s=96&d=mm&r=g","caption":"Jeferson Carvalho"},"description":"Jornalista apaixonado pela profiss\u00e3o!","url":"https:\/\/tribunademinas.audiencelabs.com.br\/author\/jeferson\/"}]}},"amp_enabled":true,"_links":{"self":[{"href":"https:\/\/tribunademinas.audiencelabs.com.br\/wp-json\/wp\/v2\/posts\/1654","targetHints":{"allow":["GET"]}}],"collection":[{"href":"https:\/\/tribunademinas.audiencelabs.com.br\/wp-json\/wp\/v2\/posts"}],"about":[{"href":"https:\/\/tribunademinas.audiencelabs.com.br\/wp-json\/wp\/v2\/types\/post"}],"author":[{"embeddable":true,"href":"https:\/\/tribunademinas.audiencelabs.com.br\/wp-json\/wp\/v2\/users\/5"}],"replies":[{"embeddable":true,"href":"https:\/\/tribunademinas.audiencelabs.com.br\/wp-json\/wp\/v2\/comments?post=1654"}],"version-history":[{"count":1,"href":"https:\/\/tribunademinas.audiencelabs.com.br\/wp-json\/wp\/v2\/posts\/1654\/revisions"}],"predecessor-version":[{"id":1656,"href":"https:\/\/tribunademinas.audiencelabs.com.br\/wp-json\/wp\/v2\/posts\/1654\/revisions\/1656"}],"wp:featuredmedia":[{"embeddable":true,"href":"https:\/\/tribunademinas.audiencelabs.com.br\/wp-json\/wp\/v2\/media\/1655"}],"wp:attachment":[{"href":"https:\/\/tribunademinas.audiencelabs.com.br\/wp-json\/wp\/v2\/media?parent=1654"}],"wp:term":[{"taxonomy":"category","embeddable":true,"href":"https:\/\/tribunademinas.audiencelabs.com.br\/wp-json\/wp\/v2\/categories?post=1654"},{"taxonomy":"post_tag","embeddable":true,"href":"https:\/\/tribunademinas.audiencelabs.com.br\/wp-json\/wp\/v2\/tags?post=1654"}],"curies":[{"name":"wp","href":"https:\/\/api.w.org\/{rel}","templated":true}]}}