{"id":1639,"date":"2025-09-22T06:45:00","date_gmt":"2025-09-22T09:45:00","guid":{"rendered":"https:\/\/tribunademinas.audiencelabs.com.br\/?p=1639"},"modified":"2025-09-19T18:13:09","modified_gmt":"2025-09-19T21:13:09","slug":"governo-traz-noticia-desanimadora-sobre-valor-do-salario-minimo","status":"publish","type":"post","link":"https:\/\/tribunademinas.audiencelabs.com.br\/governo-traz-noticia-desanimadora-sobre-valor-do-salario-minimo\/","title":{"rendered":"Governo traz not\u00edcia desanimadora sobre valor do sal\u00e1rio m\u00ednimo"},"content":{"rendered":"\n<p>O governo federal divulgou recentemente suas proje\u00e7\u00f5es para o sal\u00e1rio m\u00ednimo at\u00e9 o fim da d\u00e9cada, e embora os valores apontem para aumentos sucessivos nos pr\u00f3ximos anos, um detalhe causou frustra\u00e7\u00e3o entre trabalhadores e aposentados: at\u00e9 2029, o sal\u00e1rio m\u00ednimo n\u00e3o deve ultrapassar os R$ 2.000. <\/p>\n\n\n\n<p>Segundo estimativas oficiais, ele deve se manter entre R$ 1.600 e R$ 1.900, o que muitos consideram insuficiente diante do aumento constante no custo de vida.<\/p>\n\n\n\n<h2 class=\"wp-block-heading\">Governo traz not\u00edcia desanimadora sobre valor do sal\u00e1rio m\u00ednimo<\/h2>\n\n\n\n<p>As previs\u00f5es foram apresentadas pelo Minist\u00e9rio do Planejamento e Or\u00e7amento no Projeto de Lei Or\u00e7ament\u00e1ria Anual (<a href=\"https:\/\/www.gov.br\/planejamento\/pt-br\/assuntos\/orcamento\/orcamentos-anuais\/2025\/ploa\"><strong>PLOA<\/strong><\/a>) de 2026, enviado ao Congresso Nacional em agosto. <\/p>\n\n\n\n<p>De acordo com o documento, o piso salarial nacional deve subir para R$ 1.631 em 2026, avan\u00e7ar para R$ 1.725 em 2027, chegar a R$ 1.823 em 2028 e alcan\u00e7ar R$ 1.908 em 2029. <\/p>\n\n\n\n<p>Os reajustes seguem crit\u00e9rios estabelecidos por lei, baseando-se na infla\u00e7\u00e3o medida pelo \u00cdndice Nacional de Pre\u00e7os ao Consumidor (INPC) e no crescimento do Produto Interno Bruto (PIB) de dois anos anteriores.<\/p>\n\n\n\n<p>Esses n\u00fameros indicam uma pol\u00edtica de corre\u00e7\u00e3o que visa preservar o poder de compra, mas que dificilmente oferece ganhos reais expressivos para os trabalhadores. <\/p>\n\n\n\n<p>O teto de crescimento do sal\u00e1rio m\u00ednimo est\u00e1 diretamente ligado ao desempenho da economia, que, segundo as regras fiscais vigentes, limita aumentos reais a at\u00e9 2,5% ao ano, mesmo em cen\u00e1rios de maior crescimento.<\/p>\n\n\n\n<h3 class=\"wp-block-heading\">Sal\u00e1rio m\u00ednimo abaixo dos R$ 2.000 at\u00e9 2029 desanimou muitos brasileiros<\/h3>\n\n\n\n<p>Apesar de os valores projetados representarem aumentos em rela\u00e7\u00e3o ao sal\u00e1rio atual de R$ 1.518, o fato de o m\u00ednimo n\u00e3o romper a barreira dos R$ 2.000 nos pr\u00f3ximos quatro anos gerou preocupa\u00e7\u00e3o. <\/p>\n\n\n\n<p>Para grande parte da popula\u00e7\u00e3o, especialmente trabalhadores informais, categorias com menor poder de negocia\u00e7\u00e3o e aposentados do <a href=\"https:\/\/tribunademinas.com.br\/colunas\/dinheiroecidadania\/governo-surpreende-e-faz-anuncio-sobre-antecipacao-do-inss\/\"><strong>INSS<\/strong><\/a> que recebem apenas um sal\u00e1rio m\u00ednimo, o valor \u00e9 mais do que uma refer\u00eancia: \u00e9 o limite da sobreviv\u00eancia.<\/p>\n\n\n\n<p>O sal\u00e1rio m\u00ednimo influencia diretamente benef\u00edcios como o Benef\u00edcio de Presta\u00e7\u00e3o Continuada (BPC) e as aposentadorias b\u00e1sicas do INSS.<\/p>\n\n\n\n<p> Com a infla\u00e7\u00e3o afetando fortemente itens essenciais como alimentos e transporte, o receio \u00e9 que os reajustes previstos n\u00e3o acompanhem a eleva\u00e7\u00e3o real do custo de vida, comprometendo a capacidade dessas fam\u00edlias de manter uma vida minimamente digna.<\/p>\n\n\n\n<p>O governo defende que a limita\u00e7\u00e3o \u00e9 necess\u00e1ria para garantir responsabilidade fiscal, mas o debate sobre a valoriza\u00e7\u00e3o do m\u00ednimo continua longe de um consenso.<\/p>\n\n\n\n<p><\/p>\n","protected":false},"excerpt":{"rendered":"<p>O governo federal divulgou recentemente suas proje\u00e7\u00f5es para o sal\u00e1rio m\u00ednimo at\u00e9 o fim da d\u00e9cada, e embora os valores apontem para aumentos sucessivos nos pr\u00f3ximos anos, um detalhe causou frustra\u00e7\u00e3o entre trabalhadores e aposentados: at\u00e9 2029, o sal\u00e1rio m\u00ednimo n\u00e3o deve ultrapassar os R$ 2.000. Segundo estimativas oficiais, ele deve se manter entre R$ [&hellip;]<\/p>\n","protected":false},"author":5,"featured_media":1640,"comment_status":"open","ping_status":"open","sticky":false,"template":"","format":"standard","meta":{"jnews-multi-image_gallery":[],"jnews_single_post":{"format":"standard"},"jnews_primary_category":[],"jnews_social_meta":[],"jnews_post_split":[],"footnotes":""},"categories":[1],"tags":[],"class_list":["post-1639","post","type-post","status-publish","format-standard","has-post-thumbnail","hentry","category-dinheiro"],"yoast_head":"<!-- This site is optimized with the Yoast SEO plugin v25.6 - https:\/\/yoast.com\/wordpress\/plugins\/seo\/ -->\n<title>Governo traz not\u00edcia desanimadora sobre valor do sal\u00e1rio m\u00ednimo<\/title>\n<meta name=\"description\" content=\"O governo federal divulgou recentemente suas proje\u00e7\u00f5es para o sal\u00e1rio m\u00ednimo at\u00e9 o fim da d\u00e9cada, e um detalhe causou frustra\u00e7\u00e3o.\" \/>\n<meta name=\"robots\" content=\"index, follow, max-snippet:-1, max-image-preview:large, max-video-preview:-1\" \/>\n<link rel=\"canonical\" href=\"https:\/\/tribunademinas.audiencelabs.com.br\/governo-traz-noticia-desanimadora-sobre-valor-do-salario-minimo\/\" \/>\n<meta property=\"og:locale\" content=\"pt_BR\" \/>\n<meta property=\"og:type\" content=\"article\" \/>\n<meta property=\"og:title\" content=\"Governo traz not\u00edcia desanimadora sobre valor do sal\u00e1rio m\u00ednimo\" \/>\n<meta property=\"og:description\" content=\"O governo federal divulgou recentemente suas proje\u00e7\u00f5es para o sal\u00e1rio m\u00ednimo at\u00e9 o fim da d\u00e9cada, e um detalhe causou frustra\u00e7\u00e3o.\" \/>\n<meta property=\"og:url\" content=\"https:\/\/tribunademinas.audiencelabs.com.br\/governo-traz-noticia-desanimadora-sobre-valor-do-salario-minimo\/\" \/>\n<meta property=\"og:site_name\" content=\"Tribuna de Minas - Dinheiro e Cidadania\" \/>\n<meta property=\"article:publisher\" content=\"https:\/\/www.facebook.com\/tribunademinas\/\" \/>\n<meta property=\"article:published_time\" content=\"2025-09-22T09:45:00+00:00\" \/>\n<meta property=\"og:image\" content=\"https:\/\/tribunademinas.audiencelabs.com.br\/wp-content\/uploads\/2025\/09\/salario-1.webp\" \/>\n\t<meta property=\"og:image:width\" content=\"1170\" \/>\n\t<meta property=\"og:image:height\" content=\"700\" \/>\n\t<meta property=\"og:image:type\" content=\"image\/webp\" \/>\n<meta name=\"author\" content=\"Jeferson Carvalho\" \/>\n<meta name=\"twitter:card\" content=\"summary_large_image\" \/>\n<meta name=\"twitter:creator\" content=\"@tribunademinas\" \/>\n<meta name=\"twitter:site\" content=\"@tribunademinas\" \/>\n<meta name=\"twitter:label1\" content=\"Escrito por\" \/>\n\t<meta name=\"twitter:data1\" content=\"Jeferson Carvalho\" \/>\n\t<meta name=\"twitter:label2\" content=\"Est. tempo de leitura\" \/>\n\t<meta name=\"twitter:data2\" content=\"3 minutos\" \/>\n<!-- \/ Yoast SEO plugin. -->","yoast_head_json":{"title":"Governo traz not\u00edcia desanimadora sobre valor do sal\u00e1rio m\u00ednimo","description":"O governo federal divulgou recentemente suas proje\u00e7\u00f5es para o sal\u00e1rio m\u00ednimo at\u00e9 o fim da d\u00e9cada, e um detalhe causou frustra\u00e7\u00e3o.","robots":{"index":"index","follow":"follow","max-snippet":"max-snippet:-1","max-image-preview":"max-image-preview:large","max-video-preview":"max-video-preview:-1"},"canonical":"https:\/\/tribunademinas.audiencelabs.com.br\/governo-traz-noticia-desanimadora-sobre-valor-do-salario-minimo\/","og_locale":"pt_BR","og_type":"article","og_title":"Governo traz not\u00edcia desanimadora sobre valor do sal\u00e1rio m\u00ednimo","og_description":"O governo federal divulgou recentemente suas proje\u00e7\u00f5es para o sal\u00e1rio m\u00ednimo at\u00e9 o fim da d\u00e9cada, e um detalhe causou frustra\u00e7\u00e3o.","og_url":"https:\/\/tribunademinas.audiencelabs.com.br\/governo-traz-noticia-desanimadora-sobre-valor-do-salario-minimo\/","og_site_name":"Tribuna de Minas - Dinheiro e Cidadania","article_publisher":"https:\/\/www.facebook.com\/tribunademinas\/","article_published_time":"2025-09-22T09:45:00+00:00","og_image":[{"width":1170,"height":700,"url":"https:\/\/tribunademinas.audiencelabs.com.br\/wp-content\/uploads\/2025\/09\/salario-1.webp","type":"image\/webp"}],"author":"Jeferson Carvalho","twitter_card":"summary_large_image","twitter_creator":"@tribunademinas","twitter_site":"@tribunademinas","twitter_misc":{"Escrito por":"Jeferson Carvalho","Est. tempo de leitura":"3 minutos"},"schema":{"@context":"https:\/\/schema.org","@graph":[{"@type":"Article","@id":"https:\/\/tribunademinas.audiencelabs.com.br\/governo-traz-noticia-desanimadora-sobre-valor-do-salario-minimo\/#article","isPartOf":{"@id":"https:\/\/tribunademinas.audiencelabs.com.br\/governo-traz-noticia-desanimadora-sobre-valor-do-salario-minimo\/"},"author":{"name":"Jeferson Carvalho","@id":"https:\/\/tribunademinas.audiencelabs.com.br\/#\/schema\/person\/db18fc40307804bacef94213aa68fd9d"},"headline":"Governo traz not\u00edcia desanimadora sobre valor do sal\u00e1rio m\u00ednimo","datePublished":"2025-09-22T09:45:00+00:00","mainEntityOfPage":{"@id":"https:\/\/tribunademinas.audiencelabs.com.br\/governo-traz-noticia-desanimadora-sobre-valor-do-salario-minimo\/"},"wordCount":438,"commentCount":0,"publisher":{"@id":"https:\/\/tribunademinas.audiencelabs.com.br\/#organization"},"image":{"@id":"https:\/\/tribunademinas.audiencelabs.com.br\/governo-traz-noticia-desanimadora-sobre-valor-do-salario-minimo\/#primaryimage"},"thumbnailUrl":"https:\/\/tribunademinas.audiencelabs.com.br\/wp-content\/uploads\/2025\/09\/salario-1.webp","articleSection":["Dinheiro"],"inLanguage":"pt-BR","potentialAction":[{"@type":"CommentAction","name":"Comment","target":["https:\/\/tribunademinas.audiencelabs.com.br\/governo-traz-noticia-desanimadora-sobre-valor-do-salario-minimo\/#respond"]}]},{"@type":"WebPage","@id":"https:\/\/tribunademinas.audiencelabs.com.br\/governo-traz-noticia-desanimadora-sobre-valor-do-salario-minimo\/","url":"https:\/\/tribunademinas.audiencelabs.com.br\/governo-traz-noticia-desanimadora-sobre-valor-do-salario-minimo\/","name":"Governo traz not\u00edcia desanimadora sobre valor do sal\u00e1rio m\u00ednimo","isPartOf":{"@id":"https:\/\/tribunademinas.audiencelabs.com.br\/#website"},"primaryImageOfPage":{"@id":"https:\/\/tribunademinas.audiencelabs.com.br\/governo-traz-noticia-desanimadora-sobre-valor-do-salario-minimo\/#primaryimage"},"image":{"@id":"https:\/\/tribunademinas.audiencelabs.com.br\/governo-traz-noticia-desanimadora-sobre-valor-do-salario-minimo\/#primaryimage"},"thumbnailUrl":"https:\/\/tribunademinas.audiencelabs.com.br\/wp-content\/uploads\/2025\/09\/salario-1.webp","datePublished":"2025-09-22T09:45:00+00:00","description":"O governo federal divulgou recentemente suas proje\u00e7\u00f5es para o sal\u00e1rio m\u00ednimo at\u00e9 o fim da d\u00e9cada, e um detalhe causou frustra\u00e7\u00e3o.","breadcrumb":{"@id":"https:\/\/tribunademinas.audiencelabs.com.br\/governo-traz-noticia-desanimadora-sobre-valor-do-salario-minimo\/#breadcrumb"},"inLanguage":"pt-BR","potentialAction":[{"@type":"ReadAction","target":["https:\/\/tribunademinas.audiencelabs.com.br\/governo-traz-noticia-desanimadora-sobre-valor-do-salario-minimo\/"]}]},{"@type":"ImageObject","inLanguage":"pt-BR","@id":"https:\/\/tribunademinas.audiencelabs.com.br\/governo-traz-noticia-desanimadora-sobre-valor-do-salario-minimo\/#primaryimage","url":"https:\/\/tribunademinas.audiencelabs.com.br\/wp-content\/uploads\/2025\/09\/salario-1.webp","contentUrl":"https:\/\/tribunademinas.audiencelabs.com.br\/wp-content\/uploads\/2025\/09\/salario-1.webp","width":1170,"height":700,"caption":"Governo traz not\u00edcia desanimadora sobre valor do sal\u00e1rio m\u00ednimo - Imagem: Marcello Casal Jr\/Ag\u00eancia Brasil"},{"@type":"BreadcrumbList","@id":"https:\/\/tribunademinas.audiencelabs.com.br\/governo-traz-noticia-desanimadora-sobre-valor-do-salario-minimo\/#breadcrumb","itemListElement":[{"@type":"ListItem","position":1,"name":"In\u00edcio","item":"https:\/\/tribunademinas.audiencelabs.com.br\/"},{"@type":"ListItem","position":2,"name":"Governo traz not\u00edcia desanimadora sobre valor do sal\u00e1rio m\u00ednimo"}]},{"@type":"WebSite","@id":"https:\/\/tribunademinas.audiencelabs.com.br\/#website","url":"https:\/\/tribunademinas.audiencelabs.com.br\/","name":"Tribuna de Minas - Dinheiro e Cidadania","description":"","publisher":{"@id":"https:\/\/tribunademinas.audiencelabs.com.br\/#organization"},"potentialAction":[{"@type":"SearchAction","target":{"@type":"EntryPoint","urlTemplate":"https:\/\/tribunademinas.audiencelabs.com.br\/?s={search_term_string}"},"query-input":{"@type":"PropertyValueSpecification","valueRequired":true,"valueName":"search_term_string"}}],"inLanguage":"pt-BR"},{"@type":"Organization","@id":"https:\/\/tribunademinas.audiencelabs.com.br\/#organization","name":"Tribuna de Minas - Dinheiro e Cidadania","url":"https:\/\/tribunademinas.audiencelabs.com.br\/","logo":{"@type":"ImageObject","inLanguage":"pt-BR","@id":"https:\/\/tribunademinas.audiencelabs.com.br\/#\/schema\/logo\/image\/","url":"https:\/\/tribunademinas.audiencelabs.com.br\/wp-content\/uploads\/2025\/08\/cropped-Tribuna_512x512-96x96-1.png","contentUrl":"https:\/\/tribunademinas.audiencelabs.com.br\/wp-content\/uploads\/2025\/08\/cropped-Tribuna_512x512-96x96-1.png","width":96,"height":96,"caption":"Tribuna de Minas - Dinheiro e Cidadania"},"image":{"@id":"https:\/\/tribunademinas.audiencelabs.com.br\/#\/schema\/logo\/image\/"},"sameAs":["https:\/\/www.facebook.com\/tribunademinas\/","https:\/\/x.com\/tribunademinas","https:\/\/www.instagram.com\/tribunademinas\/","https:\/\/www.youtube.com\/user\/TribunadeMinasJF"]},{"@type":"Person","@id":"https:\/\/tribunademinas.audiencelabs.com.br\/#\/schema\/person\/db18fc40307804bacef94213aa68fd9d","name":"Jeferson Carvalho","image":{"@type":"ImageObject","inLanguage":"pt-BR","@id":"https:\/\/tribunademinas.audiencelabs.com.br\/#\/schema\/person\/image\/","url":"https:\/\/secure.gravatar.com\/avatar\/cd7646e328d9670dad7dea8698522e522745eeffcff5b9d08be858e377ce326b?s=96&d=mm&r=g","contentUrl":"https:\/\/secure.gravatar.com\/avatar\/cd7646e328d9670dad7dea8698522e522745eeffcff5b9d08be858e377ce326b?s=96&d=mm&r=g","caption":"Jeferson Carvalho"},"description":"Jornalista apaixonado pela profiss\u00e3o!","url":"https:\/\/tribunademinas.audiencelabs.com.br\/author\/jeferson\/"}]}},"amp_enabled":true,"_links":{"self":[{"href":"https:\/\/tribunademinas.audiencelabs.com.br\/wp-json\/wp\/v2\/posts\/1639","targetHints":{"allow":["GET"]}}],"collection":[{"href":"https:\/\/tribunademinas.audiencelabs.com.br\/wp-json\/wp\/v2\/posts"}],"about":[{"href":"https:\/\/tribunademinas.audiencelabs.com.br\/wp-json\/wp\/v2\/types\/post"}],"author":[{"embeddable":true,"href":"https:\/\/tribunademinas.audiencelabs.com.br\/wp-json\/wp\/v2\/users\/5"}],"replies":[{"embeddable":true,"href":"https:\/\/tribunademinas.audiencelabs.com.br\/wp-json\/wp\/v2\/comments?post=1639"}],"version-history":[{"count":1,"href":"https:\/\/tribunademinas.audiencelabs.com.br\/wp-json\/wp\/v2\/posts\/1639\/revisions"}],"predecessor-version":[{"id":1641,"href":"https:\/\/tribunademinas.audiencelabs.com.br\/wp-json\/wp\/v2\/posts\/1639\/revisions\/1641"}],"wp:featuredmedia":[{"embeddable":true,"href":"https:\/\/tribunademinas.audiencelabs.com.br\/wp-json\/wp\/v2\/media\/1640"}],"wp:attachment":[{"href":"https:\/\/tribunademinas.audiencelabs.com.br\/wp-json\/wp\/v2\/media?parent=1639"}],"wp:term":[{"taxonomy":"category","embeddable":true,"href":"https:\/\/tribunademinas.audiencelabs.com.br\/wp-json\/wp\/v2\/categories?post=1639"},{"taxonomy":"post_tag","embeddable":true,"href":"https:\/\/tribunademinas.audiencelabs.com.br\/wp-json\/wp\/v2\/tags?post=1639"}],"curies":[{"name":"wp","href":"https:\/\/api.w.org\/{rel}","templated":true}]}}