{"id":1628,"date":"2025-09-19T17:18:45","date_gmt":"2025-09-19T20:18:45","guid":{"rendered":"https:\/\/tribunademinas.audiencelabs.com.br\/?p=1628"},"modified":"2025-09-19T17:18:49","modified_gmt":"2025-09-19T20:18:49","slug":"aposentados-do-inss-precisam-ler-essa-noticia-ainda-hoje","status":"publish","type":"post","link":"https:\/\/tribunademinas.audiencelabs.com.br\/aposentados-do-inss-precisam-ler-essa-noticia-ainda-hoje\/","title":{"rendered":"Aposentados do INSS precisam ler essa not\u00edcia ainda hoje"},"content":{"rendered":"\n<p>Muitos aposentados e pensionistas do INSS desconhecem um direito importante que pode representar um al\u00edvio financeiro significativo: o saque do Fundo de Garantia do Tempo de Servi\u00e7o (<a href=\"https:\/\/www.gov.br\/trabalho-e-emprego\/pt-br\/servicos\/empregador\/fgtsdigital\"><strong>FGTS<\/strong><\/a>). <\/p>\n\n\n\n<p>Ao se aposentar, o trabalhador passa a ter acesso aos valores acumulados em suas contas do FGTS, um benef\u00edcio previsto em lei, mas que ainda gera d\u00favidas entre os segurados da Previd\u00eancia Social.<\/p>\n\n\n\n<h2 class=\"wp-block-heading\">Aposentados do INSS precisam ler essa not\u00edcia ainda hoje<\/h2>\n\n\n\n<p>O FGTS \u00e9 uma reserva financeira formada por dep\u00f3sitos mensais feitos pelos empregadores ao longo do per\u00edodo em que o trabalhador est\u00e1 com a carteira assinada. <\/p>\n\n\n\n<p>O valor corresponde a 8% do sal\u00e1rio bruto e \u00e9 destinado a proteger o empregado em momentos espec\u00edficos, como demiss\u00e3o sem justa causa, compra da casa pr\u00f3pria e, claro, a aposentadoria. <\/p>\n\n\n\n<p>Quando o INSS concede a aposentadoria, o trabalhador passa a ter o direito de retirar integralmente os valores acumulados em todas as suas contas vinculadas ao FGTS.<\/p>\n\n\n\n<p>Esse direito \u00e9 garantido a qualquer tipo de aposentadoria: por idade, tempo de contribui\u00e7\u00e3o ou incapacidade permanente. Inclusive, tamb\u00e9m se estende aos cidad\u00e3os que recebem o Benef\u00edcio de Presta\u00e7\u00e3o Continuada (BPC\/LOAS). <\/p>\n\n\n\n<p>Ap\u00f3s a concess\u00e3o da aposentadoria, o saque pode ser feito tanto presencialmente, em uma ag\u00eancia da Caixa Econ\u00f4mica Federal, quanto digitalmente, pelo aplicativo oficial do FGTS, dispon\u00edvel para celulares Android e iOS.<\/p>\n\n\n\n<h3 class=\"wp-block-heading\">N\u00e3o h\u00e1 novos pagamentos do FGTS ao longo da aposentadoria do INSS<\/h3>\n\n\n\n<p>\u00c9 importante destacar que, ap\u00f3s a <a href=\"https:\/\/tribunademinas.com.br\/colunas\/dinheiroecidadania\/governo-surpreende-e-faz-anuncio-sobre-antecipacao-do-inss\/\"><strong>aposentadoria<\/strong><\/a>, o v\u00ednculo trabalhista com a empresa pode at\u00e9 continuar, mas o FGTS deixa de ser recolhido automaticamente, salvo se o aposentado continuar trabalhando com carteira assinada. <\/p>\n\n\n\n<p>Nesse \u00faltimo caso, em que o aposentado ainda trabalha, os novos dep\u00f3sitos passam a ser liberados para saque mensalmente, diferente do per\u00edodo anterior \u00e0 aposentadoria, quando os valores ficavam retidos at\u00e9 o encerramento do contrato de trabalho ou outra condi\u00e7\u00e3o prevista em lei.<\/p>\n\n\n\n<p>Para receber os valores, o aposentado deve apresentar documentos b\u00e1sicos como identidade com foto, n\u00famero do PIS\/PASEP, carteira de trabalho e o comprovante da concess\u00e3o da aposentadoria. Em casos de aposentadoria por incapacidade, tamb\u00e9m \u00e9 necess\u00e1rio apresentar um atestado m\u00e9dico.<\/p>\n\n\n\n<p>J\u00e1 aqueles que se aposentam e param definitivamente de trabalhar, n\u00e3o recebem mais FGTS.<\/p>\n\n\n\n<p>Com a possibilidade de sacar o saldo do FGTS acumulado durante anos de trabalho, os aposentados t\u00eam acesso a uma renda extra importante. \u00c9 fundamental que esse direito seja conhecido e utilizado, especialmente em um momento de vida que exige maior estabilidade financeira.<\/p>\n\n\n\n<p><\/p>\n","protected":false},"excerpt":{"rendered":"<p>Muitos aposentados e pensionistas do INSS desconhecem um direito importante que pode representar um al\u00edvio financeiro significativo: o saque do Fundo de Garantia do Tempo de Servi\u00e7o (FGTS). Ao se aposentar, o trabalhador passa a ter acesso aos valores acumulados em suas contas do FGTS, um benef\u00edcio previsto em lei, mas que ainda gera d\u00favidas [&hellip;]<\/p>\n","protected":false},"author":5,"featured_media":1629,"comment_status":"open","ping_status":"open","sticky":false,"template":"","format":"standard","meta":{"jnews-multi-image_gallery":[],"jnews_single_post":{"format":"standard"},"jnews_primary_category":[],"jnews_social_meta":[],"jnews_post_split":[],"footnotes":""},"categories":[159],"tags":[],"class_list":["post-1628","post","type-post","status-publish","format-standard","has-post-thumbnail","hentry","category-cidadania"],"yoast_head":"<!-- This site is optimized with the Yoast SEO plugin v25.6 - https:\/\/yoast.com\/wordpress\/plugins\/seo\/ -->\n<title>Aposentados do INSS precisam ler essa not\u00edcia ainda hoje<\/title>\n<meta name=\"description\" content=\"Muitos aposentados e pensionistas do INSS desconhecem um direito importante que pode representar um al\u00edvio financeiro significativo.\" \/>\n<meta name=\"robots\" content=\"index, follow, max-snippet:-1, max-image-preview:large, max-video-preview:-1\" \/>\n<link rel=\"canonical\" href=\"https:\/\/tribunademinas.audiencelabs.com.br\/aposentados-do-inss-precisam-ler-essa-noticia-ainda-hoje\/\" \/>\n<meta property=\"og:locale\" content=\"pt_BR\" \/>\n<meta property=\"og:type\" content=\"article\" \/>\n<meta property=\"og:title\" content=\"Aposentados do INSS precisam ler essa not\u00edcia ainda hoje\" \/>\n<meta property=\"og:description\" content=\"Muitos aposentados e pensionistas do INSS desconhecem um direito importante que pode representar um al\u00edvio financeiro significativo.\" \/>\n<meta property=\"og:url\" content=\"https:\/\/tribunademinas.audiencelabs.com.br\/aposentados-do-inss-precisam-ler-essa-noticia-ainda-hoje\/\" \/>\n<meta property=\"og:site_name\" content=\"Tribuna de Minas - Dinheiro e Cidadania\" \/>\n<meta property=\"article:publisher\" content=\"https:\/\/www.facebook.com\/tribunademinas\/\" \/>\n<meta property=\"article:published_time\" content=\"2025-09-19T20:18:45+00:00\" \/>\n<meta property=\"article:modified_time\" content=\"2025-09-19T20:18:49+00:00\" \/>\n<meta property=\"og:image\" content=\"https:\/\/tribunademinas.audiencelabs.com.br\/wp-content\/uploads\/2025\/09\/INSS-7.webp\" \/>\n\t<meta property=\"og:image:width\" content=\"1170\" \/>\n\t<meta property=\"og:image:height\" content=\"700\" \/>\n\t<meta property=\"og:image:type\" content=\"image\/webp\" \/>\n<meta name=\"author\" content=\"Jeferson Carvalho\" \/>\n<meta name=\"twitter:card\" content=\"summary_large_image\" \/>\n<meta name=\"twitter:creator\" content=\"@tribunademinas\" \/>\n<meta name=\"twitter:site\" content=\"@tribunademinas\" \/>\n<meta name=\"twitter:label1\" content=\"Escrito por\" \/>\n\t<meta name=\"twitter:data1\" content=\"Jeferson Carvalho\" \/>\n\t<meta name=\"twitter:label2\" content=\"Est. tempo de leitura\" \/>\n\t<meta name=\"twitter:data2\" content=\"3 minutos\" \/>\n<!-- \/ Yoast SEO plugin. -->","yoast_head_json":{"title":"Aposentados do INSS precisam ler essa not\u00edcia ainda hoje","description":"Muitos aposentados e pensionistas do INSS desconhecem um direito importante que pode representar um al\u00edvio financeiro significativo.","robots":{"index":"index","follow":"follow","max-snippet":"max-snippet:-1","max-image-preview":"max-image-preview:large","max-video-preview":"max-video-preview:-1"},"canonical":"https:\/\/tribunademinas.audiencelabs.com.br\/aposentados-do-inss-precisam-ler-essa-noticia-ainda-hoje\/","og_locale":"pt_BR","og_type":"article","og_title":"Aposentados do INSS precisam ler essa not\u00edcia ainda hoje","og_description":"Muitos aposentados e pensionistas do INSS desconhecem um direito importante que pode representar um al\u00edvio financeiro significativo.","og_url":"https:\/\/tribunademinas.audiencelabs.com.br\/aposentados-do-inss-precisam-ler-essa-noticia-ainda-hoje\/","og_site_name":"Tribuna de Minas - Dinheiro e Cidadania","article_publisher":"https:\/\/www.facebook.com\/tribunademinas\/","article_published_time":"2025-09-19T20:18:45+00:00","article_modified_time":"2025-09-19T20:18:49+00:00","og_image":[{"width":1170,"height":700,"url":"https:\/\/tribunademinas.audiencelabs.com.br\/wp-content\/uploads\/2025\/09\/INSS-7.webp","type":"image\/webp"}],"author":"Jeferson Carvalho","twitter_card":"summary_large_image","twitter_creator":"@tribunademinas","twitter_site":"@tribunademinas","twitter_misc":{"Escrito por":"Jeferson Carvalho","Est. tempo de leitura":"3 minutos"},"schema":{"@context":"https:\/\/schema.org","@graph":[{"@type":"Article","@id":"https:\/\/tribunademinas.audiencelabs.com.br\/aposentados-do-inss-precisam-ler-essa-noticia-ainda-hoje\/#article","isPartOf":{"@id":"https:\/\/tribunademinas.audiencelabs.com.br\/aposentados-do-inss-precisam-ler-essa-noticia-ainda-hoje\/"},"author":{"name":"Jeferson Carvalho","@id":"https:\/\/tribunademinas.audiencelabs.com.br\/#\/schema\/person\/db18fc40307804bacef94213aa68fd9d"},"headline":"Aposentados do INSS precisam ler essa not\u00edcia ainda hoje","datePublished":"2025-09-19T20:18:45+00:00","dateModified":"2025-09-19T20:18:49+00:00","mainEntityOfPage":{"@id":"https:\/\/tribunademinas.audiencelabs.com.br\/aposentados-do-inss-precisam-ler-essa-noticia-ainda-hoje\/"},"wordCount":442,"commentCount":0,"publisher":{"@id":"https:\/\/tribunademinas.audiencelabs.com.br\/#organization"},"image":{"@id":"https:\/\/tribunademinas.audiencelabs.com.br\/aposentados-do-inss-precisam-ler-essa-noticia-ainda-hoje\/#primaryimage"},"thumbnailUrl":"https:\/\/tribunademinas.audiencelabs.com.br\/wp-content\/uploads\/2025\/09\/INSS-7.webp","articleSection":["Cidadania"],"inLanguage":"pt-BR","potentialAction":[{"@type":"CommentAction","name":"Comment","target":["https:\/\/tribunademinas.audiencelabs.com.br\/aposentados-do-inss-precisam-ler-essa-noticia-ainda-hoje\/#respond"]}]},{"@type":"WebPage","@id":"https:\/\/tribunademinas.audiencelabs.com.br\/aposentados-do-inss-precisam-ler-essa-noticia-ainda-hoje\/","url":"https:\/\/tribunademinas.audiencelabs.com.br\/aposentados-do-inss-precisam-ler-essa-noticia-ainda-hoje\/","name":"Aposentados do INSS precisam ler essa not\u00edcia ainda hoje","isPartOf":{"@id":"https:\/\/tribunademinas.audiencelabs.com.br\/#website"},"primaryImageOfPage":{"@id":"https:\/\/tribunademinas.audiencelabs.com.br\/aposentados-do-inss-precisam-ler-essa-noticia-ainda-hoje\/#primaryimage"},"image":{"@id":"https:\/\/tribunademinas.audiencelabs.com.br\/aposentados-do-inss-precisam-ler-essa-noticia-ainda-hoje\/#primaryimage"},"thumbnailUrl":"https:\/\/tribunademinas.audiencelabs.com.br\/wp-content\/uploads\/2025\/09\/INSS-7.webp","datePublished":"2025-09-19T20:18:45+00:00","dateModified":"2025-09-19T20:18:49+00:00","description":"Muitos aposentados e pensionistas do INSS desconhecem um direito importante que pode representar um al\u00edvio financeiro significativo.","breadcrumb":{"@id":"https:\/\/tribunademinas.audiencelabs.com.br\/aposentados-do-inss-precisam-ler-essa-noticia-ainda-hoje\/#breadcrumb"},"inLanguage":"pt-BR","potentialAction":[{"@type":"ReadAction","target":["https:\/\/tribunademinas.audiencelabs.com.br\/aposentados-do-inss-precisam-ler-essa-noticia-ainda-hoje\/"]}]},{"@type":"ImageObject","inLanguage":"pt-BR","@id":"https:\/\/tribunademinas.audiencelabs.com.br\/aposentados-do-inss-precisam-ler-essa-noticia-ainda-hoje\/#primaryimage","url":"https:\/\/tribunademinas.audiencelabs.com.br\/wp-content\/uploads\/2025\/09\/INSS-7.webp","contentUrl":"https:\/\/tribunademinas.audiencelabs.com.br\/wp-content\/uploads\/2025\/09\/INSS-7.webp","width":1170,"height":700,"caption":"Aposentados do INSS precisam ler essa not\u00edcia ainda hoje - Imagem: Marcello Casal Jr\/Ag\u00eancia Brasil"},{"@type":"BreadcrumbList","@id":"https:\/\/tribunademinas.audiencelabs.com.br\/aposentados-do-inss-precisam-ler-essa-noticia-ainda-hoje\/#breadcrumb","itemListElement":[{"@type":"ListItem","position":1,"name":"In\u00edcio","item":"https:\/\/tribunademinas.audiencelabs.com.br\/"},{"@type":"ListItem","position":2,"name":"Aposentados do INSS precisam ler essa not\u00edcia ainda hoje"}]},{"@type":"WebSite","@id":"https:\/\/tribunademinas.audiencelabs.com.br\/#website","url":"https:\/\/tribunademinas.audiencelabs.com.br\/","name":"Tribuna de Minas - Dinheiro e Cidadania","description":"","publisher":{"@id":"https:\/\/tribunademinas.audiencelabs.com.br\/#organization"},"potentialAction":[{"@type":"SearchAction","target":{"@type":"EntryPoint","urlTemplate":"https:\/\/tribunademinas.audiencelabs.com.br\/?s={search_term_string}"},"query-input":{"@type":"PropertyValueSpecification","valueRequired":true,"valueName":"search_term_string"}}],"inLanguage":"pt-BR"},{"@type":"Organization","@id":"https:\/\/tribunademinas.audiencelabs.com.br\/#organization","name":"Tribuna de Minas - Dinheiro e Cidadania","url":"https:\/\/tribunademinas.audiencelabs.com.br\/","logo":{"@type":"ImageObject","inLanguage":"pt-BR","@id":"https:\/\/tribunademinas.audiencelabs.com.br\/#\/schema\/logo\/image\/","url":"https:\/\/tribunademinas.audiencelabs.com.br\/wp-content\/uploads\/2025\/08\/cropped-Tribuna_512x512-96x96-1.png","contentUrl":"https:\/\/tribunademinas.audiencelabs.com.br\/wp-content\/uploads\/2025\/08\/cropped-Tribuna_512x512-96x96-1.png","width":96,"height":96,"caption":"Tribuna de Minas - Dinheiro e Cidadania"},"image":{"@id":"https:\/\/tribunademinas.audiencelabs.com.br\/#\/schema\/logo\/image\/"},"sameAs":["https:\/\/www.facebook.com\/tribunademinas\/","https:\/\/x.com\/tribunademinas","https:\/\/www.instagram.com\/tribunademinas\/","https:\/\/www.youtube.com\/user\/TribunadeMinasJF"]},{"@type":"Person","@id":"https:\/\/tribunademinas.audiencelabs.com.br\/#\/schema\/person\/db18fc40307804bacef94213aa68fd9d","name":"Jeferson Carvalho","image":{"@type":"ImageObject","inLanguage":"pt-BR","@id":"https:\/\/tribunademinas.audiencelabs.com.br\/#\/schema\/person\/image\/","url":"https:\/\/secure.gravatar.com\/avatar\/cd7646e328d9670dad7dea8698522e522745eeffcff5b9d08be858e377ce326b?s=96&d=mm&r=g","contentUrl":"https:\/\/secure.gravatar.com\/avatar\/cd7646e328d9670dad7dea8698522e522745eeffcff5b9d08be858e377ce326b?s=96&d=mm&r=g","caption":"Jeferson Carvalho"},"description":"Jornalista apaixonado pela profiss\u00e3o!","url":"https:\/\/tribunademinas.audiencelabs.com.br\/author\/jeferson\/"}]}},"amp_enabled":true,"_links":{"self":[{"href":"https:\/\/tribunademinas.audiencelabs.com.br\/wp-json\/wp\/v2\/posts\/1628","targetHints":{"allow":["GET"]}}],"collection":[{"href":"https:\/\/tribunademinas.audiencelabs.com.br\/wp-json\/wp\/v2\/posts"}],"about":[{"href":"https:\/\/tribunademinas.audiencelabs.com.br\/wp-json\/wp\/v2\/types\/post"}],"author":[{"embeddable":true,"href":"https:\/\/tribunademinas.audiencelabs.com.br\/wp-json\/wp\/v2\/users\/5"}],"replies":[{"embeddable":true,"href":"https:\/\/tribunademinas.audiencelabs.com.br\/wp-json\/wp\/v2\/comments?post=1628"}],"version-history":[{"count":1,"href":"https:\/\/tribunademinas.audiencelabs.com.br\/wp-json\/wp\/v2\/posts\/1628\/revisions"}],"predecessor-version":[{"id":1632,"href":"https:\/\/tribunademinas.audiencelabs.com.br\/wp-json\/wp\/v2\/posts\/1628\/revisions\/1632"}],"wp:featuredmedia":[{"embeddable":true,"href":"https:\/\/tribunademinas.audiencelabs.com.br\/wp-json\/wp\/v2\/media\/1629"}],"wp:attachment":[{"href":"https:\/\/tribunademinas.audiencelabs.com.br\/wp-json\/wp\/v2\/media?parent=1628"}],"wp:term":[{"taxonomy":"category","embeddable":true,"href":"https:\/\/tribunademinas.audiencelabs.com.br\/wp-json\/wp\/v2\/categories?post=1628"},{"taxonomy":"post_tag","embeddable":true,"href":"https:\/\/tribunademinas.audiencelabs.com.br\/wp-json\/wp\/v2\/tags?post=1628"}],"curies":[{"name":"wp","href":"https:\/\/api.w.org\/{rel}","templated":true}]}}