{"id":1611,"date":"2025-09-22T10:00:00","date_gmt":"2025-09-22T13:00:00","guid":{"rendered":"https:\/\/tribunademinas.audiencelabs.com.br\/?p=1611"},"modified":"2025-09-19T14:03:06","modified_gmt":"2025-09-19T17:03:06","slug":"oficial-lei-trabalhista-toma-decisao-sobre-proibicao-das-ferias","status":"publish","type":"post","link":"https:\/\/tribunademinas.audiencelabs.com.br\/oficial-lei-trabalhista-toma-decisao-sobre-proibicao-das-ferias\/","title":{"rendered":"Oficial! Lei trabalhista toma decis\u00e3o sobre proibi\u00e7\u00e3o das f\u00e9rias"},"content":{"rendered":"\n<p>Desde 1977, a <strong>Consolida\u00e7\u00e3o das Leis do Trabalho (CLT)<\/strong> permite que trabalhadores convertam uma parte de suas f\u00e9rias <strong>em abono pecuni\u00e1rio<\/strong>, desde que o pedido seja formalizado no prazo correto.<\/p>\n\n\n\n<p>Entretanto, h\u00e1 algum tempo, rumores de que a pr\u00e1tica seria proibida come\u00e7aram a circular, gerando preocupa\u00e7\u00e3o em empregados que contam com a venda das f\u00e9rias para garantir um valor adicional no pagamento.<\/p>\n\n\n\n<p>Mas vale destacar que, at\u00e9 o presente momento, <strong>n\u00e3o h\u00e1 qualquer proposta legislativa em tr\u00e2mite visando alterar a legisla\u00e7\u00e3o trabalhista<\/strong>, o que assegura aos trabalhadores o direito de solicitar o abono pecuni\u00e1rio normalmente.<\/p>\n\n\n\n<p>S\u00f3 que a decis\u00e3o requer anteced\u00eancia, uma vez que, de acordo com o <strong>artigo 143 da\u00a0CLT<\/strong>, o pedido deve ser formalizado at\u00e9 quinze dias antes do fim do per\u00edodo de formaliza\u00e7\u00e3o das f\u00e9rias.<\/p>\n\n\n\n<p>Caso contr\u00e1rio, a empresa <strong>n\u00e3o \u00e9 obrigada a aceitar a solicita\u00e7\u00e3o<\/strong>, embora muitas acabem abrindo exce\u00e7\u00f5es. Neste caso, todas as regras legais de c\u00e1lculo, pagamento e encargos devem ser respeitadas \u00e0 risca.<\/p>\n\n\n\n<h2 class=\"wp-block-heading\">Venda de f\u00e9rias \u00e9 uma escolha do trabalhador<\/h2>\n\n\n\n<p>Tamb\u00e9m \u00e9 importante lembrar que a escolha de receber o abono pecuni\u00e1rio \u00e9 exclusiva dos trabalhadores, tendo em vista que a imposi\u00e7\u00e3o \u00e9 proibida por lei. Logo, a empresa jamais pode obrigar o empregado a vender suas f\u00e9rias.<\/p>\n\n\n\n<p>A pr\u00e1tica \u00e9 considerada uma infra\u00e7\u00e3o trabalhista, sujeita a a\u00e7\u00f5es no Minist\u00e9rio do Trabalho ou na Justi\u00e7a do Trabalho, al\u00e9m da aplica\u00e7\u00e3o de multa pelo descumprimento da lei.<\/p>\n\n\n\n<h2 class=\"wp-block-heading\">\u00c9 poss\u00edvel vender mais dias de f\u00e9rias?<\/h2>\n\n\n\n<p>Mesmo diante do interesse do empregado em transformar maior parte das f\u00e9rias em valor monet\u00e1rio, a legisla\u00e7\u00e3o trabalhista resguarda o direito ao repouso, com o objetivo de proteger sua integridade f\u00edsica e psicol\u00f3gica.<\/p>\n\n\n\n<p>E pelo entendimento da lei, o trabalhador deve usufruir de<strong> pelo menos 20 dias de f\u00e9rias<\/strong> para garantir o repouso adequado. Assim, a venda de dias acima do limite permitido pode trazer preju\u00edzos tanto para o empregado quanto para a empresa.<\/p>\n","protected":false},"excerpt":{"rendered":"<p>Desde 1977, a Consolida\u00e7\u00e3o das Leis do Trabalho (CLT) permite que trabalhadores convertam uma parte de suas f\u00e9rias em abono pecuni\u00e1rio, desde que o pedido seja formalizado no prazo correto. Entretanto, h\u00e1 algum tempo, rumores de que a pr\u00e1tica seria proibida come\u00e7aram a circular, gerando preocupa\u00e7\u00e3o em empregados que contam com a venda das f\u00e9rias [&hellip;]<\/p>\n","protected":false},"author":3,"featured_media":1612,"comment_status":"open","ping_status":"open","sticky":false,"template":"","format":"standard","meta":{"jnews-multi-image_gallery":[],"jnews_single_post":{"format":"standard"},"jnews_primary_category":[],"jnews_social_meta":[],"jnews_post_split":[],"footnotes":""},"categories":[159],"tags":[],"class_list":["post-1611","post","type-post","status-publish","format-standard","has-post-thumbnail","hentry","category-cidadania"],"yoast_head":"<!-- This site is optimized with the Yoast SEO plugin v25.6 - https:\/\/yoast.com\/wordpress\/plugins\/seo\/ -->\n<title>Oficial! Lei trabalhista toma decis\u00e3o sobre proibi\u00e7\u00e3o das f\u00e9rias<\/title>\n<meta name=\"robots\" content=\"index, follow, max-snippet:-1, max-image-preview:large, max-video-preview:-1\" \/>\n<link rel=\"canonical\" href=\"https:\/\/tribunademinas.audiencelabs.com.br\/oficial-lei-trabalhista-toma-decisao-sobre-proibicao-das-ferias\/\" \/>\n<meta property=\"og:locale\" content=\"pt_BR\" \/>\n<meta property=\"og:type\" content=\"article\" \/>\n<meta property=\"og:title\" content=\"Oficial! Lei trabalhista toma decis\u00e3o sobre proibi\u00e7\u00e3o das f\u00e9rias\" \/>\n<meta property=\"og:description\" content=\"Desde 1977, a Consolida\u00e7\u00e3o das Leis do Trabalho (CLT) permite que trabalhadores convertam uma parte de suas f\u00e9rias em abono pecuni\u00e1rio, desde que o pedido seja formalizado no prazo correto. Entretanto, h\u00e1 algum tempo, rumores de que a pr\u00e1tica seria proibida come\u00e7aram a circular, gerando preocupa\u00e7\u00e3o em empregados que contam com a venda das f\u00e9rias [&hellip;]\" \/>\n<meta property=\"og:url\" content=\"https:\/\/tribunademinas.audiencelabs.com.br\/oficial-lei-trabalhista-toma-decisao-sobre-proibicao-das-ferias\/\" \/>\n<meta property=\"og:site_name\" content=\"Tribuna de Minas - Dinheiro e Cidadania\" \/>\n<meta property=\"article:publisher\" content=\"https:\/\/www.facebook.com\/tribunademinas\/\" \/>\n<meta property=\"article:published_time\" content=\"2025-09-22T13:00:00+00:00\" \/>\n<meta property=\"og:image\" content=\"https:\/\/tribunademinas.audiencelabs.com.br\/wp-content\/uploads\/2025\/09\/lei-trabalhista-decisao-proibicao-ferias.jpg\" \/>\n\t<meta property=\"og:image:width\" content=\"1920\" \/>\n\t<meta property=\"og:image:height\" content=\"1080\" \/>\n\t<meta property=\"og:image:type\" content=\"image\/jpeg\" \/>\n<meta name=\"author\" content=\"Jo\u00e3o Carlos Gomes\" \/>\n<meta name=\"twitter:card\" content=\"summary_large_image\" \/>\n<meta name=\"twitter:creator\" content=\"@tribunademinas\" \/>\n<meta name=\"twitter:site\" content=\"@tribunademinas\" \/>\n<meta name=\"twitter:label1\" content=\"Escrito por\" \/>\n\t<meta name=\"twitter:data1\" content=\"Jo\u00e3o Carlos Gomes\" \/>\n\t<meta name=\"twitter:label2\" content=\"Est. tempo de leitura\" \/>\n\t<meta name=\"twitter:data2\" content=\"2 minutos\" \/>\n<!-- \/ Yoast SEO plugin. -->","yoast_head_json":{"title":"Oficial! Lei trabalhista toma decis\u00e3o sobre proibi\u00e7\u00e3o das f\u00e9rias","robots":{"index":"index","follow":"follow","max-snippet":"max-snippet:-1","max-image-preview":"max-image-preview:large","max-video-preview":"max-video-preview:-1"},"canonical":"https:\/\/tribunademinas.audiencelabs.com.br\/oficial-lei-trabalhista-toma-decisao-sobre-proibicao-das-ferias\/","og_locale":"pt_BR","og_type":"article","og_title":"Oficial! Lei trabalhista toma decis\u00e3o sobre proibi\u00e7\u00e3o das f\u00e9rias","og_description":"Desde 1977, a Consolida\u00e7\u00e3o das Leis do Trabalho (CLT) permite que trabalhadores convertam uma parte de suas f\u00e9rias em abono pecuni\u00e1rio, desde que o pedido seja formalizado no prazo correto. Entretanto, h\u00e1 algum tempo, rumores de que a pr\u00e1tica seria proibida come\u00e7aram a circular, gerando preocupa\u00e7\u00e3o em empregados que contam com a venda das f\u00e9rias [&hellip;]","og_url":"https:\/\/tribunademinas.audiencelabs.com.br\/oficial-lei-trabalhista-toma-decisao-sobre-proibicao-das-ferias\/","og_site_name":"Tribuna de Minas - Dinheiro e Cidadania","article_publisher":"https:\/\/www.facebook.com\/tribunademinas\/","article_published_time":"2025-09-22T13:00:00+00:00","og_image":[{"width":1920,"height":1080,"url":"https:\/\/tribunademinas.audiencelabs.com.br\/wp-content\/uploads\/2025\/09\/lei-trabalhista-decisao-proibicao-ferias.jpg","type":"image\/jpeg"}],"author":"Jo\u00e3o Carlos Gomes","twitter_card":"summary_large_image","twitter_creator":"@tribunademinas","twitter_site":"@tribunademinas","twitter_misc":{"Escrito por":"Jo\u00e3o Carlos Gomes","Est. tempo de leitura":"2 minutos"},"schema":{"@context":"https:\/\/schema.org","@graph":[{"@type":"Article","@id":"https:\/\/tribunademinas.audiencelabs.com.br\/oficial-lei-trabalhista-toma-decisao-sobre-proibicao-das-ferias\/#article","isPartOf":{"@id":"https:\/\/tribunademinas.audiencelabs.com.br\/oficial-lei-trabalhista-toma-decisao-sobre-proibicao-das-ferias\/"},"author":{"name":"Jo\u00e3o Carlos Gomes","@id":"https:\/\/tribunademinas.audiencelabs.com.br\/#\/schema\/person\/37af466a64a722fadb8ef6841c52114f"},"headline":"Oficial! Lei trabalhista toma decis\u00e3o sobre proibi\u00e7\u00e3o das f\u00e9rias","datePublished":"2025-09-22T13:00:00+00:00","mainEntityOfPage":{"@id":"https:\/\/tribunademinas.audiencelabs.com.br\/oficial-lei-trabalhista-toma-decisao-sobre-proibicao-das-ferias\/"},"wordCount":359,"commentCount":0,"publisher":{"@id":"https:\/\/tribunademinas.audiencelabs.com.br\/#organization"},"image":{"@id":"https:\/\/tribunademinas.audiencelabs.com.br\/oficial-lei-trabalhista-toma-decisao-sobre-proibicao-das-ferias\/#primaryimage"},"thumbnailUrl":"https:\/\/tribunademinas.audiencelabs.com.br\/wp-content\/uploads\/2025\/09\/lei-trabalhista-decisao-proibicao-ferias.jpg","articleSection":["Cidadania"],"inLanguage":"pt-BR","potentialAction":[{"@type":"CommentAction","name":"Comment","target":["https:\/\/tribunademinas.audiencelabs.com.br\/oficial-lei-trabalhista-toma-decisao-sobre-proibicao-das-ferias\/#respond"]}]},{"@type":"WebPage","@id":"https:\/\/tribunademinas.audiencelabs.com.br\/oficial-lei-trabalhista-toma-decisao-sobre-proibicao-das-ferias\/","url":"https:\/\/tribunademinas.audiencelabs.com.br\/oficial-lei-trabalhista-toma-decisao-sobre-proibicao-das-ferias\/","name":"Oficial! Lei trabalhista toma decis\u00e3o sobre proibi\u00e7\u00e3o das f\u00e9rias","isPartOf":{"@id":"https:\/\/tribunademinas.audiencelabs.com.br\/#website"},"primaryImageOfPage":{"@id":"https:\/\/tribunademinas.audiencelabs.com.br\/oficial-lei-trabalhista-toma-decisao-sobre-proibicao-das-ferias\/#primaryimage"},"image":{"@id":"https:\/\/tribunademinas.audiencelabs.com.br\/oficial-lei-trabalhista-toma-decisao-sobre-proibicao-das-ferias\/#primaryimage"},"thumbnailUrl":"https:\/\/tribunademinas.audiencelabs.com.br\/wp-content\/uploads\/2025\/09\/lei-trabalhista-decisao-proibicao-ferias.jpg","datePublished":"2025-09-22T13:00:00+00:00","breadcrumb":{"@id":"https:\/\/tribunademinas.audiencelabs.com.br\/oficial-lei-trabalhista-toma-decisao-sobre-proibicao-das-ferias\/#breadcrumb"},"inLanguage":"pt-BR","potentialAction":[{"@type":"ReadAction","target":["https:\/\/tribunademinas.audiencelabs.com.br\/oficial-lei-trabalhista-toma-decisao-sobre-proibicao-das-ferias\/"]}]},{"@type":"ImageObject","inLanguage":"pt-BR","@id":"https:\/\/tribunademinas.audiencelabs.com.br\/oficial-lei-trabalhista-toma-decisao-sobre-proibicao-das-ferias\/#primaryimage","url":"https:\/\/tribunademinas.audiencelabs.com.br\/wp-content\/uploads\/2025\/09\/lei-trabalhista-decisao-proibicao-ferias.jpg","contentUrl":"https:\/\/tribunademinas.audiencelabs.com.br\/wp-content\/uploads\/2025\/09\/lei-trabalhista-decisao-proibicao-ferias.jpg","width":1920,"height":1080,"caption":"Foto: Sora Shimazaki\/Pexels"},{"@type":"BreadcrumbList","@id":"https:\/\/tribunademinas.audiencelabs.com.br\/oficial-lei-trabalhista-toma-decisao-sobre-proibicao-das-ferias\/#breadcrumb","itemListElement":[{"@type":"ListItem","position":1,"name":"In\u00edcio","item":"https:\/\/tribunademinas.audiencelabs.com.br\/"},{"@type":"ListItem","position":2,"name":"Oficial! Lei trabalhista toma decis\u00e3o sobre proibi\u00e7\u00e3o das f\u00e9rias"}]},{"@type":"WebSite","@id":"https:\/\/tribunademinas.audiencelabs.com.br\/#website","url":"https:\/\/tribunademinas.audiencelabs.com.br\/","name":"Tribuna de Minas - Dinheiro e Cidadania","description":"","publisher":{"@id":"https:\/\/tribunademinas.audiencelabs.com.br\/#organization"},"potentialAction":[{"@type":"SearchAction","target":{"@type":"EntryPoint","urlTemplate":"https:\/\/tribunademinas.audiencelabs.com.br\/?s={search_term_string}"},"query-input":{"@type":"PropertyValueSpecification","valueRequired":true,"valueName":"search_term_string"}}],"inLanguage":"pt-BR"},{"@type":"Organization","@id":"https:\/\/tribunademinas.audiencelabs.com.br\/#organization","name":"Tribuna de Minas - Dinheiro e Cidadania","url":"https:\/\/tribunademinas.audiencelabs.com.br\/","logo":{"@type":"ImageObject","inLanguage":"pt-BR","@id":"https:\/\/tribunademinas.audiencelabs.com.br\/#\/schema\/logo\/image\/","url":"https:\/\/tribunademinas.audiencelabs.com.br\/wp-content\/uploads\/2025\/08\/cropped-Tribuna_512x512-96x96-1.png","contentUrl":"https:\/\/tribunademinas.audiencelabs.com.br\/wp-content\/uploads\/2025\/08\/cropped-Tribuna_512x512-96x96-1.png","width":96,"height":96,"caption":"Tribuna de Minas - Dinheiro e Cidadania"},"image":{"@id":"https:\/\/tribunademinas.audiencelabs.com.br\/#\/schema\/logo\/image\/"},"sameAs":["https:\/\/www.facebook.com\/tribunademinas\/","https:\/\/x.com\/tribunademinas","https:\/\/www.instagram.com\/tribunademinas\/","https:\/\/www.youtube.com\/user\/TribunadeMinasJF"]},{"@type":"Person","@id":"https:\/\/tribunademinas.audiencelabs.com.br\/#\/schema\/person\/37af466a64a722fadb8ef6841c52114f","name":"Jo\u00e3o Carlos Gomes","image":{"@type":"ImageObject","inLanguage":"pt-BR","@id":"https:\/\/tribunademinas.audiencelabs.com.br\/#\/schema\/person\/image\/","url":"https:\/\/secure.gravatar.com\/avatar\/4ce4672dbdd694b329cd6fdb51bee7d1409be1f0ff76a537e4c4a737b2c7d1a9?s=96&d=mm&r=g","contentUrl":"https:\/\/secure.gravatar.com\/avatar\/4ce4672dbdd694b329cd6fdb51bee7d1409be1f0ff76a537e4c4a737b2c7d1a9?s=96&d=mm&r=g","caption":"Jo\u00e3o Carlos Gomes"},"description":"Jornalista formado pelo Centro Universit\u00e1rio Carioca, apreciador da Bossa Nova ao Metal Extremo, criador de conte\u00fado e m\u00fasico independente nas horas vagas.","url":"https:\/\/tribunademinas.audiencelabs.com.br\/author\/joaoc-junior\/"}]}},"amp_enabled":true,"_links":{"self":[{"href":"https:\/\/tribunademinas.audiencelabs.com.br\/wp-json\/wp\/v2\/posts\/1611","targetHints":{"allow":["GET"]}}],"collection":[{"href":"https:\/\/tribunademinas.audiencelabs.com.br\/wp-json\/wp\/v2\/posts"}],"about":[{"href":"https:\/\/tribunademinas.audiencelabs.com.br\/wp-json\/wp\/v2\/types\/post"}],"author":[{"embeddable":true,"href":"https:\/\/tribunademinas.audiencelabs.com.br\/wp-json\/wp\/v2\/users\/3"}],"replies":[{"embeddable":true,"href":"https:\/\/tribunademinas.audiencelabs.com.br\/wp-json\/wp\/v2\/comments?post=1611"}],"version-history":[{"count":1,"href":"https:\/\/tribunademinas.audiencelabs.com.br\/wp-json\/wp\/v2\/posts\/1611\/revisions"}],"predecessor-version":[{"id":1613,"href":"https:\/\/tribunademinas.audiencelabs.com.br\/wp-json\/wp\/v2\/posts\/1611\/revisions\/1613"}],"wp:featuredmedia":[{"embeddable":true,"href":"https:\/\/tribunademinas.audiencelabs.com.br\/wp-json\/wp\/v2\/media\/1612"}],"wp:attachment":[{"href":"https:\/\/tribunademinas.audiencelabs.com.br\/wp-json\/wp\/v2\/media?parent=1611"}],"wp:term":[{"taxonomy":"category","embeddable":true,"href":"https:\/\/tribunademinas.audiencelabs.com.br\/wp-json\/wp\/v2\/categories?post=1611"},{"taxonomy":"post_tag","embeddable":true,"href":"https:\/\/tribunademinas.audiencelabs.com.br\/wp-json\/wp\/v2\/tags?post=1611"}],"curies":[{"name":"wp","href":"https:\/\/api.w.org\/{rel}","templated":true}]}}