{"id":1585,"date":"2025-09-19T07:45:00","date_gmt":"2025-09-19T10:45:00","guid":{"rendered":"https:\/\/tribunademinas.audiencelabs.com.br\/?p=1585"},"modified":"2025-09-18T18:02:17","modified_gmt":"2025-09-18T21:02:17","slug":"voce-pode-ganhar-uma-indenizacao-bem-gorda-se-sua-empresa-fizer-isso-com-suas-ferias","status":"publish","type":"post","link":"https:\/\/tribunademinas.audiencelabs.com.br\/voce-pode-ganhar-uma-indenizacao-bem-gorda-se-sua-empresa-fizer-isso-com-suas-ferias\/","title":{"rendered":"Voc\u00ea pode ganhar uma indeniza\u00e7\u00e3o bem gorda se sua empresa fizer isso com suas f\u00e9rias"},"content":{"rendered":"\n<p>Tirar f\u00e9rias n\u00e3o \u00e9 apenas um momento de descanso merecido, \u00e9 um <a href=\"https:\/\/tribunademinas.com.br\/colunas\/maistendencias\/stf-surpreende-e-toma-decisao-sobre-ferias-dos-trabalhadores-brasileiros\/\"><strong>direito<\/strong><\/a> protegido pela legisla\u00e7\u00e3o brasileira. Mais do que um benef\u00edcio, as f\u00e9rias t\u00eam fun\u00e7\u00e3o social e est\u00e3o diretamente ligadas \u00e0 sa\u00fade f\u00edsica e mental do trabalhador. <\/p>\n\n\n\n<p>Por isso, quando chega o per\u00edodo de conced\u00ea-las, o empregador precisa seguir regras bem definidas pela Consolida\u00e7\u00e3o das Leis do Trabalho (<a href=\"https:\/\/www.planalto.gov.br\/ccivil_03\/decreto-lei\/del5452.htm\"><strong>CLT<\/strong><\/a>). <\/p>\n\n\n\n<p>Se essas normas forem ignoradas, a empresa pode ser condenada a pagar uma indeniza\u00e7\u00e3o pesada ao funcion\u00e1rio, incluindo valores retroativos e reflexos em outros direitos.<\/p>\n\n\n\n<h2 class=\"wp-block-heading\">Voc\u00ea pode ganhar uma indeniza\u00e7\u00e3o bem gorda se sua empresa fizer isso com suas f\u00e9rias<\/h2>\n\n\n\n<p>A CLT determina que, ap\u00f3s 12 meses de trabalho, o empregado tem direito a 30 dias de f\u00e9rias remuneradas. Essas f\u00e9rias devem ser pagas com anteced\u00eancia de, no m\u00ednimo, dois dias antes do in\u00edcio do descanso, e sempre acrescidas de um ter\u00e7o do valor do sal\u00e1rio, o chamado \u201cter\u00e7o constitucional\u201d. <\/p>\n\n\n\n<p>Desde a Reforma Trabalhista de 2017, \u00e9 poss\u00edvel dividir esse per\u00edodo em at\u00e9 tr\u00eas partes, mas h\u00e1 regras: uma dessas partes precisa ter pelo menos 14 dias corridos, e as outras n\u00e3o podem ter menos de cinco dias cada. <\/p>\n\n\n\n<p>Al\u00e9m disso, o fracionamento s\u00f3 pode acontecer se houver acordo entre patr\u00e3o e empregado.<\/p>\n\n\n\n<p>Apesar dessas exig\u00eancias, muitos empregadores acabam desrespeitando a legisla\u00e7\u00e3o. Dividem as f\u00e9rias em per\u00edodos menores do que o permitido, imp\u00f5em datas sem consulta ou pagam com atraso. <\/p>\n\n\n\n<p>Quando essas irregularidades s\u00e3o comprovadas, a Justi\u00e7a do Trabalho entende que houve descumprimento da lei, e o resultado costuma pesar no bolso do empregador. <\/p>\n\n\n\n<p>Nessas situa\u00e7\u00f5es, o trabalhador pode receber o valor das f\u00e9rias em dobro, incluindo o adicional de um ter\u00e7o, o que pode dobrar ou at\u00e9 triplicar o valor original. <\/p>\n\n\n\n<p>E mais: esse montante impacta tamb\u00e9m no c\u00e1lculo do 13\u00ba sal\u00e1rio, FGTS e at\u00e9 mesmo na aposentadoria.<\/p>\n\n\n\n<h3 class=\"wp-block-heading\">Como o trabalhador deve agir se a lei das f\u00e9rias n\u00e3o for seguida pelo patr\u00e3o?<\/h3>\n\n\n\n<p>Quem desconfia de irregularidades pode, e deve, buscar seus direitos. <\/p>\n\n\n\n<p>O primeiro passo \u00e9 revisar os registros de f\u00e9rias dos \u00faltimos cinco anos, prazo que a lei considera para cobran\u00e7as retroativas. Recibos de pagamento, comunicados internos e at\u00e9 conversas por e-mail servem como prova. <\/p>\n\n\n\n<p>Diante de ind\u00edcios de erro, a recomenda\u00e7\u00e3o \u00e9 procurar um advogado trabalhista ou o sindicato da categoria para avaliar a situa\u00e7\u00e3o e, se for o caso, entrar com uma a\u00e7\u00e3o.<\/p>\n\n\n\n<p>Em um cen\u00e1rio onde a Justi\u00e7a tem se mostrado firme na prote\u00e7\u00e3o aos direitos do trabalhador, desrespeitar as regras das f\u00e9rias n\u00e3o sai barato. E para quem foi prejudicado, pode significar uma indeniza\u00e7\u00e3o bastante vantajosa.<\/p>\n\n\n\n<p><\/p>\n","protected":false},"excerpt":{"rendered":"<p>Tirar f\u00e9rias n\u00e3o \u00e9 apenas um momento de descanso merecido, \u00e9 um direito protegido pela legisla\u00e7\u00e3o brasileira. Mais do que um benef\u00edcio, as f\u00e9rias t\u00eam fun\u00e7\u00e3o social e est\u00e3o diretamente ligadas \u00e0 sa\u00fade f\u00edsica e mental do trabalhador. Por isso, quando chega o per\u00edodo de conced\u00ea-las, o empregador precisa seguir regras bem definidas pela Consolida\u00e7\u00e3o [&hellip;]<\/p>\n","protected":false},"author":5,"featured_media":1587,"comment_status":"open","ping_status":"open","sticky":false,"template":"","format":"standard","meta":{"jnews-multi-image_gallery":[],"jnews_single_post":{"format":"standard"},"jnews_primary_category":[],"jnews_social_meta":[],"jnews_post_split":[],"footnotes":""},"categories":[159],"tags":[],"class_list":["post-1585","post","type-post","status-publish","format-standard","has-post-thumbnail","hentry","category-cidadania"],"yoast_head":"<!-- This site is optimized with the Yoast SEO plugin v25.6 - https:\/\/yoast.com\/wordpress\/plugins\/seo\/ -->\n<title>Voc\u00ea pode ganhar uma indeniza\u00e7\u00e3o bem gorda se sua empresa fizer isso com suas f\u00e9rias<\/title>\n<meta name=\"description\" content=\"As f\u00e9rias n\u00e3o s\u00e3o apenas um descanso merecido, \u00e9 um direito protegido pela lei, e se n\u00e3o for seguida, o trabalhador pode receber uma bolada.\" \/>\n<meta name=\"robots\" content=\"index, follow, max-snippet:-1, max-image-preview:large, max-video-preview:-1\" \/>\n<link rel=\"canonical\" href=\"https:\/\/tribunademinas.audiencelabs.com.br\/voce-pode-ganhar-uma-indenizacao-bem-gorda-se-sua-empresa-fizer-isso-com-suas-ferias\/\" \/>\n<meta property=\"og:locale\" content=\"pt_BR\" \/>\n<meta property=\"og:type\" content=\"article\" \/>\n<meta property=\"og:title\" content=\"Voc\u00ea pode ganhar uma indeniza\u00e7\u00e3o bem gorda se sua empresa fizer isso com suas f\u00e9rias\" \/>\n<meta property=\"og:description\" content=\"As f\u00e9rias n\u00e3o s\u00e3o apenas um descanso merecido, \u00e9 um direito protegido pela lei, e se n\u00e3o for seguida, o trabalhador pode receber uma bolada.\" \/>\n<meta property=\"og:url\" content=\"https:\/\/tribunademinas.audiencelabs.com.br\/voce-pode-ganhar-uma-indenizacao-bem-gorda-se-sua-empresa-fizer-isso-com-suas-ferias\/\" \/>\n<meta property=\"og:site_name\" content=\"Tribuna de Minas - Dinheiro e Cidadania\" \/>\n<meta property=\"article:publisher\" content=\"https:\/\/www.facebook.com\/tribunademinas\/\" \/>\n<meta property=\"article:published_time\" content=\"2025-09-19T10:45:00+00:00\" \/>\n<meta property=\"og:image\" content=\"https:\/\/tribunademinas.audiencelabs.com.br\/wp-content\/uploads\/2025\/09\/ferias.webp\" \/>\n\t<meta property=\"og:image:width\" content=\"1170\" \/>\n\t<meta property=\"og:image:height\" content=\"700\" \/>\n\t<meta property=\"og:image:type\" content=\"image\/webp\" \/>\n<meta name=\"author\" content=\"Jeferson Carvalho\" \/>\n<meta name=\"twitter:card\" content=\"summary_large_image\" \/>\n<meta name=\"twitter:creator\" content=\"@tribunademinas\" \/>\n<meta name=\"twitter:site\" content=\"@tribunademinas\" \/>\n<meta name=\"twitter:label1\" content=\"Escrito por\" \/>\n\t<meta name=\"twitter:data1\" content=\"Jeferson Carvalho\" \/>\n\t<meta name=\"twitter:label2\" content=\"Est. tempo de leitura\" \/>\n\t<meta name=\"twitter:data2\" content=\"3 minutos\" \/>\n<!-- \/ Yoast SEO plugin. -->","yoast_head_json":{"title":"Voc\u00ea pode ganhar uma indeniza\u00e7\u00e3o bem gorda se sua empresa fizer isso com suas f\u00e9rias","description":"As f\u00e9rias n\u00e3o s\u00e3o apenas um descanso merecido, \u00e9 um direito protegido pela lei, e se n\u00e3o for seguida, o trabalhador pode receber uma bolada.","robots":{"index":"index","follow":"follow","max-snippet":"max-snippet:-1","max-image-preview":"max-image-preview:large","max-video-preview":"max-video-preview:-1"},"canonical":"https:\/\/tribunademinas.audiencelabs.com.br\/voce-pode-ganhar-uma-indenizacao-bem-gorda-se-sua-empresa-fizer-isso-com-suas-ferias\/","og_locale":"pt_BR","og_type":"article","og_title":"Voc\u00ea pode ganhar uma indeniza\u00e7\u00e3o bem gorda se sua empresa fizer isso com suas f\u00e9rias","og_description":"As f\u00e9rias n\u00e3o s\u00e3o apenas um descanso merecido, \u00e9 um direito protegido pela lei, e se n\u00e3o for seguida, o trabalhador pode receber uma bolada.","og_url":"https:\/\/tribunademinas.audiencelabs.com.br\/voce-pode-ganhar-uma-indenizacao-bem-gorda-se-sua-empresa-fizer-isso-com-suas-ferias\/","og_site_name":"Tribuna de Minas - Dinheiro e Cidadania","article_publisher":"https:\/\/www.facebook.com\/tribunademinas\/","article_published_time":"2025-09-19T10:45:00+00:00","og_image":[{"width":1170,"height":700,"url":"https:\/\/tribunademinas.audiencelabs.com.br\/wp-content\/uploads\/2025\/09\/ferias.webp","type":"image\/webp"}],"author":"Jeferson Carvalho","twitter_card":"summary_large_image","twitter_creator":"@tribunademinas","twitter_site":"@tribunademinas","twitter_misc":{"Escrito por":"Jeferson Carvalho","Est. tempo de leitura":"3 minutos"},"schema":{"@context":"https:\/\/schema.org","@graph":[{"@type":"Article","@id":"https:\/\/tribunademinas.audiencelabs.com.br\/voce-pode-ganhar-uma-indenizacao-bem-gorda-se-sua-empresa-fizer-isso-com-suas-ferias\/#article","isPartOf":{"@id":"https:\/\/tribunademinas.audiencelabs.com.br\/voce-pode-ganhar-uma-indenizacao-bem-gorda-se-sua-empresa-fizer-isso-com-suas-ferias\/"},"author":{"name":"Jeferson Carvalho","@id":"https:\/\/tribunademinas.audiencelabs.com.br\/#\/schema\/person\/db18fc40307804bacef94213aa68fd9d"},"headline":"Voc\u00ea pode ganhar uma indeniza\u00e7\u00e3o bem gorda se sua empresa fizer isso com suas f\u00e9rias","datePublished":"2025-09-19T10:45:00+00:00","mainEntityOfPage":{"@id":"https:\/\/tribunademinas.audiencelabs.com.br\/voce-pode-ganhar-uma-indenizacao-bem-gorda-se-sua-empresa-fizer-isso-com-suas-ferias\/"},"wordCount":489,"commentCount":0,"publisher":{"@id":"https:\/\/tribunademinas.audiencelabs.com.br\/#organization"},"image":{"@id":"https:\/\/tribunademinas.audiencelabs.com.br\/voce-pode-ganhar-uma-indenizacao-bem-gorda-se-sua-empresa-fizer-isso-com-suas-ferias\/#primaryimage"},"thumbnailUrl":"https:\/\/tribunademinas.audiencelabs.com.br\/wp-content\/uploads\/2025\/09\/ferias.webp","articleSection":["Cidadania"],"inLanguage":"pt-BR","potentialAction":[{"@type":"CommentAction","name":"Comment","target":["https:\/\/tribunademinas.audiencelabs.com.br\/voce-pode-ganhar-uma-indenizacao-bem-gorda-se-sua-empresa-fizer-isso-com-suas-ferias\/#respond"]}]},{"@type":"WebPage","@id":"https:\/\/tribunademinas.audiencelabs.com.br\/voce-pode-ganhar-uma-indenizacao-bem-gorda-se-sua-empresa-fizer-isso-com-suas-ferias\/","url":"https:\/\/tribunademinas.audiencelabs.com.br\/voce-pode-ganhar-uma-indenizacao-bem-gorda-se-sua-empresa-fizer-isso-com-suas-ferias\/","name":"Voc\u00ea pode ganhar uma indeniza\u00e7\u00e3o bem gorda se sua empresa fizer isso com suas f\u00e9rias","isPartOf":{"@id":"https:\/\/tribunademinas.audiencelabs.com.br\/#website"},"primaryImageOfPage":{"@id":"https:\/\/tribunademinas.audiencelabs.com.br\/voce-pode-ganhar-uma-indenizacao-bem-gorda-se-sua-empresa-fizer-isso-com-suas-ferias\/#primaryimage"},"image":{"@id":"https:\/\/tribunademinas.audiencelabs.com.br\/voce-pode-ganhar-uma-indenizacao-bem-gorda-se-sua-empresa-fizer-isso-com-suas-ferias\/#primaryimage"},"thumbnailUrl":"https:\/\/tribunademinas.audiencelabs.com.br\/wp-content\/uploads\/2025\/09\/ferias.webp","datePublished":"2025-09-19T10:45:00+00:00","description":"As f\u00e9rias n\u00e3o s\u00e3o apenas um descanso merecido, \u00e9 um direito protegido pela lei, e se n\u00e3o for seguida, o trabalhador pode receber uma bolada.","breadcrumb":{"@id":"https:\/\/tribunademinas.audiencelabs.com.br\/voce-pode-ganhar-uma-indenizacao-bem-gorda-se-sua-empresa-fizer-isso-com-suas-ferias\/#breadcrumb"},"inLanguage":"pt-BR","potentialAction":[{"@type":"ReadAction","target":["https:\/\/tribunademinas.audiencelabs.com.br\/voce-pode-ganhar-uma-indenizacao-bem-gorda-se-sua-empresa-fizer-isso-com-suas-ferias\/"]}]},{"@type":"ImageObject","inLanguage":"pt-BR","@id":"https:\/\/tribunademinas.audiencelabs.com.br\/voce-pode-ganhar-uma-indenizacao-bem-gorda-se-sua-empresa-fizer-isso-com-suas-ferias\/#primaryimage","url":"https:\/\/tribunademinas.audiencelabs.com.br\/wp-content\/uploads\/2025\/09\/ferias.webp","contentUrl":"https:\/\/tribunademinas.audiencelabs.com.br\/wp-content\/uploads\/2025\/09\/ferias.webp","width":1170,"height":700,"caption":"Voc\u00ea pode ganhar uma indeniza\u00e7\u00e3o bem gorda se sua empresa fizer isso com suas f\u00e9rias - Imagem: Marcello Casal jr\/Ag\u00eancia Brasil"},{"@type":"BreadcrumbList","@id":"https:\/\/tribunademinas.audiencelabs.com.br\/voce-pode-ganhar-uma-indenizacao-bem-gorda-se-sua-empresa-fizer-isso-com-suas-ferias\/#breadcrumb","itemListElement":[{"@type":"ListItem","position":1,"name":"In\u00edcio","item":"https:\/\/tribunademinas.audiencelabs.com.br\/"},{"@type":"ListItem","position":2,"name":"Voc\u00ea pode ganhar uma indeniza\u00e7\u00e3o bem gorda se sua empresa fizer isso com suas f\u00e9rias"}]},{"@type":"WebSite","@id":"https:\/\/tribunademinas.audiencelabs.com.br\/#website","url":"https:\/\/tribunademinas.audiencelabs.com.br\/","name":"Tribuna de Minas - Dinheiro e Cidadania","description":"","publisher":{"@id":"https:\/\/tribunademinas.audiencelabs.com.br\/#organization"},"potentialAction":[{"@type":"SearchAction","target":{"@type":"EntryPoint","urlTemplate":"https:\/\/tribunademinas.audiencelabs.com.br\/?s={search_term_string}"},"query-input":{"@type":"PropertyValueSpecification","valueRequired":true,"valueName":"search_term_string"}}],"inLanguage":"pt-BR"},{"@type":"Organization","@id":"https:\/\/tribunademinas.audiencelabs.com.br\/#organization","name":"Tribuna de Minas - Dinheiro e Cidadania","url":"https:\/\/tribunademinas.audiencelabs.com.br\/","logo":{"@type":"ImageObject","inLanguage":"pt-BR","@id":"https:\/\/tribunademinas.audiencelabs.com.br\/#\/schema\/logo\/image\/","url":"https:\/\/tribunademinas.audiencelabs.com.br\/wp-content\/uploads\/2025\/08\/cropped-Tribuna_512x512-96x96-1.png","contentUrl":"https:\/\/tribunademinas.audiencelabs.com.br\/wp-content\/uploads\/2025\/08\/cropped-Tribuna_512x512-96x96-1.png","width":96,"height":96,"caption":"Tribuna de Minas - Dinheiro e Cidadania"},"image":{"@id":"https:\/\/tribunademinas.audiencelabs.com.br\/#\/schema\/logo\/image\/"},"sameAs":["https:\/\/www.facebook.com\/tribunademinas\/","https:\/\/x.com\/tribunademinas","https:\/\/www.instagram.com\/tribunademinas\/","https:\/\/www.youtube.com\/user\/TribunadeMinasJF"]},{"@type":"Person","@id":"https:\/\/tribunademinas.audiencelabs.com.br\/#\/schema\/person\/db18fc40307804bacef94213aa68fd9d","name":"Jeferson Carvalho","image":{"@type":"ImageObject","inLanguage":"pt-BR","@id":"https:\/\/tribunademinas.audiencelabs.com.br\/#\/schema\/person\/image\/","url":"https:\/\/secure.gravatar.com\/avatar\/cd7646e328d9670dad7dea8698522e522745eeffcff5b9d08be858e377ce326b?s=96&d=mm&r=g","contentUrl":"https:\/\/secure.gravatar.com\/avatar\/cd7646e328d9670dad7dea8698522e522745eeffcff5b9d08be858e377ce326b?s=96&d=mm&r=g","caption":"Jeferson Carvalho"},"description":"Jornalista apaixonado pela profiss\u00e3o!","url":"https:\/\/tribunademinas.audiencelabs.com.br\/author\/jeferson\/"}]}},"amp_enabled":true,"_links":{"self":[{"href":"https:\/\/tribunademinas.audiencelabs.com.br\/wp-json\/wp\/v2\/posts\/1585","targetHints":{"allow":["GET"]}}],"collection":[{"href":"https:\/\/tribunademinas.audiencelabs.com.br\/wp-json\/wp\/v2\/posts"}],"about":[{"href":"https:\/\/tribunademinas.audiencelabs.com.br\/wp-json\/wp\/v2\/types\/post"}],"author":[{"embeddable":true,"href":"https:\/\/tribunademinas.audiencelabs.com.br\/wp-json\/wp\/v2\/users\/5"}],"replies":[{"embeddable":true,"href":"https:\/\/tribunademinas.audiencelabs.com.br\/wp-json\/wp\/v2\/comments?post=1585"}],"version-history":[{"count":1,"href":"https:\/\/tribunademinas.audiencelabs.com.br\/wp-json\/wp\/v2\/posts\/1585\/revisions"}],"predecessor-version":[{"id":1588,"href":"https:\/\/tribunademinas.audiencelabs.com.br\/wp-json\/wp\/v2\/posts\/1585\/revisions\/1588"}],"wp:featuredmedia":[{"embeddable":true,"href":"https:\/\/tribunademinas.audiencelabs.com.br\/wp-json\/wp\/v2\/media\/1587"}],"wp:attachment":[{"href":"https:\/\/tribunademinas.audiencelabs.com.br\/wp-json\/wp\/v2\/media?parent=1585"}],"wp:term":[{"taxonomy":"category","embeddable":true,"href":"https:\/\/tribunademinas.audiencelabs.com.br\/wp-json\/wp\/v2\/categories?post=1585"},{"taxonomy":"post_tag","embeddable":true,"href":"https:\/\/tribunademinas.audiencelabs.com.br\/wp-json\/wp\/v2\/tags?post=1585"}],"curies":[{"name":"wp","href":"https:\/\/api.w.org\/{rel}","templated":true}]}}