{"id":1582,"date":"2025-09-19T06:45:00","date_gmt":"2025-09-19T09:45:00","guid":{"rendered":"https:\/\/tribunademinas.audiencelabs.com.br\/?p=1582"},"modified":"2025-09-18T17:45:18","modified_gmt":"2025-09-18T20:45:18","slug":"quanto-custa-um-financiamento-para-voce-reformar-seu-imovel","status":"publish","type":"post","link":"https:\/\/tribunademinas.audiencelabs.com.br\/quanto-custa-um-financiamento-para-voce-reformar-seu-imovel\/","title":{"rendered":"Quanto custa um financiamento para voc\u00ea reformar seu im\u00f3vel?"},"content":{"rendered":"\n<p>No Brasil, realizar o financiamento de um bem \u00e9 quase um rito de passagem. Carros, motos, cursos universit\u00e1rios e at\u00e9 im\u00f3veis inteiros s\u00e3o comprados por meio de parcelas mensais. Para muitos, essa \u00e9 a \u00fanica forma vi\u00e1vel de conquistar grandes objetivos. <\/p>\n\n\n\n<p>Mas o que pouca gente sabe \u00e9 que esse mesmo modelo de cr\u00e9dito pode ser usado para reformar a casa onde j\u00e1 se vive. <\/p>\n\n\n\n<p>Em vez de trocar de im\u00f3vel, muitos brasileiros est\u00e3o descobrindo que \u00e9 poss\u00edvel melhorar o que j\u00e1 t\u00eam, com apoio financeiro das institui\u00e7\u00f5es. A pergunta que fica \u00e9: quanto custa esse tipo de financiamento?<\/p>\n\n\n\n<h2 class=\"wp-block-heading\">Quanto custa um financiamento para voc\u00ea reformar seu im\u00f3vel?<\/h2>\n\n\n\n<p>O financiamento para reforma funciona de forma semelhante ao financiamento de um im\u00f3vel novo. O valor solicitado \u00e9 liberado pelo banco ou financeira e o pagamento \u00e9 feito ao longo de meses ou at\u00e9 anos, com juros embutidos nas parcelas. <\/p>\n\n\n\n<p>A grande vantagem est\u00e1 na possibilidade de transformar a casa sem esgotar as economias. Para quem n\u00e3o tem recursos \u00e0 vista, parcelar o investimento pode ser a \u00fanica sa\u00edda para resolver problemas estruturais, modernizar ambientes ou mesmo valorizar o im\u00f3vel para uma futura venda.<\/p>\n\n\n\n<p>O custo total do financiamento depende de v\u00e1rios fatores: valor solicitado, prazo de pagamento, perfil do cliente e, principalmente, a taxa de juros aplicada. <\/p>\n\n\n\n<p>Em 2025, essas taxas variam bastante entre as institui\u00e7\u00f5es, mas costumam ficar entre 1% e 2,5% ao m\u00eas em linhas sem garantia.<\/p>\n\n\n\n<p> Para valores maiores e prazos mais longos, como nas modalidades com garantia de im\u00f3vel, os juros s\u00e3o mais baixos, mas o processo \u00e9 mais demorado e burocr\u00e1tico.<\/p>\n\n\n\n<h3 class=\"wp-block-heading\">Construcard Caixa \u00e9 \u00f3tima op\u00e7\u00e3o para financiamento de reforma de im\u00f3vel<\/h3>\n\n\n\n<p>Entre as op\u00e7\u00f5es dispon\u00edveis, uma das mais acess\u00edveis e populares \u00e9 o <strong><a href=\"https:\/\/www.caixa.gov.br\/voce\/habitacao\/construcao\/Paginas\/default.aspx\">Construcard Caixa<\/a><\/strong>. Essa linha de cr\u00e9dito oferecida pela <a href=\"https:\/\/tribunademinas.com.br\/colunas\/dinheiroecidadania\/dinheiro-esquecido-na-caixa-pode-ser-resgatado-esse-mes\/\"><strong>Caixa Econ\u00f4mica Federal <\/strong><\/a>\u00e9 voltada especificamente para financiamento de reformas. <\/p>\n\n\n\n<p>Com o Construcard, o cliente tem um prazo de at\u00e9 seis meses para comprar materiais de constru\u00e7\u00e3o em lojas credenciadas, e pode quitar o valor em at\u00e9 54 meses. <\/p>\n\n\n\n<p>O diferencial \u00e9 que o cr\u00e9dito funciona como um cart\u00e3o exclusivo para materiais, sem a possibilidade de desvio do recurso para outros fins.<\/p>\n\n\n\n<p>Para solicitar o Construcard, o interessado precisa apresentar comprovantes de renda, documentos do im\u00f3vel e passar por an\u00e1lise de cr\u00e9dito. Ap\u00f3s a aprova\u00e7\u00e3o, o valor \u00e9 liberado diretamente no cart\u00e3o, que pode ser usado em milhares de estabelecimentos.<\/p>\n\n\n\n<p>Seja para trocar o piso, refazer a cozinha ou construir um novo c\u00f4modo, o financiamento pode ser um aliado poderoso, desde que usado com planejamento e consci\u00eancia dos custos envolvidos.<\/p>\n\n\n\n<p><\/p>\n","protected":false},"excerpt":{"rendered":"<p>No Brasil, realizar o financiamento de um bem \u00e9 quase um rito de passagem. Carros, motos, cursos universit\u00e1rios e at\u00e9 im\u00f3veis inteiros s\u00e3o comprados por meio de parcelas mensais. Para muitos, essa \u00e9 a \u00fanica forma vi\u00e1vel de conquistar grandes objetivos. Mas o que pouca gente sabe \u00e9 que esse mesmo modelo de cr\u00e9dito pode [&hellip;]<\/p>\n","protected":false},"author":5,"featured_media":1583,"comment_status":"open","ping_status":"open","sticky":false,"template":"","format":"standard","meta":{"jnews-multi-image_gallery":[],"jnews_single_post":{"format":"standard"},"jnews_primary_category":[],"jnews_social_meta":[],"jnews_post_split":[],"footnotes":""},"categories":[1],"tags":[],"class_list":["post-1582","post","type-post","status-publish","format-standard","has-post-thumbnail","hentry","category-dinheiro"],"yoast_head":"<!-- This site is optimized with the Yoast SEO plugin v25.6 - https:\/\/yoast.com\/wordpress\/plugins\/seo\/ -->\n<title>Quanto custa um financiamento para voc\u00ea reformar seu im\u00f3vel?<\/title>\n<meta name=\"description\" content=\"No Brasil, realizar o financiamento de um bem \u00e9 quase um rito de passagem. Carros, motos, cursos universit\u00e1rios e at\u00e9 im\u00f3veis e reformas.\" \/>\n<meta name=\"robots\" content=\"index, follow, max-snippet:-1, max-image-preview:large, max-video-preview:-1\" \/>\n<link rel=\"canonical\" href=\"https:\/\/tribunademinas.audiencelabs.com.br\/quanto-custa-um-financiamento-para-voce-reformar-seu-imovel\/\" \/>\n<meta property=\"og:locale\" content=\"pt_BR\" \/>\n<meta property=\"og:type\" content=\"article\" \/>\n<meta property=\"og:title\" content=\"Quanto custa um financiamento para voc\u00ea reformar seu im\u00f3vel?\" \/>\n<meta property=\"og:description\" content=\"No Brasil, realizar o financiamento de um bem \u00e9 quase um rito de passagem. Carros, motos, cursos universit\u00e1rios e at\u00e9 im\u00f3veis e reformas.\" \/>\n<meta property=\"og:url\" content=\"https:\/\/tribunademinas.audiencelabs.com.br\/quanto-custa-um-financiamento-para-voce-reformar-seu-imovel\/\" \/>\n<meta property=\"og:site_name\" content=\"Tribuna de Minas - Dinheiro e Cidadania\" \/>\n<meta property=\"article:publisher\" content=\"https:\/\/www.facebook.com\/tribunademinas\/\" \/>\n<meta property=\"article:published_time\" content=\"2025-09-19T09:45:00+00:00\" \/>\n<meta property=\"og:image\" content=\"https:\/\/tribunademinas.audiencelabs.com.br\/wp-content\/uploads\/2025\/09\/financiamento.webp\" \/>\n\t<meta property=\"og:image:width\" content=\"1170\" \/>\n\t<meta property=\"og:image:height\" content=\"700\" \/>\n\t<meta property=\"og:image:type\" content=\"image\/webp\" \/>\n<meta name=\"author\" content=\"Jeferson Carvalho\" \/>\n<meta name=\"twitter:card\" content=\"summary_large_image\" \/>\n<meta name=\"twitter:creator\" content=\"@tribunademinas\" \/>\n<meta name=\"twitter:site\" content=\"@tribunademinas\" \/>\n<meta name=\"twitter:label1\" content=\"Escrito por\" \/>\n\t<meta name=\"twitter:data1\" content=\"Jeferson Carvalho\" \/>\n\t<meta name=\"twitter:label2\" content=\"Est. tempo de leitura\" \/>\n\t<meta name=\"twitter:data2\" content=\"3 minutos\" \/>\n<!-- \/ Yoast SEO plugin. -->","yoast_head_json":{"title":"Quanto custa um financiamento para voc\u00ea reformar seu im\u00f3vel?","description":"No Brasil, realizar o financiamento de um bem \u00e9 quase um rito de passagem. Carros, motos, cursos universit\u00e1rios e at\u00e9 im\u00f3veis e reformas.","robots":{"index":"index","follow":"follow","max-snippet":"max-snippet:-1","max-image-preview":"max-image-preview:large","max-video-preview":"max-video-preview:-1"},"canonical":"https:\/\/tribunademinas.audiencelabs.com.br\/quanto-custa-um-financiamento-para-voce-reformar-seu-imovel\/","og_locale":"pt_BR","og_type":"article","og_title":"Quanto custa um financiamento para voc\u00ea reformar seu im\u00f3vel?","og_description":"No Brasil, realizar o financiamento de um bem \u00e9 quase um rito de passagem. Carros, motos, cursos universit\u00e1rios e at\u00e9 im\u00f3veis e reformas.","og_url":"https:\/\/tribunademinas.audiencelabs.com.br\/quanto-custa-um-financiamento-para-voce-reformar-seu-imovel\/","og_site_name":"Tribuna de Minas - Dinheiro e Cidadania","article_publisher":"https:\/\/www.facebook.com\/tribunademinas\/","article_published_time":"2025-09-19T09:45:00+00:00","og_image":[{"width":1170,"height":700,"url":"https:\/\/tribunademinas.audiencelabs.com.br\/wp-content\/uploads\/2025\/09\/financiamento.webp","type":"image\/webp"}],"author":"Jeferson Carvalho","twitter_card":"summary_large_image","twitter_creator":"@tribunademinas","twitter_site":"@tribunademinas","twitter_misc":{"Escrito por":"Jeferson Carvalho","Est. tempo de leitura":"3 minutos"},"schema":{"@context":"https:\/\/schema.org","@graph":[{"@type":"Article","@id":"https:\/\/tribunademinas.audiencelabs.com.br\/quanto-custa-um-financiamento-para-voce-reformar-seu-imovel\/#article","isPartOf":{"@id":"https:\/\/tribunademinas.audiencelabs.com.br\/quanto-custa-um-financiamento-para-voce-reformar-seu-imovel\/"},"author":{"name":"Jeferson Carvalho","@id":"https:\/\/tribunademinas.audiencelabs.com.br\/#\/schema\/person\/db18fc40307804bacef94213aa68fd9d"},"headline":"Quanto custa um financiamento para voc\u00ea reformar seu im\u00f3vel?","datePublished":"2025-09-19T09:45:00+00:00","mainEntityOfPage":{"@id":"https:\/\/tribunademinas.audiencelabs.com.br\/quanto-custa-um-financiamento-para-voce-reformar-seu-imovel\/"},"wordCount":457,"commentCount":0,"publisher":{"@id":"https:\/\/tribunademinas.audiencelabs.com.br\/#organization"},"image":{"@id":"https:\/\/tribunademinas.audiencelabs.com.br\/quanto-custa-um-financiamento-para-voce-reformar-seu-imovel\/#primaryimage"},"thumbnailUrl":"https:\/\/tribunademinas.audiencelabs.com.br\/wp-content\/uploads\/2025\/09\/financiamento.webp","articleSection":["Dinheiro"],"inLanguage":"pt-BR","potentialAction":[{"@type":"CommentAction","name":"Comment","target":["https:\/\/tribunademinas.audiencelabs.com.br\/quanto-custa-um-financiamento-para-voce-reformar-seu-imovel\/#respond"]}]},{"@type":"WebPage","@id":"https:\/\/tribunademinas.audiencelabs.com.br\/quanto-custa-um-financiamento-para-voce-reformar-seu-imovel\/","url":"https:\/\/tribunademinas.audiencelabs.com.br\/quanto-custa-um-financiamento-para-voce-reformar-seu-imovel\/","name":"Quanto custa um financiamento para voc\u00ea reformar seu im\u00f3vel?","isPartOf":{"@id":"https:\/\/tribunademinas.audiencelabs.com.br\/#website"},"primaryImageOfPage":{"@id":"https:\/\/tribunademinas.audiencelabs.com.br\/quanto-custa-um-financiamento-para-voce-reformar-seu-imovel\/#primaryimage"},"image":{"@id":"https:\/\/tribunademinas.audiencelabs.com.br\/quanto-custa-um-financiamento-para-voce-reformar-seu-imovel\/#primaryimage"},"thumbnailUrl":"https:\/\/tribunademinas.audiencelabs.com.br\/wp-content\/uploads\/2025\/09\/financiamento.webp","datePublished":"2025-09-19T09:45:00+00:00","description":"No Brasil, realizar o financiamento de um bem \u00e9 quase um rito de passagem. Carros, motos, cursos universit\u00e1rios e at\u00e9 im\u00f3veis e reformas.","breadcrumb":{"@id":"https:\/\/tribunademinas.audiencelabs.com.br\/quanto-custa-um-financiamento-para-voce-reformar-seu-imovel\/#breadcrumb"},"inLanguage":"pt-BR","potentialAction":[{"@type":"ReadAction","target":["https:\/\/tribunademinas.audiencelabs.com.br\/quanto-custa-um-financiamento-para-voce-reformar-seu-imovel\/"]}]},{"@type":"ImageObject","inLanguage":"pt-BR","@id":"https:\/\/tribunademinas.audiencelabs.com.br\/quanto-custa-um-financiamento-para-voce-reformar-seu-imovel\/#primaryimage","url":"https:\/\/tribunademinas.audiencelabs.com.br\/wp-content\/uploads\/2025\/09\/financiamento.webp","contentUrl":"https:\/\/tribunademinas.audiencelabs.com.br\/wp-content\/uploads\/2025\/09\/financiamento.webp","width":1170,"height":700,"caption":"Quanto custa um financiamento para voc\u00ea reformar seu im\u00f3vel? - Imagem: Elza Fi\u00faza\/Ag\u00eancia Brasil"},{"@type":"BreadcrumbList","@id":"https:\/\/tribunademinas.audiencelabs.com.br\/quanto-custa-um-financiamento-para-voce-reformar-seu-imovel\/#breadcrumb","itemListElement":[{"@type":"ListItem","position":1,"name":"In\u00edcio","item":"https:\/\/tribunademinas.audiencelabs.com.br\/"},{"@type":"ListItem","position":2,"name":"Quanto custa um financiamento para voc\u00ea reformar seu im\u00f3vel?"}]},{"@type":"WebSite","@id":"https:\/\/tribunademinas.audiencelabs.com.br\/#website","url":"https:\/\/tribunademinas.audiencelabs.com.br\/","name":"Tribuna de Minas - Dinheiro e Cidadania","description":"","publisher":{"@id":"https:\/\/tribunademinas.audiencelabs.com.br\/#organization"},"potentialAction":[{"@type":"SearchAction","target":{"@type":"EntryPoint","urlTemplate":"https:\/\/tribunademinas.audiencelabs.com.br\/?s={search_term_string}"},"query-input":{"@type":"PropertyValueSpecification","valueRequired":true,"valueName":"search_term_string"}}],"inLanguage":"pt-BR"},{"@type":"Organization","@id":"https:\/\/tribunademinas.audiencelabs.com.br\/#organization","name":"Tribuna de Minas - Dinheiro e Cidadania","url":"https:\/\/tribunademinas.audiencelabs.com.br\/","logo":{"@type":"ImageObject","inLanguage":"pt-BR","@id":"https:\/\/tribunademinas.audiencelabs.com.br\/#\/schema\/logo\/image\/","url":"https:\/\/tribunademinas.audiencelabs.com.br\/wp-content\/uploads\/2025\/08\/cropped-Tribuna_512x512-96x96-1.png","contentUrl":"https:\/\/tribunademinas.audiencelabs.com.br\/wp-content\/uploads\/2025\/08\/cropped-Tribuna_512x512-96x96-1.png","width":96,"height":96,"caption":"Tribuna de Minas - Dinheiro e Cidadania"},"image":{"@id":"https:\/\/tribunademinas.audiencelabs.com.br\/#\/schema\/logo\/image\/"},"sameAs":["https:\/\/www.facebook.com\/tribunademinas\/","https:\/\/x.com\/tribunademinas","https:\/\/www.instagram.com\/tribunademinas\/","https:\/\/www.youtube.com\/user\/TribunadeMinasJF"]},{"@type":"Person","@id":"https:\/\/tribunademinas.audiencelabs.com.br\/#\/schema\/person\/db18fc40307804bacef94213aa68fd9d","name":"Jeferson Carvalho","image":{"@type":"ImageObject","inLanguage":"pt-BR","@id":"https:\/\/tribunademinas.audiencelabs.com.br\/#\/schema\/person\/image\/","url":"https:\/\/secure.gravatar.com\/avatar\/cd7646e328d9670dad7dea8698522e522745eeffcff5b9d08be858e377ce326b?s=96&d=mm&r=g","contentUrl":"https:\/\/secure.gravatar.com\/avatar\/cd7646e328d9670dad7dea8698522e522745eeffcff5b9d08be858e377ce326b?s=96&d=mm&r=g","caption":"Jeferson Carvalho"},"description":"Jornalista apaixonado pela profiss\u00e3o!","url":"https:\/\/tribunademinas.audiencelabs.com.br\/author\/jeferson\/"}]}},"amp_enabled":true,"_links":{"self":[{"href":"https:\/\/tribunademinas.audiencelabs.com.br\/wp-json\/wp\/v2\/posts\/1582","targetHints":{"allow":["GET"]}}],"collection":[{"href":"https:\/\/tribunademinas.audiencelabs.com.br\/wp-json\/wp\/v2\/posts"}],"about":[{"href":"https:\/\/tribunademinas.audiencelabs.com.br\/wp-json\/wp\/v2\/types\/post"}],"author":[{"embeddable":true,"href":"https:\/\/tribunademinas.audiencelabs.com.br\/wp-json\/wp\/v2\/users\/5"}],"replies":[{"embeddable":true,"href":"https:\/\/tribunademinas.audiencelabs.com.br\/wp-json\/wp\/v2\/comments?post=1582"}],"version-history":[{"count":1,"href":"https:\/\/tribunademinas.audiencelabs.com.br\/wp-json\/wp\/v2\/posts\/1582\/revisions"}],"predecessor-version":[{"id":1584,"href":"https:\/\/tribunademinas.audiencelabs.com.br\/wp-json\/wp\/v2\/posts\/1582\/revisions\/1584"}],"wp:featuredmedia":[{"embeddable":true,"href":"https:\/\/tribunademinas.audiencelabs.com.br\/wp-json\/wp\/v2\/media\/1583"}],"wp:attachment":[{"href":"https:\/\/tribunademinas.audiencelabs.com.br\/wp-json\/wp\/v2\/media?parent=1582"}],"wp:term":[{"taxonomy":"category","embeddable":true,"href":"https:\/\/tribunademinas.audiencelabs.com.br\/wp-json\/wp\/v2\/categories?post=1582"},{"taxonomy":"post_tag","embeddable":true,"href":"https:\/\/tribunademinas.audiencelabs.com.br\/wp-json\/wp\/v2\/tags?post=1582"}],"curies":[{"name":"wp","href":"https:\/\/api.w.org\/{rel}","templated":true}]}}