{"id":1551,"date":"2025-09-19T08:00:00","date_gmt":"2025-09-19T11:00:00","guid":{"rendered":"https:\/\/tribunademinas.audiencelabs.com.br\/?p=1551"},"modified":"2025-09-18T13:27:04","modified_gmt":"2025-09-18T16:27:04","slug":"itau-surpreende-e-confirma-fechamento-o-que-aconteceu","status":"publish","type":"post","link":"https:\/\/tribunademinas.audiencelabs.com.br\/itau-surpreende-e-confirma-fechamento-o-que-aconteceu\/","title":{"rendered":"Ita\u00fa surpreende e confirma fechamento: o que aconteceu?"},"content":{"rendered":"\n<p>Apesar de ainda ser uma das maiores institui\u00e7\u00f5es financeiras do Brasil, o <strong>banco Ita\u00fa<\/strong> segue fechando as portas de diversas ag\u00eancias ao redor de todo o pa\u00eds. Inclusive, o fechamento mais recente ocorreu nesta semana no bairro de Caminho das \u00c1rvores em Salvador, a capital baiana.<\/p>\n\n\n\n<p>A ag\u00eancia, localizada na avenida Tancredo Neves, foi fundada originalmente em 1992, e apesar de atender cerca de 20 mil correntistas, teve o encerramento de suas atividades decretado para o <strong>dia 5 de novembro<\/strong>.<\/p>\n\n\n\n<p>Vale destacar que a decis\u00e3o n\u00e3o possui rela\u00e7\u00e3o com a recente demiss\u00e3o em massa promovida pelo Ita\u00fa, que acarretou no desligamento de milhares de funcion\u00e1rios que trabalhavam em regime remoto. De acordo com o que foi divulgado, a iniciativa est\u00e1 ligada ao avan\u00e7o dos investimentos do banco em servi\u00e7os digitais.<\/p>\n\n\n\n<p>Em nota, o banco declarou que cerca de 97% das transa\u00e7\u00f5es de pessoas f\u00edsicas j\u00e1 est\u00e3o sendo realizadas por canais digitais. Por conta disso, a rede f\u00edsica passar\u00e1 a ocupar um papel mais consultivo e nichado, dispensando assim o excesso de unidades.<\/p>\n\n\n\n<p>\u00c9 importante destacar que a ag\u00eancia do Caminho das \u00c1rvores \u00e9 a quarta de grande porte a encerrar as atividades em Salvador somente em 2025. E levando em conta a intensifica\u00e7\u00e3o da pol\u00edtica de digitaliza\u00e7\u00e3o do banco, a tend\u00eancia \u00e9 que esse n\u00famero continue crescendo.<\/p>\n\n\n\n<h2 class=\"wp-block-heading\">Banc\u00e1rios realizam protesto contra o fechamento de ag\u00eancia do Ita\u00fa<\/h2>\n\n\n\n<p>A decis\u00e3o do Ita\u00fa de encerrar as atividades da ag\u00eancia da avenida Tancredo Neves surpreendeu os 28 funcion\u00e1rios do local, que seguem sem defini\u00e7\u00e3o sobre seu futuro ap\u00f3s o fechamento, e acabou resultando em um protesto, realizado nesta quarta-feira (17).<\/p>\n\n\n\n<p>De acordo com Luciana D\u00f3ria, diretora da Federa\u00e7\u00e3o dos Banc\u00e1rios da Bahia e Sergipe, a not\u00edcia tamb\u00e9m provocou revolta nos clientes, que viam a unidade como um ponto de refer\u00eancia para o atendimento de pessoas f\u00edsicas e jur\u00eddicas da regi\u00e3o.<\/p>\n\n\n\n<p>Em entrevista ao portal <em>Correio 24 Horas<\/em>, ela tamb\u00e9m destacou a import\u00e2ncia da ag\u00eancia, mesmo diante da transforma\u00e7\u00e3o digital. <strong>&#8220;[\u2026] Sabemos que grande parte da popula\u00e7\u00e3o ainda n\u00e3o possui esses acessos, n\u00e3o t\u00eam habilidade no sistema, preferem ser atendidos no presencial, sem contar a amplia\u00e7\u00e3o do n\u00famero de golpes digitais que v\u00eam ocorrendo, sobretudo para esse p\u00fablico mais vulner\u00e1vel&#8221;<\/strong>, declarou.<\/p>\n","protected":false},"excerpt":{"rendered":"<p>Apesar de ainda ser uma das maiores institui\u00e7\u00f5es financeiras do Brasil, o banco Ita\u00fa segue fechando as portas de diversas ag\u00eancias ao redor de todo o pa\u00eds. Inclusive, o fechamento mais recente ocorreu nesta semana no bairro de Caminho das \u00c1rvores em Salvador, a capital baiana. A ag\u00eancia, localizada na avenida Tancredo Neves, foi fundada [&hellip;]<\/p>\n","protected":false},"author":3,"featured_media":1552,"comment_status":"open","ping_status":"open","sticky":false,"template":"","format":"standard","meta":{"jnews-multi-image_gallery":[],"jnews_single_post":{"format":"standard"},"jnews_primary_category":[],"jnews_social_meta":[],"jnews_post_split":[],"footnotes":""},"categories":[1],"tags":[],"class_list":["post-1551","post","type-post","status-publish","format-standard","has-post-thumbnail","hentry","category-dinheiro"],"yoast_head":"<!-- This site is optimized with the Yoast SEO plugin v25.6 - https:\/\/yoast.com\/wordpress\/plugins\/seo\/ -->\n<title>Ita\u00fa surpreende e confirma fechamento: o que aconteceu?<\/title>\n<meta name=\"robots\" content=\"index, follow, max-snippet:-1, max-image-preview:large, max-video-preview:-1\" \/>\n<link rel=\"canonical\" href=\"https:\/\/tribunademinas.audiencelabs.com.br\/itau-surpreende-e-confirma-fechamento-o-que-aconteceu\/\" \/>\n<meta property=\"og:locale\" content=\"pt_BR\" \/>\n<meta property=\"og:type\" content=\"article\" \/>\n<meta property=\"og:title\" content=\"Ita\u00fa surpreende e confirma fechamento: o que aconteceu?\" \/>\n<meta property=\"og:description\" content=\"Apesar de ainda ser uma das maiores institui\u00e7\u00f5es financeiras do Brasil, o banco Ita\u00fa segue fechando as portas de diversas ag\u00eancias ao redor de todo o pa\u00eds. Inclusive, o fechamento mais recente ocorreu nesta semana no bairro de Caminho das \u00c1rvores em Salvador, a capital baiana. A ag\u00eancia, localizada na avenida Tancredo Neves, foi fundada [&hellip;]\" \/>\n<meta property=\"og:url\" content=\"https:\/\/tribunademinas.audiencelabs.com.br\/itau-surpreende-e-confirma-fechamento-o-que-aconteceu\/\" \/>\n<meta property=\"og:site_name\" content=\"Tribuna de Minas - Dinheiro e Cidadania\" \/>\n<meta property=\"article:publisher\" content=\"https:\/\/www.facebook.com\/tribunademinas\/\" \/>\n<meta property=\"article:published_time\" content=\"2025-09-19T11:00:00+00:00\" \/>\n<meta property=\"og:image\" content=\"https:\/\/tribunademinas.audiencelabs.com.br\/wp-content\/uploads\/2025\/09\/itau-surpreende-confirma-fechamento.jpg\" \/>\n\t<meta property=\"og:image:width\" content=\"1280\" \/>\n\t<meta property=\"og:image:height\" content=\"720\" \/>\n\t<meta property=\"og:image:type\" content=\"image\/jpeg\" \/>\n<meta name=\"author\" content=\"Jo\u00e3o Carlos Gomes\" \/>\n<meta name=\"twitter:card\" content=\"summary_large_image\" \/>\n<meta name=\"twitter:creator\" content=\"@tribunademinas\" \/>\n<meta name=\"twitter:site\" content=\"@tribunademinas\" \/>\n<meta name=\"twitter:label1\" content=\"Escrito por\" \/>\n\t<meta name=\"twitter:data1\" content=\"Jo\u00e3o Carlos Gomes\" \/>\n\t<meta name=\"twitter:label2\" content=\"Est. tempo de leitura\" \/>\n\t<meta name=\"twitter:data2\" content=\"3 minutos\" \/>\n<!-- \/ Yoast SEO plugin. -->","yoast_head_json":{"title":"Ita\u00fa surpreende e confirma fechamento: o que aconteceu?","robots":{"index":"index","follow":"follow","max-snippet":"max-snippet:-1","max-image-preview":"max-image-preview:large","max-video-preview":"max-video-preview:-1"},"canonical":"https:\/\/tribunademinas.audiencelabs.com.br\/itau-surpreende-e-confirma-fechamento-o-que-aconteceu\/","og_locale":"pt_BR","og_type":"article","og_title":"Ita\u00fa surpreende e confirma fechamento: o que aconteceu?","og_description":"Apesar de ainda ser uma das maiores institui\u00e7\u00f5es financeiras do Brasil, o banco Ita\u00fa segue fechando as portas de diversas ag\u00eancias ao redor de todo o pa\u00eds. Inclusive, o fechamento mais recente ocorreu nesta semana no bairro de Caminho das \u00c1rvores em Salvador, a capital baiana. A ag\u00eancia, localizada na avenida Tancredo Neves, foi fundada [&hellip;]","og_url":"https:\/\/tribunademinas.audiencelabs.com.br\/itau-surpreende-e-confirma-fechamento-o-que-aconteceu\/","og_site_name":"Tribuna de Minas - Dinheiro e Cidadania","article_publisher":"https:\/\/www.facebook.com\/tribunademinas\/","article_published_time":"2025-09-19T11:00:00+00:00","og_image":[{"width":1280,"height":720,"url":"https:\/\/tribunademinas.audiencelabs.com.br\/wp-content\/uploads\/2025\/09\/itau-surpreende-confirma-fechamento.jpg","type":"image\/jpeg"}],"author":"Jo\u00e3o Carlos Gomes","twitter_card":"summary_large_image","twitter_creator":"@tribunademinas","twitter_site":"@tribunademinas","twitter_misc":{"Escrito por":"Jo\u00e3o Carlos Gomes","Est. tempo de leitura":"3 minutos"},"schema":{"@context":"https:\/\/schema.org","@graph":[{"@type":"Article","@id":"https:\/\/tribunademinas.audiencelabs.com.br\/itau-surpreende-e-confirma-fechamento-o-que-aconteceu\/#article","isPartOf":{"@id":"https:\/\/tribunademinas.audiencelabs.com.br\/itau-surpreende-e-confirma-fechamento-o-que-aconteceu\/"},"author":{"name":"Jo\u00e3o Carlos Gomes","@id":"https:\/\/tribunademinas.audiencelabs.com.br\/#\/schema\/person\/37af466a64a722fadb8ef6841c52114f"},"headline":"Ita\u00fa surpreende e confirma fechamento: o que aconteceu?","datePublished":"2025-09-19T11:00:00+00:00","mainEntityOfPage":{"@id":"https:\/\/tribunademinas.audiencelabs.com.br\/itau-surpreende-e-confirma-fechamento-o-que-aconteceu\/"},"wordCount":413,"commentCount":0,"publisher":{"@id":"https:\/\/tribunademinas.audiencelabs.com.br\/#organization"},"image":{"@id":"https:\/\/tribunademinas.audiencelabs.com.br\/itau-surpreende-e-confirma-fechamento-o-que-aconteceu\/#primaryimage"},"thumbnailUrl":"https:\/\/tribunademinas.audiencelabs.com.br\/wp-content\/uploads\/2025\/09\/itau-surpreende-confirma-fechamento.jpg","articleSection":["Dinheiro"],"inLanguage":"pt-BR","potentialAction":[{"@type":"CommentAction","name":"Comment","target":["https:\/\/tribunademinas.audiencelabs.com.br\/itau-surpreende-e-confirma-fechamento-o-que-aconteceu\/#respond"]}]},{"@type":"WebPage","@id":"https:\/\/tribunademinas.audiencelabs.com.br\/itau-surpreende-e-confirma-fechamento-o-que-aconteceu\/","url":"https:\/\/tribunademinas.audiencelabs.com.br\/itau-surpreende-e-confirma-fechamento-o-que-aconteceu\/","name":"Ita\u00fa surpreende e confirma fechamento: o que aconteceu?","isPartOf":{"@id":"https:\/\/tribunademinas.audiencelabs.com.br\/#website"},"primaryImageOfPage":{"@id":"https:\/\/tribunademinas.audiencelabs.com.br\/itau-surpreende-e-confirma-fechamento-o-que-aconteceu\/#primaryimage"},"image":{"@id":"https:\/\/tribunademinas.audiencelabs.com.br\/itau-surpreende-e-confirma-fechamento-o-que-aconteceu\/#primaryimage"},"thumbnailUrl":"https:\/\/tribunademinas.audiencelabs.com.br\/wp-content\/uploads\/2025\/09\/itau-surpreende-confirma-fechamento.jpg","datePublished":"2025-09-19T11:00:00+00:00","breadcrumb":{"@id":"https:\/\/tribunademinas.audiencelabs.com.br\/itau-surpreende-e-confirma-fechamento-o-que-aconteceu\/#breadcrumb"},"inLanguage":"pt-BR","potentialAction":[{"@type":"ReadAction","target":["https:\/\/tribunademinas.audiencelabs.com.br\/itau-surpreende-e-confirma-fechamento-o-que-aconteceu\/"]}]},{"@type":"ImageObject","inLanguage":"pt-BR","@id":"https:\/\/tribunademinas.audiencelabs.com.br\/itau-surpreende-e-confirma-fechamento-o-que-aconteceu\/#primaryimage","url":"https:\/\/tribunademinas.audiencelabs.com.br\/wp-content\/uploads\/2025\/09\/itau-surpreende-confirma-fechamento.jpg","contentUrl":"https:\/\/tribunademinas.audiencelabs.com.br\/wp-content\/uploads\/2025\/09\/itau-surpreende-confirma-fechamento.jpg","width":1280,"height":720,"caption":"Foto: Reprodu\u00e7\u00e3o\/Ag\u00eancia Brasil"},{"@type":"BreadcrumbList","@id":"https:\/\/tribunademinas.audiencelabs.com.br\/itau-surpreende-e-confirma-fechamento-o-que-aconteceu\/#breadcrumb","itemListElement":[{"@type":"ListItem","position":1,"name":"In\u00edcio","item":"https:\/\/tribunademinas.audiencelabs.com.br\/"},{"@type":"ListItem","position":2,"name":"Ita\u00fa surpreende e confirma fechamento: o que aconteceu?"}]},{"@type":"WebSite","@id":"https:\/\/tribunademinas.audiencelabs.com.br\/#website","url":"https:\/\/tribunademinas.audiencelabs.com.br\/","name":"Tribuna de Minas - Dinheiro e Cidadania","description":"","publisher":{"@id":"https:\/\/tribunademinas.audiencelabs.com.br\/#organization"},"potentialAction":[{"@type":"SearchAction","target":{"@type":"EntryPoint","urlTemplate":"https:\/\/tribunademinas.audiencelabs.com.br\/?s={search_term_string}"},"query-input":{"@type":"PropertyValueSpecification","valueRequired":true,"valueName":"search_term_string"}}],"inLanguage":"pt-BR"},{"@type":"Organization","@id":"https:\/\/tribunademinas.audiencelabs.com.br\/#organization","name":"Tribuna de Minas - Dinheiro e Cidadania","url":"https:\/\/tribunademinas.audiencelabs.com.br\/","logo":{"@type":"ImageObject","inLanguage":"pt-BR","@id":"https:\/\/tribunademinas.audiencelabs.com.br\/#\/schema\/logo\/image\/","url":"https:\/\/tribunademinas.audiencelabs.com.br\/wp-content\/uploads\/2025\/08\/cropped-Tribuna_512x512-96x96-1.png","contentUrl":"https:\/\/tribunademinas.audiencelabs.com.br\/wp-content\/uploads\/2025\/08\/cropped-Tribuna_512x512-96x96-1.png","width":96,"height":96,"caption":"Tribuna de Minas - Dinheiro e Cidadania"},"image":{"@id":"https:\/\/tribunademinas.audiencelabs.com.br\/#\/schema\/logo\/image\/"},"sameAs":["https:\/\/www.facebook.com\/tribunademinas\/","https:\/\/x.com\/tribunademinas","https:\/\/www.instagram.com\/tribunademinas\/","https:\/\/www.youtube.com\/user\/TribunadeMinasJF"]},{"@type":"Person","@id":"https:\/\/tribunademinas.audiencelabs.com.br\/#\/schema\/person\/37af466a64a722fadb8ef6841c52114f","name":"Jo\u00e3o Carlos Gomes","image":{"@type":"ImageObject","inLanguage":"pt-BR","@id":"https:\/\/tribunademinas.audiencelabs.com.br\/#\/schema\/person\/image\/","url":"https:\/\/secure.gravatar.com\/avatar\/4ce4672dbdd694b329cd6fdb51bee7d1409be1f0ff76a537e4c4a737b2c7d1a9?s=96&d=mm&r=g","contentUrl":"https:\/\/secure.gravatar.com\/avatar\/4ce4672dbdd694b329cd6fdb51bee7d1409be1f0ff76a537e4c4a737b2c7d1a9?s=96&d=mm&r=g","caption":"Jo\u00e3o Carlos Gomes"},"description":"Jornalista formado pelo Centro Universit\u00e1rio Carioca, apreciador da Bossa Nova ao Metal Extremo, criador de conte\u00fado e m\u00fasico independente nas horas vagas.","url":"https:\/\/tribunademinas.audiencelabs.com.br\/author\/joaoc-junior\/"}]}},"amp_enabled":true,"_links":{"self":[{"href":"https:\/\/tribunademinas.audiencelabs.com.br\/wp-json\/wp\/v2\/posts\/1551","targetHints":{"allow":["GET"]}}],"collection":[{"href":"https:\/\/tribunademinas.audiencelabs.com.br\/wp-json\/wp\/v2\/posts"}],"about":[{"href":"https:\/\/tribunademinas.audiencelabs.com.br\/wp-json\/wp\/v2\/types\/post"}],"author":[{"embeddable":true,"href":"https:\/\/tribunademinas.audiencelabs.com.br\/wp-json\/wp\/v2\/users\/3"}],"replies":[{"embeddable":true,"href":"https:\/\/tribunademinas.audiencelabs.com.br\/wp-json\/wp\/v2\/comments?post=1551"}],"version-history":[{"count":1,"href":"https:\/\/tribunademinas.audiencelabs.com.br\/wp-json\/wp\/v2\/posts\/1551\/revisions"}],"predecessor-version":[{"id":1553,"href":"https:\/\/tribunademinas.audiencelabs.com.br\/wp-json\/wp\/v2\/posts\/1551\/revisions\/1553"}],"wp:featuredmedia":[{"embeddable":true,"href":"https:\/\/tribunademinas.audiencelabs.com.br\/wp-json\/wp\/v2\/media\/1552"}],"wp:attachment":[{"href":"https:\/\/tribunademinas.audiencelabs.com.br\/wp-json\/wp\/v2\/media?parent=1551"}],"wp:term":[{"taxonomy":"category","embeddable":true,"href":"https:\/\/tribunademinas.audiencelabs.com.br\/wp-json\/wp\/v2\/categories?post=1551"},{"taxonomy":"post_tag","embeddable":true,"href":"https:\/\/tribunademinas.audiencelabs.com.br\/wp-json\/wp\/v2\/tags?post=1551"}],"curies":[{"name":"wp","href":"https:\/\/api.w.org\/{rel}","templated":true}]}}