{"id":1548,"date":"2025-09-18T12:56:48","date_gmt":"2025-09-18T15:56:48","guid":{"rendered":"https:\/\/tribunademinas.audiencelabs.com.br\/?p=1548"},"modified":"2025-09-18T12:56:53","modified_gmt":"2025-09-18T15:56:53","slug":"lei-trabalhista-salario-minimo-de-r4-500-para-brasileiros-foi-aprovado","status":"publish","type":"post","link":"https:\/\/tribunademinas.audiencelabs.com.br\/lei-trabalhista-salario-minimo-de-r4-500-para-brasileiros-foi-aprovado\/","title":{"rendered":"Lei trabalhista: sal\u00e1rio m\u00ednimo de R$4.500 para brasileiros foi aprovado"},"content":{"rendered":"\n<p>Com o objetivo de reconhecer a relev\u00e2ncia social da profiss\u00e3o, o Minist\u00e9rio da Educa\u00e7\u00e3o (MEC) estabeleceu um piso salarial generoso para <strong>professores da educa\u00e7\u00e3o b\u00e1sica <\/strong>com carga hor\u00e1ria de 40 horas semanais.<\/p>\n\n\n\n<p>Devido a um reajuste de aproximadamente 6,27% em compara\u00e7\u00e3o ao valor anterior, o piso salarial m\u00ednimo para educadores no in\u00edcio de carreira no magist\u00e9rio p\u00fablico foi fixado em<strong> R$ 4.877,77<\/strong>, conforme publicado no Di\u00e1rio Oficial da Uni\u00e3o em janeiro deste ano.<\/p>\n\n\n\n<p>Vale destacar que o aumento superou a infla\u00e7\u00e3o medida pelo \u00cdndice Nacional de Pre\u00e7os ao Consumidor (INPC), que \u00e9 utilizado como base de reajuste salarial de diversas categorias, e acumulou 4,77% no ano passado.<\/p>\n\n\n\n<p>Al\u00e9m disso, o recente reajuste tamb\u00e9m ficou acima da infla\u00e7\u00e3o oficial, registrada pelo \u00cdndice Nacional de Pre\u00e7os ao Consumidor Amplo (IPCA), que encerrou 2024 em 4,83%, conferindo aos professores um incremento real ap\u00f3s anos de acr\u00e9scimos modestos.<\/p>\n\n\n\n<h2 class=\"wp-block-heading\">Reajuste do sal\u00e1rio m\u00ednimo de educadores para 2026 ainda n\u00e3o foi divulgado<\/h2>\n\n\n\n<p>Segundo especialistas, o prov\u00e1vel crescimento do Fundeb, favorecido pelo aumento da arrecada\u00e7\u00e3o e pela redu\u00e7\u00e3o do n\u00famero de alunos, deve possibilitar um novo reajuste real no piso m\u00ednimo para educadores em 2026, ainda que persistam incertezas econ\u00f4micas e or\u00e7ament\u00e1rias.<\/p>\n\n\n\n<p>Entretanto, at\u00e9 o presente momento, o MEC ainda n\u00e3o anunciou oficialmente o percentual do reajuste para o pr\u00f3ximo ano, gerando preocupa\u00e7\u00e3o tanto entre professores quanto entre prefeitos e governadores, que precisam se planejar para garantir o cumprimento da legisla\u00e7\u00e3o.<\/p>\n\n\n\n<p>Estimativas iniciais apontam para um aumento de cerca de 3,62% em rela\u00e7\u00e3o ao piso de 2025. Com isso, o valor do sal\u00e1rio m\u00ednimo dos professores da rede p\u00fablica pode chegar a pouco mais de R$ 5 mil.<\/p>\n\n\n\n<p>J\u00e1 no caso dos educadores do setor privado, a negocia\u00e7\u00e3o ser\u00e1 feita diretamente entre os sindicatos das categorias profissional e patronal. Logo, reajustes mais significativos podem variar de acordo com a conven\u00e7\u00e3o coletiva local, n\u00e3o havendo influ\u00eancia direta da decis\u00e3o do MEC.<\/p>\n","protected":false},"excerpt":{"rendered":"<p>Com o objetivo de reconhecer a relev\u00e2ncia social da profiss\u00e3o, o Minist\u00e9rio da Educa\u00e7\u00e3o (MEC) estabeleceu um piso salarial generoso para professores da educa\u00e7\u00e3o b\u00e1sica com carga hor\u00e1ria de 40 horas semanais. Devido a um reajuste de aproximadamente 6,27% em compara\u00e7\u00e3o ao valor anterior, o piso salarial m\u00ednimo para educadores no in\u00edcio de carreira no [&hellip;]<\/p>\n","protected":false},"author":3,"featured_media":1549,"comment_status":"open","ping_status":"open","sticky":false,"template":"","format":"standard","meta":{"jnews-multi-image_gallery":[],"jnews_single_post":{"format":"standard"},"jnews_primary_category":[],"jnews_social_meta":[],"jnews_post_split":[],"footnotes":""},"categories":[1],"tags":[],"class_list":["post-1548","post","type-post","status-publish","format-standard","has-post-thumbnail","hentry","category-dinheiro"],"yoast_head":"<!-- This site is optimized with the Yoast SEO plugin v25.6 - https:\/\/yoast.com\/wordpress\/plugins\/seo\/ -->\n<title>Lei trabalhista: sal\u00e1rio m\u00ednimo de R$4.500 para brasileiros foi aprovado<\/title>\n<meta name=\"robots\" content=\"index, follow, max-snippet:-1, max-image-preview:large, max-video-preview:-1\" \/>\n<link rel=\"canonical\" href=\"https:\/\/tribunademinas.audiencelabs.com.br\/lei-trabalhista-salario-minimo-de-r4-500-para-brasileiros-foi-aprovado\/\" \/>\n<meta property=\"og:locale\" content=\"pt_BR\" \/>\n<meta property=\"og:type\" content=\"article\" \/>\n<meta property=\"og:title\" content=\"Lei trabalhista: sal\u00e1rio m\u00ednimo de R$4.500 para brasileiros foi aprovado\" \/>\n<meta property=\"og:description\" content=\"Com o objetivo de reconhecer a relev\u00e2ncia social da profiss\u00e3o, o Minist\u00e9rio da Educa\u00e7\u00e3o (MEC) estabeleceu um piso salarial generoso para professores da educa\u00e7\u00e3o b\u00e1sica com carga hor\u00e1ria de 40 horas semanais. Devido a um reajuste de aproximadamente 6,27% em compara\u00e7\u00e3o ao valor anterior, o piso salarial m\u00ednimo para educadores no in\u00edcio de carreira no [&hellip;]\" \/>\n<meta property=\"og:url\" content=\"https:\/\/tribunademinas.audiencelabs.com.br\/lei-trabalhista-salario-minimo-de-r4-500-para-brasileiros-foi-aprovado\/\" \/>\n<meta property=\"og:site_name\" content=\"Tribuna de Minas - Dinheiro e Cidadania\" \/>\n<meta property=\"article:publisher\" content=\"https:\/\/www.facebook.com\/tribunademinas\/\" \/>\n<meta property=\"article:published_time\" content=\"2025-09-18T15:56:48+00:00\" \/>\n<meta property=\"article:modified_time\" content=\"2025-09-18T15:56:53+00:00\" \/>\n<meta property=\"og:image\" content=\"https:\/\/tribunademinas.audiencelabs.com.br\/wp-content\/uploads\/2025\/09\/salario-minimo-4500-brasileiros-aprovado.webp\" \/>\n\t<meta property=\"og:image:width\" content=\"1280\" \/>\n\t<meta property=\"og:image:height\" content=\"720\" \/>\n\t<meta property=\"og:image:type\" content=\"image\/webp\" \/>\n<meta name=\"author\" content=\"Jo\u00e3o Carlos Gomes\" \/>\n<meta name=\"twitter:card\" content=\"summary_large_image\" \/>\n<meta name=\"twitter:creator\" content=\"@tribunademinas\" \/>\n<meta name=\"twitter:site\" content=\"@tribunademinas\" \/>\n<meta name=\"twitter:label1\" content=\"Escrito por\" \/>\n\t<meta name=\"twitter:data1\" content=\"Jo\u00e3o Carlos Gomes\" \/>\n\t<meta name=\"twitter:label2\" content=\"Est. tempo de leitura\" \/>\n\t<meta name=\"twitter:data2\" content=\"2 minutos\" \/>\n<!-- \/ Yoast SEO plugin. -->","yoast_head_json":{"title":"Lei trabalhista: sal\u00e1rio m\u00ednimo de R$4.500 para brasileiros foi aprovado","robots":{"index":"index","follow":"follow","max-snippet":"max-snippet:-1","max-image-preview":"max-image-preview:large","max-video-preview":"max-video-preview:-1"},"canonical":"https:\/\/tribunademinas.audiencelabs.com.br\/lei-trabalhista-salario-minimo-de-r4-500-para-brasileiros-foi-aprovado\/","og_locale":"pt_BR","og_type":"article","og_title":"Lei trabalhista: sal\u00e1rio m\u00ednimo de R$4.500 para brasileiros foi aprovado","og_description":"Com o objetivo de reconhecer a relev\u00e2ncia social da profiss\u00e3o, o Minist\u00e9rio da Educa\u00e7\u00e3o (MEC) estabeleceu um piso salarial generoso para professores da educa\u00e7\u00e3o b\u00e1sica com carga hor\u00e1ria de 40 horas semanais. Devido a um reajuste de aproximadamente 6,27% em compara\u00e7\u00e3o ao valor anterior, o piso salarial m\u00ednimo para educadores no in\u00edcio de carreira no [&hellip;]","og_url":"https:\/\/tribunademinas.audiencelabs.com.br\/lei-trabalhista-salario-minimo-de-r4-500-para-brasileiros-foi-aprovado\/","og_site_name":"Tribuna de Minas - Dinheiro e Cidadania","article_publisher":"https:\/\/www.facebook.com\/tribunademinas\/","article_published_time":"2025-09-18T15:56:48+00:00","article_modified_time":"2025-09-18T15:56:53+00:00","og_image":[{"width":1280,"height":720,"url":"https:\/\/tribunademinas.audiencelabs.com.br\/wp-content\/uploads\/2025\/09\/salario-minimo-4500-brasileiros-aprovado.webp","type":"image\/webp"}],"author":"Jo\u00e3o Carlos Gomes","twitter_card":"summary_large_image","twitter_creator":"@tribunademinas","twitter_site":"@tribunademinas","twitter_misc":{"Escrito por":"Jo\u00e3o Carlos Gomes","Est. tempo de leitura":"2 minutos"},"schema":{"@context":"https:\/\/schema.org","@graph":[{"@type":"Article","@id":"https:\/\/tribunademinas.audiencelabs.com.br\/lei-trabalhista-salario-minimo-de-r4-500-para-brasileiros-foi-aprovado\/#article","isPartOf":{"@id":"https:\/\/tribunademinas.audiencelabs.com.br\/lei-trabalhista-salario-minimo-de-r4-500-para-brasileiros-foi-aprovado\/"},"author":{"name":"Jo\u00e3o Carlos Gomes","@id":"https:\/\/tribunademinas.audiencelabs.com.br\/#\/schema\/person\/37af466a64a722fadb8ef6841c52114f"},"headline":"Lei trabalhista: sal\u00e1rio m\u00ednimo de R$4.500 para brasileiros foi aprovado","datePublished":"2025-09-18T15:56:48+00:00","dateModified":"2025-09-18T15:56:53+00:00","mainEntityOfPage":{"@id":"https:\/\/tribunademinas.audiencelabs.com.br\/lei-trabalhista-salario-minimo-de-r4-500-para-brasileiros-foi-aprovado\/"},"wordCount":359,"commentCount":0,"publisher":{"@id":"https:\/\/tribunademinas.audiencelabs.com.br\/#organization"},"image":{"@id":"https:\/\/tribunademinas.audiencelabs.com.br\/lei-trabalhista-salario-minimo-de-r4-500-para-brasileiros-foi-aprovado\/#primaryimage"},"thumbnailUrl":"https:\/\/tribunademinas.audiencelabs.com.br\/wp-content\/uploads\/2025\/09\/salario-minimo-4500-brasileiros-aprovado.webp","articleSection":["Dinheiro"],"inLanguage":"pt-BR","potentialAction":[{"@type":"CommentAction","name":"Comment","target":["https:\/\/tribunademinas.audiencelabs.com.br\/lei-trabalhista-salario-minimo-de-r4-500-para-brasileiros-foi-aprovado\/#respond"]}]},{"@type":"WebPage","@id":"https:\/\/tribunademinas.audiencelabs.com.br\/lei-trabalhista-salario-minimo-de-r4-500-para-brasileiros-foi-aprovado\/","url":"https:\/\/tribunademinas.audiencelabs.com.br\/lei-trabalhista-salario-minimo-de-r4-500-para-brasileiros-foi-aprovado\/","name":"Lei trabalhista: sal\u00e1rio m\u00ednimo de R$4.500 para brasileiros foi aprovado","isPartOf":{"@id":"https:\/\/tribunademinas.audiencelabs.com.br\/#website"},"primaryImageOfPage":{"@id":"https:\/\/tribunademinas.audiencelabs.com.br\/lei-trabalhista-salario-minimo-de-r4-500-para-brasileiros-foi-aprovado\/#primaryimage"},"image":{"@id":"https:\/\/tribunademinas.audiencelabs.com.br\/lei-trabalhista-salario-minimo-de-r4-500-para-brasileiros-foi-aprovado\/#primaryimage"},"thumbnailUrl":"https:\/\/tribunademinas.audiencelabs.com.br\/wp-content\/uploads\/2025\/09\/salario-minimo-4500-brasileiros-aprovado.webp","datePublished":"2025-09-18T15:56:48+00:00","dateModified":"2025-09-18T15:56:53+00:00","breadcrumb":{"@id":"https:\/\/tribunademinas.audiencelabs.com.br\/lei-trabalhista-salario-minimo-de-r4-500-para-brasileiros-foi-aprovado\/#breadcrumb"},"inLanguage":"pt-BR","potentialAction":[{"@type":"ReadAction","target":["https:\/\/tribunademinas.audiencelabs.com.br\/lei-trabalhista-salario-minimo-de-r4-500-para-brasileiros-foi-aprovado\/"]}]},{"@type":"ImageObject","inLanguage":"pt-BR","@id":"https:\/\/tribunademinas.audiencelabs.com.br\/lei-trabalhista-salario-minimo-de-r4-500-para-brasileiros-foi-aprovado\/#primaryimage","url":"https:\/\/tribunademinas.audiencelabs.com.br\/wp-content\/uploads\/2025\/09\/salario-minimo-4500-brasileiros-aprovado.webp","contentUrl":"https:\/\/tribunademinas.audiencelabs.com.br\/wp-content\/uploads\/2025\/09\/salario-minimo-4500-brasileiros-aprovado.webp","width":1280,"height":720,"caption":"Foto: Marcello Casal Jr\/Ag\u00eancia Brasil"},{"@type":"BreadcrumbList","@id":"https:\/\/tribunademinas.audiencelabs.com.br\/lei-trabalhista-salario-minimo-de-r4-500-para-brasileiros-foi-aprovado\/#breadcrumb","itemListElement":[{"@type":"ListItem","position":1,"name":"In\u00edcio","item":"https:\/\/tribunademinas.audiencelabs.com.br\/"},{"@type":"ListItem","position":2,"name":"Lei trabalhista: sal\u00e1rio m\u00ednimo de R$4.500 para brasileiros foi aprovado"}]},{"@type":"WebSite","@id":"https:\/\/tribunademinas.audiencelabs.com.br\/#website","url":"https:\/\/tribunademinas.audiencelabs.com.br\/","name":"Tribuna de Minas - Dinheiro e Cidadania","description":"","publisher":{"@id":"https:\/\/tribunademinas.audiencelabs.com.br\/#organization"},"potentialAction":[{"@type":"SearchAction","target":{"@type":"EntryPoint","urlTemplate":"https:\/\/tribunademinas.audiencelabs.com.br\/?s={search_term_string}"},"query-input":{"@type":"PropertyValueSpecification","valueRequired":true,"valueName":"search_term_string"}}],"inLanguage":"pt-BR"},{"@type":"Organization","@id":"https:\/\/tribunademinas.audiencelabs.com.br\/#organization","name":"Tribuna de Minas - Dinheiro e Cidadania","url":"https:\/\/tribunademinas.audiencelabs.com.br\/","logo":{"@type":"ImageObject","inLanguage":"pt-BR","@id":"https:\/\/tribunademinas.audiencelabs.com.br\/#\/schema\/logo\/image\/","url":"https:\/\/tribunademinas.audiencelabs.com.br\/wp-content\/uploads\/2025\/08\/cropped-Tribuna_512x512-96x96-1.png","contentUrl":"https:\/\/tribunademinas.audiencelabs.com.br\/wp-content\/uploads\/2025\/08\/cropped-Tribuna_512x512-96x96-1.png","width":96,"height":96,"caption":"Tribuna de Minas - Dinheiro e Cidadania"},"image":{"@id":"https:\/\/tribunademinas.audiencelabs.com.br\/#\/schema\/logo\/image\/"},"sameAs":["https:\/\/www.facebook.com\/tribunademinas\/","https:\/\/x.com\/tribunademinas","https:\/\/www.instagram.com\/tribunademinas\/","https:\/\/www.youtube.com\/user\/TribunadeMinasJF"]},{"@type":"Person","@id":"https:\/\/tribunademinas.audiencelabs.com.br\/#\/schema\/person\/37af466a64a722fadb8ef6841c52114f","name":"Jo\u00e3o Carlos Gomes","image":{"@type":"ImageObject","inLanguage":"pt-BR","@id":"https:\/\/tribunademinas.audiencelabs.com.br\/#\/schema\/person\/image\/","url":"https:\/\/secure.gravatar.com\/avatar\/4ce4672dbdd694b329cd6fdb51bee7d1409be1f0ff76a537e4c4a737b2c7d1a9?s=96&d=mm&r=g","contentUrl":"https:\/\/secure.gravatar.com\/avatar\/4ce4672dbdd694b329cd6fdb51bee7d1409be1f0ff76a537e4c4a737b2c7d1a9?s=96&d=mm&r=g","caption":"Jo\u00e3o Carlos Gomes"},"description":"Jornalista formado pelo Centro Universit\u00e1rio Carioca, apreciador da Bossa Nova ao Metal Extremo, criador de conte\u00fado e m\u00fasico independente nas horas vagas.","url":"https:\/\/tribunademinas.audiencelabs.com.br\/author\/joaoc-junior\/"}]}},"amp_enabled":true,"_links":{"self":[{"href":"https:\/\/tribunademinas.audiencelabs.com.br\/wp-json\/wp\/v2\/posts\/1548","targetHints":{"allow":["GET"]}}],"collection":[{"href":"https:\/\/tribunademinas.audiencelabs.com.br\/wp-json\/wp\/v2\/posts"}],"about":[{"href":"https:\/\/tribunademinas.audiencelabs.com.br\/wp-json\/wp\/v2\/types\/post"}],"author":[{"embeddable":true,"href":"https:\/\/tribunademinas.audiencelabs.com.br\/wp-json\/wp\/v2\/users\/3"}],"replies":[{"embeddable":true,"href":"https:\/\/tribunademinas.audiencelabs.com.br\/wp-json\/wp\/v2\/comments?post=1548"}],"version-history":[{"count":1,"href":"https:\/\/tribunademinas.audiencelabs.com.br\/wp-json\/wp\/v2\/posts\/1548\/revisions"}],"predecessor-version":[{"id":1550,"href":"https:\/\/tribunademinas.audiencelabs.com.br\/wp-json\/wp\/v2\/posts\/1548\/revisions\/1550"}],"wp:featuredmedia":[{"embeddable":true,"href":"https:\/\/tribunademinas.audiencelabs.com.br\/wp-json\/wp\/v2\/media\/1549"}],"wp:attachment":[{"href":"https:\/\/tribunademinas.audiencelabs.com.br\/wp-json\/wp\/v2\/media?parent=1548"}],"wp:term":[{"taxonomy":"category","embeddable":true,"href":"https:\/\/tribunademinas.audiencelabs.com.br\/wp-json\/wp\/v2\/categories?post=1548"},{"taxonomy":"post_tag","embeddable":true,"href":"https:\/\/tribunademinas.audiencelabs.com.br\/wp-json\/wp\/v2\/tags?post=1548"}],"curies":[{"name":"wp","href":"https:\/\/api.w.org\/{rel}","templated":true}]}}