{"id":1528,"date":"2025-09-18T08:45:00","date_gmt":"2025-09-18T11:45:00","guid":{"rendered":"https:\/\/tribunademinas.audiencelabs.com.br\/?p=1528"},"modified":"2025-09-17T17:37:21","modified_gmt":"2025-09-17T20:37:21","slug":"super-empresa-desembarca-e-dono-da-havan-esta-com-medo","status":"publish","type":"post","link":"https:\/\/tribunademinas.audiencelabs.com.br\/super-empresa-desembarca-e-dono-da-havan-esta-com-medo\/","title":{"rendered":"Super empresa desembarca e dono da Havan est\u00e1 com medo"},"content":{"rendered":"\n<p>Uma empresa gigante do varejo, com mais de 170 unidades espalhadas pelo Brasil, acaba de anunciar a abertura de uma megaloja em uma cidade onde a <a href=\"https:\/\/tribunademinas.com.br\/colunas\/maistendencias\/funcionaria-da-havan-sera-indenizada-apos-ser-demitida-por-prestar-depoimento\/\"><strong>Havan<\/strong><\/a>, comandada por Luciano Hang, o \u201cV\u00e9io da Havan\u201d, reina praticamente sozinha. <\/p>\n\n\n\n<p>A novidade pode representar um abalo no dom\u00ednio da varejista catarinense, j\u00e1 que a rec\u00e9m-chegada oferece uma linha de produtos bastante semelhante \u00e0 da rede de Hang, o que acende o sinal de alerta para a concorr\u00eancia direta.<\/p>\n\n\n\n<h2 class=\"wp-block-heading\">Super empresa desembarca e dono da Havan est\u00e1 com medo<\/h2>\n\n\n\n<p>A empresa em quest\u00e3o \u00e9 a <a href=\"https:\/\/www.daiso.com.br\/?srsltid=AfmBOopGTlMoALF_W6oOTdSZymYcKWKK_Jl7sSpbpETF5F_fllmj7rE2\"><strong>Daiso Japan<\/strong><\/a>, multinacional japonesa que tem conquistado espa\u00e7o no mercado brasileiro desde 2012. <\/p>\n\n\n\n<p>Conhecida por reunir produtos do dia a dia com um toque de criatividade e pre\u00e7os acess\u00edveis, a rede oferece utilidades dom\u00e9sticas, artigos de papelaria, itens de beleza e alimentos orientais. <\/p>\n\n\n\n<p>Com forte apelo visual, variedade que atrai o p\u00fablico jovem e uma clara conex\u00e3o com a cultura pop japonesa, a Daiso aposta em uma experi\u00eancia de consumo que une funcionalidade e divers\u00e3o.<\/p>\n\n\n\n<p>O novo endere\u00e7o da marca ser\u00e1 Blumenau, em Santa Catarina, justamente um dos redutos mais fortes da Havan. A loja ser\u00e1 instalada no Shopping H e contar\u00e1 com 430 metros quadrados repletos de produtos cuidadosamente organizados. <\/p>\n\n\n\n<p>A estrat\u00e9gia da Daiso vai al\u00e9m da inaugura\u00e7\u00e3o tradicional: brindes para os primeiros clientes, personagens de anime circulando pelo espa\u00e7o e a presen\u00e7a do mascote oficial da rede devem transformar a abertura em um verdadeiro evento, pensado para atrair principalmente o p\u00fablico jovem, um segmento cada vez mais relevante no varejo nacional.<\/p>\n\n\n\n<h3 class=\"wp-block-heading\">Com chegada de empresa japonesa, Havan prepara expans\u00e3o<\/h3>\n\n\n\n<p>A entrada da Daiso em Blumenau cria um novo cen\u00e1rio competitivo em uma pra\u00e7a que at\u00e9 ent\u00e3o era dominada pela Havan. <\/p>\n\n\n\n<p>O modelo de neg\u00f3cios das duas empresas tem pontos em comum, o que torna inevit\u00e1vel o choque entre elas. Ambas trabalham com grandes volumes de produtos acess\u00edveis e de apelo popular, o que pode dividir a aten\u00e7\u00e3o, e o bolso, dos consumidores locais.<\/p>\n\n\n\n<p>Enquanto observa a movimenta\u00e7\u00e3o da concorrente, Luciano Hang tenta manter o protagonismo. <\/p>\n\n\n\n<p>O empres\u00e1rio anunciou recentemente um plano de expans\u00e3o agressivo: R$ 2 bilh\u00f5es ser\u00e3o investidos at\u00e9 2026 na abertura de 200 novas lojas em estados onde a Havan ainda n\u00e3o tem presen\u00e7a, como Cear\u00e1, Amap\u00e1 e Roraima. <\/p>\n\n\n\n<p>Com isso, Hang espera ampliar a presen\u00e7a nacional da rede e garantir espa\u00e7o em mercados ainda n\u00e3o explorados. A disputa est\u00e1 oficialmente aberta.<\/p>\n\n\n\n<p><\/p>\n","protected":false},"excerpt":{"rendered":"<p>Uma empresa gigante do varejo, com mais de 170 unidades espalhadas pelo Brasil, acaba de anunciar a abertura de uma megaloja em uma cidade onde a Havan, comandada por Luciano Hang, o \u201cV\u00e9io da Havan\u201d, reina praticamente sozinha. A novidade pode representar um abalo no dom\u00ednio da varejista catarinense, j\u00e1 que a rec\u00e9m-chegada oferece uma [&hellip;]<\/p>\n","protected":false},"author":5,"featured_media":1530,"comment_status":"open","ping_status":"open","sticky":false,"template":"","format":"standard","meta":{"jnews-multi-image_gallery":[],"jnews_single_post":{"format":"standard"},"jnews_primary_category":[],"jnews_social_meta":[],"jnews_post_split":[],"footnotes":""},"categories":[159],"tags":[],"class_list":["post-1528","post","type-post","status-publish","format-standard","has-post-thumbnail","hentry","category-cidadania"],"yoast_head":"<!-- This site is optimized with the Yoast SEO plugin v25.6 - https:\/\/yoast.com\/wordpress\/plugins\/seo\/ -->\n<title>Super empresa desembarca e dono da Havan est\u00e1 com medo<\/title>\n<meta name=\"description\" content=\"Uma empresa gigante do varejo, com mais de 170 unidades espalhadas pelo Brasil, acaba de anunciar a abertura de uma megaloja.\" \/>\n<meta name=\"robots\" content=\"index, follow, max-snippet:-1, max-image-preview:large, max-video-preview:-1\" \/>\n<link rel=\"canonical\" href=\"https:\/\/tribunademinas.audiencelabs.com.br\/super-empresa-desembarca-e-dono-da-havan-esta-com-medo\/\" \/>\n<meta property=\"og:locale\" content=\"pt_BR\" \/>\n<meta property=\"og:type\" content=\"article\" \/>\n<meta property=\"og:title\" content=\"Super empresa desembarca e dono da Havan est\u00e1 com medo\" \/>\n<meta property=\"og:description\" content=\"Uma empresa gigante do varejo, com mais de 170 unidades espalhadas pelo Brasil, acaba de anunciar a abertura de uma megaloja.\" \/>\n<meta property=\"og:url\" content=\"https:\/\/tribunademinas.audiencelabs.com.br\/super-empresa-desembarca-e-dono-da-havan-esta-com-medo\/\" \/>\n<meta property=\"og:site_name\" content=\"Tribuna de Minas - Dinheiro e Cidadania\" \/>\n<meta property=\"article:publisher\" content=\"https:\/\/www.facebook.com\/tribunademinas\/\" \/>\n<meta property=\"article:published_time\" content=\"2025-09-18T11:45:00+00:00\" \/>\n<meta property=\"og:image\" content=\"https:\/\/tribunademinas.audiencelabs.com.br\/wp-content\/uploads\/2025\/09\/empresa.jpeg\" \/>\n\t<meta property=\"og:image:width\" content=\"1601\" \/>\n\t<meta property=\"og:image:height\" content=\"1200\" \/>\n\t<meta property=\"og:image:type\" content=\"image\/jpeg\" \/>\n<meta name=\"author\" content=\"Jeferson Carvalho\" \/>\n<meta name=\"twitter:card\" content=\"summary_large_image\" \/>\n<meta name=\"twitter:creator\" content=\"@tribunademinas\" \/>\n<meta name=\"twitter:site\" content=\"@tribunademinas\" \/>\n<meta name=\"twitter:label1\" content=\"Escrito por\" \/>\n\t<meta name=\"twitter:data1\" content=\"Jeferson Carvalho\" \/>\n\t<meta name=\"twitter:label2\" content=\"Est. tempo de leitura\" \/>\n\t<meta name=\"twitter:data2\" content=\"3 minutos\" \/>\n<!-- \/ Yoast SEO plugin. -->","yoast_head_json":{"title":"Super empresa desembarca e dono da Havan est\u00e1 com medo","description":"Uma empresa gigante do varejo, com mais de 170 unidades espalhadas pelo Brasil, acaba de anunciar a abertura de uma megaloja.","robots":{"index":"index","follow":"follow","max-snippet":"max-snippet:-1","max-image-preview":"max-image-preview:large","max-video-preview":"max-video-preview:-1"},"canonical":"https:\/\/tribunademinas.audiencelabs.com.br\/super-empresa-desembarca-e-dono-da-havan-esta-com-medo\/","og_locale":"pt_BR","og_type":"article","og_title":"Super empresa desembarca e dono da Havan est\u00e1 com medo","og_description":"Uma empresa gigante do varejo, com mais de 170 unidades espalhadas pelo Brasil, acaba de anunciar a abertura de uma megaloja.","og_url":"https:\/\/tribunademinas.audiencelabs.com.br\/super-empresa-desembarca-e-dono-da-havan-esta-com-medo\/","og_site_name":"Tribuna de Minas - Dinheiro e Cidadania","article_publisher":"https:\/\/www.facebook.com\/tribunademinas\/","article_published_time":"2025-09-18T11:45:00+00:00","og_image":[{"width":1601,"height":1200,"url":"https:\/\/tribunademinas.audiencelabs.com.br\/wp-content\/uploads\/2025\/09\/empresa.jpeg","type":"image\/jpeg"}],"author":"Jeferson Carvalho","twitter_card":"summary_large_image","twitter_creator":"@tribunademinas","twitter_site":"@tribunademinas","twitter_misc":{"Escrito por":"Jeferson Carvalho","Est. tempo de leitura":"3 minutos"},"schema":{"@context":"https:\/\/schema.org","@graph":[{"@type":"Article","@id":"https:\/\/tribunademinas.audiencelabs.com.br\/super-empresa-desembarca-e-dono-da-havan-esta-com-medo\/#article","isPartOf":{"@id":"https:\/\/tribunademinas.audiencelabs.com.br\/super-empresa-desembarca-e-dono-da-havan-esta-com-medo\/"},"author":{"name":"Jeferson Carvalho","@id":"https:\/\/tribunademinas.audiencelabs.com.br\/#\/schema\/person\/db18fc40307804bacef94213aa68fd9d"},"headline":"Super empresa desembarca e dono da Havan est\u00e1 com medo","datePublished":"2025-09-18T11:45:00+00:00","mainEntityOfPage":{"@id":"https:\/\/tribunademinas.audiencelabs.com.br\/super-empresa-desembarca-e-dono-da-havan-esta-com-medo\/"},"wordCount":438,"commentCount":0,"publisher":{"@id":"https:\/\/tribunademinas.audiencelabs.com.br\/#organization"},"image":{"@id":"https:\/\/tribunademinas.audiencelabs.com.br\/super-empresa-desembarca-e-dono-da-havan-esta-com-medo\/#primaryimage"},"thumbnailUrl":"https:\/\/tribunademinas.audiencelabs.com.br\/wp-content\/uploads\/2025\/09\/empresa.jpeg","articleSection":["Cidadania"],"inLanguage":"pt-BR","potentialAction":[{"@type":"CommentAction","name":"Comment","target":["https:\/\/tribunademinas.audiencelabs.com.br\/super-empresa-desembarca-e-dono-da-havan-esta-com-medo\/#respond"]}]},{"@type":"WebPage","@id":"https:\/\/tribunademinas.audiencelabs.com.br\/super-empresa-desembarca-e-dono-da-havan-esta-com-medo\/","url":"https:\/\/tribunademinas.audiencelabs.com.br\/super-empresa-desembarca-e-dono-da-havan-esta-com-medo\/","name":"Super empresa desembarca e dono da Havan est\u00e1 com medo","isPartOf":{"@id":"https:\/\/tribunademinas.audiencelabs.com.br\/#website"},"primaryImageOfPage":{"@id":"https:\/\/tribunademinas.audiencelabs.com.br\/super-empresa-desembarca-e-dono-da-havan-esta-com-medo\/#primaryimage"},"image":{"@id":"https:\/\/tribunademinas.audiencelabs.com.br\/super-empresa-desembarca-e-dono-da-havan-esta-com-medo\/#primaryimage"},"thumbnailUrl":"https:\/\/tribunademinas.audiencelabs.com.br\/wp-content\/uploads\/2025\/09\/empresa.jpeg","datePublished":"2025-09-18T11:45:00+00:00","description":"Uma empresa gigante do varejo, com mais de 170 unidades espalhadas pelo Brasil, acaba de anunciar a abertura de uma megaloja.","breadcrumb":{"@id":"https:\/\/tribunademinas.audiencelabs.com.br\/super-empresa-desembarca-e-dono-da-havan-esta-com-medo\/#breadcrumb"},"inLanguage":"pt-BR","potentialAction":[{"@type":"ReadAction","target":["https:\/\/tribunademinas.audiencelabs.com.br\/super-empresa-desembarca-e-dono-da-havan-esta-com-medo\/"]}]},{"@type":"ImageObject","inLanguage":"pt-BR","@id":"https:\/\/tribunademinas.audiencelabs.com.br\/super-empresa-desembarca-e-dono-da-havan-esta-com-medo\/#primaryimage","url":"https:\/\/tribunademinas.audiencelabs.com.br\/wp-content\/uploads\/2025\/09\/empresa.jpeg","contentUrl":"https:\/\/tribunademinas.audiencelabs.com.br\/wp-content\/uploads\/2025\/09\/empresa.jpeg","width":1601,"height":1200,"caption":"Super empresa desembarca e dono da Havan est\u00e1 com medo - Imagem: Divulga\u00e7\u00e3o\/Daiso Japan"},{"@type":"BreadcrumbList","@id":"https:\/\/tribunademinas.audiencelabs.com.br\/super-empresa-desembarca-e-dono-da-havan-esta-com-medo\/#breadcrumb","itemListElement":[{"@type":"ListItem","position":1,"name":"In\u00edcio","item":"https:\/\/tribunademinas.audiencelabs.com.br\/"},{"@type":"ListItem","position":2,"name":"Super empresa desembarca e dono da Havan est\u00e1 com medo"}]},{"@type":"WebSite","@id":"https:\/\/tribunademinas.audiencelabs.com.br\/#website","url":"https:\/\/tribunademinas.audiencelabs.com.br\/","name":"Tribuna de Minas - Dinheiro e Cidadania","description":"","publisher":{"@id":"https:\/\/tribunademinas.audiencelabs.com.br\/#organization"},"potentialAction":[{"@type":"SearchAction","target":{"@type":"EntryPoint","urlTemplate":"https:\/\/tribunademinas.audiencelabs.com.br\/?s={search_term_string}"},"query-input":{"@type":"PropertyValueSpecification","valueRequired":true,"valueName":"search_term_string"}}],"inLanguage":"pt-BR"},{"@type":"Organization","@id":"https:\/\/tribunademinas.audiencelabs.com.br\/#organization","name":"Tribuna de Minas - Dinheiro e Cidadania","url":"https:\/\/tribunademinas.audiencelabs.com.br\/","logo":{"@type":"ImageObject","inLanguage":"pt-BR","@id":"https:\/\/tribunademinas.audiencelabs.com.br\/#\/schema\/logo\/image\/","url":"https:\/\/tribunademinas.audiencelabs.com.br\/wp-content\/uploads\/2025\/08\/cropped-Tribuna_512x512-96x96-1.png","contentUrl":"https:\/\/tribunademinas.audiencelabs.com.br\/wp-content\/uploads\/2025\/08\/cropped-Tribuna_512x512-96x96-1.png","width":96,"height":96,"caption":"Tribuna de Minas - Dinheiro e Cidadania"},"image":{"@id":"https:\/\/tribunademinas.audiencelabs.com.br\/#\/schema\/logo\/image\/"},"sameAs":["https:\/\/www.facebook.com\/tribunademinas\/","https:\/\/x.com\/tribunademinas","https:\/\/www.instagram.com\/tribunademinas\/","https:\/\/www.youtube.com\/user\/TribunadeMinasJF"]},{"@type":"Person","@id":"https:\/\/tribunademinas.audiencelabs.com.br\/#\/schema\/person\/db18fc40307804bacef94213aa68fd9d","name":"Jeferson Carvalho","image":{"@type":"ImageObject","inLanguage":"pt-BR","@id":"https:\/\/tribunademinas.audiencelabs.com.br\/#\/schema\/person\/image\/","url":"https:\/\/secure.gravatar.com\/avatar\/cd7646e328d9670dad7dea8698522e522745eeffcff5b9d08be858e377ce326b?s=96&d=mm&r=g","contentUrl":"https:\/\/secure.gravatar.com\/avatar\/cd7646e328d9670dad7dea8698522e522745eeffcff5b9d08be858e377ce326b?s=96&d=mm&r=g","caption":"Jeferson Carvalho"},"description":"Jornalista apaixonado pela profiss\u00e3o!","url":"https:\/\/tribunademinas.audiencelabs.com.br\/author\/jeferson\/"}]}},"amp_enabled":true,"_links":{"self":[{"href":"https:\/\/tribunademinas.audiencelabs.com.br\/wp-json\/wp\/v2\/posts\/1528","targetHints":{"allow":["GET"]}}],"collection":[{"href":"https:\/\/tribunademinas.audiencelabs.com.br\/wp-json\/wp\/v2\/posts"}],"about":[{"href":"https:\/\/tribunademinas.audiencelabs.com.br\/wp-json\/wp\/v2\/types\/post"}],"author":[{"embeddable":true,"href":"https:\/\/tribunademinas.audiencelabs.com.br\/wp-json\/wp\/v2\/users\/5"}],"replies":[{"embeddable":true,"href":"https:\/\/tribunademinas.audiencelabs.com.br\/wp-json\/wp\/v2\/comments?post=1528"}],"version-history":[{"count":1,"href":"https:\/\/tribunademinas.audiencelabs.com.br\/wp-json\/wp\/v2\/posts\/1528\/revisions"}],"predecessor-version":[{"id":1531,"href":"https:\/\/tribunademinas.audiencelabs.com.br\/wp-json\/wp\/v2\/posts\/1528\/revisions\/1531"}],"wp:featuredmedia":[{"embeddable":true,"href":"https:\/\/tribunademinas.audiencelabs.com.br\/wp-json\/wp\/v2\/media\/1530"}],"wp:attachment":[{"href":"https:\/\/tribunademinas.audiencelabs.com.br\/wp-json\/wp\/v2\/media?parent=1528"}],"wp:term":[{"taxonomy":"category","embeddable":true,"href":"https:\/\/tribunademinas.audiencelabs.com.br\/wp-json\/wp\/v2\/categories?post=1528"},{"taxonomy":"post_tag","embeddable":true,"href":"https:\/\/tribunademinas.audiencelabs.com.br\/wp-json\/wp\/v2\/tags?post=1528"}],"curies":[{"name":"wp","href":"https:\/\/api.w.org\/{rel}","templated":true}]}}